{"id":60326,"date":"2024-03-21T18:03:20","date_gmt":"2024-03-21T18:03:20","guid":{"rendered":"https:\/\/www.africa-press.net\/niger\/politique\/niamey-le-ministre-de-la-communication-echange-avec-une-delegation-de-lautorite-du-liptako-gourma-2"},"modified":"2024-03-22T07:01:54","modified_gmt":"2024-03-22T07:01:54","slug":"niamey-le-ministre-de-la-communication-echange-avec-une-delegation-de-lautorite-du-liptako-gourma-2","status":"publish","type":"post","link":"https:\/\/www.africa-press.net\/niger\/economie\/niamey-le-ministre-de-la-communication-echange-avec-une-delegation-de-lautorite-du-liptako-gourma-2","title":{"rendered":"Niamey : Le Ministre de la Communication \u00e9change avec une d\u00e9l\u00e9gation de l\u2019autorit\u00e9 du Liptako Gourma"},"content":{"rendered":"<p><span style=\"color: #ff6600\"><strong>Africa-Press &#8211; Niger. <\/strong><\/span>Le Ministre de la Communication, des Postes et de l&rsquo;Economie Nume\u0301rique, Sidi Mohamed Raliou a rencontre\u0301, ce jeudi 21 mars 2024, une de\u0301le\u0301gation de l&rsquo;Autorite\u0301 de De\u0301veloppement Inte\u0301gre\u0301 des Etats du Liptako Gourma (ALG), conduite par Madame HAWA AW, Secre\u0301taire Exe\u0301cutive par inte\u0301rim.<\/p>\n<p>L\u2019autorite\u0301 du Liptako Gourma aura biento\u0302t 54 ans en de\u0301cembre prochain. Elle a e\u0301te\u0301 cre\u0301e\u0301e pour faciliter l\u2019inte\u0301gration entre les E\u0301tats, et avec l\u2019ave\u0300nement de l\u2019AES, ce ro\u0302le est encore plus pertinent pour faciliter le travail et surtout le travail transfrontalier qui est la plus grande partie de la mission de l\u2019ALG.<\/p>\n<p>Selon la secre\u0301taire exe\u0301cutive par inte\u0301rim de l\u2019ALG, \u2018\u2019l\u2019ave\u0300nement de l\u2019AES est une boue\u0301e de sauvetage, qui nous permettra avec l\u2019engagement des Etats de vraiment de\u0301montrer sur la base de l\u2019expe\u0301rience acquise au sein de l\u2019institution, comment on peut aider les autorite\u0301s dans leurs visions d\u2019inte\u0301gration, dont nous faisons tous partie\u2018\u2019.<\/p>\n<p>\u2018\u2019Nous avons un projet d\u2019e\u0301change internet entre les 3 Etats qui est de\u0301ja\u0300 avance\u0301 dans l\u2019inte\u0301gration, mais aussi dans le dynamisme, l\u2019AES ne fait que renforcer cela, le principaux que nous avons est celui de la re\u0301alisation d\u2019un point d\u2019e\u0301change internet entre les 3 E\u0301tats\u2019\u2019 a poursuivi Mme Hawa Aw.<\/p>\n<p>Avec le Ministre en charge de la Communications, la mission a e\u0301change\u0301 sur divers sujets notamment le Point d&rsquo;Echange Internet (IXP), une infrastructure technique qui assure l&rsquo;interconnexion de plusieurs re\u0301seaux d&rsquo;ope\u0301rateurs et des tiers.<\/p>\n<p>Le Point d&rsquo;Echange Internet est cre\u0301e\u0301 pour assurer la souverainete\u0301 nationale de donne\u0301es, la fiabilite\u0301, une meilleure qualite\u0301 des services, une bonne maitrise de connectivite\u0301 nationale, une re\u0301duction des cou\u0302ts entre ope\u0301rateurs, sans passer par les transporteurs hors du territoire.<\/p>\n<p>L&rsquo;IXP assure une disponibilite\u0301 nationale me\u0302me en cas de panne ou de coupure des services internet e\u0301trangers ou du ca\u0302ble sous-marin, avec l&rsquo;IXP, le trafic intra-national entre les usagers ne passerait plus par des infrastructures lointaines ou des \u00ab\u00a0carriers\u00a0\u00bb base\u0301es hors du Niger, mais il devrait rester sur le territoire d&rsquo;implantation de l&rsquo;IXP.<\/p>\n<p>L&rsquo;IXP accueille et attire en plus d&rsquo;ope\u0301rateurs nationaux, d&rsquo;autres ope\u0301rateurs internationaux, car il leur offre un moyen plus rentable d&rsquo;acce\u0301der aux clients potentiels d&rsquo;Internet du Niger. Cela stimule l&rsquo;innovation et cre\u0301e des opportunite\u0301s commerciales, ce qui encourage les acteurs et les startups du pays a\u0300 produire des contenus et applications locaux plus diversifie\u0301s et plus pertinents.<\/p>\n<p>Le Niger est tre\u0300s avance\u0301 dans le projet de l&rsquo;IXP conforme\u0301ment aux discussions entre les Ministres de l&rsquo;AES en charge de l&rsquo;Economie Nume\u0301rique en phase avec le me\u0301morandum transmis aux autorite\u0301s au plus haut niveau.<\/p>\n<p>Le document sera biento\u0302t soumis a\u0300 l&rsquo;appre\u0301ciation du gouvernement, d\u2019autre projets d&rsquo;inte\u0301gration sont aussi en discussion et seront sur la table incessamment.<\/p>\n<p>Notons aussi que les travaux ont e\u0301te\u0301 faits par le ministe\u0300re de la Communication des Postes et de l&rsquo;Economie Nume\u0301rique en collaboration avec l&rsquo;ANSI et l&rsquo;ARCEP.<\/p>\n<p>La rencontre s\u2019est tenue en pre\u0301sence de tous les principaux responsables du ministe\u0300re, des structures rattache\u0301es, des partenaires comme re\u0301gulateur.<\/p>\n<p>Notons enfin que cette mission de l\u2019autorite\u0301 du Liptako Gourma au Niger entre dans le cadre de la coope\u0301ration sous re\u0301gionale.<\/p>\n<p><strong>Pour plus d&rsquo;informations et d&rsquo;analyses sur la <a href=\"https:\/\/www.africa-press.net\/niger\">Niger<\/a>, suivez <a href=\"https:\/\/www.africa-press.net\/\">Africa-Press<\/a><\/strong><\/p>\n","protected":false},"excerpt":{"rendered":"<p>Africa-Press &#8211; Niger. Le Ministre de la Communication, des Postes et de l&rsquo;Economie Nume\u0301rique, Sidi Mohamed Raliou a rencontre\u0301, ce jeudi 21 mars 2024, une de\u0301le\u0301gation de l&rsquo;Autorite\u0301 de De\u0301veloppement Inte\u0301gre\u0301 des Etats du Liptako Gourma (ALG), conduite par Madame HAWA AW, Secre\u0301taire Exe\u0301cutive par inte\u0301rim. L\u2019autorite\u0301 du Liptako Gourma aura biento\u0302t 54 ans en [&hellip;]<\/p>\n","protected":false},"author":82,"featured_media":60325,"comment_status":"open","ping_status":"closed","sticky":false,"template":"","format":"standard","meta":{"footnotes":""},"categories":[3,10],"tags":[55,60,29],"class_list":["post-60326","post","type-post","status-publish","format-standard","has-post-thumbnail","hentry","category-economie","category-toutes-les-actualites","tag-africa-press","tag-africa-press-niger","tag-niger"],"yoast_head":"<!-- This site is optimized with the Yoast SEO Premium plugin v26.1 (Yoast SEO v27.0) - https:\/\/yoast.com\/product\/yoast-seo-premium-wordpress\/ -->\n<title>Niamey : Le Ministre de la Communication \u00e9change avec une d\u00e9l\u00e9gation de l\u2019autorit\u00e9 du Liptako Gourma - niger<\/title>\n<meta name=\"description\" content=\"Le Ministre de la Communication, des Postes et de l&#039;Economie Nume\u0301rique, Sidi Mohamed Raliou a rencontre\u0301, ce jeudi 21 m ...\" \/>\n<meta name=\"robots\" content=\"index, follow, max-snippet:-1, max-image-preview:large, max-video-preview:-1\" \/>\n<link rel=\"canonical\" href=\"https:\/\/www.africa-press.net\/niger\/economie\/niamey-le-ministre-de-la-communication-echange-avec-une-delegation-de-lautorite-du-liptako-gourma-2\" \/>\n<meta property=\"og:locale\" content=\"fr_FR\" \/>\n<meta property=\"og:type\" content=\"article\" \/>\n<meta property=\"og:title\" content=\"Niamey : Le Ministre de la Communication \u00e9change avec une d\u00e9l\u00e9gation de l\u2019autorit\u00e9 du Liptako Gourma\" \/>\n<meta property=\"og:description\" content=\"Le Ministre de la Communication, des Postes et de l&#039;Economie Nume\u0301rique, Sidi Mohamed Raliou a rencontre\u0301, ce jeudi 21 m ...\" \/>\n<meta property=\"og:url\" content=\"https:\/\/www.africa-press.net\/niger\/economie\/niamey-le-ministre-de-la-communication-echange-avec-une-delegation-de-lautorite-du-liptako-gourma-2\" \/>\n<meta property=\"og:site_name\" content=\"niger\" \/>\n<meta property=\"article:published_time\" content=\"2024-03-21T18:03:20+00:00\" \/>\n<meta property=\"article:modified_time\" content=\"2024-03-22T07:01:54+00:00\" \/>\n<meta property=\"og:image\" content=\"https:\/\/static.africa-press.net\/niger\/sites\/40\/2024\/03\/sm_1711037593.312375.jpg\" \/>\n\t<meta property=\"og:image:width\" content=\"1728\" \/>\n\t<meta property=\"og:image:height\" content=\"1153\" \/>\n\t<meta property=\"og:image:type\" content=\"image\/jpeg\" \/>\n<meta name=\"author\" content=\"cfeditorfr\" \/>\n<meta name=\"twitter:card\" content=\"summary_large_image\" \/>\n<meta name=\"twitter:label1\" content=\"\u00c9crit par\" \/>\n\t<meta name=\"twitter:data1\" content=\"cfeditorfr\" \/>\n\t<meta name=\"twitter:label2\" content=\"Dur\u00e9e de lecture estim\u00e9e\" \/>\n\t<meta name=\"twitter:data2\" content=\"3 minutes\" \/>\n<script type=\"application\/ld+json\" class=\"yoast-schema-graph\">{\"@context\":\"https:\/\/schema.org\",\"@graph\":[{\"@type\":\"Article\",\"@id\":\"https:\/\/www.africa-press.net\/niger\/economie\/niamey-le-ministre-de-la-communication-echange-avec-une-delegation-de-lautorite-du-liptako-gourma-2#article\",\"isPartOf\":{\"@id\":\"https:\/\/www.africa-press.net\/niger\/economie\/niamey-le-ministre-de-la-communication-echange-avec-une-delegation-de-lautorite-du-liptako-gourma-2\"},\"author\":{\"name\":\"cfeditorfr\",\"@id\":\"https:\/\/www.africa-press.net\/niger\/#\/schema\/person\/2b1cf3cd81a31e3cd26889ca66d677f1\"},\"headline\":\"Niamey : Le Ministre de la Communication \u00e9change avec une d\u00e9l\u00e9gation de l\u2019autorit\u00e9 du Liptako Gourma\",\"datePublished\":\"2024-03-21T18:03:20+00:00\",\"dateModified\":\"2024-03-22T07:01:54+00:00\",\"mainEntityOfPage\":{\"@id\":\"https:\/\/www.africa-press.net\/niger\/economie\/niamey-le-ministre-de-la-communication-echange-avec-une-delegation-de-lautorite-du-liptako-gourma-2\"},\"wordCount\":642,\"commentCount\":0,\"image\":{\"@id\":\"https:\/\/www.africa-press.net\/niger\/economie\/niamey-le-ministre-de-la-communication-echange-avec-une-delegation-de-lautorite-du-liptako-gourma-2#primaryimage\"},\"thumbnailUrl\":\"https:\/\/static.africa-press.net\/niger\/sites\/40\/2024\/03\/sm_1711037593.312375.jpg\",\"keywords\":[\"Africa Press\",\"Africa Press-Niger\",\"Niger\"],\"articleSection\":[\"\u00c9conomie\",\"Toutes les actualit\u00e9s\"],\"inLanguage\":\"fr-FR\",\"potentialAction\":[{\"@type\":\"CommentAction\",\"name\":\"Comment\",\"target\":[\"https:\/\/www.africa-press.net\/niger\/economie\/niamey-le-ministre-de-la-communication-echange-avec-une-delegation-de-lautorite-du-liptako-gourma-2#respond\"]}]},{\"@type\":\"WebPage\",\"@id\":\"https:\/\/www.africa-press.net\/niger\/economie\/niamey-le-ministre-de-la-communication-echange-avec-une-delegation-de-lautorite-du-liptako-gourma-2\",\"url\":\"https:\/\/www.africa-press.net\/niger\/economie\/niamey-le-ministre-de-la-communication-echange-avec-une-delegation-de-lautorite-du-liptako-gourma-2\",\"name\":\"Niamey : Le Ministre de la Communication \u00e9change avec une d\u00e9l\u00e9gation de l\u2019autorit\u00e9 du Liptako Gourma - niger\",\"isPartOf\":{\"@id\":\"https:\/\/www.africa-press.net\/niger\/#website\"},\"primaryImageOfPage\":{\"@id\":\"https:\/\/www.africa-press.net\/niger\/economie\/niamey-le-ministre-de-la-communication-echange-avec-une-delegation-de-lautorite-du-liptako-gourma-2#primaryimage\"},\"image\":{\"@id\":\"https:\/\/www.africa-press.net\/niger\/economie\/niamey-le-ministre-de-la-communication-echange-avec-une-delegation-de-lautorite-du-liptako-gourma-2#primaryimage\"},\"thumbnailUrl\":\"https:\/\/static.africa-press.net\/niger\/sites\/40\/2024\/03\/sm_1711037593.312375.jpg\",\"datePublished\":\"2024-03-21T18:03:20+00:00\",\"dateModified\":\"2024-03-22T07:01:54+00:00\",\"author\":{\"@id\":\"https:\/\/www.africa-press.net\/niger\/#\/schema\/person\/2b1cf3cd81a31e3cd26889ca66d677f1\"},\"description\":\"Le Ministre de la Communication, des Postes et de l'Economie Nume\u0301rique, Sidi Mohamed Raliou a rencontre\u0301, ce jeudi 21 m ...\",\"breadcrumb\":{\"@id\":\"https:\/\/www.africa-press.net\/niger\/economie\/niamey-le-ministre-de-la-communication-echange-avec-une-delegation-de-lautorite-du-liptako-gourma-2#breadcrumb\"},\"inLanguage\":\"fr-FR\",\"potentialAction\":[{\"@type\":\"ReadAction\",\"target\":[\"https:\/\/www.africa-press.net\/niger\/economie\/niamey-le-ministre-de-la-communication-echange-avec-une-delegation-de-lautorite-du-liptako-gourma-2\"]}]},{\"@type\":\"ImageObject\",\"inLanguage\":\"fr-FR\",\"@id\":\"https:\/\/www.africa-press.net\/niger\/economie\/niamey-le-ministre-de-la-communication-echange-avec-une-delegation-de-lautorite-du-liptako-gourma-2#primaryimage\",\"url\":\"https:\/\/static.africa-press.net\/niger\/sites\/40\/2024\/03\/sm_1711037593.312375.jpg\",\"contentUrl\":\"https:\/\/static.africa-press.net\/niger\/sites\/40\/2024\/03\/sm_1711037593.312375.jpg\",\"width\":1728,\"height\":1153,\"caption\":\"Niamey : Le Ministre de la Communication \u00e9change avec une d\u00e9l\u00e9gation de l\u2019autorit\u00e9 du Liptako Gourma\"},{\"@type\":\"BreadcrumbList\",\"@id\":\"https:\/\/www.africa-press.net\/niger\/economie\/niamey-le-ministre-de-la-communication-echange-avec-une-delegation-de-lautorite-du-liptako-gourma-2#breadcrumb\",\"itemListElement\":[{\"@type\":\"ListItem\",\"position\":1,\"name\":\"Accueil\",\"item\":\"https:\/\/www.africa-press.net\/niger\/\"},{\"@type\":\"ListItem\",\"position\":2,\"name\":\"Niamey : Le Ministre de la Communication \u00e9change avec une d\u00e9l\u00e9gation de l\u2019autorit\u00e9 du Liptako Gourma\"}]},{\"@type\":\"WebSite\",\"@id\":\"https:\/\/www.africa-press.net\/niger\/#website\",\"url\":\"https:\/\/www.africa-press.net\/niger\/\",\"name\":\"niger\",\"description\":\"Just another Africa News Agency Sites site\",\"potentialAction\":[{\"@type\":\"SearchAction\",\"target\":{\"@type\":\"EntryPoint\",\"urlTemplate\":\"https:\/\/www.africa-press.net\/niger\/?s={search_term_string}\"},\"query-input\":{\"@type\":\"PropertyValueSpecification\",\"valueRequired\":true,\"valueName\":\"search_term_string\"}}],\"inLanguage\":\"fr-FR\"},{\"@type\":\"Person\",\"@id\":\"https:\/\/www.africa-press.net\/niger\/#\/schema\/person\/2b1cf3cd81a31e3cd26889ca66d677f1\",\"name\":\"cfeditorfr\"}]}<\/script>\n<!-- \/ Yoast SEO Premium plugin. -->","yoast_head_json":{"title":"Niamey : Le Ministre de la Communication \u00e9change avec une d\u00e9l\u00e9gation de l\u2019autorit\u00e9 du Liptako Gourma - niger","description":"Le Ministre de la Communication, des Postes et de l'Economie Nume\u0301rique, Sidi Mohamed Raliou a rencontre\u0301, ce jeudi 21 m ...","robots":{"index":"index","follow":"follow","max-snippet":"max-snippet:-1","max-image-preview":"max-image-preview:large","max-video-preview":"max-video-preview:-1"},"canonical":"https:\/\/www.africa-press.net\/niger\/economie\/niamey-le-ministre-de-la-communication-echange-avec-une-delegation-de-lautorite-du-liptako-gourma-2","og_locale":"fr_FR","og_type":"article","og_title":"Niamey : Le Ministre de la Communication \u00e9change avec une d\u00e9l\u00e9gation de l\u2019autorit\u00e9 du Liptako Gourma","og_description":"Le Ministre de la Communication, des Postes et de l'Economie Nume\u0301rique, Sidi Mohamed Raliou a rencontre\u0301, ce jeudi 21 m ...","og_url":"https:\/\/www.africa-press.net\/niger\/economie\/niamey-le-ministre-de-la-communication-echange-avec-une-delegation-de-lautorite-du-liptako-gourma-2","og_site_name":"niger","article_published_time":"2024-03-21T18:03:20+00:00","article_modified_time":"2024-03-22T07:01:54+00:00","og_image":[{"width":1728,"height":1153,"url":"https:\/\/static.africa-press.net\/niger\/sites\/40\/2024\/03\/sm_1711037593.312375.jpg","type":"image\/jpeg"}],"author":"cfeditorfr","twitter_card":"summary_large_image","twitter_misc":{"\u00c9crit par":"cfeditorfr","Dur\u00e9e de lecture estim\u00e9e":"3 minutes"},"schema":{"@context":"https:\/\/schema.org","@graph":[{"@type":"Article","@id":"https:\/\/www.africa-press.net\/niger\/economie\/niamey-le-ministre-de-la-communication-echange-avec-une-delegation-de-lautorite-du-liptako-gourma-2#article","isPartOf":{"@id":"https:\/\/www.africa-press.net\/niger\/economie\/niamey-le-ministre-de-la-communication-echange-avec-une-delegation-de-lautorite-du-liptako-gourma-2"},"author":{"name":"cfeditorfr","@id":"https:\/\/www.africa-press.net\/niger\/#\/schema\/person\/2b1cf3cd81a31e3cd26889ca66d677f1"},"headline":"Niamey : Le Ministre de la Communication \u00e9change avec une d\u00e9l\u00e9gation de l\u2019autorit\u00e9 du Liptako Gourma","datePublished":"2024-03-21T18:03:20+00:00","dateModified":"2024-03-22T07:01:54+00:00","mainEntityOfPage":{"@id":"https:\/\/www.africa-press.net\/niger\/economie\/niamey-le-ministre-de-la-communication-echange-avec-une-delegation-de-lautorite-du-liptako-gourma-2"},"wordCount":642,"commentCount":0,"image":{"@id":"https:\/\/www.africa-press.net\/niger\/economie\/niamey-le-ministre-de-la-communication-echange-avec-une-delegation-de-lautorite-du-liptako-gourma-2#primaryimage"},"thumbnailUrl":"https:\/\/static.africa-press.net\/niger\/sites\/40\/2024\/03\/sm_1711037593.312375.jpg","keywords":["Africa Press","Africa Press-Niger","Niger"],"articleSection":["\u00c9conomie","Toutes les actualit\u00e9s"],"inLanguage":"fr-FR","potentialAction":[{"@type":"CommentAction","name":"Comment","target":["https:\/\/www.africa-press.net\/niger\/economie\/niamey-le-ministre-de-la-communication-echange-avec-une-delegation-de-lautorite-du-liptako-gourma-2#respond"]}]},{"@type":"WebPage","@id":"https:\/\/www.africa-press.net\/niger\/economie\/niamey-le-ministre-de-la-communication-echange-avec-une-delegation-de-lautorite-du-liptako-gourma-2","url":"https:\/\/www.africa-press.net\/niger\/economie\/niamey-le-ministre-de-la-communication-echange-avec-une-delegation-de-lautorite-du-liptako-gourma-2","name":"Niamey : Le Ministre de la Communication \u00e9change avec une d\u00e9l\u00e9gation de l\u2019autorit\u00e9 du Liptako Gourma - niger","isPartOf":{"@id":"https:\/\/www.africa-press.net\/niger\/#website"},"primaryImageOfPage":{"@id":"https:\/\/www.africa-press.net\/niger\/economie\/niamey-le-ministre-de-la-communication-echange-avec-une-delegation-de-lautorite-du-liptako-gourma-2#primaryimage"},"image":{"@id":"https:\/\/www.africa-press.net\/niger\/economie\/niamey-le-ministre-de-la-communication-echange-avec-une-delegation-de-lautorite-du-liptako-gourma-2#primaryimage"},"thumbnailUrl":"https:\/\/static.africa-press.net\/niger\/sites\/40\/2024\/03\/sm_1711037593.312375.jpg","datePublished":"2024-03-21T18:03:20+00:00","dateModified":"2024-03-22T07:01:54+00:00","author":{"@id":"https:\/\/www.africa-press.net\/niger\/#\/schema\/person\/2b1cf3cd81a31e3cd26889ca66d677f1"},"description":"Le Ministre de la Communication, des Postes et de l'Economie Nume\u0301rique, Sidi Mohamed Raliou a rencontre\u0301, ce jeudi 21 m ...","breadcrumb":{"@id":"https:\/\/www.africa-press.net\/niger\/economie\/niamey-le-ministre-de-la-communication-echange-avec-une-delegation-de-lautorite-du-liptako-gourma-2#breadcrumb"},"inLanguage":"fr-FR","potentialAction":[{"@type":"ReadAction","target":["https:\/\/www.africa-press.net\/niger\/economie\/niamey-le-ministre-de-la-communication-echange-avec-une-delegation-de-lautorite-du-liptako-gourma-2"]}]},{"@type":"ImageObject","inLanguage":"fr-FR","@id":"https:\/\/www.africa-press.net\/niger\/economie\/niamey-le-ministre-de-la-communication-echange-avec-une-delegation-de-lautorite-du-liptako-gourma-2#primaryimage","url":"https:\/\/static.africa-press.net\/niger\/sites\/40\/2024\/03\/sm_1711037593.312375.jpg","contentUrl":"https:\/\/static.africa-press.net\/niger\/sites\/40\/2024\/03\/sm_1711037593.312375.jpg","width":1728,"height":1153,"caption":"Niamey : Le Ministre de la Communication \u00e9change avec une d\u00e9l\u00e9gation de l\u2019autorit\u00e9 du Liptako Gourma"},{"@type":"BreadcrumbList","@id":"https:\/\/www.africa-press.net\/niger\/economie\/niamey-le-ministre-de-la-communication-echange-avec-une-delegation-de-lautorite-du-liptako-gourma-2#breadcrumb","itemListElement":[{"@type":"ListItem","position":1,"name":"Accueil","item":"https:\/\/www.africa-press.net\/niger\/"},{"@type":"ListItem","position":2,"name":"Niamey : Le Ministre de la Communication \u00e9change avec une d\u00e9l\u00e9gation de l\u2019autorit\u00e9 du Liptako Gourma"}]},{"@type":"WebSite","@id":"https:\/\/www.africa-press.net\/niger\/#website","url":"https:\/\/www.africa-press.net\/niger\/","name":"niger","description":"Just another Africa News Agency Sites site","potentialAction":[{"@type":"SearchAction","target":{"@type":"EntryPoint","urlTemplate":"https:\/\/www.africa-press.net\/niger\/?s={search_term_string}"},"query-input":{"@type":"PropertyValueSpecification","valueRequired":true,"valueName":"search_term_string"}}],"inLanguage":"fr-FR"},{"@type":"Person","@id":"https:\/\/www.africa-press.net\/niger\/#\/schema\/person\/2b1cf3cd81a31e3cd26889ca66d677f1","name":"cfeditorfr"}]}},"_links":{"self":[{"href":"https:\/\/www.africa-press.net\/niger\/wp-json\/wp\/v2\/posts\/60326","targetHints":{"allow":["GET"]}}],"collection":[{"href":"https:\/\/www.africa-press.net\/niger\/wp-json\/wp\/v2\/posts"}],"about":[{"href":"https:\/\/www.africa-press.net\/niger\/wp-json\/wp\/v2\/types\/post"}],"author":[{"embeddable":true,"href":"https:\/\/www.africa-press.net\/niger\/wp-json\/wp\/v2\/users\/82"}],"replies":[{"embeddable":true,"href":"https:\/\/www.africa-press.net\/niger\/wp-json\/wp\/v2\/comments?post=60326"}],"version-history":[{"count":0,"href":"https:\/\/www.africa-press.net\/niger\/wp-json\/wp\/v2\/posts\/60326\/revisions"}],"wp:featuredmedia":[{"embeddable":true,"href":"https:\/\/www.africa-press.net\/niger\/wp-json\/wp\/v2\/media\/60325"}],"wp:attachment":[{"href":"https:\/\/www.africa-press.net\/niger\/wp-json\/wp\/v2\/media?parent=60326"}],"wp:term":[{"taxonomy":"category","embeddable":true,"href":"https:\/\/www.africa-press.net\/niger\/wp-json\/wp\/v2\/categories?post=60326"},{"taxonomy":"post_tag","embeddable":true,"href":"https:\/\/www.africa-press.net\/niger\/wp-json\/wp\/v2\/tags?post=60326"}],"curies":[{"name":"wp","href":"https:\/\/api.w.org\/{rel}","templated":true}]}}