{"id":60362,"date":"2024-03-22T10:23:13","date_gmt":"2024-03-22T10:23:13","guid":{"rendered":"https:\/\/www.africa-press.net\/niger\/politique\/au-niger-23-militaires-tues-dans-une-embuscade-tendue-par-des-terroristes"},"modified":"2024-03-22T10:53:15","modified_gmt":"2024-03-22T10:53:15","slug":"au-niger-23-militaires-tues-dans-une-embuscade-tendue-par-des-terroristes","status":"publish","type":"post","link":"https:\/\/www.africa-press.net\/niger\/politique\/au-niger-23-militaires-tues-dans-une-embuscade-tendue-par-des-terroristes","title":{"rendered":"Au Niger, 23 militaires tu\u00e9s dans une embuscade tendue par des \u00ab terroristes \u00bb"},"content":{"rendered":"<p><span style=\"color: #ff6600\"><strong>Africa-Press &#8211; Niger. <\/strong><\/span>Vingt-trois militaires ont e\u0301te\u0301 tue\u0301s dans \u00ab une embuscade \u00bb tendue par \u00ab des terroristes \u00bb lors d\u2019une \u00ab ope\u0301ration de ratissage \u00bb de l\u2019arme\u0301e dans l\u2019ouest du Niger, a annonce\u0301, jeudi 21 mars au soir, le ministe\u0300re nige\u0301rien de la de\u0301fense. L\u2019attaque a eu lieu dans la re\u0301gion de Tillabe\u0301ri, situe\u0301e dans la zone dite \u00ab des trois frontie\u0300res \u00bb entre le Niger, le Mali et le Burkina Faso.<\/p>\n<p>L\u2019arme\u0301e y a mene\u0301 de mardi a\u0300 mercredi une \u00ab ope\u0301ration de ratissage \u00bb, mais, \u00ab au cours de son de\u0301sengagement \u00bb, une unite\u0301 a e\u0301te\u0301 prise dans \u00ab une embuscade complexe \u00bb au cours de laquelle 23 soldats ont e\u0301te\u0301 tue\u0301s et \u00ab une trentaine de terroristes neutralise\u0301s \u00bb, selon le ministe\u0300re. L\u2019ope\u0301ration avait pour \u00ab objectif de rassurer les populations victimes des exactions des groupes arme\u0301s terroristes: assassinats, extorsion de fonds, vols de be\u0301tail&#8230; \u00bb, ajoute-t-il.<\/p>\n<p>\u00ab Plus d\u2019une centaine de terroristes a\u0300 bord de ve\u0301hicules et de motos \u00bb ont attaque\u0301 cette unite\u0301 de l\u2019arme\u0301e entre les localite\u0301s de Teguey et Bankilare\u0301 a\u0300 l\u2019aide de \u00ab bombes artisanales et de ve\u0301hicules kamikazes \u00bb, pre\u0301cise le communique\u0301. \u00ab Malgre\u0301 la riposte e\u0301nergique, nous de\u0301plorons 23 valeureux militaires tombe\u0301s sur le champ d\u2019honneur et 17 blesse\u0301s \u00bb, ajoute-t-il.<\/p>\n<p>La re\u0301gion de Tillabe\u0301ri est un repaire des djihadistes sahe\u0301liens, dont ceux de l\u2019Etat islamique dans le grand Sahara (EIGS) et d\u2019Al-Qaida. Depuis des anne\u0301es, cette partie du Niger est re\u0301gulie\u0300rement vise\u0301e par les assauts de ces groupes arme\u0301s malgre\u0301 le de\u0301ploiement massif de forces antidjihadistes.<\/p>\n<p><strong>Pour plus d&rsquo;informations et d&rsquo;analyses sur la <a href=\"https:\/\/www.africa-press.net\/niger\">Niger<\/a>, suivez <a href=\"https:\/\/www.africa-press.net\/\">Africa-Press<\/a><\/strong><\/p>\n","protected":false},"excerpt":{"rendered":"<p>Africa-Press &#8211; Niger. Vingt-trois militaires ont e\u0301te\u0301 tue\u0301s dans \u00ab une embuscade \u00bb tendue par \u00ab des terroristes \u00bb lors d\u2019une \u00ab ope\u0301ration de ratissage \u00bb de l\u2019arme\u0301e dans l\u2019ouest du Niger, a annonce\u0301, jeudi 21 mars au soir, le ministe\u0300re nige\u0301rien de la de\u0301fense. L\u2019attaque a eu lieu dans la re\u0301gion de Tillabe\u0301ri, situe\u0301e [&hellip;]<\/p>\n","protected":false},"author":82,"featured_media":60361,"comment_status":"open","ping_status":"closed","sticky":false,"template":"","format":"standard","meta":{"footnotes":""},"categories":[2,73,20,10],"tags":[55,60,29],"class_list":["post-60362","post","type-post","status-publish","format-standard","has-post-thumbnail","hentry","category-politique","category-to-homepage","category-top-nouvelles","category-toutes-les-actualites","tag-africa-press","tag-africa-press-niger","tag-niger"],"yoast_head":"<!-- This site is optimized with the Yoast SEO Premium plugin v26.1 (Yoast SEO v27.0) - https:\/\/yoast.com\/product\/yoast-seo-premium-wordpress\/ -->\n<title>Au Niger, 23 militaires tu\u00e9s dans une embuscade tendue par des \u00ab terroristes \u00bb - niger<\/title>\n<meta name=\"description\" content=\"Vingt-trois militaires ont e\u0301te\u0301 tue\u0301s dans \u00ab une embuscade \u00bb tendue par \u00ab des terroristes \u00bb lors d\u2019une \u00ab ope\u0301ration de ...\" \/>\n<meta name=\"robots\" content=\"index, follow, max-snippet:-1, max-image-preview:large, max-video-preview:-1\" \/>\n<link rel=\"canonical\" href=\"https:\/\/www.africa-press.net\/niger\/politique\/au-niger-23-militaires-tues-dans-une-embuscade-tendue-par-des-terroristes\" \/>\n<meta property=\"og:locale\" content=\"fr_FR\" \/>\n<meta property=\"og:type\" content=\"article\" \/>\n<meta property=\"og:title\" content=\"Au Niger, 23 militaires tu\u00e9s dans une embuscade tendue par des \u00ab terroristes \u00bb\" \/>\n<meta property=\"og:description\" content=\"Vingt-trois militaires ont e\u0301te\u0301 tue\u0301s dans \u00ab une embuscade \u00bb tendue par \u00ab des terroristes \u00bb lors d\u2019une \u00ab ope\u0301ration de ...\" \/>\n<meta property=\"og:url\" content=\"https:\/\/www.africa-press.net\/niger\/politique\/au-niger-23-militaires-tues-dans-une-embuscade-tendue-par-des-terroristes\" \/>\n<meta property=\"og:site_name\" content=\"niger\" \/>\n<meta property=\"article:published_time\" content=\"2024-03-22T10:23:13+00:00\" \/>\n<meta property=\"article:modified_time\" content=\"2024-03-22T10:53:15+00:00\" \/>\n<meta property=\"og:image\" content=\"https:\/\/static.africa-press.net\/niger\/sites\/40\/2024\/03\/sm_1711091899.372051.jpg\" \/>\n\t<meta property=\"og:image:width\" content=\"1440\" \/>\n\t<meta property=\"og:image:height\" content=\"960\" \/>\n\t<meta property=\"og:image:type\" content=\"image\/jpeg\" \/>\n<meta name=\"author\" content=\"cfeditorfr\" \/>\n<meta name=\"twitter:card\" content=\"summary_large_image\" \/>\n<meta name=\"twitter:label1\" content=\"\u00c9crit par\" \/>\n\t<meta name=\"twitter:data1\" content=\"cfeditorfr\" \/>\n\t<meta name=\"twitter:label2\" content=\"Dur\u00e9e de lecture estim\u00e9e\" \/>\n\t<meta name=\"twitter:data2\" content=\"2 minutes\" \/>\n<script type=\"application\/ld+json\" class=\"yoast-schema-graph\">{\"@context\":\"https:\/\/schema.org\",\"@graph\":[{\"@type\":\"Article\",\"@id\":\"https:\/\/www.africa-press.net\/niger\/politique\/au-niger-23-militaires-tues-dans-une-embuscade-tendue-par-des-terroristes#article\",\"isPartOf\":{\"@id\":\"https:\/\/www.africa-press.net\/niger\/politique\/au-niger-23-militaires-tues-dans-une-embuscade-tendue-par-des-terroristes\"},\"author\":{\"name\":\"cfeditorfr\",\"@id\":\"https:\/\/www.africa-press.net\/niger\/#\/schema\/person\/2b1cf3cd81a31e3cd26889ca66d677f1\"},\"headline\":\"Au Niger, 23 militaires tu\u00e9s dans une embuscade tendue par des \u00ab terroristes \u00bb\",\"datePublished\":\"2024-03-22T10:23:13+00:00\",\"dateModified\":\"2024-03-22T10:53:15+00:00\",\"mainEntityOfPage\":{\"@id\":\"https:\/\/www.africa-press.net\/niger\/politique\/au-niger-23-militaires-tues-dans-une-embuscade-tendue-par-des-terroristes\"},\"wordCount\":306,\"commentCount\":0,\"image\":{\"@id\":\"https:\/\/www.africa-press.net\/niger\/politique\/au-niger-23-militaires-tues-dans-une-embuscade-tendue-par-des-terroristes#primaryimage\"},\"thumbnailUrl\":\"https:\/\/static.africa-press.net\/niger\/sites\/40\/2024\/03\/sm_1711091899.372051.jpg\",\"keywords\":[\"Africa Press\",\"Africa Press-Niger\",\"Niger\"],\"articleSection\":[\"Politique\",\"to-homepage\",\"Top Nouvelles\",\"Toutes les actualit\u00e9s\"],\"inLanguage\":\"fr-FR\",\"potentialAction\":[{\"@type\":\"CommentAction\",\"name\":\"Comment\",\"target\":[\"https:\/\/www.africa-press.net\/niger\/politique\/au-niger-23-militaires-tues-dans-une-embuscade-tendue-par-des-terroristes#respond\"]}]},{\"@type\":\"WebPage\",\"@id\":\"https:\/\/www.africa-press.net\/niger\/politique\/au-niger-23-militaires-tues-dans-une-embuscade-tendue-par-des-terroristes\",\"url\":\"https:\/\/www.africa-press.net\/niger\/politique\/au-niger-23-militaires-tues-dans-une-embuscade-tendue-par-des-terroristes\",\"name\":\"Au Niger, 23 militaires tu\u00e9s dans une embuscade tendue par des \u00ab terroristes \u00bb - niger\",\"isPartOf\":{\"@id\":\"https:\/\/www.africa-press.net\/niger\/#website\"},\"primaryImageOfPage\":{\"@id\":\"https:\/\/www.africa-press.net\/niger\/politique\/au-niger-23-militaires-tues-dans-une-embuscade-tendue-par-des-terroristes#primaryimage\"},\"image\":{\"@id\":\"https:\/\/www.africa-press.net\/niger\/politique\/au-niger-23-militaires-tues-dans-une-embuscade-tendue-par-des-terroristes#primaryimage\"},\"thumbnailUrl\":\"https:\/\/static.africa-press.net\/niger\/sites\/40\/2024\/03\/sm_1711091899.372051.jpg\",\"datePublished\":\"2024-03-22T10:23:13+00:00\",\"dateModified\":\"2024-03-22T10:53:15+00:00\",\"author\":{\"@id\":\"https:\/\/www.africa-press.net\/niger\/#\/schema\/person\/2b1cf3cd81a31e3cd26889ca66d677f1\"},\"description\":\"Vingt-trois militaires ont e\u0301te\u0301 tue\u0301s dans \u00ab une embuscade \u00bb tendue par \u00ab des terroristes \u00bb lors d\u2019une \u00ab ope\u0301ration de ...\",\"breadcrumb\":{\"@id\":\"https:\/\/www.africa-press.net\/niger\/politique\/au-niger-23-militaires-tues-dans-une-embuscade-tendue-par-des-terroristes#breadcrumb\"},\"inLanguage\":\"fr-FR\",\"potentialAction\":[{\"@type\":\"ReadAction\",\"target\":[\"https:\/\/www.africa-press.net\/niger\/politique\/au-niger-23-militaires-tues-dans-une-embuscade-tendue-par-des-terroristes\"]}]},{\"@type\":\"ImageObject\",\"inLanguage\":\"fr-FR\",\"@id\":\"https:\/\/www.africa-press.net\/niger\/politique\/au-niger-23-militaires-tues-dans-une-embuscade-tendue-par-des-terroristes#primaryimage\",\"url\":\"https:\/\/static.africa-press.net\/niger\/sites\/40\/2024\/03\/sm_1711091899.372051.jpg\",\"contentUrl\":\"https:\/\/static.africa-press.net\/niger\/sites\/40\/2024\/03\/sm_1711091899.372051.jpg\",\"width\":1440,\"height\":960,\"caption\":\"Au Niger, 23 militaires tu\u00e9s dans une embuscade tendue par des \u00ab terroristes \u00bb\"},{\"@type\":\"BreadcrumbList\",\"@id\":\"https:\/\/www.africa-press.net\/niger\/politique\/au-niger-23-militaires-tues-dans-une-embuscade-tendue-par-des-terroristes#breadcrumb\",\"itemListElement\":[{\"@type\":\"ListItem\",\"position\":1,\"name\":\"Accueil\",\"item\":\"https:\/\/www.africa-press.net\/niger\/\"},{\"@type\":\"ListItem\",\"position\":2,\"name\":\"Au Niger, 23 militaires tu\u00e9s dans une embuscade tendue par des \u00ab terroristes \u00bb\"}]},{\"@type\":\"WebSite\",\"@id\":\"https:\/\/www.africa-press.net\/niger\/#website\",\"url\":\"https:\/\/www.africa-press.net\/niger\/\",\"name\":\"niger\",\"description\":\"Just another Africa News Agency Sites site\",\"potentialAction\":[{\"@type\":\"SearchAction\",\"target\":{\"@type\":\"EntryPoint\",\"urlTemplate\":\"https:\/\/www.africa-press.net\/niger\/?s={search_term_string}\"},\"query-input\":{\"@type\":\"PropertyValueSpecification\",\"valueRequired\":true,\"valueName\":\"search_term_string\"}}],\"inLanguage\":\"fr-FR\"},{\"@type\":\"Person\",\"@id\":\"https:\/\/www.africa-press.net\/niger\/#\/schema\/person\/2b1cf3cd81a31e3cd26889ca66d677f1\",\"name\":\"cfeditorfr\"}]}<\/script>\n<!-- \/ Yoast SEO Premium plugin. -->","yoast_head_json":{"title":"Au Niger, 23 militaires tu\u00e9s dans une embuscade tendue par des \u00ab terroristes \u00bb - niger","description":"Vingt-trois militaires ont e\u0301te\u0301 tue\u0301s dans \u00ab une embuscade \u00bb tendue par \u00ab des terroristes \u00bb lors d\u2019une \u00ab ope\u0301ration de ...","robots":{"index":"index","follow":"follow","max-snippet":"max-snippet:-1","max-image-preview":"max-image-preview:large","max-video-preview":"max-video-preview:-1"},"canonical":"https:\/\/www.africa-press.net\/niger\/politique\/au-niger-23-militaires-tues-dans-une-embuscade-tendue-par-des-terroristes","og_locale":"fr_FR","og_type":"article","og_title":"Au Niger, 23 militaires tu\u00e9s dans une embuscade tendue par des \u00ab terroristes \u00bb","og_description":"Vingt-trois militaires ont e\u0301te\u0301 tue\u0301s dans \u00ab une embuscade \u00bb tendue par \u00ab des terroristes \u00bb lors d\u2019une \u00ab ope\u0301ration de ...","og_url":"https:\/\/www.africa-press.net\/niger\/politique\/au-niger-23-militaires-tues-dans-une-embuscade-tendue-par-des-terroristes","og_site_name":"niger","article_published_time":"2024-03-22T10:23:13+00:00","article_modified_time":"2024-03-22T10:53:15+00:00","og_image":[{"width":1440,"height":960,"url":"https:\/\/static.africa-press.net\/niger\/sites\/40\/2024\/03\/sm_1711091899.372051.jpg","type":"image\/jpeg"}],"author":"cfeditorfr","twitter_card":"summary_large_image","twitter_misc":{"\u00c9crit par":"cfeditorfr","Dur\u00e9e de lecture estim\u00e9e":"2 minutes"},"schema":{"@context":"https:\/\/schema.org","@graph":[{"@type":"Article","@id":"https:\/\/www.africa-press.net\/niger\/politique\/au-niger-23-militaires-tues-dans-une-embuscade-tendue-par-des-terroristes#article","isPartOf":{"@id":"https:\/\/www.africa-press.net\/niger\/politique\/au-niger-23-militaires-tues-dans-une-embuscade-tendue-par-des-terroristes"},"author":{"name":"cfeditorfr","@id":"https:\/\/www.africa-press.net\/niger\/#\/schema\/person\/2b1cf3cd81a31e3cd26889ca66d677f1"},"headline":"Au Niger, 23 militaires tu\u00e9s dans une embuscade tendue par des \u00ab terroristes \u00bb","datePublished":"2024-03-22T10:23:13+00:00","dateModified":"2024-03-22T10:53:15+00:00","mainEntityOfPage":{"@id":"https:\/\/www.africa-press.net\/niger\/politique\/au-niger-23-militaires-tues-dans-une-embuscade-tendue-par-des-terroristes"},"wordCount":306,"commentCount":0,"image":{"@id":"https:\/\/www.africa-press.net\/niger\/politique\/au-niger-23-militaires-tues-dans-une-embuscade-tendue-par-des-terroristes#primaryimage"},"thumbnailUrl":"https:\/\/static.africa-press.net\/niger\/sites\/40\/2024\/03\/sm_1711091899.372051.jpg","keywords":["Africa Press","Africa Press-Niger","Niger"],"articleSection":["Politique","to-homepage","Top Nouvelles","Toutes les actualit\u00e9s"],"inLanguage":"fr-FR","potentialAction":[{"@type":"CommentAction","name":"Comment","target":["https:\/\/www.africa-press.net\/niger\/politique\/au-niger-23-militaires-tues-dans-une-embuscade-tendue-par-des-terroristes#respond"]}]},{"@type":"WebPage","@id":"https:\/\/www.africa-press.net\/niger\/politique\/au-niger-23-militaires-tues-dans-une-embuscade-tendue-par-des-terroristes","url":"https:\/\/www.africa-press.net\/niger\/politique\/au-niger-23-militaires-tues-dans-une-embuscade-tendue-par-des-terroristes","name":"Au Niger, 23 militaires tu\u00e9s dans une embuscade tendue par des \u00ab terroristes \u00bb - niger","isPartOf":{"@id":"https:\/\/www.africa-press.net\/niger\/#website"},"primaryImageOfPage":{"@id":"https:\/\/www.africa-press.net\/niger\/politique\/au-niger-23-militaires-tues-dans-une-embuscade-tendue-par-des-terroristes#primaryimage"},"image":{"@id":"https:\/\/www.africa-press.net\/niger\/politique\/au-niger-23-militaires-tues-dans-une-embuscade-tendue-par-des-terroristes#primaryimage"},"thumbnailUrl":"https:\/\/static.africa-press.net\/niger\/sites\/40\/2024\/03\/sm_1711091899.372051.jpg","datePublished":"2024-03-22T10:23:13+00:00","dateModified":"2024-03-22T10:53:15+00:00","author":{"@id":"https:\/\/www.africa-press.net\/niger\/#\/schema\/person\/2b1cf3cd81a31e3cd26889ca66d677f1"},"description":"Vingt-trois militaires ont e\u0301te\u0301 tue\u0301s dans \u00ab une embuscade \u00bb tendue par \u00ab des terroristes \u00bb lors d\u2019une \u00ab ope\u0301ration de ...","breadcrumb":{"@id":"https:\/\/www.africa-press.net\/niger\/politique\/au-niger-23-militaires-tues-dans-une-embuscade-tendue-par-des-terroristes#breadcrumb"},"inLanguage":"fr-FR","potentialAction":[{"@type":"ReadAction","target":["https:\/\/www.africa-press.net\/niger\/politique\/au-niger-23-militaires-tues-dans-une-embuscade-tendue-par-des-terroristes"]}]},{"@type":"ImageObject","inLanguage":"fr-FR","@id":"https:\/\/www.africa-press.net\/niger\/politique\/au-niger-23-militaires-tues-dans-une-embuscade-tendue-par-des-terroristes#primaryimage","url":"https:\/\/static.africa-press.net\/niger\/sites\/40\/2024\/03\/sm_1711091899.372051.jpg","contentUrl":"https:\/\/static.africa-press.net\/niger\/sites\/40\/2024\/03\/sm_1711091899.372051.jpg","width":1440,"height":960,"caption":"Au Niger, 23 militaires tu\u00e9s dans une embuscade tendue par des \u00ab terroristes \u00bb"},{"@type":"BreadcrumbList","@id":"https:\/\/www.africa-press.net\/niger\/politique\/au-niger-23-militaires-tues-dans-une-embuscade-tendue-par-des-terroristes#breadcrumb","itemListElement":[{"@type":"ListItem","position":1,"name":"Accueil","item":"https:\/\/www.africa-press.net\/niger\/"},{"@type":"ListItem","position":2,"name":"Au Niger, 23 militaires tu\u00e9s dans une embuscade tendue par des \u00ab terroristes \u00bb"}]},{"@type":"WebSite","@id":"https:\/\/www.africa-press.net\/niger\/#website","url":"https:\/\/www.africa-press.net\/niger\/","name":"niger","description":"Just another Africa News Agency Sites site","potentialAction":[{"@type":"SearchAction","target":{"@type":"EntryPoint","urlTemplate":"https:\/\/www.africa-press.net\/niger\/?s={search_term_string}"},"query-input":{"@type":"PropertyValueSpecification","valueRequired":true,"valueName":"search_term_string"}}],"inLanguage":"fr-FR"},{"@type":"Person","@id":"https:\/\/www.africa-press.net\/niger\/#\/schema\/person\/2b1cf3cd81a31e3cd26889ca66d677f1","name":"cfeditorfr"}]}},"_links":{"self":[{"href":"https:\/\/www.africa-press.net\/niger\/wp-json\/wp\/v2\/posts\/60362","targetHints":{"allow":["GET"]}}],"collection":[{"href":"https:\/\/www.africa-press.net\/niger\/wp-json\/wp\/v2\/posts"}],"about":[{"href":"https:\/\/www.africa-press.net\/niger\/wp-json\/wp\/v2\/types\/post"}],"author":[{"embeddable":true,"href":"https:\/\/www.africa-press.net\/niger\/wp-json\/wp\/v2\/users\/82"}],"replies":[{"embeddable":true,"href":"https:\/\/www.africa-press.net\/niger\/wp-json\/wp\/v2\/comments?post=60362"}],"version-history":[{"count":0,"href":"https:\/\/www.africa-press.net\/niger\/wp-json\/wp\/v2\/posts\/60362\/revisions"}],"wp:featuredmedia":[{"embeddable":true,"href":"https:\/\/www.africa-press.net\/niger\/wp-json\/wp\/v2\/media\/60361"}],"wp:attachment":[{"href":"https:\/\/www.africa-press.net\/niger\/wp-json\/wp\/v2\/media?parent=60362"}],"wp:term":[{"taxonomy":"category","embeddable":true,"href":"https:\/\/www.africa-press.net\/niger\/wp-json\/wp\/v2\/categories?post=60362"},{"taxonomy":"post_tag","embeddable":true,"href":"https:\/\/www.africa-press.net\/niger\/wp-json\/wp\/v2\/tags?post=60362"}],"curies":[{"name":"wp","href":"https:\/\/api.w.org\/{rel}","templated":true}]}}