{"id":60379,"date":"2024-03-22T14:38:02","date_gmt":"2024-03-22T14:38:02","guid":{"rendered":"https:\/\/www.africa-press.net\/niger\/politique\/celebration-de-la-journee-mondiale-de-leau-la-gestion-rationnelle-des-ressources-en-eau-pour-un-developpement-social-et-economique"},"modified":"2024-03-22T15:33:32","modified_gmt":"2024-03-22T15:33:32","slug":"celebration-de-la-journee-mondiale-de-leau-la-gestion-rationnelle-des-ressources-en-eau-pour-un-developpement-social-et-economique","status":"publish","type":"post","link":"https:\/\/www.africa-press.net\/niger\/economie\/celebration-de-la-journee-mondiale-de-leau-la-gestion-rationnelle-des-ressources-en-eau-pour-un-developpement-social-et-economique","title":{"rendered":"C\u00e9l\u00e9bration de la Journ\u00e9e Mondiale de l\u2019Eau : La gestion rationnelle des ressources en eau pour un d\u00e9veloppement social et \u00e9conomique"},"content":{"rendered":"<p><span style=\"color: #ff6600\"><strong>Africa-Press &#8211; Niger. <\/strong><\/span>A\u0300 l\u2019instar de la Communaute\u0301 Internationale, le Niger ce\u0301le\u0300bre, le 22 mars 2024, la Journe\u0301e Mondiale de l\u2019Eau sous le the\u0300me \u00ab L\u2019eau pour la paix \u00bb, conforme\u0301ment a\u0300 la re\u0301solution de la Confe\u0301rence des Nations Unies sur l\u2019Environnement et le De\u0301veloppement de de\u0301cembre 1992. A cette occasion, le ministre de l\u2019Hydraulique, de l\u2019Assainissement et de l\u2019Environnement, le Colonel Maizama Abdoulaye, a adresse\u0301 un message dans lequel, il appelle a\u0300 une prise de conscience face a\u0300 l\u2019aggravation des effets du changement climatique, afin de s\u2019unir pour prote\u0301ger cette ressource pre\u0301cieuse.<\/p>\n<p>Le Colonel Maizama Abdoulaye a rappele\u0301 que l\u2019eau est non seulement une ressource a\u0300 utiliser, dont on se dispute l\u2019usage, mais aussi un droit humain, intrinse\u0300que a\u0300 tous les aspects de la vie. Ainsi, dit-il, l\u2019eau peut e\u0302tre source de paix ou de conflit. \u00ab Lorsque l\u2019eau est rare ou pollue\u0301e, ou que certains n\u2019y ont pas acce\u0300s ou y ont un acce\u0300s ine\u0301gal, des tensions peuvent apparai\u0302tre entre les usagers \u00bb, a-t-il souligne\u0301. Avec la croissance de\u0301mographique, l\u2019eau deviendra selon le ministre, de plus en plus importante dans la lutte contre la pauvrete\u0301 et la de\u0301te\u0301rioration de l\u2019environnement. A ce titre, la coope\u0301ration dans le secteur de l\u2019eau peut renforcer la re\u0301silience vitale face aux phe\u0301nome\u0300nes me\u0301te\u0301orologiques extre\u0302mes et aider les populations a\u0300 atte\u0301nuer les effets du changement climatique et a\u0300 s\u2019y adapter.<\/p>\n<p>Au Niger, le rapport national sur les indicateurs de l\u2019eau, de l\u2019assainissement et de l\u2019environnement pour l\u2019anne\u0301e 2023 indique que seulement 49,93% des Nige\u0301riens ont un acce\u0300s a\u0300 l\u2019eau potable. Autrement dit, un Nige\u0301rien sur deux n\u2019a pas acce\u0300s a\u0300 l\u2019eau potable. \u00ab La sante\u0301 publique et la prospe\u0301rite\u0301, les syste\u0300mes alimentaires et e\u0301nerge\u0301tiques, la productivite\u0301 e\u0301conomique et l\u2019inte\u0301grite\u0301 environnementale sont tous tributaires des ressources en eau ge\u0301re\u0301es de manie\u0300re e\u0301quitable. Ainsi, ce the\u0300me de\u0301montre toute l\u2019importance des ressources en eau pour notre plane\u0300te \u00bb, a ajoute\u0301 le Colonel Maizama Abdoulaye. En effet, poursuit le ministre, cette ine\u0301quitable re\u0301partition d\u2019acce\u0300s a\u0300 l\u2019eau potable, se perpe\u0301tue d\u2019une re\u0301gion a\u0300 une autre d\u2019une part et entre le milieu rural et le milieu urbain d\u2019autre part dont les conse\u0301quences se traduisent par des conflits entre e\u0301leveurs nomades en milieu pastoral, mais e\u0301galement entre e\u0301leveurs et agriculteurs en zone se\u0301dentaire.<\/p>\n<p>\u00ab Pourtant, bien qu\u2019e\u0301tant un pays sahe\u0301lien, le Niger dispose d\u2019un potentiel important en eau souterraine mobilisable pour servir a\u0300 l\u2019atteinte de son de\u0301veloppement e\u0301conomique et social. Il reste a\u0300 la rendre suffisamment accessible pour les besoins de l\u2019approvisionnement en eau potable des populations et du cheptel, de la production agricole, de l\u2019e\u0301nergie et des industries \u00bb, a-t-il sugge\u0301re\u0301. Du reste, a affirme\u0301 le ministre, les plus hautes autorite\u0301s de notre pays, au premier rang desquelles, le Ge\u0301ne\u0301ral de Brigade Abdourahmane Tiani, Pre\u0301sident du Conseil National pour la Sauvegarde de la Patrie, Chef de l\u2019E\u0301tat et Son Excellence M. Ali Mahaman Lamine Zeine, Premier ministre, ont place\u0301 l\u2019acce\u0300s e\u0301quitable a\u0300 l\u2019eau au c\u0153ur des actions de de\u0301veloppement pour le Niger.<\/p>\n<p>C\u2019est pourquoi, a-t-il de\u0301clare\u0301, il est important de les prote\u0301ger contre toute sorte de pollution et les utiliser de manie\u0300re durable, en conciliant les besoins fondamentaux des populations et ceux des autres usages, conforme\u0301ment au Plan d\u2019Action National de Gestion Inte\u0301gre\u0301e des Ressources en Eau (PANGIRE). Enfin, le ministre de l\u2019Hydraulique, de l\u2019Assainissement et de l\u2019Environnement, le Colonel Maizama Abdoulaye a lance\u0301 un appel a\u0300 tous les partenaires au de\u0301veloppement, aux organismes de bassins, a\u0300 la socie\u0301te\u0301 civile, aux organisations non gouvernementales et aux techniciens, chacun dans sa sphe\u0300re de compe\u0301tence, a\u0300 \u0153uvrer pour une coope\u0301ration dans la gestion de nos ressources en eau, qui constituent un des piliers fondamentaux de tout de\u0301veloppement socio-e\u0301conomique des E\u0301tats.<\/p>\n<p>&nbsp;<\/p>\n<p><strong>Pour plus d&rsquo;informations et d&rsquo;analyses sur la <a href=\"https:\/\/www.africa-press.net\/niger\">Niger<\/a>, suivez <a href=\"https:\/\/www.africa-press.net\/\">Africa-Press<\/a><\/strong><\/p>\n","protected":false},"excerpt":{"rendered":"<p>Africa-Press &#8211; Niger. A\u0300 l\u2019instar de la Communaute\u0301 Internationale, le Niger ce\u0301le\u0300bre, le 22 mars 2024, la Journe\u0301e Mondiale de l\u2019Eau sous le the\u0300me \u00ab L\u2019eau pour la paix \u00bb, conforme\u0301ment a\u0300 la re\u0301solution de la Confe\u0301rence des Nations Unies sur l\u2019Environnement et le De\u0301veloppement de de\u0301cembre 1992. A cette occasion, le ministre de l\u2019Hydraulique, [&hellip;]<\/p>\n","protected":false},"author":82,"featured_media":60378,"comment_status":"open","ping_status":"closed","sticky":false,"template":"","format":"standard","meta":{"footnotes":""},"categories":[3,10],"tags":[55,60,29],"class_list":["post-60379","post","type-post","status-publish","format-standard","has-post-thumbnail","hentry","category-economie","category-toutes-les-actualites","tag-africa-press","tag-africa-press-niger","tag-niger"],"yoast_head":"<!-- This site is optimized with the Yoast SEO Premium plugin v26.1 (Yoast SEO v27.0) - https:\/\/yoast.com\/product\/yoast-seo-premium-wordpress\/ -->\n<title>C\u00e9l\u00e9bration de la Journ\u00e9e Mondiale de l\u2019Eau : La gestion rationnelle des ressources en eau pour un d\u00e9veloppement social et \u00e9conomique - niger<\/title>\n<meta name=\"description\" content=\"A\u0300 l\u2019instar de la Communaute\u0301 Internationale, le Niger ce\u0301le\u0300bre, le 22 mars 2024, la Journe\u0301e Mondiale de l\u2019Eau sous le ...\" \/>\n<meta name=\"robots\" content=\"index, follow, max-snippet:-1, max-image-preview:large, max-video-preview:-1\" \/>\n<link rel=\"canonical\" href=\"https:\/\/www.africa-press.net\/niger\/economie\/celebration-de-la-journee-mondiale-de-leau-la-gestion-rationnelle-des-ressources-en-eau-pour-un-developpement-social-et-economique\" \/>\n<meta property=\"og:locale\" content=\"fr_FR\" \/>\n<meta property=\"og:type\" content=\"article\" \/>\n<meta property=\"og:title\" content=\"C\u00e9l\u00e9bration de la Journ\u00e9e Mondiale de l\u2019Eau : La gestion rationnelle des ressources en eau pour un d\u00e9veloppement social et \u00e9conomique\" \/>\n<meta property=\"og:description\" content=\"A\u0300 l\u2019instar de la Communaute\u0301 Internationale, le Niger ce\u0301le\u0300bre, le 22 mars 2024, la Journe\u0301e Mondiale de l\u2019Eau sous le ...\" \/>\n<meta property=\"og:url\" content=\"https:\/\/www.africa-press.net\/niger\/economie\/celebration-de-la-journee-mondiale-de-leau-la-gestion-rationnelle-des-ressources-en-eau-pour-un-developpement-social-et-economique\" \/>\n<meta property=\"og:site_name\" content=\"niger\" \/>\n<meta property=\"article:published_time\" content=\"2024-03-22T14:38:02+00:00\" \/>\n<meta property=\"article:modified_time\" content=\"2024-03-22T15:33:32+00:00\" \/>\n<meta property=\"og:image\" content=\"https:\/\/static.africa-press.net\/niger\/sites\/40\/2024\/03\/sm_1711108946.667566.jpg\" \/>\n\t<meta property=\"og:image:width\" content=\"800\" \/>\n\t<meta property=\"og:image:height\" content=\"533\" \/>\n\t<meta property=\"og:image:type\" content=\"image\/jpeg\" \/>\n<meta name=\"author\" content=\"cfeditorfr\" \/>\n<meta name=\"twitter:card\" content=\"summary_large_image\" \/>\n<meta name=\"twitter:label1\" content=\"\u00c9crit par\" \/>\n\t<meta name=\"twitter:data1\" content=\"cfeditorfr\" \/>\n\t<meta name=\"twitter:label2\" content=\"Dur\u00e9e de lecture estim\u00e9e\" \/>\n\t<meta name=\"twitter:data2\" content=\"4 minutes\" \/>\n<script type=\"application\/ld+json\" class=\"yoast-schema-graph\">{\"@context\":\"https:\/\/schema.org\",\"@graph\":[{\"@type\":\"Article\",\"@id\":\"https:\/\/www.africa-press.net\/niger\/economie\/celebration-de-la-journee-mondiale-de-leau-la-gestion-rationnelle-des-ressources-en-eau-pour-un-developpement-social-et-economique#article\",\"isPartOf\":{\"@id\":\"https:\/\/www.africa-press.net\/niger\/economie\/celebration-de-la-journee-mondiale-de-leau-la-gestion-rationnelle-des-ressources-en-eau-pour-un-developpement-social-et-economique\"},\"author\":{\"name\":\"cfeditorfr\",\"@id\":\"https:\/\/www.africa-press.net\/niger\/#\/schema\/person\/2b1cf3cd81a31e3cd26889ca66d677f1\"},\"headline\":\"C\u00e9l\u00e9bration de la Journ\u00e9e Mondiale de l\u2019Eau : La gestion rationnelle des ressources en eau pour un d\u00e9veloppement social et \u00e9conomique\",\"datePublished\":\"2024-03-22T14:38:02+00:00\",\"dateModified\":\"2024-03-22T15:33:32+00:00\",\"mainEntityOfPage\":{\"@id\":\"https:\/\/www.africa-press.net\/niger\/economie\/celebration-de-la-journee-mondiale-de-leau-la-gestion-rationnelle-des-ressources-en-eau-pour-un-developpement-social-et-economique\"},\"wordCount\":765,\"commentCount\":0,\"image\":{\"@id\":\"https:\/\/www.africa-press.net\/niger\/economie\/celebration-de-la-journee-mondiale-de-leau-la-gestion-rationnelle-des-ressources-en-eau-pour-un-developpement-social-et-economique#primaryimage\"},\"thumbnailUrl\":\"https:\/\/static.africa-press.net\/niger\/sites\/40\/2024\/03\/sm_1711108946.667566.jpg\",\"keywords\":[\"Africa Press\",\"Africa Press-Niger\",\"Niger\"],\"articleSection\":[\"\u00c9conomie\",\"Toutes les actualit\u00e9s\"],\"inLanguage\":\"fr-FR\",\"potentialAction\":[{\"@type\":\"CommentAction\",\"name\":\"Comment\",\"target\":[\"https:\/\/www.africa-press.net\/niger\/economie\/celebration-de-la-journee-mondiale-de-leau-la-gestion-rationnelle-des-ressources-en-eau-pour-un-developpement-social-et-economique#respond\"]}]},{\"@type\":\"WebPage\",\"@id\":\"https:\/\/www.africa-press.net\/niger\/economie\/celebration-de-la-journee-mondiale-de-leau-la-gestion-rationnelle-des-ressources-en-eau-pour-un-developpement-social-et-economique\",\"url\":\"https:\/\/www.africa-press.net\/niger\/economie\/celebration-de-la-journee-mondiale-de-leau-la-gestion-rationnelle-des-ressources-en-eau-pour-un-developpement-social-et-economique\",\"name\":\"C\u00e9l\u00e9bration de la Journ\u00e9e Mondiale de l\u2019Eau : La gestion rationnelle des ressources en eau pour un d\u00e9veloppement social et \u00e9conomique - niger\",\"isPartOf\":{\"@id\":\"https:\/\/www.africa-press.net\/niger\/#website\"},\"primaryImageOfPage\":{\"@id\":\"https:\/\/www.africa-press.net\/niger\/economie\/celebration-de-la-journee-mondiale-de-leau-la-gestion-rationnelle-des-ressources-en-eau-pour-un-developpement-social-et-economique#primaryimage\"},\"image\":{\"@id\":\"https:\/\/www.africa-press.net\/niger\/economie\/celebration-de-la-journee-mondiale-de-leau-la-gestion-rationnelle-des-ressources-en-eau-pour-un-developpement-social-et-economique#primaryimage\"},\"thumbnailUrl\":\"https:\/\/static.africa-press.net\/niger\/sites\/40\/2024\/03\/sm_1711108946.667566.jpg\",\"datePublished\":\"2024-03-22T14:38:02+00:00\",\"dateModified\":\"2024-03-22T15:33:32+00:00\",\"author\":{\"@id\":\"https:\/\/www.africa-press.net\/niger\/#\/schema\/person\/2b1cf3cd81a31e3cd26889ca66d677f1\"},\"description\":\"A\u0300 l\u2019instar de la Communaute\u0301 Internationale, le Niger ce\u0301le\u0300bre, le 22 mars 2024, la Journe\u0301e Mondiale de l\u2019Eau sous le ...\",\"breadcrumb\":{\"@id\":\"https:\/\/www.africa-press.net\/niger\/economie\/celebration-de-la-journee-mondiale-de-leau-la-gestion-rationnelle-des-ressources-en-eau-pour-un-developpement-social-et-economique#breadcrumb\"},\"inLanguage\":\"fr-FR\",\"potentialAction\":[{\"@type\":\"ReadAction\",\"target\":[\"https:\/\/www.africa-press.net\/niger\/economie\/celebration-de-la-journee-mondiale-de-leau-la-gestion-rationnelle-des-ressources-en-eau-pour-un-developpement-social-et-economique\"]}]},{\"@type\":\"ImageObject\",\"inLanguage\":\"fr-FR\",\"@id\":\"https:\/\/www.africa-press.net\/niger\/economie\/celebration-de-la-journee-mondiale-de-leau-la-gestion-rationnelle-des-ressources-en-eau-pour-un-developpement-social-et-economique#primaryimage\",\"url\":\"https:\/\/static.africa-press.net\/niger\/sites\/40\/2024\/03\/sm_1711108946.667566.jpg\",\"contentUrl\":\"https:\/\/static.africa-press.net\/niger\/sites\/40\/2024\/03\/sm_1711108946.667566.jpg\",\"width\":800,\"height\":533,\"caption\":\"C\u00e9l\u00e9bration de la Journ\u00e9e Mondiale de l\u2019Eau : La gestion rationnelle des ressources en eau pour un d\u00e9veloppement social et \u00e9conomique\"},{\"@type\":\"BreadcrumbList\",\"@id\":\"https:\/\/www.africa-press.net\/niger\/economie\/celebration-de-la-journee-mondiale-de-leau-la-gestion-rationnelle-des-ressources-en-eau-pour-un-developpement-social-et-economique#breadcrumb\",\"itemListElement\":[{\"@type\":\"ListItem\",\"position\":1,\"name\":\"Accueil\",\"item\":\"https:\/\/www.africa-press.net\/niger\/\"},{\"@type\":\"ListItem\",\"position\":2,\"name\":\"C\u00e9l\u00e9bration de la Journ\u00e9e Mondiale de l\u2019Eau : La gestion rationnelle des ressources en eau pour un d\u00e9veloppement social et \u00e9conomique\"}]},{\"@type\":\"WebSite\",\"@id\":\"https:\/\/www.africa-press.net\/niger\/#website\",\"url\":\"https:\/\/www.africa-press.net\/niger\/\",\"name\":\"niger\",\"description\":\"Just another Africa News Agency Sites site\",\"potentialAction\":[{\"@type\":\"SearchAction\",\"target\":{\"@type\":\"EntryPoint\",\"urlTemplate\":\"https:\/\/www.africa-press.net\/niger\/?s={search_term_string}\"},\"query-input\":{\"@type\":\"PropertyValueSpecification\",\"valueRequired\":true,\"valueName\":\"search_term_string\"}}],\"inLanguage\":\"fr-FR\"},{\"@type\":\"Person\",\"@id\":\"https:\/\/www.africa-press.net\/niger\/#\/schema\/person\/2b1cf3cd81a31e3cd26889ca66d677f1\",\"name\":\"cfeditorfr\"}]}<\/script>\n<!-- \/ Yoast SEO Premium plugin. -->","yoast_head_json":{"title":"C\u00e9l\u00e9bration de la Journ\u00e9e Mondiale de l\u2019Eau : La gestion rationnelle des ressources en eau pour un d\u00e9veloppement social et \u00e9conomique - niger","description":"A\u0300 l\u2019instar de la Communaute\u0301 Internationale, le Niger ce\u0301le\u0300bre, le 22 mars 2024, la Journe\u0301e Mondiale de l\u2019Eau sous le ...","robots":{"index":"index","follow":"follow","max-snippet":"max-snippet:-1","max-image-preview":"max-image-preview:large","max-video-preview":"max-video-preview:-1"},"canonical":"https:\/\/www.africa-press.net\/niger\/economie\/celebration-de-la-journee-mondiale-de-leau-la-gestion-rationnelle-des-ressources-en-eau-pour-un-developpement-social-et-economique","og_locale":"fr_FR","og_type":"article","og_title":"C\u00e9l\u00e9bration de la Journ\u00e9e Mondiale de l\u2019Eau : La gestion rationnelle des ressources en eau pour un d\u00e9veloppement social et \u00e9conomique","og_description":"A\u0300 l\u2019instar de la Communaute\u0301 Internationale, le Niger ce\u0301le\u0300bre, le 22 mars 2024, la Journe\u0301e Mondiale de l\u2019Eau sous le ...","og_url":"https:\/\/www.africa-press.net\/niger\/economie\/celebration-de-la-journee-mondiale-de-leau-la-gestion-rationnelle-des-ressources-en-eau-pour-un-developpement-social-et-economique","og_site_name":"niger","article_published_time":"2024-03-22T14:38:02+00:00","article_modified_time":"2024-03-22T15:33:32+00:00","og_image":[{"width":800,"height":533,"url":"https:\/\/static.africa-press.net\/niger\/sites\/40\/2024\/03\/sm_1711108946.667566.jpg","type":"image\/jpeg"}],"author":"cfeditorfr","twitter_card":"summary_large_image","twitter_misc":{"\u00c9crit par":"cfeditorfr","Dur\u00e9e de lecture estim\u00e9e":"4 minutes"},"schema":{"@context":"https:\/\/schema.org","@graph":[{"@type":"Article","@id":"https:\/\/www.africa-press.net\/niger\/economie\/celebration-de-la-journee-mondiale-de-leau-la-gestion-rationnelle-des-ressources-en-eau-pour-un-developpement-social-et-economique#article","isPartOf":{"@id":"https:\/\/www.africa-press.net\/niger\/economie\/celebration-de-la-journee-mondiale-de-leau-la-gestion-rationnelle-des-ressources-en-eau-pour-un-developpement-social-et-economique"},"author":{"name":"cfeditorfr","@id":"https:\/\/www.africa-press.net\/niger\/#\/schema\/person\/2b1cf3cd81a31e3cd26889ca66d677f1"},"headline":"C\u00e9l\u00e9bration de la Journ\u00e9e Mondiale de l\u2019Eau : La gestion rationnelle des ressources en eau pour un d\u00e9veloppement social et \u00e9conomique","datePublished":"2024-03-22T14:38:02+00:00","dateModified":"2024-03-22T15:33:32+00:00","mainEntityOfPage":{"@id":"https:\/\/www.africa-press.net\/niger\/economie\/celebration-de-la-journee-mondiale-de-leau-la-gestion-rationnelle-des-ressources-en-eau-pour-un-developpement-social-et-economique"},"wordCount":765,"commentCount":0,"image":{"@id":"https:\/\/www.africa-press.net\/niger\/economie\/celebration-de-la-journee-mondiale-de-leau-la-gestion-rationnelle-des-ressources-en-eau-pour-un-developpement-social-et-economique#primaryimage"},"thumbnailUrl":"https:\/\/static.africa-press.net\/niger\/sites\/40\/2024\/03\/sm_1711108946.667566.jpg","keywords":["Africa Press","Africa Press-Niger","Niger"],"articleSection":["\u00c9conomie","Toutes les actualit\u00e9s"],"inLanguage":"fr-FR","potentialAction":[{"@type":"CommentAction","name":"Comment","target":["https:\/\/www.africa-press.net\/niger\/economie\/celebration-de-la-journee-mondiale-de-leau-la-gestion-rationnelle-des-ressources-en-eau-pour-un-developpement-social-et-economique#respond"]}]},{"@type":"WebPage","@id":"https:\/\/www.africa-press.net\/niger\/economie\/celebration-de-la-journee-mondiale-de-leau-la-gestion-rationnelle-des-ressources-en-eau-pour-un-developpement-social-et-economique","url":"https:\/\/www.africa-press.net\/niger\/economie\/celebration-de-la-journee-mondiale-de-leau-la-gestion-rationnelle-des-ressources-en-eau-pour-un-developpement-social-et-economique","name":"C\u00e9l\u00e9bration de la Journ\u00e9e Mondiale de l\u2019Eau : La gestion rationnelle des ressources en eau pour un d\u00e9veloppement social et \u00e9conomique - niger","isPartOf":{"@id":"https:\/\/www.africa-press.net\/niger\/#website"},"primaryImageOfPage":{"@id":"https:\/\/www.africa-press.net\/niger\/economie\/celebration-de-la-journee-mondiale-de-leau-la-gestion-rationnelle-des-ressources-en-eau-pour-un-developpement-social-et-economique#primaryimage"},"image":{"@id":"https:\/\/www.africa-press.net\/niger\/economie\/celebration-de-la-journee-mondiale-de-leau-la-gestion-rationnelle-des-ressources-en-eau-pour-un-developpement-social-et-economique#primaryimage"},"thumbnailUrl":"https:\/\/static.africa-press.net\/niger\/sites\/40\/2024\/03\/sm_1711108946.667566.jpg","datePublished":"2024-03-22T14:38:02+00:00","dateModified":"2024-03-22T15:33:32+00:00","author":{"@id":"https:\/\/www.africa-press.net\/niger\/#\/schema\/person\/2b1cf3cd81a31e3cd26889ca66d677f1"},"description":"A\u0300 l\u2019instar de la Communaute\u0301 Internationale, le Niger ce\u0301le\u0300bre, le 22 mars 2024, la Journe\u0301e Mondiale de l\u2019Eau sous le ...","breadcrumb":{"@id":"https:\/\/www.africa-press.net\/niger\/economie\/celebration-de-la-journee-mondiale-de-leau-la-gestion-rationnelle-des-ressources-en-eau-pour-un-developpement-social-et-economique#breadcrumb"},"inLanguage":"fr-FR","potentialAction":[{"@type":"ReadAction","target":["https:\/\/www.africa-press.net\/niger\/economie\/celebration-de-la-journee-mondiale-de-leau-la-gestion-rationnelle-des-ressources-en-eau-pour-un-developpement-social-et-economique"]}]},{"@type":"ImageObject","inLanguage":"fr-FR","@id":"https:\/\/www.africa-press.net\/niger\/economie\/celebration-de-la-journee-mondiale-de-leau-la-gestion-rationnelle-des-ressources-en-eau-pour-un-developpement-social-et-economique#primaryimage","url":"https:\/\/static.africa-press.net\/niger\/sites\/40\/2024\/03\/sm_1711108946.667566.jpg","contentUrl":"https:\/\/static.africa-press.net\/niger\/sites\/40\/2024\/03\/sm_1711108946.667566.jpg","width":800,"height":533,"caption":"C\u00e9l\u00e9bration de la Journ\u00e9e Mondiale de l\u2019Eau : La gestion rationnelle des ressources en eau pour un d\u00e9veloppement social et \u00e9conomique"},{"@type":"BreadcrumbList","@id":"https:\/\/www.africa-press.net\/niger\/economie\/celebration-de-la-journee-mondiale-de-leau-la-gestion-rationnelle-des-ressources-en-eau-pour-un-developpement-social-et-economique#breadcrumb","itemListElement":[{"@type":"ListItem","position":1,"name":"Accueil","item":"https:\/\/www.africa-press.net\/niger\/"},{"@type":"ListItem","position":2,"name":"C\u00e9l\u00e9bration de la Journ\u00e9e Mondiale de l\u2019Eau : La gestion rationnelle des ressources en eau pour un d\u00e9veloppement social et \u00e9conomique"}]},{"@type":"WebSite","@id":"https:\/\/www.africa-press.net\/niger\/#website","url":"https:\/\/www.africa-press.net\/niger\/","name":"niger","description":"Just another Africa News Agency Sites site","potentialAction":[{"@type":"SearchAction","target":{"@type":"EntryPoint","urlTemplate":"https:\/\/www.africa-press.net\/niger\/?s={search_term_string}"},"query-input":{"@type":"PropertyValueSpecification","valueRequired":true,"valueName":"search_term_string"}}],"inLanguage":"fr-FR"},{"@type":"Person","@id":"https:\/\/www.africa-press.net\/niger\/#\/schema\/person\/2b1cf3cd81a31e3cd26889ca66d677f1","name":"cfeditorfr"}]}},"_links":{"self":[{"href":"https:\/\/www.africa-press.net\/niger\/wp-json\/wp\/v2\/posts\/60379","targetHints":{"allow":["GET"]}}],"collection":[{"href":"https:\/\/www.africa-press.net\/niger\/wp-json\/wp\/v2\/posts"}],"about":[{"href":"https:\/\/www.africa-press.net\/niger\/wp-json\/wp\/v2\/types\/post"}],"author":[{"embeddable":true,"href":"https:\/\/www.africa-press.net\/niger\/wp-json\/wp\/v2\/users\/82"}],"replies":[{"embeddable":true,"href":"https:\/\/www.africa-press.net\/niger\/wp-json\/wp\/v2\/comments?post=60379"}],"version-history":[{"count":0,"href":"https:\/\/www.africa-press.net\/niger\/wp-json\/wp\/v2\/posts\/60379\/revisions"}],"wp:featuredmedia":[{"embeddable":true,"href":"https:\/\/www.africa-press.net\/niger\/wp-json\/wp\/v2\/media\/60378"}],"wp:attachment":[{"href":"https:\/\/www.africa-press.net\/niger\/wp-json\/wp\/v2\/media?parent=60379"}],"wp:term":[{"taxonomy":"category","embeddable":true,"href":"https:\/\/www.africa-press.net\/niger\/wp-json\/wp\/v2\/categories?post=60379"},{"taxonomy":"post_tag","embeddable":true,"href":"https:\/\/www.africa-press.net\/niger\/wp-json\/wp\/v2\/tags?post=60379"}],"curies":[{"name":"wp","href":"https:\/\/api.w.org\/{rel}","templated":true}]}}