{"id":60389,"date":"2024-03-22T14:41:03","date_gmt":"2024-03-22T14:41:03","guid":{"rendered":"https:\/\/www.africa-press.net\/niger\/politique\/audience-a-la-primature-m-ali-mahaman-lamine-zeine-recoit-une-delegation-du-fonds-mondial"},"modified":"2024-03-22T15:35:42","modified_gmt":"2024-03-22T15:35:42","slug":"audience-a-la-primature-m-ali-mahaman-lamine-zeine-recoit-une-delegation-du-fonds-mondial","status":"publish","type":"post","link":"https:\/\/www.africa-press.net\/niger\/politique\/audience-a-la-primature-m-ali-mahaman-lamine-zeine-recoit-une-delegation-du-fonds-mondial","title":{"rendered":"Audience \u00e0 la Primature : M. Ali Mahaman Lamine Zeine, re\u00e7oit une d\u00e9l\u00e9gation du Fonds Mondial"},"content":{"rendered":"<p><span style=\"color: #ff6600\"><strong>Africa-Press &#8211; Niger. <\/strong><\/span>Le Premier Ministre, Ministre de l\u2019E\u0301conomie et des Finances, M. Ali Mahaman Lamine Zeine a rec\u0327u, hier jeudi 21 mars 2024, une de\u0301le\u0301gation du Fonds Mondial conduite par le Directeur Re\u0301gional, Dr Ibrahim Faria. Au cours de cette audience, la de\u0301le\u0301gation a pre\u0301sente\u0301 au Premier Ministre les objectifs de la mission du Fonds Mondial et le point de l\u2019ensemble des projets finance\u0301s au Niger pour l\u2019exercice 2023-2026.<\/p>\n<p>A\u0300 l\u2019issue de cette audience, Dr Ibrahim Faria a indique\u0301 que le Fonds Mondial engage des ressources d\u2019environ 171 millions d\u2019euros pour appuyer la lutte contre le VIH sida, la tuberculose et le paludisme. \u00ab Nous avons voulu rendre compte au Premier ministre, les discussions que nous avions eues avec l\u2019ensemble des acteurs notamment le Ministe\u0300re de la Sante\u0301 Publique, de la Population et des Affaires Sociales, pour voir ensemble comment les ressources vont e\u0302tre utilise\u0301es au be\u0301ne\u0301fice de la population. Mais aussi de savoir comment le gouvernement du Niger va assurer un co-financement de ces ressources \u00bb, a-t-il explique\u0301.<\/p>\n<p>Pour Dr Ibrahim Faria, ces financements sont extre\u0302mement importants pour renforcer le syste\u0300me sanitaire dans un pays comme le Niger. \u00ab Nous remercions le gouvernement nige\u0301rien pour son leadership dans la lutte contre ces trois maladies, d\u2019ou\u0300 ces investissements dans le secteur de la sante\u0301 \u00bb, a conclu le Directeur Re\u0301gional du Fonds Mondial.<\/p>\n<p>&nbsp;<\/p>\n<p><strong>Pour plus d&rsquo;informations et d&rsquo;analyses sur la <a href=\"https:\/\/www.africa-press.net\/niger\">Niger<\/a>, suivez <a href=\"https:\/\/www.africa-press.net\/\">Africa-Press<\/a><\/strong><\/p>\n","protected":false},"excerpt":{"rendered":"<p>Africa-Press &#8211; Niger. Le Premier Ministre, Ministre de l\u2019E\u0301conomie et des Finances, M. Ali Mahaman Lamine Zeine a rec\u0327u, hier jeudi 21 mars 2024, une de\u0301le\u0301gation du Fonds Mondial conduite par le Directeur Re\u0301gional, Dr Ibrahim Faria. Au cours de cette audience, la de\u0301le\u0301gation a pre\u0301sente\u0301 au Premier Ministre les objectifs de la mission du [&hellip;]<\/p>\n","protected":false},"author":82,"featured_media":60388,"comment_status":"open","ping_status":"closed","sticky":false,"template":"","format":"standard","meta":{"footnotes":""},"categories":[2,10],"tags":[55,60,29],"class_list":["post-60389","post","type-post","status-publish","format-standard","has-post-thumbnail","hentry","category-politique","category-toutes-les-actualites","tag-africa-press","tag-africa-press-niger","tag-niger"],"yoast_head":"<!-- This site is optimized with the Yoast SEO Premium plugin v26.1 (Yoast SEO v27.0) - https:\/\/yoast.com\/product\/yoast-seo-premium-wordpress\/ -->\n<title>Audience \u00e0 la Primature : M. Ali Mahaman Lamine Zeine, re\u00e7oit une d\u00e9l\u00e9gation du Fonds Mondial - niger<\/title>\n<meta name=\"description\" content=\"Le Premier Ministre, Ministre de l\u2019E\u0301conomie et des Finances, M. Ali Mahaman Lamine Zeine a rec\u0327u, hier jeudi 21 mars 20 ...\" \/>\n<meta name=\"robots\" content=\"index, follow, max-snippet:-1, max-image-preview:large, max-video-preview:-1\" \/>\n<link rel=\"canonical\" href=\"https:\/\/www.africa-press.net\/niger\/politique\/audience-a-la-primature-m-ali-mahaman-lamine-zeine-recoit-une-delegation-du-fonds-mondial\" \/>\n<meta property=\"og:locale\" content=\"fr_FR\" \/>\n<meta property=\"og:type\" content=\"article\" \/>\n<meta property=\"og:title\" content=\"Audience \u00e0 la Primature : M. Ali Mahaman Lamine Zeine, re\u00e7oit une d\u00e9l\u00e9gation du Fonds Mondial\" \/>\n<meta property=\"og:description\" content=\"Le Premier Ministre, Ministre de l\u2019E\u0301conomie et des Finances, M. Ali Mahaman Lamine Zeine a rec\u0327u, hier jeudi 21 mars 20 ...\" \/>\n<meta property=\"og:url\" content=\"https:\/\/www.africa-press.net\/niger\/politique\/audience-a-la-primature-m-ali-mahaman-lamine-zeine-recoit-une-delegation-du-fonds-mondial\" \/>\n<meta property=\"og:site_name\" content=\"niger\" \/>\n<meta property=\"article:published_time\" content=\"2024-03-22T14:41:03+00:00\" \/>\n<meta property=\"article:modified_time\" content=\"2024-03-22T15:35:42+00:00\" \/>\n<meta property=\"og:image\" content=\"https:\/\/static.africa-press.net\/niger\/sites\/40\/2024\/03\/sm_1711109040.530052.jpg\" \/>\n\t<meta property=\"og:image:width\" content=\"720\" \/>\n\t<meta property=\"og:image:height\" content=\"480\" \/>\n\t<meta property=\"og:image:type\" content=\"image\/jpeg\" \/>\n<meta name=\"author\" content=\"cfeditorfr\" \/>\n<meta name=\"twitter:card\" content=\"summary_large_image\" \/>\n<meta name=\"twitter:label1\" content=\"\u00c9crit par\" \/>\n\t<meta name=\"twitter:data1\" content=\"cfeditorfr\" \/>\n\t<meta name=\"twitter:label2\" content=\"Dur\u00e9e de lecture estim\u00e9e\" \/>\n\t<meta name=\"twitter:data2\" content=\"2 minutes\" \/>\n<script type=\"application\/ld+json\" class=\"yoast-schema-graph\">{\"@context\":\"https:\/\/schema.org\",\"@graph\":[{\"@type\":\"Article\",\"@id\":\"https:\/\/www.africa-press.net\/niger\/politique\/audience-a-la-primature-m-ali-mahaman-lamine-zeine-recoit-une-delegation-du-fonds-mondial#article\",\"isPartOf\":{\"@id\":\"https:\/\/www.africa-press.net\/niger\/politique\/audience-a-la-primature-m-ali-mahaman-lamine-zeine-recoit-une-delegation-du-fonds-mondial\"},\"author\":{\"name\":\"cfeditorfr\",\"@id\":\"https:\/\/www.africa-press.net\/niger\/#\/schema\/person\/2b1cf3cd81a31e3cd26889ca66d677f1\"},\"headline\":\"Audience \u00e0 la Primature : M. Ali Mahaman Lamine Zeine, re\u00e7oit une d\u00e9l\u00e9gation du Fonds Mondial\",\"datePublished\":\"2024-03-22T14:41:03+00:00\",\"dateModified\":\"2024-03-22T15:35:42+00:00\",\"mainEntityOfPage\":{\"@id\":\"https:\/\/www.africa-press.net\/niger\/politique\/audience-a-la-primature-m-ali-mahaman-lamine-zeine-recoit-une-delegation-du-fonds-mondial\"},\"wordCount\":273,\"commentCount\":0,\"image\":{\"@id\":\"https:\/\/www.africa-press.net\/niger\/politique\/audience-a-la-primature-m-ali-mahaman-lamine-zeine-recoit-une-delegation-du-fonds-mondial#primaryimage\"},\"thumbnailUrl\":\"https:\/\/static.africa-press.net\/niger\/sites\/40\/2024\/03\/sm_1711109040.530052.jpg\",\"keywords\":[\"Africa Press\",\"Africa Press-Niger\",\"Niger\"],\"articleSection\":[\"Politique\",\"Toutes les actualit\u00e9s\"],\"inLanguage\":\"fr-FR\",\"potentialAction\":[{\"@type\":\"CommentAction\",\"name\":\"Comment\",\"target\":[\"https:\/\/www.africa-press.net\/niger\/politique\/audience-a-la-primature-m-ali-mahaman-lamine-zeine-recoit-une-delegation-du-fonds-mondial#respond\"]}]},{\"@type\":\"WebPage\",\"@id\":\"https:\/\/www.africa-press.net\/niger\/politique\/audience-a-la-primature-m-ali-mahaman-lamine-zeine-recoit-une-delegation-du-fonds-mondial\",\"url\":\"https:\/\/www.africa-press.net\/niger\/politique\/audience-a-la-primature-m-ali-mahaman-lamine-zeine-recoit-une-delegation-du-fonds-mondial\",\"name\":\"Audience \u00e0 la Primature : M. Ali Mahaman Lamine Zeine, re\u00e7oit une d\u00e9l\u00e9gation du Fonds Mondial - niger\",\"isPartOf\":{\"@id\":\"https:\/\/www.africa-press.net\/niger\/#website\"},\"primaryImageOfPage\":{\"@id\":\"https:\/\/www.africa-press.net\/niger\/politique\/audience-a-la-primature-m-ali-mahaman-lamine-zeine-recoit-une-delegation-du-fonds-mondial#primaryimage\"},\"image\":{\"@id\":\"https:\/\/www.africa-press.net\/niger\/politique\/audience-a-la-primature-m-ali-mahaman-lamine-zeine-recoit-une-delegation-du-fonds-mondial#primaryimage\"},\"thumbnailUrl\":\"https:\/\/static.africa-press.net\/niger\/sites\/40\/2024\/03\/sm_1711109040.530052.jpg\",\"datePublished\":\"2024-03-22T14:41:03+00:00\",\"dateModified\":\"2024-03-22T15:35:42+00:00\",\"author\":{\"@id\":\"https:\/\/www.africa-press.net\/niger\/#\/schema\/person\/2b1cf3cd81a31e3cd26889ca66d677f1\"},\"description\":\"Le Premier Ministre, Ministre de l\u2019E\u0301conomie et des Finances, M. Ali Mahaman Lamine Zeine a rec\u0327u, hier jeudi 21 mars 20 ...\",\"breadcrumb\":{\"@id\":\"https:\/\/www.africa-press.net\/niger\/politique\/audience-a-la-primature-m-ali-mahaman-lamine-zeine-recoit-une-delegation-du-fonds-mondial#breadcrumb\"},\"inLanguage\":\"fr-FR\",\"potentialAction\":[{\"@type\":\"ReadAction\",\"target\":[\"https:\/\/www.africa-press.net\/niger\/politique\/audience-a-la-primature-m-ali-mahaman-lamine-zeine-recoit-une-delegation-du-fonds-mondial\"]}]},{\"@type\":\"ImageObject\",\"inLanguage\":\"fr-FR\",\"@id\":\"https:\/\/www.africa-press.net\/niger\/politique\/audience-a-la-primature-m-ali-mahaman-lamine-zeine-recoit-une-delegation-du-fonds-mondial#primaryimage\",\"url\":\"https:\/\/static.africa-press.net\/niger\/sites\/40\/2024\/03\/sm_1711109040.530052.jpg\",\"contentUrl\":\"https:\/\/static.africa-press.net\/niger\/sites\/40\/2024\/03\/sm_1711109040.530052.jpg\",\"width\":720,\"height\":480,\"caption\":\"Audience \u00e0 la Primature : M. Ali Mahaman Lamine Zeine, re\u00e7oit une d\u00e9l\u00e9gation du Fonds Mondial\"},{\"@type\":\"BreadcrumbList\",\"@id\":\"https:\/\/www.africa-press.net\/niger\/politique\/audience-a-la-primature-m-ali-mahaman-lamine-zeine-recoit-une-delegation-du-fonds-mondial#breadcrumb\",\"itemListElement\":[{\"@type\":\"ListItem\",\"position\":1,\"name\":\"Accueil\",\"item\":\"https:\/\/www.africa-press.net\/niger\/\"},{\"@type\":\"ListItem\",\"position\":2,\"name\":\"Audience \u00e0 la Primature : M. Ali Mahaman Lamine Zeine, re\u00e7oit une d\u00e9l\u00e9gation du Fonds Mondial\"}]},{\"@type\":\"WebSite\",\"@id\":\"https:\/\/www.africa-press.net\/niger\/#website\",\"url\":\"https:\/\/www.africa-press.net\/niger\/\",\"name\":\"niger\",\"description\":\"Just another Africa News Agency Sites site\",\"potentialAction\":[{\"@type\":\"SearchAction\",\"target\":{\"@type\":\"EntryPoint\",\"urlTemplate\":\"https:\/\/www.africa-press.net\/niger\/?s={search_term_string}\"},\"query-input\":{\"@type\":\"PropertyValueSpecification\",\"valueRequired\":true,\"valueName\":\"search_term_string\"}}],\"inLanguage\":\"fr-FR\"},{\"@type\":\"Person\",\"@id\":\"https:\/\/www.africa-press.net\/niger\/#\/schema\/person\/2b1cf3cd81a31e3cd26889ca66d677f1\",\"name\":\"cfeditorfr\"}]}<\/script>\n<!-- \/ Yoast SEO Premium plugin. -->","yoast_head_json":{"title":"Audience \u00e0 la Primature : M. Ali Mahaman Lamine Zeine, re\u00e7oit une d\u00e9l\u00e9gation du Fonds Mondial - niger","description":"Le Premier Ministre, Ministre de l\u2019E\u0301conomie et des Finances, M. Ali Mahaman Lamine Zeine a rec\u0327u, hier jeudi 21 mars 20 ...","robots":{"index":"index","follow":"follow","max-snippet":"max-snippet:-1","max-image-preview":"max-image-preview:large","max-video-preview":"max-video-preview:-1"},"canonical":"https:\/\/www.africa-press.net\/niger\/politique\/audience-a-la-primature-m-ali-mahaman-lamine-zeine-recoit-une-delegation-du-fonds-mondial","og_locale":"fr_FR","og_type":"article","og_title":"Audience \u00e0 la Primature : M. Ali Mahaman Lamine Zeine, re\u00e7oit une d\u00e9l\u00e9gation du Fonds Mondial","og_description":"Le Premier Ministre, Ministre de l\u2019E\u0301conomie et des Finances, M. Ali Mahaman Lamine Zeine a rec\u0327u, hier jeudi 21 mars 20 ...","og_url":"https:\/\/www.africa-press.net\/niger\/politique\/audience-a-la-primature-m-ali-mahaman-lamine-zeine-recoit-une-delegation-du-fonds-mondial","og_site_name":"niger","article_published_time":"2024-03-22T14:41:03+00:00","article_modified_time":"2024-03-22T15:35:42+00:00","og_image":[{"width":720,"height":480,"url":"https:\/\/static.africa-press.net\/niger\/sites\/40\/2024\/03\/sm_1711109040.530052.jpg","type":"image\/jpeg"}],"author":"cfeditorfr","twitter_card":"summary_large_image","twitter_misc":{"\u00c9crit par":"cfeditorfr","Dur\u00e9e de lecture estim\u00e9e":"2 minutes"},"schema":{"@context":"https:\/\/schema.org","@graph":[{"@type":"Article","@id":"https:\/\/www.africa-press.net\/niger\/politique\/audience-a-la-primature-m-ali-mahaman-lamine-zeine-recoit-une-delegation-du-fonds-mondial#article","isPartOf":{"@id":"https:\/\/www.africa-press.net\/niger\/politique\/audience-a-la-primature-m-ali-mahaman-lamine-zeine-recoit-une-delegation-du-fonds-mondial"},"author":{"name":"cfeditorfr","@id":"https:\/\/www.africa-press.net\/niger\/#\/schema\/person\/2b1cf3cd81a31e3cd26889ca66d677f1"},"headline":"Audience \u00e0 la Primature : M. Ali Mahaman Lamine Zeine, re\u00e7oit une d\u00e9l\u00e9gation du Fonds Mondial","datePublished":"2024-03-22T14:41:03+00:00","dateModified":"2024-03-22T15:35:42+00:00","mainEntityOfPage":{"@id":"https:\/\/www.africa-press.net\/niger\/politique\/audience-a-la-primature-m-ali-mahaman-lamine-zeine-recoit-une-delegation-du-fonds-mondial"},"wordCount":273,"commentCount":0,"image":{"@id":"https:\/\/www.africa-press.net\/niger\/politique\/audience-a-la-primature-m-ali-mahaman-lamine-zeine-recoit-une-delegation-du-fonds-mondial#primaryimage"},"thumbnailUrl":"https:\/\/static.africa-press.net\/niger\/sites\/40\/2024\/03\/sm_1711109040.530052.jpg","keywords":["Africa Press","Africa Press-Niger","Niger"],"articleSection":["Politique","Toutes les actualit\u00e9s"],"inLanguage":"fr-FR","potentialAction":[{"@type":"CommentAction","name":"Comment","target":["https:\/\/www.africa-press.net\/niger\/politique\/audience-a-la-primature-m-ali-mahaman-lamine-zeine-recoit-une-delegation-du-fonds-mondial#respond"]}]},{"@type":"WebPage","@id":"https:\/\/www.africa-press.net\/niger\/politique\/audience-a-la-primature-m-ali-mahaman-lamine-zeine-recoit-une-delegation-du-fonds-mondial","url":"https:\/\/www.africa-press.net\/niger\/politique\/audience-a-la-primature-m-ali-mahaman-lamine-zeine-recoit-une-delegation-du-fonds-mondial","name":"Audience \u00e0 la Primature : M. Ali Mahaman Lamine Zeine, re\u00e7oit une d\u00e9l\u00e9gation du Fonds Mondial - niger","isPartOf":{"@id":"https:\/\/www.africa-press.net\/niger\/#website"},"primaryImageOfPage":{"@id":"https:\/\/www.africa-press.net\/niger\/politique\/audience-a-la-primature-m-ali-mahaman-lamine-zeine-recoit-une-delegation-du-fonds-mondial#primaryimage"},"image":{"@id":"https:\/\/www.africa-press.net\/niger\/politique\/audience-a-la-primature-m-ali-mahaman-lamine-zeine-recoit-une-delegation-du-fonds-mondial#primaryimage"},"thumbnailUrl":"https:\/\/static.africa-press.net\/niger\/sites\/40\/2024\/03\/sm_1711109040.530052.jpg","datePublished":"2024-03-22T14:41:03+00:00","dateModified":"2024-03-22T15:35:42+00:00","author":{"@id":"https:\/\/www.africa-press.net\/niger\/#\/schema\/person\/2b1cf3cd81a31e3cd26889ca66d677f1"},"description":"Le Premier Ministre, Ministre de l\u2019E\u0301conomie et des Finances, M. Ali Mahaman Lamine Zeine a rec\u0327u, hier jeudi 21 mars 20 ...","breadcrumb":{"@id":"https:\/\/www.africa-press.net\/niger\/politique\/audience-a-la-primature-m-ali-mahaman-lamine-zeine-recoit-une-delegation-du-fonds-mondial#breadcrumb"},"inLanguage":"fr-FR","potentialAction":[{"@type":"ReadAction","target":["https:\/\/www.africa-press.net\/niger\/politique\/audience-a-la-primature-m-ali-mahaman-lamine-zeine-recoit-une-delegation-du-fonds-mondial"]}]},{"@type":"ImageObject","inLanguage":"fr-FR","@id":"https:\/\/www.africa-press.net\/niger\/politique\/audience-a-la-primature-m-ali-mahaman-lamine-zeine-recoit-une-delegation-du-fonds-mondial#primaryimage","url":"https:\/\/static.africa-press.net\/niger\/sites\/40\/2024\/03\/sm_1711109040.530052.jpg","contentUrl":"https:\/\/static.africa-press.net\/niger\/sites\/40\/2024\/03\/sm_1711109040.530052.jpg","width":720,"height":480,"caption":"Audience \u00e0 la Primature : M. Ali Mahaman Lamine Zeine, re\u00e7oit une d\u00e9l\u00e9gation du Fonds Mondial"},{"@type":"BreadcrumbList","@id":"https:\/\/www.africa-press.net\/niger\/politique\/audience-a-la-primature-m-ali-mahaman-lamine-zeine-recoit-une-delegation-du-fonds-mondial#breadcrumb","itemListElement":[{"@type":"ListItem","position":1,"name":"Accueil","item":"https:\/\/www.africa-press.net\/niger\/"},{"@type":"ListItem","position":2,"name":"Audience \u00e0 la Primature : M. Ali Mahaman Lamine Zeine, re\u00e7oit une d\u00e9l\u00e9gation du Fonds Mondial"}]},{"@type":"WebSite","@id":"https:\/\/www.africa-press.net\/niger\/#website","url":"https:\/\/www.africa-press.net\/niger\/","name":"niger","description":"Just another Africa News Agency Sites site","potentialAction":[{"@type":"SearchAction","target":{"@type":"EntryPoint","urlTemplate":"https:\/\/www.africa-press.net\/niger\/?s={search_term_string}"},"query-input":{"@type":"PropertyValueSpecification","valueRequired":true,"valueName":"search_term_string"}}],"inLanguage":"fr-FR"},{"@type":"Person","@id":"https:\/\/www.africa-press.net\/niger\/#\/schema\/person\/2b1cf3cd81a31e3cd26889ca66d677f1","name":"cfeditorfr"}]}},"_links":{"self":[{"href":"https:\/\/www.africa-press.net\/niger\/wp-json\/wp\/v2\/posts\/60389","targetHints":{"allow":["GET"]}}],"collection":[{"href":"https:\/\/www.africa-press.net\/niger\/wp-json\/wp\/v2\/posts"}],"about":[{"href":"https:\/\/www.africa-press.net\/niger\/wp-json\/wp\/v2\/types\/post"}],"author":[{"embeddable":true,"href":"https:\/\/www.africa-press.net\/niger\/wp-json\/wp\/v2\/users\/82"}],"replies":[{"embeddable":true,"href":"https:\/\/www.africa-press.net\/niger\/wp-json\/wp\/v2\/comments?post=60389"}],"version-history":[{"count":0,"href":"https:\/\/www.africa-press.net\/niger\/wp-json\/wp\/v2\/posts\/60389\/revisions"}],"wp:featuredmedia":[{"embeddable":true,"href":"https:\/\/www.africa-press.net\/niger\/wp-json\/wp\/v2\/media\/60388"}],"wp:attachment":[{"href":"https:\/\/www.africa-press.net\/niger\/wp-json\/wp\/v2\/media?parent=60389"}],"wp:term":[{"taxonomy":"category","embeddable":true,"href":"https:\/\/www.africa-press.net\/niger\/wp-json\/wp\/v2\/categories?post=60389"},{"taxonomy":"post_tag","embeddable":true,"href":"https:\/\/www.africa-press.net\/niger\/wp-json\/wp\/v2\/tags?post=60389"}],"curies":[{"name":"wp","href":"https:\/\/api.w.org\/{rel}","templated":true}]}}