{"id":60392,"date":"2024-03-22T14:41:22","date_gmt":"2024-03-22T14:41:22","guid":{"rendered":"https:\/\/www.africa-press.net\/niger\/politique\/seance-de-travail-a-la-primature-avec-une-delegation-de-la-banque-africaine-de-developpement-bad-linstitution-financiere-marque-sa-disponibilite-a-accompagner-le-niger"},"modified":"2024-03-22T15:36:17","modified_gmt":"2024-03-22T15:36:17","slug":"seance-de-travail-a-la-primature-avec-une-delegation-de-la-banque-africaine-de-developpement-bad-linstitution-financiere-marque-sa-disponibilite-a-accompagner-le-niger","status":"publish","type":"post","link":"https:\/\/www.africa-press.net\/niger\/economie\/seance-de-travail-a-la-primature-avec-une-delegation-de-la-banque-africaine-de-developpement-bad-linstitution-financiere-marque-sa-disponibilite-a-accompagner-le-niger","title":{"rendered":"S\u00e9ance de travail \u00e0 la Primature avec une d\u00e9l\u00e9gation de la Banque Africaine de D\u00e9veloppement (BAD) : L\u2019Institution financi\u00e8re marque sa disponibilit\u00e9 \u00e0 accompagner le Niger"},"content":{"rendered":"<p><span style=\"color: #ff6600\"><strong>Africa-Press &#8211; Niger. <\/strong><\/span>Le Premier ministre, ministre de l\u2019Economie et des Finances, M. Ali Mahamane Lamine Zeine a pre\u0301side\u0301 hier jeudi 21 mars 2024, a\u0300 son cabinet, une se\u0301ance de travail avec une de\u0301le\u0301gation de la Banque Africaine de De\u0301veloppement (BAD) conduite par l\u2019administrateur de cette Institution financie\u0300re, M. Guedon De\u0301sire\u0301 en mission de consultation aupre\u0300s du Premier ministre. Ces e\u0301changes qui interviennent a\u0300 la suite de la leve\u0301e des sanctions de la CEDEAO contre le Niger visent a\u0300 recueillir les orientations et les instructions des hautes autorite\u0301s du pays pour que ce haut responsable puisse transmettre ce message au sommet de la BAD. Ces e\u0301changes se sont de\u0301roule\u0301s en pre\u0301sence des membres du gouvernement qui repre\u0301sentent les ministe\u0300res sectoriels be\u0301ne\u0301ficiant de l\u2019appui de ladite institution financie\u0300re.<\/p>\n<p>A l\u2019issue des e\u0301changes, l\u2019Administrateur de la Banque Africaine de De\u0301veloppement, M. Guedon De\u0301sire\u0301, e\u0301galement repre\u0301sentant du Niger au Conseil d\u2019Administration au niveau de cette Institution est revenu sur l\u2019objectif de sa visite au Niger. \u00ab La mission de consultation consiste a\u0300 venir recueillir les orientations et les instructions des hautes autorite\u0301s du Niger pour que je puisse aller les porter a\u0300 la haute direction de la banque et au niveau du Conseil d\u2019Administration de la BAD. Nous venons de faire un tour de la coope\u0301ration entre la BAD et le Niger pour une reprise normale des relations entre les deux parties. J\u2019ai eu l\u2019opportunite\u0301 de rencontrer tous les membres du gouvernement sectoriels qui recouvrent les prestations de la banque dans le cadre du besoin de cette coope\u0301ration \u00bb, a-t-il de\u0301clare\u0301.<\/p>\n<p>E\u0301voquant les sanctions impose\u0301es au Niger par la CEDEAO, l\u2019administrateur de la Banque Africaine de De\u0301veloppement a dit que l\u2019institution e\u0301tait dans l\u2019embarras de pouvoir appuyer le Niger. \u00ab Avec les sanctions nous nous sommes sentis un peu embarrasse\u0301s car nous ne pourrions pas apporter tous les concours ne\u0301cessaires au Niger. Mais, depuis la leve\u0301e des sanctions de la CEDEAO, nous sommes venus pour marquer notre disponibilite\u0301 a\u0300 soutenir le Niger \u00bb, a-t-il assure\u0301.<\/p>\n<p>E\u0301taient pre\u0301sents a\u0300 ces e\u0301changes, le ministre de l\u2019Agriculture et de l\u2019E\u0301levage, le Colonel Mahaman Elhadj Ousmane, la ministre de l\u2019Education Nationale, de l\u2019Alphabe\u0301tisation, de l\u2019Enseignement Professionnel et de la Promotion de Langues Nationales, Dr Elisabeth Sherif, le ministre des Transports et de l\u2019Equipement, le Colonel-major Salissou Mahaman Salissou, le ministre de l\u2019Hydraulique, de l\u2019Assainissement et de l\u2019Environnement, le Colonel Mai\u0308zama Abdoulaye, le ministre de la Communication, des Postes et de l\u2019E\u0301conomie nume\u0301rique, M. Sidi Mohamed Raliou, la ministre de l\u2019Energie, Mme Amadou Haoua et le ministre Directeur de Cabinet du Pre\u0301sident du CNSP, Dr Soumana Boubacar.<\/p>\n<p>&nbsp;<\/p>\n<p><strong>Pour plus d&rsquo;informations et d&rsquo;analyses sur la <a href=\"https:\/\/www.africa-press.net\/niger\">Niger<\/a>, suivez <a href=\"https:\/\/www.africa-press.net\/\">Africa-Press<\/a><\/strong><\/p>\n","protected":false},"excerpt":{"rendered":"<p>Africa-Press &#8211; Niger. Le Premier ministre, ministre de l\u2019Economie et des Finances, M. Ali Mahamane Lamine Zeine a pre\u0301side\u0301 hier jeudi 21 mars 2024, a\u0300 son cabinet, une se\u0301ance de travail avec une de\u0301le\u0301gation de la Banque Africaine de De\u0301veloppement (BAD) conduite par l\u2019administrateur de cette Institution financie\u0300re, M. Guedon De\u0301sire\u0301 en mission de consultation [&hellip;]<\/p>\n","protected":false},"author":82,"featured_media":60391,"comment_status":"open","ping_status":"closed","sticky":false,"template":"","format":"standard","meta":{"footnotes":""},"categories":[3,10],"tags":[55,60,29],"class_list":["post-60392","post","type-post","status-publish","format-standard","has-post-thumbnail","hentry","category-economie","category-toutes-les-actualites","tag-africa-press","tag-africa-press-niger","tag-niger"],"yoast_head":"<!-- This site is optimized with the Yoast SEO Premium plugin v26.1 (Yoast SEO v27.0) - https:\/\/yoast.com\/product\/yoast-seo-premium-wordpress\/ -->\n<title>S\u00e9ance de travail \u00e0 la Primature avec une d\u00e9l\u00e9gation de la Banque Africaine de D\u00e9veloppement (BAD) : L\u2019Institution financi\u00e8re marque sa disponibilit\u00e9 \u00e0 accompagner le Niger - niger<\/title>\n<meta name=\"description\" content=\"Le Premier ministre, ministre de l\u2019Economie et des Finances, M. Ali Mahamane Lamine Zeine a pre\u0301side\u0301 hier jeudi 21 mars ...\" \/>\n<meta name=\"robots\" content=\"index, follow, max-snippet:-1, max-image-preview:large, max-video-preview:-1\" \/>\n<link rel=\"canonical\" href=\"https:\/\/www.africa-press.net\/niger\/economie\/seance-de-travail-a-la-primature-avec-une-delegation-de-la-banque-africaine-de-developpement-bad-linstitution-financiere-marque-sa-disponibilite-a-accompagner-le-niger\" \/>\n<meta property=\"og:locale\" content=\"fr_FR\" \/>\n<meta property=\"og:type\" content=\"article\" \/>\n<meta property=\"og:title\" content=\"S\u00e9ance de travail \u00e0 la Primature avec une d\u00e9l\u00e9gation de la Banque Africaine de D\u00e9veloppement (BAD) : L\u2019Institution financi\u00e8re marque sa disponibilit\u00e9 \u00e0 accompagner le Niger\" \/>\n<meta property=\"og:description\" content=\"Le Premier ministre, ministre de l\u2019Economie et des Finances, M. Ali Mahamane Lamine Zeine a pre\u0301side\u0301 hier jeudi 21 mars ...\" \/>\n<meta property=\"og:url\" content=\"https:\/\/www.africa-press.net\/niger\/economie\/seance-de-travail-a-la-primature-avec-une-delegation-de-la-banque-africaine-de-developpement-bad-linstitution-financiere-marque-sa-disponibilite-a-accompagner-le-niger\" \/>\n<meta property=\"og:site_name\" content=\"niger\" \/>\n<meta property=\"article:published_time\" content=\"2024-03-22T14:41:22+00:00\" \/>\n<meta property=\"article:modified_time\" content=\"2024-03-22T15:36:17+00:00\" \/>\n<meta property=\"og:image\" content=\"https:\/\/static.africa-press.net\/niger\/sites\/40\/2024\/03\/sm_1711109067.661966.jpg\" \/>\n\t<meta property=\"og:image:width\" content=\"720\" \/>\n\t<meta property=\"og:image:height\" content=\"480\" \/>\n\t<meta property=\"og:image:type\" content=\"image\/jpeg\" \/>\n<meta name=\"author\" content=\"cfeditorfr\" \/>\n<meta name=\"twitter:card\" content=\"summary_large_image\" \/>\n<meta name=\"twitter:label1\" content=\"\u00c9crit par\" \/>\n\t<meta name=\"twitter:data1\" content=\"cfeditorfr\" \/>\n\t<meta name=\"twitter:label2\" content=\"Dur\u00e9e de lecture estim\u00e9e\" \/>\n\t<meta name=\"twitter:data2\" content=\"3 minutes\" \/>\n<script type=\"application\/ld+json\" class=\"yoast-schema-graph\">{\"@context\":\"https:\/\/schema.org\",\"@graph\":[{\"@type\":\"Article\",\"@id\":\"https:\/\/www.africa-press.net\/niger\/economie\/seance-de-travail-a-la-primature-avec-une-delegation-de-la-banque-africaine-de-developpement-bad-linstitution-financiere-marque-sa-disponibilite-a-accompagner-le-niger#article\",\"isPartOf\":{\"@id\":\"https:\/\/www.africa-press.net\/niger\/economie\/seance-de-travail-a-la-primature-avec-une-delegation-de-la-banque-africaine-de-developpement-bad-linstitution-financiere-marque-sa-disponibilite-a-accompagner-le-niger\"},\"author\":{\"name\":\"cfeditorfr\",\"@id\":\"https:\/\/www.africa-press.net\/niger\/#\/schema\/person\/2b1cf3cd81a31e3cd26889ca66d677f1\"},\"headline\":\"S\u00e9ance de travail \u00e0 la Primature avec une d\u00e9l\u00e9gation de la Banque Africaine de D\u00e9veloppement (BAD) : L\u2019Institution financi\u00e8re marque sa disponibilit\u00e9 \u00e0 accompagner le Niger\",\"datePublished\":\"2024-03-22T14:41:22+00:00\",\"dateModified\":\"2024-03-22T15:36:17+00:00\",\"mainEntityOfPage\":{\"@id\":\"https:\/\/www.africa-press.net\/niger\/economie\/seance-de-travail-a-la-primature-avec-une-delegation-de-la-banque-africaine-de-developpement-bad-linstitution-financiere-marque-sa-disponibilite-a-accompagner-le-niger\"},\"wordCount\":534,\"commentCount\":0,\"image\":{\"@id\":\"https:\/\/www.africa-press.net\/niger\/economie\/seance-de-travail-a-la-primature-avec-une-delegation-de-la-banque-africaine-de-developpement-bad-linstitution-financiere-marque-sa-disponibilite-a-accompagner-le-niger#primaryimage\"},\"thumbnailUrl\":\"https:\/\/static.africa-press.net\/niger\/sites\/40\/2024\/03\/sm_1711109067.661966.jpg\",\"keywords\":[\"Africa Press\",\"Africa Press-Niger\",\"Niger\"],\"articleSection\":[\"\u00c9conomie\",\"Toutes les actualit\u00e9s\"],\"inLanguage\":\"fr-FR\",\"potentialAction\":[{\"@type\":\"CommentAction\",\"name\":\"Comment\",\"target\":[\"https:\/\/www.africa-press.net\/niger\/economie\/seance-de-travail-a-la-primature-avec-une-delegation-de-la-banque-africaine-de-developpement-bad-linstitution-financiere-marque-sa-disponibilite-a-accompagner-le-niger#respond\"]}]},{\"@type\":\"WebPage\",\"@id\":\"https:\/\/www.africa-press.net\/niger\/economie\/seance-de-travail-a-la-primature-avec-une-delegation-de-la-banque-africaine-de-developpement-bad-linstitution-financiere-marque-sa-disponibilite-a-accompagner-le-niger\",\"url\":\"https:\/\/www.africa-press.net\/niger\/economie\/seance-de-travail-a-la-primature-avec-une-delegation-de-la-banque-africaine-de-developpement-bad-linstitution-financiere-marque-sa-disponibilite-a-accompagner-le-niger\",\"name\":\"S\u00e9ance de travail \u00e0 la Primature avec une d\u00e9l\u00e9gation de la Banque Africaine de D\u00e9veloppement (BAD) : L\u2019Institution financi\u00e8re marque sa disponibilit\u00e9 \u00e0 accompagner le Niger - niger\",\"isPartOf\":{\"@id\":\"https:\/\/www.africa-press.net\/niger\/#website\"},\"primaryImageOfPage\":{\"@id\":\"https:\/\/www.africa-press.net\/niger\/economie\/seance-de-travail-a-la-primature-avec-une-delegation-de-la-banque-africaine-de-developpement-bad-linstitution-financiere-marque-sa-disponibilite-a-accompagner-le-niger#primaryimage\"},\"image\":{\"@id\":\"https:\/\/www.africa-press.net\/niger\/economie\/seance-de-travail-a-la-primature-avec-une-delegation-de-la-banque-africaine-de-developpement-bad-linstitution-financiere-marque-sa-disponibilite-a-accompagner-le-niger#primaryimage\"},\"thumbnailUrl\":\"https:\/\/static.africa-press.net\/niger\/sites\/40\/2024\/03\/sm_1711109067.661966.jpg\",\"datePublished\":\"2024-03-22T14:41:22+00:00\",\"dateModified\":\"2024-03-22T15:36:17+00:00\",\"author\":{\"@id\":\"https:\/\/www.africa-press.net\/niger\/#\/schema\/person\/2b1cf3cd81a31e3cd26889ca66d677f1\"},\"description\":\"Le Premier ministre, ministre de l\u2019Economie et des Finances, M. Ali Mahamane Lamine Zeine a pre\u0301side\u0301 hier jeudi 21 mars ...\",\"breadcrumb\":{\"@id\":\"https:\/\/www.africa-press.net\/niger\/economie\/seance-de-travail-a-la-primature-avec-une-delegation-de-la-banque-africaine-de-developpement-bad-linstitution-financiere-marque-sa-disponibilite-a-accompagner-le-niger#breadcrumb\"},\"inLanguage\":\"fr-FR\",\"potentialAction\":[{\"@type\":\"ReadAction\",\"target\":[\"https:\/\/www.africa-press.net\/niger\/economie\/seance-de-travail-a-la-primature-avec-une-delegation-de-la-banque-africaine-de-developpement-bad-linstitution-financiere-marque-sa-disponibilite-a-accompagner-le-niger\"]}]},{\"@type\":\"ImageObject\",\"inLanguage\":\"fr-FR\",\"@id\":\"https:\/\/www.africa-press.net\/niger\/economie\/seance-de-travail-a-la-primature-avec-une-delegation-de-la-banque-africaine-de-developpement-bad-linstitution-financiere-marque-sa-disponibilite-a-accompagner-le-niger#primaryimage\",\"url\":\"https:\/\/static.africa-press.net\/niger\/sites\/40\/2024\/03\/sm_1711109067.661966.jpg\",\"contentUrl\":\"https:\/\/static.africa-press.net\/niger\/sites\/40\/2024\/03\/sm_1711109067.661966.jpg\",\"width\":720,\"height\":480,\"caption\":\"S\u00e9ance de travail \u00e0 la Primature avec une d\u00e9l\u00e9gation de la Banque Africaine de D\u00e9veloppement (BAD) : L\u2019Institution financi\u00e8re marque sa disponibilit\u00e9 \u00e0 accompagner le Niger\"},{\"@type\":\"BreadcrumbList\",\"@id\":\"https:\/\/www.africa-press.net\/niger\/economie\/seance-de-travail-a-la-primature-avec-une-delegation-de-la-banque-africaine-de-developpement-bad-linstitution-financiere-marque-sa-disponibilite-a-accompagner-le-niger#breadcrumb\",\"itemListElement\":[{\"@type\":\"ListItem\",\"position\":1,\"name\":\"Accueil\",\"item\":\"https:\/\/www.africa-press.net\/niger\/\"},{\"@type\":\"ListItem\",\"position\":2,\"name\":\"S\u00e9ance de travail \u00e0 la Primature avec une d\u00e9l\u00e9gation de la Banque Africaine de D\u00e9veloppement (BAD) : L\u2019Institution financi\u00e8re marque sa disponibilit\u00e9 \u00e0 accompagner le Niger\"}]},{\"@type\":\"WebSite\",\"@id\":\"https:\/\/www.africa-press.net\/niger\/#website\",\"url\":\"https:\/\/www.africa-press.net\/niger\/\",\"name\":\"niger\",\"description\":\"Just another Africa News Agency Sites site\",\"potentialAction\":[{\"@type\":\"SearchAction\",\"target\":{\"@type\":\"EntryPoint\",\"urlTemplate\":\"https:\/\/www.africa-press.net\/niger\/?s={search_term_string}\"},\"query-input\":{\"@type\":\"PropertyValueSpecification\",\"valueRequired\":true,\"valueName\":\"search_term_string\"}}],\"inLanguage\":\"fr-FR\"},{\"@type\":\"Person\",\"@id\":\"https:\/\/www.africa-press.net\/niger\/#\/schema\/person\/2b1cf3cd81a31e3cd26889ca66d677f1\",\"name\":\"cfeditorfr\"}]}<\/script>\n<!-- \/ Yoast SEO Premium plugin. -->","yoast_head_json":{"title":"S\u00e9ance de travail \u00e0 la Primature avec une d\u00e9l\u00e9gation de la Banque Africaine de D\u00e9veloppement (BAD) : L\u2019Institution financi\u00e8re marque sa disponibilit\u00e9 \u00e0 accompagner le Niger - niger","description":"Le Premier ministre, ministre de l\u2019Economie et des Finances, M. Ali Mahamane Lamine Zeine a pre\u0301side\u0301 hier jeudi 21 mars ...","robots":{"index":"index","follow":"follow","max-snippet":"max-snippet:-1","max-image-preview":"max-image-preview:large","max-video-preview":"max-video-preview:-1"},"canonical":"https:\/\/www.africa-press.net\/niger\/economie\/seance-de-travail-a-la-primature-avec-une-delegation-de-la-banque-africaine-de-developpement-bad-linstitution-financiere-marque-sa-disponibilite-a-accompagner-le-niger","og_locale":"fr_FR","og_type":"article","og_title":"S\u00e9ance de travail \u00e0 la Primature avec une d\u00e9l\u00e9gation de la Banque Africaine de D\u00e9veloppement (BAD) : L\u2019Institution financi\u00e8re marque sa disponibilit\u00e9 \u00e0 accompagner le Niger","og_description":"Le Premier ministre, ministre de l\u2019Economie et des Finances, M. Ali Mahamane Lamine Zeine a pre\u0301side\u0301 hier jeudi 21 mars ...","og_url":"https:\/\/www.africa-press.net\/niger\/economie\/seance-de-travail-a-la-primature-avec-une-delegation-de-la-banque-africaine-de-developpement-bad-linstitution-financiere-marque-sa-disponibilite-a-accompagner-le-niger","og_site_name":"niger","article_published_time":"2024-03-22T14:41:22+00:00","article_modified_time":"2024-03-22T15:36:17+00:00","og_image":[{"width":720,"height":480,"url":"https:\/\/static.africa-press.net\/niger\/sites\/40\/2024\/03\/sm_1711109067.661966.jpg","type":"image\/jpeg"}],"author":"cfeditorfr","twitter_card":"summary_large_image","twitter_misc":{"\u00c9crit par":"cfeditorfr","Dur\u00e9e de lecture estim\u00e9e":"3 minutes"},"schema":{"@context":"https:\/\/schema.org","@graph":[{"@type":"Article","@id":"https:\/\/www.africa-press.net\/niger\/economie\/seance-de-travail-a-la-primature-avec-une-delegation-de-la-banque-africaine-de-developpement-bad-linstitution-financiere-marque-sa-disponibilite-a-accompagner-le-niger#article","isPartOf":{"@id":"https:\/\/www.africa-press.net\/niger\/economie\/seance-de-travail-a-la-primature-avec-une-delegation-de-la-banque-africaine-de-developpement-bad-linstitution-financiere-marque-sa-disponibilite-a-accompagner-le-niger"},"author":{"name":"cfeditorfr","@id":"https:\/\/www.africa-press.net\/niger\/#\/schema\/person\/2b1cf3cd81a31e3cd26889ca66d677f1"},"headline":"S\u00e9ance de travail \u00e0 la Primature avec une d\u00e9l\u00e9gation de la Banque Africaine de D\u00e9veloppement (BAD) : L\u2019Institution financi\u00e8re marque sa disponibilit\u00e9 \u00e0 accompagner le Niger","datePublished":"2024-03-22T14:41:22+00:00","dateModified":"2024-03-22T15:36:17+00:00","mainEntityOfPage":{"@id":"https:\/\/www.africa-press.net\/niger\/economie\/seance-de-travail-a-la-primature-avec-une-delegation-de-la-banque-africaine-de-developpement-bad-linstitution-financiere-marque-sa-disponibilite-a-accompagner-le-niger"},"wordCount":534,"commentCount":0,"image":{"@id":"https:\/\/www.africa-press.net\/niger\/economie\/seance-de-travail-a-la-primature-avec-une-delegation-de-la-banque-africaine-de-developpement-bad-linstitution-financiere-marque-sa-disponibilite-a-accompagner-le-niger#primaryimage"},"thumbnailUrl":"https:\/\/static.africa-press.net\/niger\/sites\/40\/2024\/03\/sm_1711109067.661966.jpg","keywords":["Africa Press","Africa Press-Niger","Niger"],"articleSection":["\u00c9conomie","Toutes les actualit\u00e9s"],"inLanguage":"fr-FR","potentialAction":[{"@type":"CommentAction","name":"Comment","target":["https:\/\/www.africa-press.net\/niger\/economie\/seance-de-travail-a-la-primature-avec-une-delegation-de-la-banque-africaine-de-developpement-bad-linstitution-financiere-marque-sa-disponibilite-a-accompagner-le-niger#respond"]}]},{"@type":"WebPage","@id":"https:\/\/www.africa-press.net\/niger\/economie\/seance-de-travail-a-la-primature-avec-une-delegation-de-la-banque-africaine-de-developpement-bad-linstitution-financiere-marque-sa-disponibilite-a-accompagner-le-niger","url":"https:\/\/www.africa-press.net\/niger\/economie\/seance-de-travail-a-la-primature-avec-une-delegation-de-la-banque-africaine-de-developpement-bad-linstitution-financiere-marque-sa-disponibilite-a-accompagner-le-niger","name":"S\u00e9ance de travail \u00e0 la Primature avec une d\u00e9l\u00e9gation de la Banque Africaine de D\u00e9veloppement (BAD) : L\u2019Institution financi\u00e8re marque sa disponibilit\u00e9 \u00e0 accompagner le Niger - niger","isPartOf":{"@id":"https:\/\/www.africa-press.net\/niger\/#website"},"primaryImageOfPage":{"@id":"https:\/\/www.africa-press.net\/niger\/economie\/seance-de-travail-a-la-primature-avec-une-delegation-de-la-banque-africaine-de-developpement-bad-linstitution-financiere-marque-sa-disponibilite-a-accompagner-le-niger#primaryimage"},"image":{"@id":"https:\/\/www.africa-press.net\/niger\/economie\/seance-de-travail-a-la-primature-avec-une-delegation-de-la-banque-africaine-de-developpement-bad-linstitution-financiere-marque-sa-disponibilite-a-accompagner-le-niger#primaryimage"},"thumbnailUrl":"https:\/\/static.africa-press.net\/niger\/sites\/40\/2024\/03\/sm_1711109067.661966.jpg","datePublished":"2024-03-22T14:41:22+00:00","dateModified":"2024-03-22T15:36:17+00:00","author":{"@id":"https:\/\/www.africa-press.net\/niger\/#\/schema\/person\/2b1cf3cd81a31e3cd26889ca66d677f1"},"description":"Le Premier ministre, ministre de l\u2019Economie et des Finances, M. Ali Mahamane Lamine Zeine a pre\u0301side\u0301 hier jeudi 21 mars ...","breadcrumb":{"@id":"https:\/\/www.africa-press.net\/niger\/economie\/seance-de-travail-a-la-primature-avec-une-delegation-de-la-banque-africaine-de-developpement-bad-linstitution-financiere-marque-sa-disponibilite-a-accompagner-le-niger#breadcrumb"},"inLanguage":"fr-FR","potentialAction":[{"@type":"ReadAction","target":["https:\/\/www.africa-press.net\/niger\/economie\/seance-de-travail-a-la-primature-avec-une-delegation-de-la-banque-africaine-de-developpement-bad-linstitution-financiere-marque-sa-disponibilite-a-accompagner-le-niger"]}]},{"@type":"ImageObject","inLanguage":"fr-FR","@id":"https:\/\/www.africa-press.net\/niger\/economie\/seance-de-travail-a-la-primature-avec-une-delegation-de-la-banque-africaine-de-developpement-bad-linstitution-financiere-marque-sa-disponibilite-a-accompagner-le-niger#primaryimage","url":"https:\/\/static.africa-press.net\/niger\/sites\/40\/2024\/03\/sm_1711109067.661966.jpg","contentUrl":"https:\/\/static.africa-press.net\/niger\/sites\/40\/2024\/03\/sm_1711109067.661966.jpg","width":720,"height":480,"caption":"S\u00e9ance de travail \u00e0 la Primature avec une d\u00e9l\u00e9gation de la Banque Africaine de D\u00e9veloppement (BAD) : L\u2019Institution financi\u00e8re marque sa disponibilit\u00e9 \u00e0 accompagner le Niger"},{"@type":"BreadcrumbList","@id":"https:\/\/www.africa-press.net\/niger\/economie\/seance-de-travail-a-la-primature-avec-une-delegation-de-la-banque-africaine-de-developpement-bad-linstitution-financiere-marque-sa-disponibilite-a-accompagner-le-niger#breadcrumb","itemListElement":[{"@type":"ListItem","position":1,"name":"Accueil","item":"https:\/\/www.africa-press.net\/niger\/"},{"@type":"ListItem","position":2,"name":"S\u00e9ance de travail \u00e0 la Primature avec une d\u00e9l\u00e9gation de la Banque Africaine de D\u00e9veloppement (BAD) : L\u2019Institution financi\u00e8re marque sa disponibilit\u00e9 \u00e0 accompagner le Niger"}]},{"@type":"WebSite","@id":"https:\/\/www.africa-press.net\/niger\/#website","url":"https:\/\/www.africa-press.net\/niger\/","name":"niger","description":"Just another Africa News Agency Sites site","potentialAction":[{"@type":"SearchAction","target":{"@type":"EntryPoint","urlTemplate":"https:\/\/www.africa-press.net\/niger\/?s={search_term_string}"},"query-input":{"@type":"PropertyValueSpecification","valueRequired":true,"valueName":"search_term_string"}}],"inLanguage":"fr-FR"},{"@type":"Person","@id":"https:\/\/www.africa-press.net\/niger\/#\/schema\/person\/2b1cf3cd81a31e3cd26889ca66d677f1","name":"cfeditorfr"}]}},"_links":{"self":[{"href":"https:\/\/www.africa-press.net\/niger\/wp-json\/wp\/v2\/posts\/60392","targetHints":{"allow":["GET"]}}],"collection":[{"href":"https:\/\/www.africa-press.net\/niger\/wp-json\/wp\/v2\/posts"}],"about":[{"href":"https:\/\/www.africa-press.net\/niger\/wp-json\/wp\/v2\/types\/post"}],"author":[{"embeddable":true,"href":"https:\/\/www.africa-press.net\/niger\/wp-json\/wp\/v2\/users\/82"}],"replies":[{"embeddable":true,"href":"https:\/\/www.africa-press.net\/niger\/wp-json\/wp\/v2\/comments?post=60392"}],"version-history":[{"count":0,"href":"https:\/\/www.africa-press.net\/niger\/wp-json\/wp\/v2\/posts\/60392\/revisions"}],"wp:featuredmedia":[{"embeddable":true,"href":"https:\/\/www.africa-press.net\/niger\/wp-json\/wp\/v2\/media\/60391"}],"wp:attachment":[{"href":"https:\/\/www.africa-press.net\/niger\/wp-json\/wp\/v2\/media?parent=60392"}],"wp:term":[{"taxonomy":"category","embeddable":true,"href":"https:\/\/www.africa-press.net\/niger\/wp-json\/wp\/v2\/categories?post=60392"},{"taxonomy":"post_tag","embeddable":true,"href":"https:\/\/www.africa-press.net\/niger\/wp-json\/wp\/v2\/tags?post=60392"}],"curies":[{"name":"wp","href":"https:\/\/api.w.org\/{rel}","templated":true}]}}