{"id":60420,"date":"2024-03-23T11:00:47","date_gmt":"2024-03-23T11:00:47","guid":{"rendered":"https:\/\/www.africa-press.net\/niger\/politique\/pourquoi-la-bad-se-reinstalle-au-niger"},"modified":"2024-03-23T11:24:20","modified_gmt":"2024-03-23T11:24:20","slug":"pourquoi-la-bad-se-reinstalle-au-niger","status":"publish","type":"post","link":"https:\/\/www.africa-press.net\/niger\/economie\/pourquoi-la-bad-se-reinstalle-au-niger","title":{"rendered":"Pourquoi la BAD se r\u00e9installe au Niger"},"content":{"rendered":"<p><b>Tha\u00efs Brouck<\/b><\/p>\n<p><span style=\"color: #ff6600\"><strong>Africa-Press &#8211; Niger. <\/strong><\/span><b>Alors que la plupart des sanctions a\u0300 l\u2019encontre de Niamey ont e\u0301te\u0301 leve\u0301es, l\u2019institution panafricaine de de\u0301veloppement a rencontre\u0301 les autorite\u0301s nige\u0301riennes pour \u00ab un retour a\u0300 la normale \u00bb.<\/b><\/p>\n<p>La rencontre a mobilise\u0301 huit ministres, dont le premier d\u2019entre eux, Ali Mahaman Lamine Zeine. Le 21 mars, le Premier ministre nige\u0301rien, e\u0301galement ministre de l\u2019E\u0301conomie et des Finances, a rec\u0327u pour la premie\u0300re fois depuis le coup d\u2019E\u0301tat de juillet 2023 une de\u0301le\u0301gation de la Banque africaine de de\u0301veloppement (BAD).<\/p>\n<p>\u00ab Nous avons ainsi fait le tour de la coope\u0301ration entre la BAD et le Niger en vue d\u2019une reprise normale de la situation \u00bb, a de\u0301clare\u0301, a\u0300 l\u2019issue de l\u2019entretien, De\u0301sire\u0301 Guedon, administrateur a\u0300 la BAD. Selon lui, cette visite montre \u00ab la volonte\u0301 de la banque, a\u0300 travers son conseil d\u2019administration, de pouvoir reprendre le dialogue avec le Niger \u00bb.<\/p>\n<p><b>Des sanctions ine\u0301dites<\/b><\/p>\n<p>Au lendemain du coup d\u2019E\u0301tat du ge\u0301ne\u0301ral Abdourahamane Tiani, les dirigeants de la Communaute\u0301 e\u0301conomique des E\u0301tats de l\u2019Afrique de l\u2019Ouest (Cedeao) ont pris des sanctions ine\u0301dites a\u0300 l\u2019encontre du Niger, avec un blocus quasi total. Les bailleurs de fonds internationaux actifs dans le pays, tels que la Banque mondiale et l\u2019Agence franc\u0327aise de de\u0301veloppement, y ont suspendu leurs activite\u0301s.<\/p>\n<p>Mais depuis le 24 fe\u0301vrier, la Cedeao a leve\u0301 ses sanctions et quelques jours plus to\u0302t, le 15 fe\u0301vrier, la Banque mondiale annonc\u0327ait e\u0301galement la reprise de la coope\u0301ration avec la junte. C\u2019est donc de\u0301sormais au tour de la Banque africaine de de\u0301veloppement de suivre le mouvement.<\/p>\n<p><b>Quid des engagements pris sous Bazoum ?<\/b><\/p>\n<p>L\u2019institution panafricaine est l\u2019un des principaux bailleurs de fonds du pays. En 2022, elle a par exemple investi 138 millions de dollars (126,6 millions d\u2019euros) pour de\u0301velopper des centrales solaires. Elle finance e\u0301galement le tronc\u0327on nige\u0301rien de la route transaharienne, qui doit relier Lagos a\u0300 Alger. Co\u0302te\u0301 dons, la BAD a accorde\u0301 1 million de dollars en juin 2023 pour soutenir les entreprises dirige\u0301es par les femmes, et 7,5 millions de dollars pour lutter contre les maladies tropicales au Sahel.<\/p>\n<p>Sous la pre\u0301sidence de Mohamed Bazoum, le Niger e\u0301tait devenu une destination privile\u0301gie\u0301e des bailleurs de fonds, e\u0301chaude\u0301s par l\u2019instabilite\u0301 au Mali et au Burkina Faso. En de\u0301cembre 2022, lors d\u2019une confe\u0301rence organise\u0301e a\u0300 Paris, l\u2019ex-pre\u0301sident, toujours retenu prisonnier par la junte, avait re\u0301ussi a se\u0301curiser 45 milliards d\u2019euros pour financer son plan de de\u0301veloppement, dont 2,4 milliards de la BAD, 680 millions de la Banque ouest-africaine de de\u0301veloppement (BOAD), 4,2 milliards de la Banque mondiale et 550 millions de la France. Le secteur prive\u0301 s\u2019est e\u0301galement engage\u0301 a\u0300 hauteur de 8,6 milliards d\u2019euros. Compte tenu du contexte, ces niveaux d\u2019investissements record ne sont cependant plus d\u2019actualite\u0301.<\/p>\n<p><b>Source: JeuneAfrique.com<\/b><\/p>\n<p><strong>Pour plus d&rsquo;informations et d&rsquo;analyses sur la <a href=\"https:\/\/www.africa-press.net\/niger\">Niger<\/a>, suivez <a href=\"https:\/\/www.africa-press.net\/\">Africa-Press<\/a><\/strong><\/p>\n","protected":false},"excerpt":{"rendered":"<p>Tha\u00efs Brouck Africa-Press &#8211; Niger. Alors que la plupart des sanctions a\u0300 l\u2019encontre de Niamey ont e\u0301te\u0301 leve\u0301es, l\u2019institution panafricaine de de\u0301veloppement a rencontre\u0301 les autorite\u0301s nige\u0301riennes pour \u00ab un retour a\u0300 la normale \u00bb. La rencontre a mobilise\u0301 huit ministres, dont le premier d\u2019entre eux, Ali Mahaman Lamine Zeine. Le 21 mars, le Premier [&hellip;]<\/p>\n","protected":false},"author":82,"featured_media":60419,"comment_status":"open","ping_status":"closed","sticky":false,"template":"","format":"standard","meta":{"footnotes":""},"categories":[3,73,20,10],"tags":[55,60,29],"class_list":["post-60420","post","type-post","status-publish","format-standard","has-post-thumbnail","hentry","category-economie","category-to-homepage","category-top-nouvelles","category-toutes-les-actualites","tag-africa-press","tag-africa-press-niger","tag-niger"],"yoast_head":"<!-- This site is optimized with the Yoast SEO Premium plugin v26.1 (Yoast SEO v27.0) - https:\/\/yoast.com\/product\/yoast-seo-premium-wordpress\/ -->\n<title>Pourquoi la BAD se r\u00e9installe au Niger - niger<\/title>\n<meta name=\"description\" content=\"Alors que la plupart des sanctions a\u0300 l\u2019encontre de Niamey ont e\u0301te\u0301 leve\u0301es, l\u2019institution panafricaine de de\u0301velopp ...\" \/>\n<meta name=\"robots\" content=\"index, follow, max-snippet:-1, max-image-preview:large, max-video-preview:-1\" \/>\n<link rel=\"canonical\" href=\"https:\/\/www.africa-press.net\/niger\/economie\/pourquoi-la-bad-se-reinstalle-au-niger\" \/>\n<meta property=\"og:locale\" content=\"fr_FR\" \/>\n<meta property=\"og:type\" content=\"article\" \/>\n<meta property=\"og:title\" content=\"Pourquoi la BAD se r\u00e9installe au Niger\" \/>\n<meta property=\"og:description\" content=\"Alors que la plupart des sanctions a\u0300 l\u2019encontre de Niamey ont e\u0301te\u0301 leve\u0301es, l\u2019institution panafricaine de de\u0301velopp ...\" \/>\n<meta property=\"og:url\" content=\"https:\/\/www.africa-press.net\/niger\/economie\/pourquoi-la-bad-se-reinstalle-au-niger\" \/>\n<meta property=\"og:site_name\" content=\"niger\" \/>\n<meta property=\"article:published_time\" content=\"2024-03-23T11:00:47+00:00\" \/>\n<meta property=\"article:modified_time\" content=\"2024-03-23T11:24:20+00:00\" \/>\n<meta property=\"og:image\" content=\"https:\/\/static.africa-press.net\/niger\/sites\/40\/2024\/03\/sm_1711180211.752286.jpg\" \/>\n\t<meta property=\"og:image:width\" content=\"1280\" \/>\n\t<meta property=\"og:image:height\" content=\"720\" \/>\n\t<meta property=\"og:image:type\" content=\"image\/jpeg\" \/>\n<meta name=\"author\" content=\"cfeditorfr\" \/>\n<meta name=\"twitter:card\" content=\"summary_large_image\" \/>\n<meta name=\"twitter:label1\" content=\"\u00c9crit par\" \/>\n\t<meta name=\"twitter:data1\" content=\"cfeditorfr\" \/>\n\t<meta name=\"twitter:label2\" content=\"Dur\u00e9e de lecture estim\u00e9e\" \/>\n\t<meta name=\"twitter:data2\" content=\"3 minutes\" \/>\n<script type=\"application\/ld+json\" class=\"yoast-schema-graph\">{\"@context\":\"https:\/\/schema.org\",\"@graph\":[{\"@type\":\"Article\",\"@id\":\"https:\/\/www.africa-press.net\/niger\/economie\/pourquoi-la-bad-se-reinstalle-au-niger#article\",\"isPartOf\":{\"@id\":\"https:\/\/www.africa-press.net\/niger\/economie\/pourquoi-la-bad-se-reinstalle-au-niger\"},\"author\":{\"name\":\"cfeditorfr\",\"@id\":\"https:\/\/www.africa-press.net\/niger\/#\/schema\/person\/2b1cf3cd81a31e3cd26889ca66d677f1\"},\"headline\":\"Pourquoi la BAD se r\u00e9installe au Niger\",\"datePublished\":\"2024-03-23T11:00:47+00:00\",\"dateModified\":\"2024-03-23T11:24:20+00:00\",\"mainEntityOfPage\":{\"@id\":\"https:\/\/www.africa-press.net\/niger\/economie\/pourquoi-la-bad-se-reinstalle-au-niger\"},\"wordCount\":534,\"commentCount\":0,\"image\":{\"@id\":\"https:\/\/www.africa-press.net\/niger\/economie\/pourquoi-la-bad-se-reinstalle-au-niger#primaryimage\"},\"thumbnailUrl\":\"https:\/\/static.africa-press.net\/niger\/sites\/40\/2024\/03\/sm_1711180211.752286.jpg\",\"keywords\":[\"Africa Press\",\"Africa Press-Niger\",\"Niger\"],\"articleSection\":[\"\u00c9conomie\",\"to-homepage\",\"Top Nouvelles\",\"Toutes les actualit\u00e9s\"],\"inLanguage\":\"fr-FR\",\"potentialAction\":[{\"@type\":\"CommentAction\",\"name\":\"Comment\",\"target\":[\"https:\/\/www.africa-press.net\/niger\/economie\/pourquoi-la-bad-se-reinstalle-au-niger#respond\"]}]},{\"@type\":\"WebPage\",\"@id\":\"https:\/\/www.africa-press.net\/niger\/economie\/pourquoi-la-bad-se-reinstalle-au-niger\",\"url\":\"https:\/\/www.africa-press.net\/niger\/economie\/pourquoi-la-bad-se-reinstalle-au-niger\",\"name\":\"Pourquoi la BAD se r\u00e9installe au Niger - niger\",\"isPartOf\":{\"@id\":\"https:\/\/www.africa-press.net\/niger\/#website\"},\"primaryImageOfPage\":{\"@id\":\"https:\/\/www.africa-press.net\/niger\/economie\/pourquoi-la-bad-se-reinstalle-au-niger#primaryimage\"},\"image\":{\"@id\":\"https:\/\/www.africa-press.net\/niger\/economie\/pourquoi-la-bad-se-reinstalle-au-niger#primaryimage\"},\"thumbnailUrl\":\"https:\/\/static.africa-press.net\/niger\/sites\/40\/2024\/03\/sm_1711180211.752286.jpg\",\"datePublished\":\"2024-03-23T11:00:47+00:00\",\"dateModified\":\"2024-03-23T11:24:20+00:00\",\"author\":{\"@id\":\"https:\/\/www.africa-press.net\/niger\/#\/schema\/person\/2b1cf3cd81a31e3cd26889ca66d677f1\"},\"description\":\"Alors que la plupart des sanctions a\u0300 l\u2019encontre de Niamey ont e\u0301te\u0301 leve\u0301es, l\u2019institution panafricaine de de\u0301velopp ...\",\"breadcrumb\":{\"@id\":\"https:\/\/www.africa-press.net\/niger\/economie\/pourquoi-la-bad-se-reinstalle-au-niger#breadcrumb\"},\"inLanguage\":\"fr-FR\",\"potentialAction\":[{\"@type\":\"ReadAction\",\"target\":[\"https:\/\/www.africa-press.net\/niger\/economie\/pourquoi-la-bad-se-reinstalle-au-niger\"]}]},{\"@type\":\"ImageObject\",\"inLanguage\":\"fr-FR\",\"@id\":\"https:\/\/www.africa-press.net\/niger\/economie\/pourquoi-la-bad-se-reinstalle-au-niger#primaryimage\",\"url\":\"https:\/\/static.africa-press.net\/niger\/sites\/40\/2024\/03\/sm_1711180211.752286.jpg\",\"contentUrl\":\"https:\/\/static.africa-press.net\/niger\/sites\/40\/2024\/03\/sm_1711180211.752286.jpg\",\"width\":1280,\"height\":720,\"caption\":\"Pourquoi la BAD se r\u00e9installe au Niger\"},{\"@type\":\"BreadcrumbList\",\"@id\":\"https:\/\/www.africa-press.net\/niger\/economie\/pourquoi-la-bad-se-reinstalle-au-niger#breadcrumb\",\"itemListElement\":[{\"@type\":\"ListItem\",\"position\":1,\"name\":\"Accueil\",\"item\":\"https:\/\/www.africa-press.net\/niger\/\"},{\"@type\":\"ListItem\",\"position\":2,\"name\":\"Pourquoi la BAD se r\u00e9installe au Niger\"}]},{\"@type\":\"WebSite\",\"@id\":\"https:\/\/www.africa-press.net\/niger\/#website\",\"url\":\"https:\/\/www.africa-press.net\/niger\/\",\"name\":\"niger\",\"description\":\"Just another Africa News Agency Sites site\",\"potentialAction\":[{\"@type\":\"SearchAction\",\"target\":{\"@type\":\"EntryPoint\",\"urlTemplate\":\"https:\/\/www.africa-press.net\/niger\/?s={search_term_string}\"},\"query-input\":{\"@type\":\"PropertyValueSpecification\",\"valueRequired\":true,\"valueName\":\"search_term_string\"}}],\"inLanguage\":\"fr-FR\"},{\"@type\":\"Person\",\"@id\":\"https:\/\/www.africa-press.net\/niger\/#\/schema\/person\/2b1cf3cd81a31e3cd26889ca66d677f1\",\"name\":\"cfeditorfr\"}]}<\/script>\n<!-- \/ Yoast SEO Premium plugin. -->","yoast_head_json":{"title":"Pourquoi la BAD se r\u00e9installe au Niger - niger","description":"Alors que la plupart des sanctions a\u0300 l\u2019encontre de Niamey ont e\u0301te\u0301 leve\u0301es, l\u2019institution panafricaine de de\u0301velopp ...","robots":{"index":"index","follow":"follow","max-snippet":"max-snippet:-1","max-image-preview":"max-image-preview:large","max-video-preview":"max-video-preview:-1"},"canonical":"https:\/\/www.africa-press.net\/niger\/economie\/pourquoi-la-bad-se-reinstalle-au-niger","og_locale":"fr_FR","og_type":"article","og_title":"Pourquoi la BAD se r\u00e9installe au Niger","og_description":"Alors que la plupart des sanctions a\u0300 l\u2019encontre de Niamey ont e\u0301te\u0301 leve\u0301es, l\u2019institution panafricaine de de\u0301velopp ...","og_url":"https:\/\/www.africa-press.net\/niger\/economie\/pourquoi-la-bad-se-reinstalle-au-niger","og_site_name":"niger","article_published_time":"2024-03-23T11:00:47+00:00","article_modified_time":"2024-03-23T11:24:20+00:00","og_image":[{"width":1280,"height":720,"url":"https:\/\/static.africa-press.net\/niger\/sites\/40\/2024\/03\/sm_1711180211.752286.jpg","type":"image\/jpeg"}],"author":"cfeditorfr","twitter_card":"summary_large_image","twitter_misc":{"\u00c9crit par":"cfeditorfr","Dur\u00e9e de lecture estim\u00e9e":"3 minutes"},"schema":{"@context":"https:\/\/schema.org","@graph":[{"@type":"Article","@id":"https:\/\/www.africa-press.net\/niger\/economie\/pourquoi-la-bad-se-reinstalle-au-niger#article","isPartOf":{"@id":"https:\/\/www.africa-press.net\/niger\/economie\/pourquoi-la-bad-se-reinstalle-au-niger"},"author":{"name":"cfeditorfr","@id":"https:\/\/www.africa-press.net\/niger\/#\/schema\/person\/2b1cf3cd81a31e3cd26889ca66d677f1"},"headline":"Pourquoi la BAD se r\u00e9installe au Niger","datePublished":"2024-03-23T11:00:47+00:00","dateModified":"2024-03-23T11:24:20+00:00","mainEntityOfPage":{"@id":"https:\/\/www.africa-press.net\/niger\/economie\/pourquoi-la-bad-se-reinstalle-au-niger"},"wordCount":534,"commentCount":0,"image":{"@id":"https:\/\/www.africa-press.net\/niger\/economie\/pourquoi-la-bad-se-reinstalle-au-niger#primaryimage"},"thumbnailUrl":"https:\/\/static.africa-press.net\/niger\/sites\/40\/2024\/03\/sm_1711180211.752286.jpg","keywords":["Africa Press","Africa Press-Niger","Niger"],"articleSection":["\u00c9conomie","to-homepage","Top Nouvelles","Toutes les actualit\u00e9s"],"inLanguage":"fr-FR","potentialAction":[{"@type":"CommentAction","name":"Comment","target":["https:\/\/www.africa-press.net\/niger\/economie\/pourquoi-la-bad-se-reinstalle-au-niger#respond"]}]},{"@type":"WebPage","@id":"https:\/\/www.africa-press.net\/niger\/economie\/pourquoi-la-bad-se-reinstalle-au-niger","url":"https:\/\/www.africa-press.net\/niger\/economie\/pourquoi-la-bad-se-reinstalle-au-niger","name":"Pourquoi la BAD se r\u00e9installe au Niger - niger","isPartOf":{"@id":"https:\/\/www.africa-press.net\/niger\/#website"},"primaryImageOfPage":{"@id":"https:\/\/www.africa-press.net\/niger\/economie\/pourquoi-la-bad-se-reinstalle-au-niger#primaryimage"},"image":{"@id":"https:\/\/www.africa-press.net\/niger\/economie\/pourquoi-la-bad-se-reinstalle-au-niger#primaryimage"},"thumbnailUrl":"https:\/\/static.africa-press.net\/niger\/sites\/40\/2024\/03\/sm_1711180211.752286.jpg","datePublished":"2024-03-23T11:00:47+00:00","dateModified":"2024-03-23T11:24:20+00:00","author":{"@id":"https:\/\/www.africa-press.net\/niger\/#\/schema\/person\/2b1cf3cd81a31e3cd26889ca66d677f1"},"description":"Alors que la plupart des sanctions a\u0300 l\u2019encontre de Niamey ont e\u0301te\u0301 leve\u0301es, l\u2019institution panafricaine de de\u0301velopp ...","breadcrumb":{"@id":"https:\/\/www.africa-press.net\/niger\/economie\/pourquoi-la-bad-se-reinstalle-au-niger#breadcrumb"},"inLanguage":"fr-FR","potentialAction":[{"@type":"ReadAction","target":["https:\/\/www.africa-press.net\/niger\/economie\/pourquoi-la-bad-se-reinstalle-au-niger"]}]},{"@type":"ImageObject","inLanguage":"fr-FR","@id":"https:\/\/www.africa-press.net\/niger\/economie\/pourquoi-la-bad-se-reinstalle-au-niger#primaryimage","url":"https:\/\/static.africa-press.net\/niger\/sites\/40\/2024\/03\/sm_1711180211.752286.jpg","contentUrl":"https:\/\/static.africa-press.net\/niger\/sites\/40\/2024\/03\/sm_1711180211.752286.jpg","width":1280,"height":720,"caption":"Pourquoi la BAD se r\u00e9installe au Niger"},{"@type":"BreadcrumbList","@id":"https:\/\/www.africa-press.net\/niger\/economie\/pourquoi-la-bad-se-reinstalle-au-niger#breadcrumb","itemListElement":[{"@type":"ListItem","position":1,"name":"Accueil","item":"https:\/\/www.africa-press.net\/niger\/"},{"@type":"ListItem","position":2,"name":"Pourquoi la BAD se r\u00e9installe au Niger"}]},{"@type":"WebSite","@id":"https:\/\/www.africa-press.net\/niger\/#website","url":"https:\/\/www.africa-press.net\/niger\/","name":"niger","description":"Just another Africa News Agency Sites site","potentialAction":[{"@type":"SearchAction","target":{"@type":"EntryPoint","urlTemplate":"https:\/\/www.africa-press.net\/niger\/?s={search_term_string}"},"query-input":{"@type":"PropertyValueSpecification","valueRequired":true,"valueName":"search_term_string"}}],"inLanguage":"fr-FR"},{"@type":"Person","@id":"https:\/\/www.africa-press.net\/niger\/#\/schema\/person\/2b1cf3cd81a31e3cd26889ca66d677f1","name":"cfeditorfr"}]}},"_links":{"self":[{"href":"https:\/\/www.africa-press.net\/niger\/wp-json\/wp\/v2\/posts\/60420","targetHints":{"allow":["GET"]}}],"collection":[{"href":"https:\/\/www.africa-press.net\/niger\/wp-json\/wp\/v2\/posts"}],"about":[{"href":"https:\/\/www.africa-press.net\/niger\/wp-json\/wp\/v2\/types\/post"}],"author":[{"embeddable":true,"href":"https:\/\/www.africa-press.net\/niger\/wp-json\/wp\/v2\/users\/82"}],"replies":[{"embeddable":true,"href":"https:\/\/www.africa-press.net\/niger\/wp-json\/wp\/v2\/comments?post=60420"}],"version-history":[{"count":0,"href":"https:\/\/www.africa-press.net\/niger\/wp-json\/wp\/v2\/posts\/60420\/revisions"}],"wp:featuredmedia":[{"embeddable":true,"href":"https:\/\/www.africa-press.net\/niger\/wp-json\/wp\/v2\/media\/60419"}],"wp:attachment":[{"href":"https:\/\/www.africa-press.net\/niger\/wp-json\/wp\/v2\/media?parent=60420"}],"wp:term":[{"taxonomy":"category","embeddable":true,"href":"https:\/\/www.africa-press.net\/niger\/wp-json\/wp\/v2\/categories?post=60420"},{"taxonomy":"post_tag","embeddable":true,"href":"https:\/\/www.africa-press.net\/niger\/wp-json\/wp\/v2\/tags?post=60420"}],"curies":[{"name":"wp","href":"https:\/\/api.w.org\/{rel}","templated":true}]}}