{"id":60457,"date":"2024-03-23T15:22:52","date_gmt":"2024-03-23T15:22:52","guid":{"rendered":"https:\/\/www.africa-press.net\/niger\/politique\/celebration-de-la-journee-mondiale-de-la-meteorologie-premiere-ligne-de-laction-climatique-theme-de-la-journee"},"modified":"2024-03-23T16:09:45","modified_gmt":"2024-03-23T16:09:45","slug":"celebration-de-la-journee-mondiale-de-la-meteorologie-premiere-ligne-de-laction-climatique-theme-de-la-journee","status":"publish","type":"post","link":"https:\/\/www.africa-press.net\/niger\/toutes-les-actualites\/celebration-de-la-journee-mondiale-de-la-meteorologie-premiere-ligne-de-laction-climatique-theme-de-la-journee","title":{"rendered":"C\u00e9l\u00e9bration de la journ\u00e9e mondiale de la m\u00e9t\u00e9orologie : \u00ab Premi\u00e8re ligne de l\u2019action climatique \u00bb, th\u00e8me de la journ\u00e9e"},"content":{"rendered":"<p><span style=\"color: #ff6600\"><strong>Africa-Press &#8211; Niger. <\/strong><\/span><b>A l\u2019instar de la communaute\u0301 internationale, le Niger ce\u0301le\u0300bre ce samedi 23 mars 2024, la journe\u0301e me\u0301te\u0301orologique mondiale pour comme\u0301morer l\u2019entre\u0301e en vigueur de la convention portant cre\u0301ation de l\u2019organisation me\u0301te\u0301orologique mondiale, le 23 mars 1950. A cette occasion, le Ministre des Transports et de l\u2019Equipement, le Colonel-Major Salissou Mahaman Salissou a livre\u0301 un message dans lequel, il a rappele\u0301 l\u2019importance que jouent les services me\u0301te\u0301orologiques nationaux sous l\u2019encadrement des scientifiques et techniques de l\u2019Organisation Me\u0301te\u0301orologique Mondiale (OMM).<\/b><\/p>\n<p>Le Ministre a souligne\u0301 que la ce\u0301le\u0301bration de cette journe\u0301e constitue une opportunite\u0301 unique pour la communaute\u0301 me\u0301te\u0301orologique a\u0300 travers le monde, de faire connaitre qui elles sont, ce qu\u2019elles font et pourquoi elles le font. Selon le Colonel-Major Salissou Mahaman Salissou, la Direction de la Me\u0301te\u0301orologie qui est la structure nationale charge\u0301e de la conception et de la mise en \u0153uvre de la politique de l\u2019Etat en matie\u0300re de me\u0301te\u0301orologie et de climat, a mis en place des re\u0301seaux d\u2019observations me\u0301te\u0301orologiques classiques et automatiques couvrant l\u2019ensemble du pays dont les donne\u0301es sont archive\u0301es dans une base de donne\u0301es nume\u0301rique lui permettant d\u2019accomplir sa mission de de\u0301veloppement des produits d\u2019information.<\/p>\n<p>\u00ab Parmi les actions me\u0301te\u0301orologiques et climatiques de\u0301veloppe\u0301es, la direction de la me\u0301te\u0301orologie nationale qui est le point focal du groupe d\u2019experts intergouvernemental sur l\u2019e\u0301volution du climat (GIEC), contribue entre autres, aux activite\u0301s d\u2019alerte pre\u0301coce en vue de contribuer a\u0300 la se\u0301curite\u0301 alimentaire et nutritionnelle au Niger notamment en tant que chef de file du Groupe de Travail Pluridisciplinaire ( GTP), mais aussi a\u0300 travers ses travaux ope\u0301rationnels de suivi et d\u2019alerte mate\u0301rialise\u0301 par les bulletins spe\u0301cial-De\u0301cideurs et de la pre\u0301vision saisonnie\u0300re de pluie \u00bb, a-t-il de\u0301clare\u0301.<\/p>\n<p>Le service me\u0301te\u0301orologique e\u0301labore chaque jour des bulletins de suivi et de la pre\u0301vision du temps diffuse\u0301s a\u0300 travers la Radio et te\u0301le\u0301vision nationales, des canaux e\u0301lectriques et des papiers notamment le bulletin me\u0301te\u0301orologique te\u0301le\u0301vise\u0301 sur le temps qu\u2019il fait et qu\u2019il fera au cours de l\u2019anne\u0301e, a rappele\u0301 le ministre. \u00ab En effet, la Direction de la Me\u0301te\u0301orologie Nationale dispose aujourd\u2019hui d\u2019un re\u0301seau me\u0301te\u0301orologique compose\u0301 de 15 stations synoptiques classiques, de 10 stations climatologiques classiques, de 39 stations synoptiques automatiques, de 79 stations agro me\u0301te\u0301orologiques automatiques et de plus de 2 000 postes pluviome\u0301triques installe\u0301s a\u0300 travers tout le pays, un centre calcul avec des ordinateurs de grande vitesse et de 8 centres me\u0301te\u0301orologiques re\u0301gionaux pour mener une assistance de proximite\u0301 \u00bb, a souligne\u0301 le Ministre des Transports et de l\u2019Equipement.<\/p>\n<p>D\u2019apre\u0300s le Colonel-Major Salissou Mahaman Salissou, l\u2019organisation me\u0301te\u0301orologique mondiale a pour mission de coordonner, standardiser, ame\u0301liorer les activite\u0301s me\u0301te\u0301orologiques mondiales et encourager un e\u0301change efficace d\u2019informations entre les pays.<\/p>\n<p><strong>Pour plus d&rsquo;informations et d&rsquo;analyses sur la <a href=\"https:\/\/www.africa-press.net\/niger\">Niger<\/a>, suivez <a href=\"https:\/\/www.africa-press.net\/\">Africa-Press<\/a><\/strong><\/p>\n","protected":false},"excerpt":{"rendered":"<p>Africa-Press &#8211; Niger. A l\u2019instar de la communaute\u0301 internationale, le Niger ce\u0301le\u0300bre ce samedi 23 mars 2024, la journe\u0301e me\u0301te\u0301orologique mondiale pour comme\u0301morer l\u2019entre\u0301e en vigueur de la convention portant cre\u0301ation de l\u2019organisation me\u0301te\u0301orologique mondiale, le 23 mars 1950. A cette occasion, le Ministre des Transports et de l\u2019Equipement, le Colonel-Major Salissou Mahaman Salissou a [&hellip;]<\/p>\n","protected":false},"author":82,"featured_media":60456,"comment_status":"open","ping_status":"closed","sticky":false,"template":"","format":"standard","meta":{"footnotes":""},"categories":[21,10],"tags":[55,60,29],"class_list":["post-60457","post","type-post","status-publish","format-standard","has-post-thumbnail","hentry","category-communaute","category-toutes-les-actualites","tag-africa-press","tag-africa-press-niger","tag-niger"],"yoast_head":"<!-- This site is optimized with the Yoast SEO Premium plugin v26.1 (Yoast SEO v27.0) - https:\/\/yoast.com\/product\/yoast-seo-premium-wordpress\/ -->\n<title>C\u00e9l\u00e9bration de la journ\u00e9e mondiale de la m\u00e9t\u00e9orologie : \u00ab Premi\u00e8re ligne de l\u2019action climatique \u00bb, th\u00e8me de la journ\u00e9e - niger<\/title>\n<meta name=\"description\" content=\"A l\u2019instar de la communaute\u0301 internationale, le Niger ce\u0301le\u0300bre ce samedi 23 mars 2024, la journe\u0301e me\u0301te\u0301orologique ...\" \/>\n<meta name=\"robots\" content=\"index, follow, max-snippet:-1, max-image-preview:large, max-video-preview:-1\" \/>\n<link rel=\"canonical\" href=\"https:\/\/www.africa-press.net\/niger\/toutes-les-actualites\/celebration-de-la-journee-mondiale-de-la-meteorologie-premiere-ligne-de-laction-climatique-theme-de-la-journee\" \/>\n<meta property=\"og:locale\" content=\"fr_FR\" \/>\n<meta property=\"og:type\" content=\"article\" \/>\n<meta property=\"og:title\" content=\"C\u00e9l\u00e9bration de la journ\u00e9e mondiale de la m\u00e9t\u00e9orologie : \u00ab Premi\u00e8re ligne de l\u2019action climatique \u00bb, th\u00e8me de la journ\u00e9e\" \/>\n<meta property=\"og:description\" content=\"A l\u2019instar de la communaute\u0301 internationale, le Niger ce\u0301le\u0300bre ce samedi 23 mars 2024, la journe\u0301e me\u0301te\u0301orologique ...\" \/>\n<meta property=\"og:url\" content=\"https:\/\/www.africa-press.net\/niger\/toutes-les-actualites\/celebration-de-la-journee-mondiale-de-la-meteorologie-premiere-ligne-de-laction-climatique-theme-de-la-journee\" \/>\n<meta property=\"og:site_name\" content=\"niger\" \/>\n<meta property=\"article:published_time\" content=\"2024-03-23T15:22:52+00:00\" \/>\n<meta property=\"article:modified_time\" content=\"2024-03-23T16:09:45+00:00\" \/>\n<meta property=\"og:image\" content=\"https:\/\/static.africa-press.net\/niger\/sites\/40\/2024\/03\/sm_1711197283.443056.jpg\" \/>\n\t<meta property=\"og:image:width\" content=\"800\" \/>\n\t<meta property=\"og:image:height\" content=\"533\" \/>\n\t<meta property=\"og:image:type\" content=\"image\/jpeg\" \/>\n<meta name=\"author\" content=\"cfeditorfr\" \/>\n<meta name=\"twitter:card\" content=\"summary_large_image\" \/>\n<meta name=\"twitter:label1\" content=\"\u00c9crit par\" \/>\n\t<meta name=\"twitter:data1\" content=\"cfeditorfr\" \/>\n\t<meta name=\"twitter:label2\" content=\"Dur\u00e9e de lecture estim\u00e9e\" \/>\n\t<meta name=\"twitter:data2\" content=\"3 minutes\" \/>\n<script type=\"application\/ld+json\" class=\"yoast-schema-graph\">{\"@context\":\"https:\/\/schema.org\",\"@graph\":[{\"@type\":\"Article\",\"@id\":\"https:\/\/www.africa-press.net\/niger\/toutes-les-actualites\/celebration-de-la-journee-mondiale-de-la-meteorologie-premiere-ligne-de-laction-climatique-theme-de-la-journee#article\",\"isPartOf\":{\"@id\":\"https:\/\/www.africa-press.net\/niger\/toutes-les-actualites\/celebration-de-la-journee-mondiale-de-la-meteorologie-premiere-ligne-de-laction-climatique-theme-de-la-journee\"},\"author\":{\"name\":\"cfeditorfr\",\"@id\":\"https:\/\/www.africa-press.net\/niger\/#\/schema\/person\/2b1cf3cd81a31e3cd26889ca66d677f1\"},\"headline\":\"C\u00e9l\u00e9bration de la journ\u00e9e mondiale de la m\u00e9t\u00e9orologie : \u00ab Premi\u00e8re ligne de l\u2019action climatique \u00bb, th\u00e8me de la journ\u00e9e\",\"datePublished\":\"2024-03-23T15:22:52+00:00\",\"dateModified\":\"2024-03-23T16:09:45+00:00\",\"mainEntityOfPage\":{\"@id\":\"https:\/\/www.africa-press.net\/niger\/toutes-les-actualites\/celebration-de-la-journee-mondiale-de-la-meteorologie-premiere-ligne-de-laction-climatique-theme-de-la-journee\"},\"wordCount\":570,\"commentCount\":0,\"image\":{\"@id\":\"https:\/\/www.africa-press.net\/niger\/toutes-les-actualites\/celebration-de-la-journee-mondiale-de-la-meteorologie-premiere-ligne-de-laction-climatique-theme-de-la-journee#primaryimage\"},\"thumbnailUrl\":\"https:\/\/static.africa-press.net\/niger\/sites\/40\/2024\/03\/sm_1711197283.443056.jpg\",\"keywords\":[\"Africa Press\",\"Africa Press-Niger\",\"Niger\"],\"articleSection\":[\"Communaut\u00e9\",\"Toutes les actualit\u00e9s\"],\"inLanguage\":\"fr-FR\",\"potentialAction\":[{\"@type\":\"CommentAction\",\"name\":\"Comment\",\"target\":[\"https:\/\/www.africa-press.net\/niger\/toutes-les-actualites\/celebration-de-la-journee-mondiale-de-la-meteorologie-premiere-ligne-de-laction-climatique-theme-de-la-journee#respond\"]}]},{\"@type\":\"WebPage\",\"@id\":\"https:\/\/www.africa-press.net\/niger\/toutes-les-actualites\/celebration-de-la-journee-mondiale-de-la-meteorologie-premiere-ligne-de-laction-climatique-theme-de-la-journee\",\"url\":\"https:\/\/www.africa-press.net\/niger\/toutes-les-actualites\/celebration-de-la-journee-mondiale-de-la-meteorologie-premiere-ligne-de-laction-climatique-theme-de-la-journee\",\"name\":\"C\u00e9l\u00e9bration de la journ\u00e9e mondiale de la m\u00e9t\u00e9orologie : \u00ab Premi\u00e8re ligne de l\u2019action climatique \u00bb, th\u00e8me de la journ\u00e9e - niger\",\"isPartOf\":{\"@id\":\"https:\/\/www.africa-press.net\/niger\/#website\"},\"primaryImageOfPage\":{\"@id\":\"https:\/\/www.africa-press.net\/niger\/toutes-les-actualites\/celebration-de-la-journee-mondiale-de-la-meteorologie-premiere-ligne-de-laction-climatique-theme-de-la-journee#primaryimage\"},\"image\":{\"@id\":\"https:\/\/www.africa-press.net\/niger\/toutes-les-actualites\/celebration-de-la-journee-mondiale-de-la-meteorologie-premiere-ligne-de-laction-climatique-theme-de-la-journee#primaryimage\"},\"thumbnailUrl\":\"https:\/\/static.africa-press.net\/niger\/sites\/40\/2024\/03\/sm_1711197283.443056.jpg\",\"datePublished\":\"2024-03-23T15:22:52+00:00\",\"dateModified\":\"2024-03-23T16:09:45+00:00\",\"author\":{\"@id\":\"https:\/\/www.africa-press.net\/niger\/#\/schema\/person\/2b1cf3cd81a31e3cd26889ca66d677f1\"},\"description\":\"A l\u2019instar de la communaute\u0301 internationale, le Niger ce\u0301le\u0300bre ce samedi 23 mars 2024, la journe\u0301e me\u0301te\u0301orologique ...\",\"breadcrumb\":{\"@id\":\"https:\/\/www.africa-press.net\/niger\/toutes-les-actualites\/celebration-de-la-journee-mondiale-de-la-meteorologie-premiere-ligne-de-laction-climatique-theme-de-la-journee#breadcrumb\"},\"inLanguage\":\"fr-FR\",\"potentialAction\":[{\"@type\":\"ReadAction\",\"target\":[\"https:\/\/www.africa-press.net\/niger\/toutes-les-actualites\/celebration-de-la-journee-mondiale-de-la-meteorologie-premiere-ligne-de-laction-climatique-theme-de-la-journee\"]}]},{\"@type\":\"ImageObject\",\"inLanguage\":\"fr-FR\",\"@id\":\"https:\/\/www.africa-press.net\/niger\/toutes-les-actualites\/celebration-de-la-journee-mondiale-de-la-meteorologie-premiere-ligne-de-laction-climatique-theme-de-la-journee#primaryimage\",\"url\":\"https:\/\/static.africa-press.net\/niger\/sites\/40\/2024\/03\/sm_1711197283.443056.jpg\",\"contentUrl\":\"https:\/\/static.africa-press.net\/niger\/sites\/40\/2024\/03\/sm_1711197283.443056.jpg\",\"width\":800,\"height\":533,\"caption\":\"C\u00e9l\u00e9bration de la journ\u00e9e mondiale de la m\u00e9t\u00e9orologie : \u00ab Premi\u00e8re ligne de l\u2019action climatique \u00bb, th\u00e8me de la journ\u00e9e\"},{\"@type\":\"BreadcrumbList\",\"@id\":\"https:\/\/www.africa-press.net\/niger\/toutes-les-actualites\/celebration-de-la-journee-mondiale-de-la-meteorologie-premiere-ligne-de-laction-climatique-theme-de-la-journee#breadcrumb\",\"itemListElement\":[{\"@type\":\"ListItem\",\"position\":1,\"name\":\"Accueil\",\"item\":\"https:\/\/www.africa-press.net\/niger\/\"},{\"@type\":\"ListItem\",\"position\":2,\"name\":\"C\u00e9l\u00e9bration de la journ\u00e9e mondiale de la m\u00e9t\u00e9orologie : \u00ab Premi\u00e8re ligne de l\u2019action climatique \u00bb, th\u00e8me de la journ\u00e9e\"}]},{\"@type\":\"WebSite\",\"@id\":\"https:\/\/www.africa-press.net\/niger\/#website\",\"url\":\"https:\/\/www.africa-press.net\/niger\/\",\"name\":\"niger\",\"description\":\"Just another Africa News Agency Sites site\",\"potentialAction\":[{\"@type\":\"SearchAction\",\"target\":{\"@type\":\"EntryPoint\",\"urlTemplate\":\"https:\/\/www.africa-press.net\/niger\/?s={search_term_string}\"},\"query-input\":{\"@type\":\"PropertyValueSpecification\",\"valueRequired\":true,\"valueName\":\"search_term_string\"}}],\"inLanguage\":\"fr-FR\"},{\"@type\":\"Person\",\"@id\":\"https:\/\/www.africa-press.net\/niger\/#\/schema\/person\/2b1cf3cd81a31e3cd26889ca66d677f1\",\"name\":\"cfeditorfr\"}]}<\/script>\n<!-- \/ Yoast SEO Premium plugin. -->","yoast_head_json":{"title":"C\u00e9l\u00e9bration de la journ\u00e9e mondiale de la m\u00e9t\u00e9orologie : \u00ab Premi\u00e8re ligne de l\u2019action climatique \u00bb, th\u00e8me de la journ\u00e9e - niger","description":"A l\u2019instar de la communaute\u0301 internationale, le Niger ce\u0301le\u0300bre ce samedi 23 mars 2024, la journe\u0301e me\u0301te\u0301orologique ...","robots":{"index":"index","follow":"follow","max-snippet":"max-snippet:-1","max-image-preview":"max-image-preview:large","max-video-preview":"max-video-preview:-1"},"canonical":"https:\/\/www.africa-press.net\/niger\/toutes-les-actualites\/celebration-de-la-journee-mondiale-de-la-meteorologie-premiere-ligne-de-laction-climatique-theme-de-la-journee","og_locale":"fr_FR","og_type":"article","og_title":"C\u00e9l\u00e9bration de la journ\u00e9e mondiale de la m\u00e9t\u00e9orologie : \u00ab Premi\u00e8re ligne de l\u2019action climatique \u00bb, th\u00e8me de la journ\u00e9e","og_description":"A l\u2019instar de la communaute\u0301 internationale, le Niger ce\u0301le\u0300bre ce samedi 23 mars 2024, la journe\u0301e me\u0301te\u0301orologique ...","og_url":"https:\/\/www.africa-press.net\/niger\/toutes-les-actualites\/celebration-de-la-journee-mondiale-de-la-meteorologie-premiere-ligne-de-laction-climatique-theme-de-la-journee","og_site_name":"niger","article_published_time":"2024-03-23T15:22:52+00:00","article_modified_time":"2024-03-23T16:09:45+00:00","og_image":[{"width":800,"height":533,"url":"https:\/\/static.africa-press.net\/niger\/sites\/40\/2024\/03\/sm_1711197283.443056.jpg","type":"image\/jpeg"}],"author":"cfeditorfr","twitter_card":"summary_large_image","twitter_misc":{"\u00c9crit par":"cfeditorfr","Dur\u00e9e de lecture estim\u00e9e":"3 minutes"},"schema":{"@context":"https:\/\/schema.org","@graph":[{"@type":"Article","@id":"https:\/\/www.africa-press.net\/niger\/toutes-les-actualites\/celebration-de-la-journee-mondiale-de-la-meteorologie-premiere-ligne-de-laction-climatique-theme-de-la-journee#article","isPartOf":{"@id":"https:\/\/www.africa-press.net\/niger\/toutes-les-actualites\/celebration-de-la-journee-mondiale-de-la-meteorologie-premiere-ligne-de-laction-climatique-theme-de-la-journee"},"author":{"name":"cfeditorfr","@id":"https:\/\/www.africa-press.net\/niger\/#\/schema\/person\/2b1cf3cd81a31e3cd26889ca66d677f1"},"headline":"C\u00e9l\u00e9bration de la journ\u00e9e mondiale de la m\u00e9t\u00e9orologie : \u00ab Premi\u00e8re ligne de l\u2019action climatique \u00bb, th\u00e8me de la journ\u00e9e","datePublished":"2024-03-23T15:22:52+00:00","dateModified":"2024-03-23T16:09:45+00:00","mainEntityOfPage":{"@id":"https:\/\/www.africa-press.net\/niger\/toutes-les-actualites\/celebration-de-la-journee-mondiale-de-la-meteorologie-premiere-ligne-de-laction-climatique-theme-de-la-journee"},"wordCount":570,"commentCount":0,"image":{"@id":"https:\/\/www.africa-press.net\/niger\/toutes-les-actualites\/celebration-de-la-journee-mondiale-de-la-meteorologie-premiere-ligne-de-laction-climatique-theme-de-la-journee#primaryimage"},"thumbnailUrl":"https:\/\/static.africa-press.net\/niger\/sites\/40\/2024\/03\/sm_1711197283.443056.jpg","keywords":["Africa Press","Africa Press-Niger","Niger"],"articleSection":["Communaut\u00e9","Toutes les actualit\u00e9s"],"inLanguage":"fr-FR","potentialAction":[{"@type":"CommentAction","name":"Comment","target":["https:\/\/www.africa-press.net\/niger\/toutes-les-actualites\/celebration-de-la-journee-mondiale-de-la-meteorologie-premiere-ligne-de-laction-climatique-theme-de-la-journee#respond"]}]},{"@type":"WebPage","@id":"https:\/\/www.africa-press.net\/niger\/toutes-les-actualites\/celebration-de-la-journee-mondiale-de-la-meteorologie-premiere-ligne-de-laction-climatique-theme-de-la-journee","url":"https:\/\/www.africa-press.net\/niger\/toutes-les-actualites\/celebration-de-la-journee-mondiale-de-la-meteorologie-premiere-ligne-de-laction-climatique-theme-de-la-journee","name":"C\u00e9l\u00e9bration de la journ\u00e9e mondiale de la m\u00e9t\u00e9orologie : \u00ab Premi\u00e8re ligne de l\u2019action climatique \u00bb, th\u00e8me de la journ\u00e9e - niger","isPartOf":{"@id":"https:\/\/www.africa-press.net\/niger\/#website"},"primaryImageOfPage":{"@id":"https:\/\/www.africa-press.net\/niger\/toutes-les-actualites\/celebration-de-la-journee-mondiale-de-la-meteorologie-premiere-ligne-de-laction-climatique-theme-de-la-journee#primaryimage"},"image":{"@id":"https:\/\/www.africa-press.net\/niger\/toutes-les-actualites\/celebration-de-la-journee-mondiale-de-la-meteorologie-premiere-ligne-de-laction-climatique-theme-de-la-journee#primaryimage"},"thumbnailUrl":"https:\/\/static.africa-press.net\/niger\/sites\/40\/2024\/03\/sm_1711197283.443056.jpg","datePublished":"2024-03-23T15:22:52+00:00","dateModified":"2024-03-23T16:09:45+00:00","author":{"@id":"https:\/\/www.africa-press.net\/niger\/#\/schema\/person\/2b1cf3cd81a31e3cd26889ca66d677f1"},"description":"A l\u2019instar de la communaute\u0301 internationale, le Niger ce\u0301le\u0300bre ce samedi 23 mars 2024, la journe\u0301e me\u0301te\u0301orologique ...","breadcrumb":{"@id":"https:\/\/www.africa-press.net\/niger\/toutes-les-actualites\/celebration-de-la-journee-mondiale-de-la-meteorologie-premiere-ligne-de-laction-climatique-theme-de-la-journee#breadcrumb"},"inLanguage":"fr-FR","potentialAction":[{"@type":"ReadAction","target":["https:\/\/www.africa-press.net\/niger\/toutes-les-actualites\/celebration-de-la-journee-mondiale-de-la-meteorologie-premiere-ligne-de-laction-climatique-theme-de-la-journee"]}]},{"@type":"ImageObject","inLanguage":"fr-FR","@id":"https:\/\/www.africa-press.net\/niger\/toutes-les-actualites\/celebration-de-la-journee-mondiale-de-la-meteorologie-premiere-ligne-de-laction-climatique-theme-de-la-journee#primaryimage","url":"https:\/\/static.africa-press.net\/niger\/sites\/40\/2024\/03\/sm_1711197283.443056.jpg","contentUrl":"https:\/\/static.africa-press.net\/niger\/sites\/40\/2024\/03\/sm_1711197283.443056.jpg","width":800,"height":533,"caption":"C\u00e9l\u00e9bration de la journ\u00e9e mondiale de la m\u00e9t\u00e9orologie : \u00ab Premi\u00e8re ligne de l\u2019action climatique \u00bb, th\u00e8me de la journ\u00e9e"},{"@type":"BreadcrumbList","@id":"https:\/\/www.africa-press.net\/niger\/toutes-les-actualites\/celebration-de-la-journee-mondiale-de-la-meteorologie-premiere-ligne-de-laction-climatique-theme-de-la-journee#breadcrumb","itemListElement":[{"@type":"ListItem","position":1,"name":"Accueil","item":"https:\/\/www.africa-press.net\/niger\/"},{"@type":"ListItem","position":2,"name":"C\u00e9l\u00e9bration de la journ\u00e9e mondiale de la m\u00e9t\u00e9orologie : \u00ab Premi\u00e8re ligne de l\u2019action climatique \u00bb, th\u00e8me de la journ\u00e9e"}]},{"@type":"WebSite","@id":"https:\/\/www.africa-press.net\/niger\/#website","url":"https:\/\/www.africa-press.net\/niger\/","name":"niger","description":"Just another Africa News Agency Sites site","potentialAction":[{"@type":"SearchAction","target":{"@type":"EntryPoint","urlTemplate":"https:\/\/www.africa-press.net\/niger\/?s={search_term_string}"},"query-input":{"@type":"PropertyValueSpecification","valueRequired":true,"valueName":"search_term_string"}}],"inLanguage":"fr-FR"},{"@type":"Person","@id":"https:\/\/www.africa-press.net\/niger\/#\/schema\/person\/2b1cf3cd81a31e3cd26889ca66d677f1","name":"cfeditorfr"}]}},"_links":{"self":[{"href":"https:\/\/www.africa-press.net\/niger\/wp-json\/wp\/v2\/posts\/60457","targetHints":{"allow":["GET"]}}],"collection":[{"href":"https:\/\/www.africa-press.net\/niger\/wp-json\/wp\/v2\/posts"}],"about":[{"href":"https:\/\/www.africa-press.net\/niger\/wp-json\/wp\/v2\/types\/post"}],"author":[{"embeddable":true,"href":"https:\/\/www.africa-press.net\/niger\/wp-json\/wp\/v2\/users\/82"}],"replies":[{"embeddable":true,"href":"https:\/\/www.africa-press.net\/niger\/wp-json\/wp\/v2\/comments?post=60457"}],"version-history":[{"count":0,"href":"https:\/\/www.africa-press.net\/niger\/wp-json\/wp\/v2\/posts\/60457\/revisions"}],"wp:featuredmedia":[{"embeddable":true,"href":"https:\/\/www.africa-press.net\/niger\/wp-json\/wp\/v2\/media\/60456"}],"wp:attachment":[{"href":"https:\/\/www.africa-press.net\/niger\/wp-json\/wp\/v2\/media?parent=60457"}],"wp:term":[{"taxonomy":"category","embeddable":true,"href":"https:\/\/www.africa-press.net\/niger\/wp-json\/wp\/v2\/categories?post=60457"},{"taxonomy":"post_tag","embeddable":true,"href":"https:\/\/www.africa-press.net\/niger\/wp-json\/wp\/v2\/tags?post=60457"}],"curies":[{"name":"wp","href":"https:\/\/api.w.org\/{rel}","templated":true}]}}