{"id":60474,"date":"2024-03-24T07:13:08","date_gmt":"2024-03-24T07:13:08","guid":{"rendered":"https:\/\/www.africa-press.net\/niger\/politique\/mise-en-place-de-la-commission-chargee-de-bapteme-des-rues-et-places-publiques-de-la-ville-de-niamey"},"modified":"2024-03-24T07:47:34","modified_gmt":"2024-03-24T07:47:34","slug":"mise-en-place-de-la-commission-chargee-de-bapteme-des-rues-et-places-publiques-de-la-ville-de-niamey","status":"publish","type":"post","link":"https:\/\/www.africa-press.net\/niger\/politique\/mise-en-place-de-la-commission-chargee-de-bapteme-des-rues-et-places-publiques-de-la-ville-de-niamey","title":{"rendered":"Mise en place de la commission charg\u00e9e de bapt\u00eame des rues et places publiques de la ville de Niamey"},"content":{"rendered":"<p><span style=\"color: #ff6600\"><strong>Africa-Press &#8211; Niger. <\/strong><\/span>Le ministre de la Jeunesse, de la Culture, des Arts et des Sports, le Colonel-major Abdourahamane Amadou, a proce\u0301de\u0301 le vendredi 22 mars 2024 a\u0300 Niamey, a\u0300 l\u2019installation de la commission charge\u0301e de baptiser les rues et places publiques de la ville de Niamey.<\/p>\n<p>Cette commission a pour mission d\u2019identifier, de re\u0301pertorier, de baptiser et\/ou rebaptiser les avenues, les rues, les boulevards et les places publiques de la ville de Niamey. Cette ope\u0301ration, loin d\u2019e\u0302tre un faire-valoir, vise a\u0300 mettre l\u2019accent sur les figures historiques nationales en vue d\u2019immortaliser leurs noms et perpe\u0301tuer leurs \u00df. \u00ab C\u2019est donc, dans cette optique de reconnai\u0302tre, valoriser et rendre hommage a\u0300 nos he\u0301ros, nos figures emble\u0301matiques et historiques qui nous ont inspire\u0301s et qui continuent d\u2019inspirer notre jeune ge\u0301ne\u0301ration que cette commission a e\u0301te\u0301 cre\u0301e\u0301e \u00bb, a indique\u0301 le Colonel-major Abdourahamane Amadou.<\/p>\n<p>Avec le travail de cette commission, tous les lieux publics de la ville de Niamey porteront des noms charge\u0301s de sens symbolisant l\u2019histoire du Niger. En proce\u0301dant a\u0300 la mise en place de ladite commission, le ministre avait a\u0300 co\u0302te\u0301s le houverneur de la re\u0301gion de Niamey et le maire central de la ville de Niamey.<\/p>\n<p>&nbsp;<\/p>\n<p><strong>Pour plus d&rsquo;informations et d&rsquo;analyses sur la <a href=\"https:\/\/www.africa-press.net\/niger\">Niger<\/a>, suivez <a href=\"https:\/\/www.africa-press.net\/\">Africa-Press<\/a><\/strong><\/p>\n","protected":false},"excerpt":{"rendered":"<p>Africa-Press &#8211; Niger. Le ministre de la Jeunesse, de la Culture, des Arts et des Sports, le Colonel-major Abdourahamane Amadou, a proce\u0301de\u0301 le vendredi 22 mars 2024 a\u0300 Niamey, a\u0300 l\u2019installation de la commission charge\u0301e de baptiser les rues et places publiques de la ville de Niamey. Cette commission a pour mission d\u2019identifier, de re\u0301pertorier, [&hellip;]<\/p>\n","protected":false},"author":82,"featured_media":60473,"comment_status":"open","ping_status":"closed","sticky":false,"template":"","format":"standard","meta":{"footnotes":""},"categories":[2,10],"tags":[55,60,29],"class_list":["post-60474","post","type-post","status-publish","format-standard","has-post-thumbnail","hentry","category-politique","category-toutes-les-actualites","tag-africa-press","tag-africa-press-niger","tag-niger"],"yoast_head":"<!-- This site is optimized with the Yoast SEO Premium plugin v26.1 (Yoast SEO v27.0) - https:\/\/yoast.com\/product\/yoast-seo-premium-wordpress\/ -->\n<title>Mise en place de la commission charg\u00e9e de bapt\u00eame des rues et places publiques de la ville de Niamey - niger<\/title>\n<meta name=\"description\" content=\"Le ministre de la Jeunesse, de la Culture, des Arts et des Sports, le Colonel-major Abdourahamane Amadou, a proce\u0301de\u0301 le ...\" \/>\n<meta name=\"robots\" content=\"index, follow, max-snippet:-1, max-image-preview:large, max-video-preview:-1\" \/>\n<link rel=\"canonical\" href=\"https:\/\/www.africa-press.net\/niger\/politique\/mise-en-place-de-la-commission-chargee-de-bapteme-des-rues-et-places-publiques-de-la-ville-de-niamey\" \/>\n<meta property=\"og:locale\" content=\"fr_FR\" \/>\n<meta property=\"og:type\" content=\"article\" \/>\n<meta property=\"og:title\" content=\"Mise en place de la commission charg\u00e9e de bapt\u00eame des rues et places publiques de la ville de Niamey\" \/>\n<meta property=\"og:description\" content=\"Le ministre de la Jeunesse, de la Culture, des Arts et des Sports, le Colonel-major Abdourahamane Amadou, a proce\u0301de\u0301 le ...\" \/>\n<meta property=\"og:url\" content=\"https:\/\/www.africa-press.net\/niger\/politique\/mise-en-place-de-la-commission-chargee-de-bapteme-des-rues-et-places-publiques-de-la-ville-de-niamey\" \/>\n<meta property=\"og:site_name\" content=\"niger\" \/>\n<meta property=\"article:published_time\" content=\"2024-03-24T07:13:08+00:00\" \/>\n<meta property=\"article:modified_time\" content=\"2024-03-24T07:47:34+00:00\" \/>\n<meta property=\"og:image\" content=\"https:\/\/static.africa-press.net\/niger\/sites\/40\/2024\/03\/sm_1711253705.969117.jpg\" \/>\n\t<meta property=\"og:image:width\" content=\"800\" \/>\n\t<meta property=\"og:image:height\" content=\"534\" \/>\n\t<meta property=\"og:image:type\" content=\"image\/jpeg\" \/>\n<meta name=\"author\" content=\"cfeditorfr\" \/>\n<meta name=\"twitter:card\" content=\"summary_large_image\" \/>\n<meta name=\"twitter:label1\" content=\"\u00c9crit par\" \/>\n\t<meta name=\"twitter:data1\" content=\"cfeditorfr\" \/>\n\t<meta name=\"twitter:label2\" content=\"Dur\u00e9e de lecture estim\u00e9e\" \/>\n\t<meta name=\"twitter:data2\" content=\"1 minute\" \/>\n<script type=\"application\/ld+json\" class=\"yoast-schema-graph\">{\"@context\":\"https:\/\/schema.org\",\"@graph\":[{\"@type\":\"Article\",\"@id\":\"https:\/\/www.africa-press.net\/niger\/politique\/mise-en-place-de-la-commission-chargee-de-bapteme-des-rues-et-places-publiques-de-la-ville-de-niamey#article\",\"isPartOf\":{\"@id\":\"https:\/\/www.africa-press.net\/niger\/politique\/mise-en-place-de-la-commission-chargee-de-bapteme-des-rues-et-places-publiques-de-la-ville-de-niamey\"},\"author\":{\"name\":\"cfeditorfr\",\"@id\":\"https:\/\/www.africa-press.net\/niger\/#\/schema\/person\/2b1cf3cd81a31e3cd26889ca66d677f1\"},\"headline\":\"Mise en place de la commission charg\u00e9e de bapt\u00eame des rues et places publiques de la ville de Niamey\",\"datePublished\":\"2024-03-24T07:13:08+00:00\",\"dateModified\":\"2024-03-24T07:47:34+00:00\",\"mainEntityOfPage\":{\"@id\":\"https:\/\/www.africa-press.net\/niger\/politique\/mise-en-place-de-la-commission-chargee-de-bapteme-des-rues-et-places-publiques-de-la-ville-de-niamey\"},\"wordCount\":256,\"commentCount\":0,\"image\":{\"@id\":\"https:\/\/www.africa-press.net\/niger\/politique\/mise-en-place-de-la-commission-chargee-de-bapteme-des-rues-et-places-publiques-de-la-ville-de-niamey#primaryimage\"},\"thumbnailUrl\":\"https:\/\/static.africa-press.net\/niger\/sites\/40\/2024\/03\/sm_1711253705.969117.jpg\",\"keywords\":[\"Africa Press\",\"Africa Press-Niger\",\"Niger\"],\"articleSection\":[\"Politique\",\"Toutes les actualit\u00e9s\"],\"inLanguage\":\"fr-FR\",\"potentialAction\":[{\"@type\":\"CommentAction\",\"name\":\"Comment\",\"target\":[\"https:\/\/www.africa-press.net\/niger\/politique\/mise-en-place-de-la-commission-chargee-de-bapteme-des-rues-et-places-publiques-de-la-ville-de-niamey#respond\"]}]},{\"@type\":\"WebPage\",\"@id\":\"https:\/\/www.africa-press.net\/niger\/politique\/mise-en-place-de-la-commission-chargee-de-bapteme-des-rues-et-places-publiques-de-la-ville-de-niamey\",\"url\":\"https:\/\/www.africa-press.net\/niger\/politique\/mise-en-place-de-la-commission-chargee-de-bapteme-des-rues-et-places-publiques-de-la-ville-de-niamey\",\"name\":\"Mise en place de la commission charg\u00e9e de bapt\u00eame des rues et places publiques de la ville de Niamey - niger\",\"isPartOf\":{\"@id\":\"https:\/\/www.africa-press.net\/niger\/#website\"},\"primaryImageOfPage\":{\"@id\":\"https:\/\/www.africa-press.net\/niger\/politique\/mise-en-place-de-la-commission-chargee-de-bapteme-des-rues-et-places-publiques-de-la-ville-de-niamey#primaryimage\"},\"image\":{\"@id\":\"https:\/\/www.africa-press.net\/niger\/politique\/mise-en-place-de-la-commission-chargee-de-bapteme-des-rues-et-places-publiques-de-la-ville-de-niamey#primaryimage\"},\"thumbnailUrl\":\"https:\/\/static.africa-press.net\/niger\/sites\/40\/2024\/03\/sm_1711253705.969117.jpg\",\"datePublished\":\"2024-03-24T07:13:08+00:00\",\"dateModified\":\"2024-03-24T07:47:34+00:00\",\"author\":{\"@id\":\"https:\/\/www.africa-press.net\/niger\/#\/schema\/person\/2b1cf3cd81a31e3cd26889ca66d677f1\"},\"description\":\"Le ministre de la Jeunesse, de la Culture, des Arts et des Sports, le Colonel-major Abdourahamane Amadou, a proce\u0301de\u0301 le ...\",\"breadcrumb\":{\"@id\":\"https:\/\/www.africa-press.net\/niger\/politique\/mise-en-place-de-la-commission-chargee-de-bapteme-des-rues-et-places-publiques-de-la-ville-de-niamey#breadcrumb\"},\"inLanguage\":\"fr-FR\",\"potentialAction\":[{\"@type\":\"ReadAction\",\"target\":[\"https:\/\/www.africa-press.net\/niger\/politique\/mise-en-place-de-la-commission-chargee-de-bapteme-des-rues-et-places-publiques-de-la-ville-de-niamey\"]}]},{\"@type\":\"ImageObject\",\"inLanguage\":\"fr-FR\",\"@id\":\"https:\/\/www.africa-press.net\/niger\/politique\/mise-en-place-de-la-commission-chargee-de-bapteme-des-rues-et-places-publiques-de-la-ville-de-niamey#primaryimage\",\"url\":\"https:\/\/static.africa-press.net\/niger\/sites\/40\/2024\/03\/sm_1711253705.969117.jpg\",\"contentUrl\":\"https:\/\/static.africa-press.net\/niger\/sites\/40\/2024\/03\/sm_1711253705.969117.jpg\",\"width\":800,\"height\":534,\"caption\":\"Mise en place de la commission charg\u00e9e de bapt\u00eame des rues et places publiques de la ville de Niamey\"},{\"@type\":\"BreadcrumbList\",\"@id\":\"https:\/\/www.africa-press.net\/niger\/politique\/mise-en-place-de-la-commission-chargee-de-bapteme-des-rues-et-places-publiques-de-la-ville-de-niamey#breadcrumb\",\"itemListElement\":[{\"@type\":\"ListItem\",\"position\":1,\"name\":\"Accueil\",\"item\":\"https:\/\/www.africa-press.net\/niger\/\"},{\"@type\":\"ListItem\",\"position\":2,\"name\":\"Mise en place de la commission charg\u00e9e de bapt\u00eame des rues et places publiques de la ville de Niamey\"}]},{\"@type\":\"WebSite\",\"@id\":\"https:\/\/www.africa-press.net\/niger\/#website\",\"url\":\"https:\/\/www.africa-press.net\/niger\/\",\"name\":\"niger\",\"description\":\"Just another Africa News Agency Sites site\",\"potentialAction\":[{\"@type\":\"SearchAction\",\"target\":{\"@type\":\"EntryPoint\",\"urlTemplate\":\"https:\/\/www.africa-press.net\/niger\/?s={search_term_string}\"},\"query-input\":{\"@type\":\"PropertyValueSpecification\",\"valueRequired\":true,\"valueName\":\"search_term_string\"}}],\"inLanguage\":\"fr-FR\"},{\"@type\":\"Person\",\"@id\":\"https:\/\/www.africa-press.net\/niger\/#\/schema\/person\/2b1cf3cd81a31e3cd26889ca66d677f1\",\"name\":\"cfeditorfr\"}]}<\/script>\n<!-- \/ Yoast SEO Premium plugin. -->","yoast_head_json":{"title":"Mise en place de la commission charg\u00e9e de bapt\u00eame des rues et places publiques de la ville de Niamey - niger","description":"Le ministre de la Jeunesse, de la Culture, des Arts et des Sports, le Colonel-major Abdourahamane Amadou, a proce\u0301de\u0301 le ...","robots":{"index":"index","follow":"follow","max-snippet":"max-snippet:-1","max-image-preview":"max-image-preview:large","max-video-preview":"max-video-preview:-1"},"canonical":"https:\/\/www.africa-press.net\/niger\/politique\/mise-en-place-de-la-commission-chargee-de-bapteme-des-rues-et-places-publiques-de-la-ville-de-niamey","og_locale":"fr_FR","og_type":"article","og_title":"Mise en place de la commission charg\u00e9e de bapt\u00eame des rues et places publiques de la ville de Niamey","og_description":"Le ministre de la Jeunesse, de la Culture, des Arts et des Sports, le Colonel-major Abdourahamane Amadou, a proce\u0301de\u0301 le ...","og_url":"https:\/\/www.africa-press.net\/niger\/politique\/mise-en-place-de-la-commission-chargee-de-bapteme-des-rues-et-places-publiques-de-la-ville-de-niamey","og_site_name":"niger","article_published_time":"2024-03-24T07:13:08+00:00","article_modified_time":"2024-03-24T07:47:34+00:00","og_image":[{"width":800,"height":534,"url":"https:\/\/static.africa-press.net\/niger\/sites\/40\/2024\/03\/sm_1711253705.969117.jpg","type":"image\/jpeg"}],"author":"cfeditorfr","twitter_card":"summary_large_image","twitter_misc":{"\u00c9crit par":"cfeditorfr","Dur\u00e9e de lecture estim\u00e9e":"1 minute"},"schema":{"@context":"https:\/\/schema.org","@graph":[{"@type":"Article","@id":"https:\/\/www.africa-press.net\/niger\/politique\/mise-en-place-de-la-commission-chargee-de-bapteme-des-rues-et-places-publiques-de-la-ville-de-niamey#article","isPartOf":{"@id":"https:\/\/www.africa-press.net\/niger\/politique\/mise-en-place-de-la-commission-chargee-de-bapteme-des-rues-et-places-publiques-de-la-ville-de-niamey"},"author":{"name":"cfeditorfr","@id":"https:\/\/www.africa-press.net\/niger\/#\/schema\/person\/2b1cf3cd81a31e3cd26889ca66d677f1"},"headline":"Mise en place de la commission charg\u00e9e de bapt\u00eame des rues et places publiques de la ville de Niamey","datePublished":"2024-03-24T07:13:08+00:00","dateModified":"2024-03-24T07:47:34+00:00","mainEntityOfPage":{"@id":"https:\/\/www.africa-press.net\/niger\/politique\/mise-en-place-de-la-commission-chargee-de-bapteme-des-rues-et-places-publiques-de-la-ville-de-niamey"},"wordCount":256,"commentCount":0,"image":{"@id":"https:\/\/www.africa-press.net\/niger\/politique\/mise-en-place-de-la-commission-chargee-de-bapteme-des-rues-et-places-publiques-de-la-ville-de-niamey#primaryimage"},"thumbnailUrl":"https:\/\/static.africa-press.net\/niger\/sites\/40\/2024\/03\/sm_1711253705.969117.jpg","keywords":["Africa Press","Africa Press-Niger","Niger"],"articleSection":["Politique","Toutes les actualit\u00e9s"],"inLanguage":"fr-FR","potentialAction":[{"@type":"CommentAction","name":"Comment","target":["https:\/\/www.africa-press.net\/niger\/politique\/mise-en-place-de-la-commission-chargee-de-bapteme-des-rues-et-places-publiques-de-la-ville-de-niamey#respond"]}]},{"@type":"WebPage","@id":"https:\/\/www.africa-press.net\/niger\/politique\/mise-en-place-de-la-commission-chargee-de-bapteme-des-rues-et-places-publiques-de-la-ville-de-niamey","url":"https:\/\/www.africa-press.net\/niger\/politique\/mise-en-place-de-la-commission-chargee-de-bapteme-des-rues-et-places-publiques-de-la-ville-de-niamey","name":"Mise en place de la commission charg\u00e9e de bapt\u00eame des rues et places publiques de la ville de Niamey - niger","isPartOf":{"@id":"https:\/\/www.africa-press.net\/niger\/#website"},"primaryImageOfPage":{"@id":"https:\/\/www.africa-press.net\/niger\/politique\/mise-en-place-de-la-commission-chargee-de-bapteme-des-rues-et-places-publiques-de-la-ville-de-niamey#primaryimage"},"image":{"@id":"https:\/\/www.africa-press.net\/niger\/politique\/mise-en-place-de-la-commission-chargee-de-bapteme-des-rues-et-places-publiques-de-la-ville-de-niamey#primaryimage"},"thumbnailUrl":"https:\/\/static.africa-press.net\/niger\/sites\/40\/2024\/03\/sm_1711253705.969117.jpg","datePublished":"2024-03-24T07:13:08+00:00","dateModified":"2024-03-24T07:47:34+00:00","author":{"@id":"https:\/\/www.africa-press.net\/niger\/#\/schema\/person\/2b1cf3cd81a31e3cd26889ca66d677f1"},"description":"Le ministre de la Jeunesse, de la Culture, des Arts et des Sports, le Colonel-major Abdourahamane Amadou, a proce\u0301de\u0301 le ...","breadcrumb":{"@id":"https:\/\/www.africa-press.net\/niger\/politique\/mise-en-place-de-la-commission-chargee-de-bapteme-des-rues-et-places-publiques-de-la-ville-de-niamey#breadcrumb"},"inLanguage":"fr-FR","potentialAction":[{"@type":"ReadAction","target":["https:\/\/www.africa-press.net\/niger\/politique\/mise-en-place-de-la-commission-chargee-de-bapteme-des-rues-et-places-publiques-de-la-ville-de-niamey"]}]},{"@type":"ImageObject","inLanguage":"fr-FR","@id":"https:\/\/www.africa-press.net\/niger\/politique\/mise-en-place-de-la-commission-chargee-de-bapteme-des-rues-et-places-publiques-de-la-ville-de-niamey#primaryimage","url":"https:\/\/static.africa-press.net\/niger\/sites\/40\/2024\/03\/sm_1711253705.969117.jpg","contentUrl":"https:\/\/static.africa-press.net\/niger\/sites\/40\/2024\/03\/sm_1711253705.969117.jpg","width":800,"height":534,"caption":"Mise en place de la commission charg\u00e9e de bapt\u00eame des rues et places publiques de la ville de Niamey"},{"@type":"BreadcrumbList","@id":"https:\/\/www.africa-press.net\/niger\/politique\/mise-en-place-de-la-commission-chargee-de-bapteme-des-rues-et-places-publiques-de-la-ville-de-niamey#breadcrumb","itemListElement":[{"@type":"ListItem","position":1,"name":"Accueil","item":"https:\/\/www.africa-press.net\/niger\/"},{"@type":"ListItem","position":2,"name":"Mise en place de la commission charg\u00e9e de bapt\u00eame des rues et places publiques de la ville de Niamey"}]},{"@type":"WebSite","@id":"https:\/\/www.africa-press.net\/niger\/#website","url":"https:\/\/www.africa-press.net\/niger\/","name":"niger","description":"Just another Africa News Agency Sites site","potentialAction":[{"@type":"SearchAction","target":{"@type":"EntryPoint","urlTemplate":"https:\/\/www.africa-press.net\/niger\/?s={search_term_string}"},"query-input":{"@type":"PropertyValueSpecification","valueRequired":true,"valueName":"search_term_string"}}],"inLanguage":"fr-FR"},{"@type":"Person","@id":"https:\/\/www.africa-press.net\/niger\/#\/schema\/person\/2b1cf3cd81a31e3cd26889ca66d677f1","name":"cfeditorfr"}]}},"_links":{"self":[{"href":"https:\/\/www.africa-press.net\/niger\/wp-json\/wp\/v2\/posts\/60474","targetHints":{"allow":["GET"]}}],"collection":[{"href":"https:\/\/www.africa-press.net\/niger\/wp-json\/wp\/v2\/posts"}],"about":[{"href":"https:\/\/www.africa-press.net\/niger\/wp-json\/wp\/v2\/types\/post"}],"author":[{"embeddable":true,"href":"https:\/\/www.africa-press.net\/niger\/wp-json\/wp\/v2\/users\/82"}],"replies":[{"embeddable":true,"href":"https:\/\/www.africa-press.net\/niger\/wp-json\/wp\/v2\/comments?post=60474"}],"version-history":[{"count":0,"href":"https:\/\/www.africa-press.net\/niger\/wp-json\/wp\/v2\/posts\/60474\/revisions"}],"wp:featuredmedia":[{"embeddable":true,"href":"https:\/\/www.africa-press.net\/niger\/wp-json\/wp\/v2\/media\/60473"}],"wp:attachment":[{"href":"https:\/\/www.africa-press.net\/niger\/wp-json\/wp\/v2\/media?parent=60474"}],"wp:term":[{"taxonomy":"category","embeddable":true,"href":"https:\/\/www.africa-press.net\/niger\/wp-json\/wp\/v2\/categories?post=60474"},{"taxonomy":"post_tag","embeddable":true,"href":"https:\/\/www.africa-press.net\/niger\/wp-json\/wp\/v2\/tags?post=60474"}],"curies":[{"name":"wp","href":"https:\/\/api.w.org\/{rel}","templated":true}]}}