{"id":60490,"date":"2024-03-25T10:33:46","date_gmt":"2024-03-25T10:33:46","guid":{"rendered":"https:\/\/www.africa-press.net\/niger\/politique\/23-soldats-tues-et-17-autres-blesses-dans-une-attaque-terroriste"},"modified":"2024-03-25T10:43:54","modified_gmt":"2024-03-25T10:43:54","slug":"23-soldats-tues-et-17-autres-blesses-dans-une-attaque-terroriste","status":"publish","type":"post","link":"https:\/\/www.africa-press.net\/niger\/politique\/23-soldats-tues-et-17-autres-blesses-dans-une-attaque-terroriste","title":{"rendered":"23 soldats tu\u00e9s et 17 autres bless\u00e9s dans une attaque terroriste"},"content":{"rendered":"<p><span style=\"color: #ff6600\"><strong>Africa-Press &#8211; Niger. <\/strong><\/span>Face a\u0300 cette situation dramatique, l&rsquo;arme\u0301e nige\u0301rienne a rapidement re\u0301agi en lanc\u0327ant une riposte efficace contre les terroristes responsables. Gra\u0302ce a\u0300 l&rsquo;action de\u0301termine\u0301e des forces arme\u0301es, plusieurs terroristes ont e\u0301te\u0301 neutralise\u0301s selon un communique\u0301 du Ministe\u0300re de la De\u0301fense Nationale.<\/p>\n<p>Cette attaque terroriste suscite une vive e\u0301motion tant au niveau national qu&rsquo;international. En effet, dans un communique\u0301 publie\u0301 le 23 mars, la Communaute\u0301 e\u0301conomique des E\u0301tats d&rsquo;Afrique de l&rsquo;Ouest (CEDEAO) exprime sa profonde tristesse face a\u0300 cette trage\u0301die. La CEDEAO condamne fermement ces actes la\u0302ches et barbares tout en pre\u0301sentant ses since\u0300res condole\u0301ances au gouvernement et au peuple nige\u0301rien.<\/p>\n<p>Cette nouvelle attaque vient malheureusement rappeler la menace persistante du terrorisme qui se\u0301vit dans cette re\u0301gion du Sahel. Le Niger fait face depuis plusieurs anne\u0301es a\u0300 des groupes arme\u0301s terroristes qui se\u0300ment le chaos et cherchent a\u0300 de\u0301stabiliser les institutions de\u0301mocratiques du pays.<\/p>\n<p>Il est essentiel que la communaute\u0301 internationale renforce son soutien au Niger dans sa lutte contre le terrorisme afin d&rsquo;assurer la se\u0301curite\u0301 et la stabilite\u0301 non seulement pour ce pays mais e\u0301galement pour toute la re\u0301gion du Sahel.<\/p>\n<p><strong>Pour plus d&rsquo;informations et d&rsquo;analyses sur la <a href=\"https:\/\/www.africa-press.net\/niger\">Niger<\/a>, suivez <a href=\"https:\/\/www.africa-press.net\/\">Africa-Press<\/a><\/strong><\/p>\n","protected":false},"excerpt":{"rendered":"<p>Africa-Press &#8211; Niger. Face a\u0300 cette situation dramatique, l&rsquo;arme\u0301e nige\u0301rienne a rapidement re\u0301agi en lanc\u0327ant une riposte efficace contre les terroristes responsables. Gra\u0302ce a\u0300 l&rsquo;action de\u0301termine\u0301e des forces arme\u0301es, plusieurs terroristes ont e\u0301te\u0301 neutralise\u0301s selon un communique\u0301 du Ministe\u0300re de la De\u0301fense Nationale. Cette attaque terroriste suscite une vive e\u0301motion tant au niveau national qu&rsquo;international. [&hellip;]<\/p>\n","protected":false},"author":82,"featured_media":60489,"comment_status":"open","ping_status":"closed","sticky":false,"template":"","format":"standard","meta":{"footnotes":""},"categories":[2,10],"tags":[55,60,29],"class_list":["post-60490","post","type-post","status-publish","format-standard","has-post-thumbnail","hentry","category-politique","category-toutes-les-actualites","tag-africa-press","tag-africa-press-niger","tag-niger"],"yoast_head":"<!-- This site is optimized with the Yoast SEO Premium plugin v26.1 (Yoast SEO v27.0) - https:\/\/yoast.com\/product\/yoast-seo-premium-wordpress\/ -->\n<title>23 soldats tu\u00e9s et 17 autres bless\u00e9s dans une attaque terroriste - niger<\/title>\n<meta name=\"description\" content=\"Face a\u0300 cette situation dramatique, l&#039;arme\u0301e nige\u0301rienne a rapidement re\u0301agi en lanc\u0327ant une riposte efficace contre les ...\" \/>\n<meta name=\"robots\" content=\"index, follow, max-snippet:-1, max-image-preview:large, max-video-preview:-1\" \/>\n<link rel=\"canonical\" href=\"https:\/\/www.africa-press.net\/niger\/politique\/23-soldats-tues-et-17-autres-blesses-dans-une-attaque-terroriste\" \/>\n<meta property=\"og:locale\" content=\"fr_FR\" \/>\n<meta property=\"og:type\" content=\"article\" \/>\n<meta property=\"og:title\" content=\"23 soldats tu\u00e9s et 17 autres bless\u00e9s dans une attaque terroriste\" \/>\n<meta property=\"og:description\" content=\"Face a\u0300 cette situation dramatique, l&#039;arme\u0301e nige\u0301rienne a rapidement re\u0301agi en lanc\u0327ant une riposte efficace contre les ...\" \/>\n<meta property=\"og:url\" content=\"https:\/\/www.africa-press.net\/niger\/politique\/23-soldats-tues-et-17-autres-blesses-dans-une-attaque-terroriste\" \/>\n<meta property=\"og:site_name\" content=\"niger\" \/>\n<meta property=\"article:published_time\" content=\"2024-03-25T10:33:46+00:00\" \/>\n<meta property=\"article:modified_time\" content=\"2024-03-25T10:43:54+00:00\" \/>\n<meta property=\"og:image\" content=\"https:\/\/static.africa-press.net\/niger\/sites\/40\/2024\/03\/sm_1711350672.366826.jpg\" \/>\n\t<meta property=\"og:image:width\" content=\"1280\" \/>\n\t<meta property=\"og:image:height\" content=\"720\" \/>\n\t<meta property=\"og:image:type\" content=\"image\/jpeg\" \/>\n<meta name=\"author\" content=\"cfeditorfr\" \/>\n<meta name=\"twitter:card\" content=\"summary_large_image\" \/>\n<meta name=\"twitter:label1\" content=\"\u00c9crit par\" \/>\n\t<meta name=\"twitter:data1\" content=\"cfeditorfr\" \/>\n\t<meta name=\"twitter:label2\" content=\"Dur\u00e9e de lecture estim\u00e9e\" \/>\n\t<meta name=\"twitter:data2\" content=\"1 minute\" \/>\n<script type=\"application\/ld+json\" class=\"yoast-schema-graph\">{\"@context\":\"https:\/\/schema.org\",\"@graph\":[{\"@type\":\"Article\",\"@id\":\"https:\/\/www.africa-press.net\/niger\/politique\/23-soldats-tues-et-17-autres-blesses-dans-une-attaque-terroriste#article\",\"isPartOf\":{\"@id\":\"https:\/\/www.africa-press.net\/niger\/politique\/23-soldats-tues-et-17-autres-blesses-dans-une-attaque-terroriste\"},\"author\":{\"name\":\"cfeditorfr\",\"@id\":\"https:\/\/www.africa-press.net\/niger\/#\/schema\/person\/2b1cf3cd81a31e3cd26889ca66d677f1\"},\"headline\":\"23 soldats tu\u00e9s et 17 autres bless\u00e9s dans une attaque terroriste\",\"datePublished\":\"2024-03-25T10:33:46+00:00\",\"dateModified\":\"2024-03-25T10:43:54+00:00\",\"mainEntityOfPage\":{\"@id\":\"https:\/\/www.africa-press.net\/niger\/politique\/23-soldats-tues-et-17-autres-blesses-dans-une-attaque-terroriste\"},\"wordCount\":242,\"commentCount\":0,\"image\":{\"@id\":\"https:\/\/www.africa-press.net\/niger\/politique\/23-soldats-tues-et-17-autres-blesses-dans-une-attaque-terroriste#primaryimage\"},\"thumbnailUrl\":\"https:\/\/static.africa-press.net\/niger\/sites\/40\/2024\/03\/sm_1711350672.366826.jpg\",\"keywords\":[\"Africa Press\",\"Africa Press-Niger\",\"Niger\"],\"articleSection\":[\"Politique\",\"Toutes les actualit\u00e9s\"],\"inLanguage\":\"fr-FR\",\"potentialAction\":[{\"@type\":\"CommentAction\",\"name\":\"Comment\",\"target\":[\"https:\/\/www.africa-press.net\/niger\/politique\/23-soldats-tues-et-17-autres-blesses-dans-une-attaque-terroriste#respond\"]}]},{\"@type\":\"WebPage\",\"@id\":\"https:\/\/www.africa-press.net\/niger\/politique\/23-soldats-tues-et-17-autres-blesses-dans-une-attaque-terroriste\",\"url\":\"https:\/\/www.africa-press.net\/niger\/politique\/23-soldats-tues-et-17-autres-blesses-dans-une-attaque-terroriste\",\"name\":\"23 soldats tu\u00e9s et 17 autres bless\u00e9s dans une attaque terroriste - niger\",\"isPartOf\":{\"@id\":\"https:\/\/www.africa-press.net\/niger\/#website\"},\"primaryImageOfPage\":{\"@id\":\"https:\/\/www.africa-press.net\/niger\/politique\/23-soldats-tues-et-17-autres-blesses-dans-une-attaque-terroriste#primaryimage\"},\"image\":{\"@id\":\"https:\/\/www.africa-press.net\/niger\/politique\/23-soldats-tues-et-17-autres-blesses-dans-une-attaque-terroriste#primaryimage\"},\"thumbnailUrl\":\"https:\/\/static.africa-press.net\/niger\/sites\/40\/2024\/03\/sm_1711350672.366826.jpg\",\"datePublished\":\"2024-03-25T10:33:46+00:00\",\"dateModified\":\"2024-03-25T10:43:54+00:00\",\"author\":{\"@id\":\"https:\/\/www.africa-press.net\/niger\/#\/schema\/person\/2b1cf3cd81a31e3cd26889ca66d677f1\"},\"description\":\"Face a\u0300 cette situation dramatique, l'arme\u0301e nige\u0301rienne a rapidement re\u0301agi en lanc\u0327ant une riposte efficace contre les ...\",\"breadcrumb\":{\"@id\":\"https:\/\/www.africa-press.net\/niger\/politique\/23-soldats-tues-et-17-autres-blesses-dans-une-attaque-terroriste#breadcrumb\"},\"inLanguage\":\"fr-FR\",\"potentialAction\":[{\"@type\":\"ReadAction\",\"target\":[\"https:\/\/www.africa-press.net\/niger\/politique\/23-soldats-tues-et-17-autres-blesses-dans-une-attaque-terroriste\"]}]},{\"@type\":\"ImageObject\",\"inLanguage\":\"fr-FR\",\"@id\":\"https:\/\/www.africa-press.net\/niger\/politique\/23-soldats-tues-et-17-autres-blesses-dans-une-attaque-terroriste#primaryimage\",\"url\":\"https:\/\/static.africa-press.net\/niger\/sites\/40\/2024\/03\/sm_1711350672.366826.jpg\",\"contentUrl\":\"https:\/\/static.africa-press.net\/niger\/sites\/40\/2024\/03\/sm_1711350672.366826.jpg\",\"width\":1280,\"height\":720,\"caption\":\"23 soldats tu\u00e9s et 17 autres bless\u00e9s dans une attaque terroriste\"},{\"@type\":\"BreadcrumbList\",\"@id\":\"https:\/\/www.africa-press.net\/niger\/politique\/23-soldats-tues-et-17-autres-blesses-dans-une-attaque-terroriste#breadcrumb\",\"itemListElement\":[{\"@type\":\"ListItem\",\"position\":1,\"name\":\"Accueil\",\"item\":\"https:\/\/www.africa-press.net\/niger\/\"},{\"@type\":\"ListItem\",\"position\":2,\"name\":\"23 soldats tu\u00e9s et 17 autres bless\u00e9s dans une attaque terroriste\"}]},{\"@type\":\"WebSite\",\"@id\":\"https:\/\/www.africa-press.net\/niger\/#website\",\"url\":\"https:\/\/www.africa-press.net\/niger\/\",\"name\":\"niger\",\"description\":\"Just another Africa News Agency Sites site\",\"potentialAction\":[{\"@type\":\"SearchAction\",\"target\":{\"@type\":\"EntryPoint\",\"urlTemplate\":\"https:\/\/www.africa-press.net\/niger\/?s={search_term_string}\"},\"query-input\":{\"@type\":\"PropertyValueSpecification\",\"valueRequired\":true,\"valueName\":\"search_term_string\"}}],\"inLanguage\":\"fr-FR\"},{\"@type\":\"Person\",\"@id\":\"https:\/\/www.africa-press.net\/niger\/#\/schema\/person\/2b1cf3cd81a31e3cd26889ca66d677f1\",\"name\":\"cfeditorfr\"}]}<\/script>\n<!-- \/ Yoast SEO Premium plugin. -->","yoast_head_json":{"title":"23 soldats tu\u00e9s et 17 autres bless\u00e9s dans une attaque terroriste - niger","description":"Face a\u0300 cette situation dramatique, l'arme\u0301e nige\u0301rienne a rapidement re\u0301agi en lanc\u0327ant une riposte efficace contre les ...","robots":{"index":"index","follow":"follow","max-snippet":"max-snippet:-1","max-image-preview":"max-image-preview:large","max-video-preview":"max-video-preview:-1"},"canonical":"https:\/\/www.africa-press.net\/niger\/politique\/23-soldats-tues-et-17-autres-blesses-dans-une-attaque-terroriste","og_locale":"fr_FR","og_type":"article","og_title":"23 soldats tu\u00e9s et 17 autres bless\u00e9s dans une attaque terroriste","og_description":"Face a\u0300 cette situation dramatique, l'arme\u0301e nige\u0301rienne a rapidement re\u0301agi en lanc\u0327ant une riposte efficace contre les ...","og_url":"https:\/\/www.africa-press.net\/niger\/politique\/23-soldats-tues-et-17-autres-blesses-dans-une-attaque-terroriste","og_site_name":"niger","article_published_time":"2024-03-25T10:33:46+00:00","article_modified_time":"2024-03-25T10:43:54+00:00","og_image":[{"width":1280,"height":720,"url":"https:\/\/static.africa-press.net\/niger\/sites\/40\/2024\/03\/sm_1711350672.366826.jpg","type":"image\/jpeg"}],"author":"cfeditorfr","twitter_card":"summary_large_image","twitter_misc":{"\u00c9crit par":"cfeditorfr","Dur\u00e9e de lecture estim\u00e9e":"1 minute"},"schema":{"@context":"https:\/\/schema.org","@graph":[{"@type":"Article","@id":"https:\/\/www.africa-press.net\/niger\/politique\/23-soldats-tues-et-17-autres-blesses-dans-une-attaque-terroriste#article","isPartOf":{"@id":"https:\/\/www.africa-press.net\/niger\/politique\/23-soldats-tues-et-17-autres-blesses-dans-une-attaque-terroriste"},"author":{"name":"cfeditorfr","@id":"https:\/\/www.africa-press.net\/niger\/#\/schema\/person\/2b1cf3cd81a31e3cd26889ca66d677f1"},"headline":"23 soldats tu\u00e9s et 17 autres bless\u00e9s dans une attaque terroriste","datePublished":"2024-03-25T10:33:46+00:00","dateModified":"2024-03-25T10:43:54+00:00","mainEntityOfPage":{"@id":"https:\/\/www.africa-press.net\/niger\/politique\/23-soldats-tues-et-17-autres-blesses-dans-une-attaque-terroriste"},"wordCount":242,"commentCount":0,"image":{"@id":"https:\/\/www.africa-press.net\/niger\/politique\/23-soldats-tues-et-17-autres-blesses-dans-une-attaque-terroriste#primaryimage"},"thumbnailUrl":"https:\/\/static.africa-press.net\/niger\/sites\/40\/2024\/03\/sm_1711350672.366826.jpg","keywords":["Africa Press","Africa Press-Niger","Niger"],"articleSection":["Politique","Toutes les actualit\u00e9s"],"inLanguage":"fr-FR","potentialAction":[{"@type":"CommentAction","name":"Comment","target":["https:\/\/www.africa-press.net\/niger\/politique\/23-soldats-tues-et-17-autres-blesses-dans-une-attaque-terroriste#respond"]}]},{"@type":"WebPage","@id":"https:\/\/www.africa-press.net\/niger\/politique\/23-soldats-tues-et-17-autres-blesses-dans-une-attaque-terroriste","url":"https:\/\/www.africa-press.net\/niger\/politique\/23-soldats-tues-et-17-autres-blesses-dans-une-attaque-terroriste","name":"23 soldats tu\u00e9s et 17 autres bless\u00e9s dans une attaque terroriste - niger","isPartOf":{"@id":"https:\/\/www.africa-press.net\/niger\/#website"},"primaryImageOfPage":{"@id":"https:\/\/www.africa-press.net\/niger\/politique\/23-soldats-tues-et-17-autres-blesses-dans-une-attaque-terroriste#primaryimage"},"image":{"@id":"https:\/\/www.africa-press.net\/niger\/politique\/23-soldats-tues-et-17-autres-blesses-dans-une-attaque-terroriste#primaryimage"},"thumbnailUrl":"https:\/\/static.africa-press.net\/niger\/sites\/40\/2024\/03\/sm_1711350672.366826.jpg","datePublished":"2024-03-25T10:33:46+00:00","dateModified":"2024-03-25T10:43:54+00:00","author":{"@id":"https:\/\/www.africa-press.net\/niger\/#\/schema\/person\/2b1cf3cd81a31e3cd26889ca66d677f1"},"description":"Face a\u0300 cette situation dramatique, l'arme\u0301e nige\u0301rienne a rapidement re\u0301agi en lanc\u0327ant une riposte efficace contre les ...","breadcrumb":{"@id":"https:\/\/www.africa-press.net\/niger\/politique\/23-soldats-tues-et-17-autres-blesses-dans-une-attaque-terroriste#breadcrumb"},"inLanguage":"fr-FR","potentialAction":[{"@type":"ReadAction","target":["https:\/\/www.africa-press.net\/niger\/politique\/23-soldats-tues-et-17-autres-blesses-dans-une-attaque-terroriste"]}]},{"@type":"ImageObject","inLanguage":"fr-FR","@id":"https:\/\/www.africa-press.net\/niger\/politique\/23-soldats-tues-et-17-autres-blesses-dans-une-attaque-terroriste#primaryimage","url":"https:\/\/static.africa-press.net\/niger\/sites\/40\/2024\/03\/sm_1711350672.366826.jpg","contentUrl":"https:\/\/static.africa-press.net\/niger\/sites\/40\/2024\/03\/sm_1711350672.366826.jpg","width":1280,"height":720,"caption":"23 soldats tu\u00e9s et 17 autres bless\u00e9s dans une attaque terroriste"},{"@type":"BreadcrumbList","@id":"https:\/\/www.africa-press.net\/niger\/politique\/23-soldats-tues-et-17-autres-blesses-dans-une-attaque-terroriste#breadcrumb","itemListElement":[{"@type":"ListItem","position":1,"name":"Accueil","item":"https:\/\/www.africa-press.net\/niger\/"},{"@type":"ListItem","position":2,"name":"23 soldats tu\u00e9s et 17 autres bless\u00e9s dans une attaque terroriste"}]},{"@type":"WebSite","@id":"https:\/\/www.africa-press.net\/niger\/#website","url":"https:\/\/www.africa-press.net\/niger\/","name":"niger","description":"Just another Africa News Agency Sites site","potentialAction":[{"@type":"SearchAction","target":{"@type":"EntryPoint","urlTemplate":"https:\/\/www.africa-press.net\/niger\/?s={search_term_string}"},"query-input":{"@type":"PropertyValueSpecification","valueRequired":true,"valueName":"search_term_string"}}],"inLanguage":"fr-FR"},{"@type":"Person","@id":"https:\/\/www.africa-press.net\/niger\/#\/schema\/person\/2b1cf3cd81a31e3cd26889ca66d677f1","name":"cfeditorfr"}]}},"_links":{"self":[{"href":"https:\/\/www.africa-press.net\/niger\/wp-json\/wp\/v2\/posts\/60490","targetHints":{"allow":["GET"]}}],"collection":[{"href":"https:\/\/www.africa-press.net\/niger\/wp-json\/wp\/v2\/posts"}],"about":[{"href":"https:\/\/www.africa-press.net\/niger\/wp-json\/wp\/v2\/types\/post"}],"author":[{"embeddable":true,"href":"https:\/\/www.africa-press.net\/niger\/wp-json\/wp\/v2\/users\/82"}],"replies":[{"embeddable":true,"href":"https:\/\/www.africa-press.net\/niger\/wp-json\/wp\/v2\/comments?post=60490"}],"version-history":[{"count":0,"href":"https:\/\/www.africa-press.net\/niger\/wp-json\/wp\/v2\/posts\/60490\/revisions"}],"wp:featuredmedia":[{"embeddable":true,"href":"https:\/\/www.africa-press.net\/niger\/wp-json\/wp\/v2\/media\/60489"}],"wp:attachment":[{"href":"https:\/\/www.africa-press.net\/niger\/wp-json\/wp\/v2\/media?parent=60490"}],"wp:term":[{"taxonomy":"category","embeddable":true,"href":"https:\/\/www.africa-press.net\/niger\/wp-json\/wp\/v2\/categories?post=60490"},{"taxonomy":"post_tag","embeddable":true,"href":"https:\/\/www.africa-press.net\/niger\/wp-json\/wp\/v2\/tags?post=60490"}],"curies":[{"name":"wp","href":"https:\/\/api.w.org\/{rel}","templated":true}]}}