{"id":60508,"date":"2024-03-25T10:57:15","date_gmt":"2024-03-25T10:57:15","guid":{"rendered":"https:\/\/www.africa-press.net\/niger\/politique\/agadez-le-gouverneur-lance-les-operations-de-vente-des-cereales-a-prix-moderes"},"modified":"2024-03-25T13:47:52","modified_gmt":"2024-03-25T13:47:52","slug":"agadez-le-gouverneur-lance-les-operations-de-vente-des-cereales-a-prix-moderes","status":"publish","type":"post","link":"https:\/\/www.africa-press.net\/niger\/economie\/agadez-le-gouverneur-lance-les-operations-de-vente-des-cereales-a-prix-moderes","title":{"rendered":"Agadez : Le Gouverneur lance les op\u00e9rations de vente des c\u00e9r\u00e9ales \u00e0 prix mod\u00e9r\u00e9s"},"content":{"rendered":"<p><span style=\"color: #ff6600\"><strong>Africa-Press &#8211; Niger. <\/strong><\/span><b>Le Gouverneur de la re\u0301gion d\u2019Agadez a proce\u0301de\u0301, le mercredi 20 mars 2024 dans l\u2019enceinte du Sultanat de l\u2019Ai\u0308r, au lancement des ope\u0301rations de vente des ce\u0301re\u0301ales a\u0300 prix mode\u0301re\u0301s. Cette ope\u0301ration qui intervient dans le mois be\u0301ni de Ramadan a pour but d\u2019accompagner les populations les plus vulne\u0301rables a\u0300 avoir acce\u0300s aux produits de premie\u0300re ne\u0301cessite\u0301. Elle touchera a\u0300 terme 8 000 me\u0301nages totalisant plus de 56 000 personnes dans les six (6) de\u0301partements. Une initiative bien accueillie et salue\u0301e par les populations qui sont visiblement satisfaites de la de\u0301marche du Conseil National pour la Sauvegarde de la Patrie (CNSP) qui a su re\u0301pondre aux pre\u0301occupations des Nige\u0301riens dans leur ensemble avec l\u2019e\u0301laboration et la mise en \u0153uvre du Programme de Re\u0301silience pour la Sauvegarde de la Patrie.<\/b><\/p>\n<p>La ce\u0301re\u0301monie s\u2019est ainsi de\u0301roule\u0301e en pre\u0301sence de plusieurs personnalite\u0301s civiles et militaires ainsi que de tous les chefs de villages et quartiers de la Commune Urbaine d\u2019Agadez. Ces ope\u0301rations seront ge\u0301re\u0301es par un comite\u0301 mis en place par les autorite\u0301s compe\u0301tentes, et dans lequel figurent les repre\u0301sentants de toutes les autorite\u0301s concerne\u0301es par l\u2019action. De\u0300s son installation, le comite\u0301 s\u2019est attele\u0301 a\u0300 la pre\u0301paration desdites ope\u0301rations de vente par l\u2019identification des sites, mais aussi par celle des me\u0301nages concerne\u0301s.<\/p>\n<p>Dans son discours de lancement, le Ge\u0301ne\u0301ral de Brigade Ibra Boulama Issa a souligne\u0301 que, l\u2019objectif recherche\u0301 a\u0300 travers ces ope\u0301rations est de s\u2019assurer de la disponibilite\u0301 des vivres dans les zones vulne\u0301rables les plus recule\u0301es de la re\u0301gion ; de favoriser la re\u0301gulation des prix des produits de premie\u0300re ne\u0301cessite\u0301 dans les zones vulne\u0301rables, et e\u0301galement de vendre ces produits a\u0300 des prix subventionne\u0301s afin de toucher les me\u0301nages vulne\u0301rables mode\u0301re\u0301s et de prote\u0301ger ainsi leurs capacite\u0301s et moyens d\u2019existence. II importe de noter, selon le Gouverneur, qu\u2019a\u0300 l\u2019issue de cette premie\u0300re phase de vente a\u0300 prix mode\u0301re\u0301 des ce\u0301re\u0301ales qui coi\u0308ncide fort heureusement avec le mois be\u0301ni de Ramadan, 800 tonnes de ce\u0301re\u0301ales seront incessamment mises en place et vendues dans les diffe\u0301rents centres principaux et secondaires des quinze communes urbaines et rurales que compte la re\u0301gion d\u2019Agadez. C\u2019est ainsi que la vente de ces 800 tonnes devra s\u2019effectuer en de\u0301tail sur chaque centre, par un comite\u0301 mis en place a\u0300 travers un acte administratif pris par chacun des Pre\u0301fets des six (06) de\u0301partements.<\/p>\n<p>Le Gouverneur a par ailleurs souligne\u0301 qu\u2019en plus de la vente de ces ce\u0301re\u0301ales a\u0300 prix mode\u0301re\u0301, l\u2019Etat nige\u0301rien a pre\u0301vu de prendre en charge inte\u0301gralement les frais de mise en \u0153uvre de ces ope\u0301rations qui sont entre autres la mise en place des vivres par l\u2019OPVN au niveau de chaque chef-lieu de commune ; le transfert de 75 % des quantite\u0301s totales des vivres mises en place dans chaque commune vers les centres secondaires en milieu rural a\u0300 raison de 12.500 F\/Tonne, et aussi pour les centres en milieu urbain et pour les communes a\u0300 raison de 7500 F\/Tonne. \u00ab Les nouvelles autorite\u0301s du Niger sont re\u0301solument engage\u0301es depuis le 26 juillet 2023, pour l\u2019aboutissement d\u2019une inde\u0301pendance ve\u0301ritable et d\u2019une souverainete\u0301 pleine et entie\u0300re de notre cher pays. Ce faisant, l\u2019atteinte d\u2019une autosuffisance et d\u2019une se\u0301curite\u0301 alimentaire et nutritionnelle des populations dans les meilleurs de\u0301lais possibles, constitue un objectif primordial du gouvernement, a\u0300 travers notamment le projet de la grande irrigation qui s\u2019inscrit dans le cadre du Programme de Re\u0301silience pour la Sauvegarde de la Patrie (PRSP) \u00bb, a-t-il pre\u0301cise\u0301.<\/p>\n<p>Aussi, au vu de l\u2019attention que le Conseil National pour la Sauvegarde de la Patrie (CNSP) ne cesse de porter aux populations nige\u0301riennes et a\u0300 celles de la re\u0301gion d\u2019Agadez en particulier, le Gouverneur a, au nom de cette population, adresse\u0301 ses remerciements au Pre\u0301sident du Conseil National pour la Sauvegarde de la Patrie (CNSP), Chef de l\u2019Etat le Ge\u0301ne\u0301ral de Brigade Abdourahamane Tiani, et au Premier ministre du gouvernement de transition, M. Lamine Zeine Ali Mahamane.<\/p>\n<p>Auparavant, le maire de la Commune Urbaine d\u2019Agadez, M. Abdourahamane Aboubacar Touraoua, a remercie\u0301 le CNSP pour la promptitude avec laquelle il a autorise\u0301 ces ope\u0301rations a\u0300 un moment ou\u0300 la population en a plus que besoin. Le maire s\u2019est e\u0301galement re\u0301joui du choix porte\u0301 sur sa commune pour abriter le lancement de ces ope\u0301rations de vente des ce\u0301re\u0301ales a\u0300 prix mode\u0301re\u0301es au titre de la Re\u0301gion d\u2019Agadez.<\/p>\n<p>Le clou de la ce\u0301re\u0301monie a e\u0301te\u0301 la remise des vivres destine\u0301s a\u0300 la Commune Urbaine d\u2019Agadez par le Gouverneur au maire de ladite Commune. Se\u0301ance tenante, le maire a donne\u0301 le coup d\u2019envoi de l\u2019ope\u0301ration dans sa commune.<\/p>\n\r\n                <style type=\"text\/css\">\r\n                    \r\n                    #td_uid_1_69ee0dcf5b186  .td-doubleSlider-2 .td-item1 {\r\n                        background: url(https:\/\/static.africa-press.net\/niger\/sites\/40\/2024\/03\/sm_1711352556.608561-80x60.jpg) 0 0 no-repeat;\r\n                    }\r\n                    #td_uid_1_69ee0dcf5b186  .td-doubleSlider-2 .td-item2 {\r\n                        background: url(https:\/\/static.africa-press.net\/niger\/sites\/40\/2024\/03\/sm_1711352571.011044-80x60.jpg) 0 0 no-repeat;\r\n                    }\r\n                <\/style>\r\n\r\n                <div id=\"td_uid_1_69ee0dcf5b186\" class=\"td-gallery td-slide-on-2-columns\">\r\n                    <div class=\"post_td_gallery\">\r\n                        <div class=\"td-gallery-slide-top\">\r\n                           <div class=\"td-gallery-title\"><\/div>\r\n\r\n                            <div class=\"td-gallery-controls-wrapper\">\r\n                                <div class=\"td-gallery-slide-count\"><span class=\"td-gallery-slide-item-focus\">1<\/span> de 2<\/div>\r\n                                <div class=\"td-gallery-slide-prev-next-but\">\r\n                                    <i class = \"td-icon-left doubleSliderPrevButton\"><\/i>\r\n                                    <i class = \"td-icon-right doubleSliderNextButton\"><\/i>\r\n                                <\/div>\r\n                            <\/div>\r\n                        <\/div>\r\n\r\n                        <div class = \"td-doubleSlider-1 \">\r\n                            <div class = \"td-slider\">\r\n                                \r\n                    <div class = \"td-slide-item td-item1\">\r\n                        <figure class=\"td-slide-galery-figure td-slide-popup-gallery\">\r\n                            <a class=\"slide-gallery-image-link\" href=\"https:\/\/static.africa-press.net\/niger\/sites\/40\/2024\/03\/sm_1711352556.608561.jpg\" title=\"sm_1711352556.608561\"  data-caption=\"\"  data-description=\"\">\r\n                                <img decoding=\"async\" src=\"https:\/\/static.africa-press.net\/niger\/sites\/40\/2024\/03\/sm_1711352556.608561.jpg\" srcset=\"https:\/\/static.africa-press.net\/niger\/sites\/40\/2024\/03\/sm_1711352556.608561.jpg 650w, https:\/\/static.africa-press.net\/niger\/sites\/40\/2024\/03\/sm_1711352556.608561-300x197.jpg 300w\" sizes=\"(max-width: 650px) 100vw, 650px\" alt=\"\">\r\n                            <\/a>\r\n                            \r\n                        <\/figure>\r\n                    <\/div>\r\n                    <div class = \"td-slide-item td-item2\">\r\n                        <figure class=\"td-slide-galery-figure td-slide-popup-gallery\">\r\n                            <a class=\"slide-gallery-image-link\" href=\"https:\/\/static.africa-press.net\/niger\/sites\/40\/2024\/03\/sm_1711352571.011044.jpg\" title=\"sm_1711352571.011044\"  data-caption=\"\"  data-description=\"\">\r\n                                <img decoding=\"async\" src=\"https:\/\/static.africa-press.net\/niger\/sites\/40\/2024\/03\/sm_1711352571.011044.jpg\" srcset=\"https:\/\/static.africa-press.net\/niger\/sites\/40\/2024\/03\/sm_1711352571.011044.jpg 627w, https:\/\/static.africa-press.net\/niger\/sites\/40\/2024\/03\/sm_1711352571.011044-300x185.jpg 300w, https:\/\/static.africa-press.net\/niger\/sites\/40\/2024\/03\/sm_1711352571.011044-356x220.jpg 356w\" sizes=\"(max-width: 627px) 100vw, 627px\" alt=\"\">\r\n                            <\/a>\r\n                            \r\n                        <\/figure>\r\n                    <\/div>\r\n                            <\/div>\r\n                        <\/div>\r\n\r\n                        <div class = \"td-doubleSlider-2\">\r\n                            <div class = \"td-slider\">\r\n                                \r\n                    <div class = \"td-button td-item1\">\r\n                        <div class = \"td-border\"><\/div>\r\n                    <\/div>\r\n                    <div class = \"td-button td-item2\">\r\n                        <div class = \"td-border\"><\/div>\r\n                    <\/div>\r\n                            <\/div>\r\n                        <\/div>\r\n\r\n                    <\/div>\r\n\r\n                <\/div>\r\n                \n<p><strong>Pour plus d&rsquo;informations et d&rsquo;analyses sur la <a href=\"https:\/\/www.africa-press.net\/niger\">Niger<\/a>, suivez <a href=\"https:\/\/www.africa-press.net\/\">Africa-Press<\/a><\/strong><\/p>\n","protected":false},"excerpt":{"rendered":"<p>Africa-Press &#8211; Niger. Le Gouverneur de la re\u0301gion d\u2019Agadez a proce\u0301de\u0301, le mercredi 20 mars 2024 dans l\u2019enceinte du Sultanat de l\u2019Ai\u0308r, au lancement des ope\u0301rations de vente des ce\u0301re\u0301ales a\u0300 prix mode\u0301re\u0301s. Cette ope\u0301ration qui intervient dans le mois be\u0301ni de Ramadan a pour but d\u2019accompagner les populations les plus vulne\u0301rables a\u0300 avoir acce\u0300s [&hellip;]<\/p>\n","protected":false},"author":82,"featured_media":60507,"comment_status":"open","ping_status":"closed","sticky":false,"template":"","format":"standard","meta":{"footnotes":""},"categories":[3,8,10],"tags":[55,60,29],"class_list":["post-60508","post","type-post","status-publish","format-standard","has-post-thumbnail","hentry","category-economie","category-photo","category-toutes-les-actualites","tag-africa-press","tag-africa-press-niger","tag-niger"],"yoast_head":"<!-- This site is optimized with the Yoast SEO Premium plugin v26.1 (Yoast SEO v27.0) - https:\/\/yoast.com\/product\/yoast-seo-premium-wordpress\/ -->\n<title>Agadez : Le Gouverneur lance les op\u00e9rations de vente des c\u00e9r\u00e9ales \u00e0 prix mod\u00e9r\u00e9s - niger<\/title>\n<meta name=\"description\" content=\"Le Gouverneur de la re\u0301gion d\u2019Agadez a proce\u0301de\u0301, le mercredi 20 mars 2024 dans l\u2019enceinte du Sultanat de l\u2019Ai\u0308r, au ...\" \/>\n<meta name=\"robots\" content=\"index, follow, max-snippet:-1, max-image-preview:large, max-video-preview:-1\" \/>\n<link rel=\"canonical\" href=\"https:\/\/www.africa-press.net\/niger\/economie\/agadez-le-gouverneur-lance-les-operations-de-vente-des-cereales-a-prix-moderes\" \/>\n<meta property=\"og:locale\" content=\"fr_FR\" \/>\n<meta property=\"og:type\" content=\"article\" \/>\n<meta property=\"og:title\" content=\"Agadez : Le Gouverneur lance les op\u00e9rations de vente des c\u00e9r\u00e9ales \u00e0 prix mod\u00e9r\u00e9s\" \/>\n<meta property=\"og:description\" content=\"Le Gouverneur de la re\u0301gion d\u2019Agadez a proce\u0301de\u0301, le mercredi 20 mars 2024 dans l\u2019enceinte du Sultanat de l\u2019Ai\u0308r, au ...\" \/>\n<meta property=\"og:url\" content=\"https:\/\/www.africa-press.net\/niger\/economie\/agadez-le-gouverneur-lance-les-operations-de-vente-des-cereales-a-prix-moderes\" \/>\n<meta property=\"og:site_name\" content=\"niger\" \/>\n<meta property=\"article:published_time\" content=\"2024-03-25T10:57:15+00:00\" \/>\n<meta property=\"article:modified_time\" content=\"2024-03-25T13:47:52+00:00\" \/>\n<meta property=\"og:image\" content=\"https:\/\/static.africa-press.net\/niger\/sites\/40\/2024\/03\/sm_1711352591.421462.jpg\" \/>\n\t<meta property=\"og:image:width\" content=\"1024\" \/>\n\t<meta property=\"og:image:height\" content=\"683\" \/>\n\t<meta property=\"og:image:type\" content=\"image\/jpeg\" \/>\n<meta name=\"author\" content=\"cfeditorfr\" \/>\n<meta name=\"twitter:card\" content=\"summary_large_image\" \/>\n<meta name=\"twitter:label1\" content=\"\u00c9crit par\" \/>\n\t<meta name=\"twitter:data1\" content=\"cfeditorfr\" \/>\n\t<meta name=\"twitter:label2\" content=\"Dur\u00e9e de lecture estim\u00e9e\" \/>\n\t<meta name=\"twitter:data2\" content=\"5 minutes\" \/>\n<script type=\"application\/ld+json\" class=\"yoast-schema-graph\">{\"@context\":\"https:\/\/schema.org\",\"@graph\":[{\"@type\":\"Article\",\"@id\":\"https:\/\/www.africa-press.net\/niger\/economie\/agadez-le-gouverneur-lance-les-operations-de-vente-des-cereales-a-prix-moderes#article\",\"isPartOf\":{\"@id\":\"https:\/\/www.africa-press.net\/niger\/economie\/agadez-le-gouverneur-lance-les-operations-de-vente-des-cereales-a-prix-moderes\"},\"author\":{\"name\":\"cfeditorfr\",\"@id\":\"https:\/\/www.africa-press.net\/niger\/#\/schema\/person\/2b1cf3cd81a31e3cd26889ca66d677f1\"},\"headline\":\"Agadez : Le Gouverneur lance les op\u00e9rations de vente des c\u00e9r\u00e9ales \u00e0 prix mod\u00e9r\u00e9s\",\"datePublished\":\"2024-03-25T10:57:15+00:00\",\"dateModified\":\"2024-03-25T13:47:52+00:00\",\"mainEntityOfPage\":{\"@id\":\"https:\/\/www.africa-press.net\/niger\/economie\/agadez-le-gouverneur-lance-les-operations-de-vente-des-cereales-a-prix-moderes\"},\"wordCount\":922,\"commentCount\":0,\"image\":{\"@id\":\"https:\/\/www.africa-press.net\/niger\/economie\/agadez-le-gouverneur-lance-les-operations-de-vente-des-cereales-a-prix-moderes#primaryimage\"},\"thumbnailUrl\":\"https:\/\/static.africa-press.net\/niger\/sites\/40\/2024\/03\/sm_1711352591.421462.jpg\",\"keywords\":[\"Africa Press\",\"Africa Press-Niger\",\"Niger\"],\"articleSection\":[\"\u00c9conomie\",\"Photo\",\"Toutes les actualit\u00e9s\"],\"inLanguage\":\"fr-FR\",\"potentialAction\":[{\"@type\":\"CommentAction\",\"name\":\"Comment\",\"target\":[\"https:\/\/www.africa-press.net\/niger\/economie\/agadez-le-gouverneur-lance-les-operations-de-vente-des-cereales-a-prix-moderes#respond\"]}]},{\"@type\":\"WebPage\",\"@id\":\"https:\/\/www.africa-press.net\/niger\/economie\/agadez-le-gouverneur-lance-les-operations-de-vente-des-cereales-a-prix-moderes\",\"url\":\"https:\/\/www.africa-press.net\/niger\/economie\/agadez-le-gouverneur-lance-les-operations-de-vente-des-cereales-a-prix-moderes\",\"name\":\"Agadez : Le Gouverneur lance les op\u00e9rations de vente des c\u00e9r\u00e9ales \u00e0 prix mod\u00e9r\u00e9s - niger\",\"isPartOf\":{\"@id\":\"https:\/\/www.africa-press.net\/niger\/#website\"},\"primaryImageOfPage\":{\"@id\":\"https:\/\/www.africa-press.net\/niger\/economie\/agadez-le-gouverneur-lance-les-operations-de-vente-des-cereales-a-prix-moderes#primaryimage\"},\"image\":{\"@id\":\"https:\/\/www.africa-press.net\/niger\/economie\/agadez-le-gouverneur-lance-les-operations-de-vente-des-cereales-a-prix-moderes#primaryimage\"},\"thumbnailUrl\":\"https:\/\/static.africa-press.net\/niger\/sites\/40\/2024\/03\/sm_1711352591.421462.jpg\",\"datePublished\":\"2024-03-25T10:57:15+00:00\",\"dateModified\":\"2024-03-25T13:47:52+00:00\",\"author\":{\"@id\":\"https:\/\/www.africa-press.net\/niger\/#\/schema\/person\/2b1cf3cd81a31e3cd26889ca66d677f1\"},\"description\":\"Le Gouverneur de la re\u0301gion d\u2019Agadez a proce\u0301de\u0301, le mercredi 20 mars 2024 dans l\u2019enceinte du Sultanat de l\u2019Ai\u0308r, au ...\",\"breadcrumb\":{\"@id\":\"https:\/\/www.africa-press.net\/niger\/economie\/agadez-le-gouverneur-lance-les-operations-de-vente-des-cereales-a-prix-moderes#breadcrumb\"},\"inLanguage\":\"fr-FR\",\"potentialAction\":[{\"@type\":\"ReadAction\",\"target\":[\"https:\/\/www.africa-press.net\/niger\/economie\/agadez-le-gouverneur-lance-les-operations-de-vente-des-cereales-a-prix-moderes\"]}]},{\"@type\":\"ImageObject\",\"inLanguage\":\"fr-FR\",\"@id\":\"https:\/\/www.africa-press.net\/niger\/economie\/agadez-le-gouverneur-lance-les-operations-de-vente-des-cereales-a-prix-moderes#primaryimage\",\"url\":\"https:\/\/static.africa-press.net\/niger\/sites\/40\/2024\/03\/sm_1711352591.421462.jpg\",\"contentUrl\":\"https:\/\/static.africa-press.net\/niger\/sites\/40\/2024\/03\/sm_1711352591.421462.jpg\",\"width\":1024,\"height\":683,\"caption\":\"Agadez : Le Gouverneur lance les op\u00e9rations de vente des c\u00e9r\u00e9ales \u00e0 prix mod\u00e9r\u00e9s\"},{\"@type\":\"BreadcrumbList\",\"@id\":\"https:\/\/www.africa-press.net\/niger\/economie\/agadez-le-gouverneur-lance-les-operations-de-vente-des-cereales-a-prix-moderes#breadcrumb\",\"itemListElement\":[{\"@type\":\"ListItem\",\"position\":1,\"name\":\"Accueil\",\"item\":\"https:\/\/www.africa-press.net\/niger\/\"},{\"@type\":\"ListItem\",\"position\":2,\"name\":\"Agadez : Le Gouverneur lance les op\u00e9rations de vente des c\u00e9r\u00e9ales \u00e0 prix mod\u00e9r\u00e9s\"}]},{\"@type\":\"WebSite\",\"@id\":\"https:\/\/www.africa-press.net\/niger\/#website\",\"url\":\"https:\/\/www.africa-press.net\/niger\/\",\"name\":\"niger\",\"description\":\"Just another Africa News Agency Sites site\",\"potentialAction\":[{\"@type\":\"SearchAction\",\"target\":{\"@type\":\"EntryPoint\",\"urlTemplate\":\"https:\/\/www.africa-press.net\/niger\/?s={search_term_string}\"},\"query-input\":{\"@type\":\"PropertyValueSpecification\",\"valueRequired\":true,\"valueName\":\"search_term_string\"}}],\"inLanguage\":\"fr-FR\"},{\"@type\":\"Person\",\"@id\":\"https:\/\/www.africa-press.net\/niger\/#\/schema\/person\/2b1cf3cd81a31e3cd26889ca66d677f1\",\"name\":\"cfeditorfr\"}]}<\/script>\n<!-- \/ Yoast SEO Premium plugin. -->","yoast_head_json":{"title":"Agadez : Le Gouverneur lance les op\u00e9rations de vente des c\u00e9r\u00e9ales \u00e0 prix mod\u00e9r\u00e9s - niger","description":"Le Gouverneur de la re\u0301gion d\u2019Agadez a proce\u0301de\u0301, le mercredi 20 mars 2024 dans l\u2019enceinte du Sultanat de l\u2019Ai\u0308r, au ...","robots":{"index":"index","follow":"follow","max-snippet":"max-snippet:-1","max-image-preview":"max-image-preview:large","max-video-preview":"max-video-preview:-1"},"canonical":"https:\/\/www.africa-press.net\/niger\/economie\/agadez-le-gouverneur-lance-les-operations-de-vente-des-cereales-a-prix-moderes","og_locale":"fr_FR","og_type":"article","og_title":"Agadez : Le Gouverneur lance les op\u00e9rations de vente des c\u00e9r\u00e9ales \u00e0 prix mod\u00e9r\u00e9s","og_description":"Le Gouverneur de la re\u0301gion d\u2019Agadez a proce\u0301de\u0301, le mercredi 20 mars 2024 dans l\u2019enceinte du Sultanat de l\u2019Ai\u0308r, au ...","og_url":"https:\/\/www.africa-press.net\/niger\/economie\/agadez-le-gouverneur-lance-les-operations-de-vente-des-cereales-a-prix-moderes","og_site_name":"niger","article_published_time":"2024-03-25T10:57:15+00:00","article_modified_time":"2024-03-25T13:47:52+00:00","og_image":[{"width":1024,"height":683,"url":"https:\/\/static.africa-press.net\/niger\/sites\/40\/2024\/03\/sm_1711352591.421462.jpg","type":"image\/jpeg"}],"author":"cfeditorfr","twitter_card":"summary_large_image","twitter_misc":{"\u00c9crit par":"cfeditorfr","Dur\u00e9e de lecture estim\u00e9e":"5 minutes"},"schema":{"@context":"https:\/\/schema.org","@graph":[{"@type":"Article","@id":"https:\/\/www.africa-press.net\/niger\/economie\/agadez-le-gouverneur-lance-les-operations-de-vente-des-cereales-a-prix-moderes#article","isPartOf":{"@id":"https:\/\/www.africa-press.net\/niger\/economie\/agadez-le-gouverneur-lance-les-operations-de-vente-des-cereales-a-prix-moderes"},"author":{"name":"cfeditorfr","@id":"https:\/\/www.africa-press.net\/niger\/#\/schema\/person\/2b1cf3cd81a31e3cd26889ca66d677f1"},"headline":"Agadez : Le Gouverneur lance les op\u00e9rations de vente des c\u00e9r\u00e9ales \u00e0 prix mod\u00e9r\u00e9s","datePublished":"2024-03-25T10:57:15+00:00","dateModified":"2024-03-25T13:47:52+00:00","mainEntityOfPage":{"@id":"https:\/\/www.africa-press.net\/niger\/economie\/agadez-le-gouverneur-lance-les-operations-de-vente-des-cereales-a-prix-moderes"},"wordCount":922,"commentCount":0,"image":{"@id":"https:\/\/www.africa-press.net\/niger\/economie\/agadez-le-gouverneur-lance-les-operations-de-vente-des-cereales-a-prix-moderes#primaryimage"},"thumbnailUrl":"https:\/\/static.africa-press.net\/niger\/sites\/40\/2024\/03\/sm_1711352591.421462.jpg","keywords":["Africa Press","Africa Press-Niger","Niger"],"articleSection":["\u00c9conomie","Photo","Toutes les actualit\u00e9s"],"inLanguage":"fr-FR","potentialAction":[{"@type":"CommentAction","name":"Comment","target":["https:\/\/www.africa-press.net\/niger\/economie\/agadez-le-gouverneur-lance-les-operations-de-vente-des-cereales-a-prix-moderes#respond"]}]},{"@type":"WebPage","@id":"https:\/\/www.africa-press.net\/niger\/economie\/agadez-le-gouverneur-lance-les-operations-de-vente-des-cereales-a-prix-moderes","url":"https:\/\/www.africa-press.net\/niger\/economie\/agadez-le-gouverneur-lance-les-operations-de-vente-des-cereales-a-prix-moderes","name":"Agadez : Le Gouverneur lance les op\u00e9rations de vente des c\u00e9r\u00e9ales \u00e0 prix mod\u00e9r\u00e9s - niger","isPartOf":{"@id":"https:\/\/www.africa-press.net\/niger\/#website"},"primaryImageOfPage":{"@id":"https:\/\/www.africa-press.net\/niger\/economie\/agadez-le-gouverneur-lance-les-operations-de-vente-des-cereales-a-prix-moderes#primaryimage"},"image":{"@id":"https:\/\/www.africa-press.net\/niger\/economie\/agadez-le-gouverneur-lance-les-operations-de-vente-des-cereales-a-prix-moderes#primaryimage"},"thumbnailUrl":"https:\/\/static.africa-press.net\/niger\/sites\/40\/2024\/03\/sm_1711352591.421462.jpg","datePublished":"2024-03-25T10:57:15+00:00","dateModified":"2024-03-25T13:47:52+00:00","author":{"@id":"https:\/\/www.africa-press.net\/niger\/#\/schema\/person\/2b1cf3cd81a31e3cd26889ca66d677f1"},"description":"Le Gouverneur de la re\u0301gion d\u2019Agadez a proce\u0301de\u0301, le mercredi 20 mars 2024 dans l\u2019enceinte du Sultanat de l\u2019Ai\u0308r, au ...","breadcrumb":{"@id":"https:\/\/www.africa-press.net\/niger\/economie\/agadez-le-gouverneur-lance-les-operations-de-vente-des-cereales-a-prix-moderes#breadcrumb"},"inLanguage":"fr-FR","potentialAction":[{"@type":"ReadAction","target":["https:\/\/www.africa-press.net\/niger\/economie\/agadez-le-gouverneur-lance-les-operations-de-vente-des-cereales-a-prix-moderes"]}]},{"@type":"ImageObject","inLanguage":"fr-FR","@id":"https:\/\/www.africa-press.net\/niger\/economie\/agadez-le-gouverneur-lance-les-operations-de-vente-des-cereales-a-prix-moderes#primaryimage","url":"https:\/\/static.africa-press.net\/niger\/sites\/40\/2024\/03\/sm_1711352591.421462.jpg","contentUrl":"https:\/\/static.africa-press.net\/niger\/sites\/40\/2024\/03\/sm_1711352591.421462.jpg","width":1024,"height":683,"caption":"Agadez : Le Gouverneur lance les op\u00e9rations de vente des c\u00e9r\u00e9ales \u00e0 prix mod\u00e9r\u00e9s"},{"@type":"BreadcrumbList","@id":"https:\/\/www.africa-press.net\/niger\/economie\/agadez-le-gouverneur-lance-les-operations-de-vente-des-cereales-a-prix-moderes#breadcrumb","itemListElement":[{"@type":"ListItem","position":1,"name":"Accueil","item":"https:\/\/www.africa-press.net\/niger\/"},{"@type":"ListItem","position":2,"name":"Agadez : Le Gouverneur lance les op\u00e9rations de vente des c\u00e9r\u00e9ales \u00e0 prix mod\u00e9r\u00e9s"}]},{"@type":"WebSite","@id":"https:\/\/www.africa-press.net\/niger\/#website","url":"https:\/\/www.africa-press.net\/niger\/","name":"niger","description":"Just another Africa News Agency Sites site","potentialAction":[{"@type":"SearchAction","target":{"@type":"EntryPoint","urlTemplate":"https:\/\/www.africa-press.net\/niger\/?s={search_term_string}"},"query-input":{"@type":"PropertyValueSpecification","valueRequired":true,"valueName":"search_term_string"}}],"inLanguage":"fr-FR"},{"@type":"Person","@id":"https:\/\/www.africa-press.net\/niger\/#\/schema\/person\/2b1cf3cd81a31e3cd26889ca66d677f1","name":"cfeditorfr"}]}},"_links":{"self":[{"href":"https:\/\/www.africa-press.net\/niger\/wp-json\/wp\/v2\/posts\/60508","targetHints":{"allow":["GET"]}}],"collection":[{"href":"https:\/\/www.africa-press.net\/niger\/wp-json\/wp\/v2\/posts"}],"about":[{"href":"https:\/\/www.africa-press.net\/niger\/wp-json\/wp\/v2\/types\/post"}],"author":[{"embeddable":true,"href":"https:\/\/www.africa-press.net\/niger\/wp-json\/wp\/v2\/users\/82"}],"replies":[{"embeddable":true,"href":"https:\/\/www.africa-press.net\/niger\/wp-json\/wp\/v2\/comments?post=60508"}],"version-history":[{"count":0,"href":"https:\/\/www.africa-press.net\/niger\/wp-json\/wp\/v2\/posts\/60508\/revisions"}],"wp:featuredmedia":[{"embeddable":true,"href":"https:\/\/www.africa-press.net\/niger\/wp-json\/wp\/v2\/media\/60507"}],"wp:attachment":[{"href":"https:\/\/www.africa-press.net\/niger\/wp-json\/wp\/v2\/media?parent=60508"}],"wp:term":[{"taxonomy":"category","embeddable":true,"href":"https:\/\/www.africa-press.net\/niger\/wp-json\/wp\/v2\/categories?post=60508"},{"taxonomy":"post_tag","embeddable":true,"href":"https:\/\/www.africa-press.net\/niger\/wp-json\/wp\/v2\/tags?post=60508"}],"curies":[{"name":"wp","href":"https:\/\/api.w.org\/{rel}","templated":true}]}}