{"id":60510,"date":"2024-03-25T10:58:14","date_gmt":"2024-03-25T10:58:14","guid":{"rendered":"https:\/\/www.africa-press.net\/niger\/politique\/fermeture-en-septembre-du-lycee-francais-la-fontaine-de-niamey"},"modified":"2024-03-25T13:48:34","modified_gmt":"2024-03-25T13:48:34","slug":"fermeture-en-septembre-du-lycee-francais-la-fontaine-de-niamey","status":"publish","type":"post","link":"https:\/\/www.africa-press.net\/niger\/culture-et-art\/fermeture-en-septembre-du-lycee-francais-la-fontaine-de-niamey","title":{"rendered":"Fermeture, en septembre, du lyc\u00e9e fran\u00e7ais La Fontaine de Niamey"},"content":{"rendered":"<p><span style=\"color: #ff6600\"><strong>Africa-Press &#8211; Niger. <\/strong><\/span>Au Niger, le lyce\u0301e La Fontaine de Niamey va fermer a\u0300 la rentre\u0301e prochaine, en septembre, plus de 60 ans apre\u0300s sa cre\u0301ation.<\/p>\n<p>Avant le coup d&rsquo;Etat, plus de 800 e\u0301le\u0300ves e\u0301taient inscrits a\u0300 l&rsquo;e\u0301cole franc\u0327aise qui propose un enseignement de la maternelle a\u0300 la terminale. Depuis la rentre\u0301e de septembre, il reste environ un quart des effectifs qui suivent un enseignement a\u0300 distance. Pour les parents d&rsquo;e\u0301le\u0300ves qui espe\u0301raient encore une re\u0301ouverture, c&rsquo;est le de\u0301sarroi.<\/p>\n<p>\u00ab Nous sommes de\u0301sempare\u0301s \u00bb, confie une me\u0300re de famille. Ses deux enfants ont fait toute leur scolarite\u0301 a\u0300 l&rsquo;e\u0301cole franc\u0327aise. Ils suivent actuellement l&rsquo;enseignement a\u0300 distance, malgre\u0301 les difficulte\u0301s lie\u0301es aux coupures d&rsquo;e\u0301lectricite\u0301, avec l&rsquo;espoir de voir les cours reprendre normalement a\u0300 la prochaine rentre\u0301e, en septembre.<\/p>\n<p>Maintenant que la fermeture est acte\u0301e, la famille envisage de de\u0301me\u0301nager hors du Niger ou d&rsquo;envoyer ses enfants chez des proches, au Togo, pour leur permettre de poursuivre leur scolarite\u0301 dans le me\u0302me syste\u0300me.<\/p>\n<p>\u00ab On n&rsquo;a me\u0302me pas de mots \u00bb, explique une autre famille, qui e\u0301voque aussi le cou\u0302t de l&rsquo;enseignement a\u0300 l&rsquo;e\u0301cole franc\u0327aise, a\u0300 savoir pre\u0300s de 4 000 euros par enfant et par an.<\/p>\n<p>Pour un membre de l&rsquo;e\u0301quipe, c&rsquo;est un e\u0301norme ga\u0302chis. Certains soulignent que l&rsquo;e\u0301tablissement a continue\u0301 a\u0300 fonctionner apre\u0300s les pre\u0301ce\u0301dents coups d&rsquo;E\u0301tat. D&rsquo;autres, que les e\u0301tablissements franc\u0327ais de Bamako et Ouagadougou poursuivent leurs activite\u0301s.<\/p>\n<p>Mais pre\u0300s de huit mois apre\u0300s le coup d&rsquo;E\u0301tat, les relations entre Paris et Niamey sont toujours marque\u0301es par de fortes tensions. De source franc\u0327aise, la de\u0301cision de fermeture du lyce\u0301e La Fontaine de Niamey a de\u0301ja\u0300 e\u0301te\u0301 officiellement notifie\u0301e aux nouvelles autorite\u0301s.<\/p>\n<p><strong>Pour plus d&rsquo;informations et d&rsquo;analyses sur la <a href=\"https:\/\/www.africa-press.net\/niger\">Niger<\/a>, suivez <a href=\"https:\/\/www.africa-press.net\/\">Africa-Press<\/a><\/strong><\/p>\n","protected":false},"excerpt":{"rendered":"<p>Africa-Press &#8211; Niger. Au Niger, le lyce\u0301e La Fontaine de Niamey va fermer a\u0300 la rentre\u0301e prochaine, en septembre, plus de 60 ans apre\u0300s sa cre\u0301ation. Avant le coup d&rsquo;Etat, plus de 800 e\u0301le\u0300ves e\u0301taient inscrits a\u0300 l&rsquo;e\u0301cole franc\u0327aise qui propose un enseignement de la maternelle a\u0300 la terminale. Depuis la rentre\u0301e de septembre, il [&hellip;]<\/p>\n","protected":false},"author":82,"featured_media":60509,"comment_status":"open","ping_status":"closed","sticky":false,"template":"","format":"standard","meta":{"footnotes":""},"categories":[5,10],"tags":[55,60,29],"class_list":["post-60510","post","type-post","status-publish","format-standard","has-post-thumbnail","hentry","category-culture-et-art","category-toutes-les-actualites","tag-africa-press","tag-africa-press-niger","tag-niger"],"yoast_head":"<!-- This site is optimized with the Yoast SEO Premium plugin v26.1 (Yoast SEO v27.0) - https:\/\/yoast.com\/product\/yoast-seo-premium-wordpress\/ -->\n<title>Fermeture, en septembre, du lyc\u00e9e fran\u00e7ais La Fontaine de Niamey - niger<\/title>\n<meta name=\"description\" content=\"Au Niger, le lyce\u0301e La Fontaine de Niamey va fermer a\u0300 la rentre\u0301e prochaine, en septembre, plus de 60 ans apre\u0300s sa cre ...\" \/>\n<meta name=\"robots\" content=\"index, follow, max-snippet:-1, max-image-preview:large, max-video-preview:-1\" \/>\n<link rel=\"canonical\" href=\"https:\/\/www.africa-press.net\/niger\/culture-et-art\/fermeture-en-septembre-du-lycee-francais-la-fontaine-de-niamey\" \/>\n<meta property=\"og:locale\" content=\"fr_FR\" \/>\n<meta property=\"og:type\" content=\"article\" \/>\n<meta property=\"og:title\" content=\"Fermeture, en septembre, du lyc\u00e9e fran\u00e7ais La Fontaine de Niamey\" \/>\n<meta property=\"og:description\" content=\"Au Niger, le lyce\u0301e La Fontaine de Niamey va fermer a\u0300 la rentre\u0301e prochaine, en septembre, plus de 60 ans apre\u0300s sa cre ...\" \/>\n<meta property=\"og:url\" content=\"https:\/\/www.africa-press.net\/niger\/culture-et-art\/fermeture-en-septembre-du-lycee-francais-la-fontaine-de-niamey\" \/>\n<meta property=\"og:site_name\" content=\"niger\" \/>\n<meta property=\"article:published_time\" content=\"2024-03-25T10:58:14+00:00\" \/>\n<meta property=\"article:modified_time\" content=\"2024-03-25T13:48:34+00:00\" \/>\n<meta property=\"og:image\" content=\"https:\/\/static.africa-press.net\/niger\/sites\/40\/2024\/03\/sm_1711352640.264843.jpg\" \/>\n\t<meta property=\"og:image:width\" content=\"980\" \/>\n\t<meta property=\"og:image:height\" content=\"551\" \/>\n\t<meta property=\"og:image:type\" content=\"image\/jpeg\" \/>\n<meta name=\"author\" content=\"cfeditorfr\" \/>\n<meta name=\"twitter:card\" content=\"summary_large_image\" \/>\n<meta name=\"twitter:label1\" content=\"\u00c9crit par\" \/>\n\t<meta name=\"twitter:data1\" content=\"cfeditorfr\" \/>\n\t<meta name=\"twitter:label2\" content=\"Dur\u00e9e de lecture estim\u00e9e\" \/>\n\t<meta name=\"twitter:data2\" content=\"2 minutes\" \/>\n<script type=\"application\/ld+json\" class=\"yoast-schema-graph\">{\"@context\":\"https:\/\/schema.org\",\"@graph\":[{\"@type\":\"Article\",\"@id\":\"https:\/\/www.africa-press.net\/niger\/culture-et-art\/fermeture-en-septembre-du-lycee-francais-la-fontaine-de-niamey#article\",\"isPartOf\":{\"@id\":\"https:\/\/www.africa-press.net\/niger\/culture-et-art\/fermeture-en-septembre-du-lycee-francais-la-fontaine-de-niamey\"},\"author\":{\"name\":\"cfeditorfr\",\"@id\":\"https:\/\/www.africa-press.net\/niger\/#\/schema\/person\/2b1cf3cd81a31e3cd26889ca66d677f1\"},\"headline\":\"Fermeture, en septembre, du lyc\u00e9e fran\u00e7ais La Fontaine de Niamey\",\"datePublished\":\"2024-03-25T10:58:14+00:00\",\"dateModified\":\"2024-03-25T13:48:34+00:00\",\"mainEntityOfPage\":{\"@id\":\"https:\/\/www.africa-press.net\/niger\/culture-et-art\/fermeture-en-septembre-du-lycee-francais-la-fontaine-de-niamey\"},\"wordCount\":363,\"commentCount\":0,\"image\":{\"@id\":\"https:\/\/www.africa-press.net\/niger\/culture-et-art\/fermeture-en-septembre-du-lycee-francais-la-fontaine-de-niamey#primaryimage\"},\"thumbnailUrl\":\"https:\/\/static.africa-press.net\/niger\/sites\/40\/2024\/03\/sm_1711352640.264843.jpg\",\"keywords\":[\"Africa Press\",\"Africa Press-Niger\",\"Niger\"],\"articleSection\":[\"Culture et Art\",\"Toutes les actualit\u00e9s\"],\"inLanguage\":\"fr-FR\",\"potentialAction\":[{\"@type\":\"CommentAction\",\"name\":\"Comment\",\"target\":[\"https:\/\/www.africa-press.net\/niger\/culture-et-art\/fermeture-en-septembre-du-lycee-francais-la-fontaine-de-niamey#respond\"]}]},{\"@type\":\"WebPage\",\"@id\":\"https:\/\/www.africa-press.net\/niger\/culture-et-art\/fermeture-en-septembre-du-lycee-francais-la-fontaine-de-niamey\",\"url\":\"https:\/\/www.africa-press.net\/niger\/culture-et-art\/fermeture-en-septembre-du-lycee-francais-la-fontaine-de-niamey\",\"name\":\"Fermeture, en septembre, du lyc\u00e9e fran\u00e7ais La Fontaine de Niamey - niger\",\"isPartOf\":{\"@id\":\"https:\/\/www.africa-press.net\/niger\/#website\"},\"primaryImageOfPage\":{\"@id\":\"https:\/\/www.africa-press.net\/niger\/culture-et-art\/fermeture-en-septembre-du-lycee-francais-la-fontaine-de-niamey#primaryimage\"},\"image\":{\"@id\":\"https:\/\/www.africa-press.net\/niger\/culture-et-art\/fermeture-en-septembre-du-lycee-francais-la-fontaine-de-niamey#primaryimage\"},\"thumbnailUrl\":\"https:\/\/static.africa-press.net\/niger\/sites\/40\/2024\/03\/sm_1711352640.264843.jpg\",\"datePublished\":\"2024-03-25T10:58:14+00:00\",\"dateModified\":\"2024-03-25T13:48:34+00:00\",\"author\":{\"@id\":\"https:\/\/www.africa-press.net\/niger\/#\/schema\/person\/2b1cf3cd81a31e3cd26889ca66d677f1\"},\"description\":\"Au Niger, le lyce\u0301e La Fontaine de Niamey va fermer a\u0300 la rentre\u0301e prochaine, en septembre, plus de 60 ans apre\u0300s sa cre ...\",\"breadcrumb\":{\"@id\":\"https:\/\/www.africa-press.net\/niger\/culture-et-art\/fermeture-en-septembre-du-lycee-francais-la-fontaine-de-niamey#breadcrumb\"},\"inLanguage\":\"fr-FR\",\"potentialAction\":[{\"@type\":\"ReadAction\",\"target\":[\"https:\/\/www.africa-press.net\/niger\/culture-et-art\/fermeture-en-septembre-du-lycee-francais-la-fontaine-de-niamey\"]}]},{\"@type\":\"ImageObject\",\"inLanguage\":\"fr-FR\",\"@id\":\"https:\/\/www.africa-press.net\/niger\/culture-et-art\/fermeture-en-septembre-du-lycee-francais-la-fontaine-de-niamey#primaryimage\",\"url\":\"https:\/\/static.africa-press.net\/niger\/sites\/40\/2024\/03\/sm_1711352640.264843.jpg\",\"contentUrl\":\"https:\/\/static.africa-press.net\/niger\/sites\/40\/2024\/03\/sm_1711352640.264843.jpg\",\"width\":980,\"height\":551,\"caption\":\"Fermeture, en septembre, du lyc\u00e9e fran\u00e7ais La Fontaine de Niamey\"},{\"@type\":\"BreadcrumbList\",\"@id\":\"https:\/\/www.africa-press.net\/niger\/culture-et-art\/fermeture-en-septembre-du-lycee-francais-la-fontaine-de-niamey#breadcrumb\",\"itemListElement\":[{\"@type\":\"ListItem\",\"position\":1,\"name\":\"Accueil\",\"item\":\"https:\/\/www.africa-press.net\/niger\/\"},{\"@type\":\"ListItem\",\"position\":2,\"name\":\"Fermeture, en septembre, du lyc\u00e9e fran\u00e7ais La Fontaine de Niamey\"}]},{\"@type\":\"WebSite\",\"@id\":\"https:\/\/www.africa-press.net\/niger\/#website\",\"url\":\"https:\/\/www.africa-press.net\/niger\/\",\"name\":\"niger\",\"description\":\"Just another Africa News Agency Sites site\",\"potentialAction\":[{\"@type\":\"SearchAction\",\"target\":{\"@type\":\"EntryPoint\",\"urlTemplate\":\"https:\/\/www.africa-press.net\/niger\/?s={search_term_string}\"},\"query-input\":{\"@type\":\"PropertyValueSpecification\",\"valueRequired\":true,\"valueName\":\"search_term_string\"}}],\"inLanguage\":\"fr-FR\"},{\"@type\":\"Person\",\"@id\":\"https:\/\/www.africa-press.net\/niger\/#\/schema\/person\/2b1cf3cd81a31e3cd26889ca66d677f1\",\"name\":\"cfeditorfr\"}]}<\/script>\n<!-- \/ Yoast SEO Premium plugin. -->","yoast_head_json":{"title":"Fermeture, en septembre, du lyc\u00e9e fran\u00e7ais La Fontaine de Niamey - niger","description":"Au Niger, le lyce\u0301e La Fontaine de Niamey va fermer a\u0300 la rentre\u0301e prochaine, en septembre, plus de 60 ans apre\u0300s sa cre ...","robots":{"index":"index","follow":"follow","max-snippet":"max-snippet:-1","max-image-preview":"max-image-preview:large","max-video-preview":"max-video-preview:-1"},"canonical":"https:\/\/www.africa-press.net\/niger\/culture-et-art\/fermeture-en-septembre-du-lycee-francais-la-fontaine-de-niamey","og_locale":"fr_FR","og_type":"article","og_title":"Fermeture, en septembre, du lyc\u00e9e fran\u00e7ais La Fontaine de Niamey","og_description":"Au Niger, le lyce\u0301e La Fontaine de Niamey va fermer a\u0300 la rentre\u0301e prochaine, en septembre, plus de 60 ans apre\u0300s sa cre ...","og_url":"https:\/\/www.africa-press.net\/niger\/culture-et-art\/fermeture-en-septembre-du-lycee-francais-la-fontaine-de-niamey","og_site_name":"niger","article_published_time":"2024-03-25T10:58:14+00:00","article_modified_time":"2024-03-25T13:48:34+00:00","og_image":[{"width":980,"height":551,"url":"https:\/\/static.africa-press.net\/niger\/sites\/40\/2024\/03\/sm_1711352640.264843.jpg","type":"image\/jpeg"}],"author":"cfeditorfr","twitter_card":"summary_large_image","twitter_misc":{"\u00c9crit par":"cfeditorfr","Dur\u00e9e de lecture estim\u00e9e":"2 minutes"},"schema":{"@context":"https:\/\/schema.org","@graph":[{"@type":"Article","@id":"https:\/\/www.africa-press.net\/niger\/culture-et-art\/fermeture-en-septembre-du-lycee-francais-la-fontaine-de-niamey#article","isPartOf":{"@id":"https:\/\/www.africa-press.net\/niger\/culture-et-art\/fermeture-en-septembre-du-lycee-francais-la-fontaine-de-niamey"},"author":{"name":"cfeditorfr","@id":"https:\/\/www.africa-press.net\/niger\/#\/schema\/person\/2b1cf3cd81a31e3cd26889ca66d677f1"},"headline":"Fermeture, en septembre, du lyc\u00e9e fran\u00e7ais La Fontaine de Niamey","datePublished":"2024-03-25T10:58:14+00:00","dateModified":"2024-03-25T13:48:34+00:00","mainEntityOfPage":{"@id":"https:\/\/www.africa-press.net\/niger\/culture-et-art\/fermeture-en-septembre-du-lycee-francais-la-fontaine-de-niamey"},"wordCount":363,"commentCount":0,"image":{"@id":"https:\/\/www.africa-press.net\/niger\/culture-et-art\/fermeture-en-septembre-du-lycee-francais-la-fontaine-de-niamey#primaryimage"},"thumbnailUrl":"https:\/\/static.africa-press.net\/niger\/sites\/40\/2024\/03\/sm_1711352640.264843.jpg","keywords":["Africa Press","Africa Press-Niger","Niger"],"articleSection":["Culture et Art","Toutes les actualit\u00e9s"],"inLanguage":"fr-FR","potentialAction":[{"@type":"CommentAction","name":"Comment","target":["https:\/\/www.africa-press.net\/niger\/culture-et-art\/fermeture-en-septembre-du-lycee-francais-la-fontaine-de-niamey#respond"]}]},{"@type":"WebPage","@id":"https:\/\/www.africa-press.net\/niger\/culture-et-art\/fermeture-en-septembre-du-lycee-francais-la-fontaine-de-niamey","url":"https:\/\/www.africa-press.net\/niger\/culture-et-art\/fermeture-en-septembre-du-lycee-francais-la-fontaine-de-niamey","name":"Fermeture, en septembre, du lyc\u00e9e fran\u00e7ais La Fontaine de Niamey - niger","isPartOf":{"@id":"https:\/\/www.africa-press.net\/niger\/#website"},"primaryImageOfPage":{"@id":"https:\/\/www.africa-press.net\/niger\/culture-et-art\/fermeture-en-septembre-du-lycee-francais-la-fontaine-de-niamey#primaryimage"},"image":{"@id":"https:\/\/www.africa-press.net\/niger\/culture-et-art\/fermeture-en-septembre-du-lycee-francais-la-fontaine-de-niamey#primaryimage"},"thumbnailUrl":"https:\/\/static.africa-press.net\/niger\/sites\/40\/2024\/03\/sm_1711352640.264843.jpg","datePublished":"2024-03-25T10:58:14+00:00","dateModified":"2024-03-25T13:48:34+00:00","author":{"@id":"https:\/\/www.africa-press.net\/niger\/#\/schema\/person\/2b1cf3cd81a31e3cd26889ca66d677f1"},"description":"Au Niger, le lyce\u0301e La Fontaine de Niamey va fermer a\u0300 la rentre\u0301e prochaine, en septembre, plus de 60 ans apre\u0300s sa cre ...","breadcrumb":{"@id":"https:\/\/www.africa-press.net\/niger\/culture-et-art\/fermeture-en-septembre-du-lycee-francais-la-fontaine-de-niamey#breadcrumb"},"inLanguage":"fr-FR","potentialAction":[{"@type":"ReadAction","target":["https:\/\/www.africa-press.net\/niger\/culture-et-art\/fermeture-en-septembre-du-lycee-francais-la-fontaine-de-niamey"]}]},{"@type":"ImageObject","inLanguage":"fr-FR","@id":"https:\/\/www.africa-press.net\/niger\/culture-et-art\/fermeture-en-septembre-du-lycee-francais-la-fontaine-de-niamey#primaryimage","url":"https:\/\/static.africa-press.net\/niger\/sites\/40\/2024\/03\/sm_1711352640.264843.jpg","contentUrl":"https:\/\/static.africa-press.net\/niger\/sites\/40\/2024\/03\/sm_1711352640.264843.jpg","width":980,"height":551,"caption":"Fermeture, en septembre, du lyc\u00e9e fran\u00e7ais La Fontaine de Niamey"},{"@type":"BreadcrumbList","@id":"https:\/\/www.africa-press.net\/niger\/culture-et-art\/fermeture-en-septembre-du-lycee-francais-la-fontaine-de-niamey#breadcrumb","itemListElement":[{"@type":"ListItem","position":1,"name":"Accueil","item":"https:\/\/www.africa-press.net\/niger\/"},{"@type":"ListItem","position":2,"name":"Fermeture, en septembre, du lyc\u00e9e fran\u00e7ais La Fontaine de Niamey"}]},{"@type":"WebSite","@id":"https:\/\/www.africa-press.net\/niger\/#website","url":"https:\/\/www.africa-press.net\/niger\/","name":"niger","description":"Just another Africa News Agency Sites site","potentialAction":[{"@type":"SearchAction","target":{"@type":"EntryPoint","urlTemplate":"https:\/\/www.africa-press.net\/niger\/?s={search_term_string}"},"query-input":{"@type":"PropertyValueSpecification","valueRequired":true,"valueName":"search_term_string"}}],"inLanguage":"fr-FR"},{"@type":"Person","@id":"https:\/\/www.africa-press.net\/niger\/#\/schema\/person\/2b1cf3cd81a31e3cd26889ca66d677f1","name":"cfeditorfr"}]}},"_links":{"self":[{"href":"https:\/\/www.africa-press.net\/niger\/wp-json\/wp\/v2\/posts\/60510","targetHints":{"allow":["GET"]}}],"collection":[{"href":"https:\/\/www.africa-press.net\/niger\/wp-json\/wp\/v2\/posts"}],"about":[{"href":"https:\/\/www.africa-press.net\/niger\/wp-json\/wp\/v2\/types\/post"}],"author":[{"embeddable":true,"href":"https:\/\/www.africa-press.net\/niger\/wp-json\/wp\/v2\/users\/82"}],"replies":[{"embeddable":true,"href":"https:\/\/www.africa-press.net\/niger\/wp-json\/wp\/v2\/comments?post=60510"}],"version-history":[{"count":0,"href":"https:\/\/www.africa-press.net\/niger\/wp-json\/wp\/v2\/posts\/60510\/revisions"}],"wp:featuredmedia":[{"embeddable":true,"href":"https:\/\/www.africa-press.net\/niger\/wp-json\/wp\/v2\/media\/60509"}],"wp:attachment":[{"href":"https:\/\/www.africa-press.net\/niger\/wp-json\/wp\/v2\/media?parent=60510"}],"wp:term":[{"taxonomy":"category","embeddable":true,"href":"https:\/\/www.africa-press.net\/niger\/wp-json\/wp\/v2\/categories?post=60510"},{"taxonomy":"post_tag","embeddable":true,"href":"https:\/\/www.africa-press.net\/niger\/wp-json\/wp\/v2\/tags?post=60510"}],"curies":[{"name":"wp","href":"https:\/\/api.w.org\/{rel}","templated":true}]}}