{"id":60512,"date":"2024-03-25T10:59:08","date_gmt":"2024-03-25T10:59:08","guid":{"rendered":"https:\/\/www.africa-press.net\/niger\/politique\/journee-mondiale-de-lutte-contre-la-tuberculose-la-necessite-daugmentation-des-investissements-et-une-collaboration-multisectorielle-pour-mettre-fin-a-la-tuberculose"},"modified":"2024-03-25T13:48:57","modified_gmt":"2024-03-25T13:48:57","slug":"journee-mondiale-de-lutte-contre-la-tuberculose-la-necessite-daugmentation-des-investissements-et-une-collaboration-multisectorielle-pour-mettre-fin-a-la-tuberculose","status":"publish","type":"post","link":"https:\/\/www.africa-press.net\/niger\/toutes-les-actualites\/journee-mondiale-de-lutte-contre-la-tuberculose-la-necessite-daugmentation-des-investissements-et-une-collaboration-multisectorielle-pour-mettre-fin-a-la-tuberculose","title":{"rendered":"Journ\u00e9e Mondiale de Lutte contre la Tuberculose : La n\u00e9cessit\u00e9 d\u2019augmentation des investissements et une collaboration multisectorielle pour mettre fin \u00e0 la tuberculose"},"content":{"rendered":"<p><span style=\"color: #ff6600\"><strong>Africa-Press &#8211; Niger. <\/strong><\/span><b>A l\u2019instar des autres pays, le Niger a ce\u0301le\u0301bre\u0301 le 24 mars 2024 la Journe\u0301e Mondiale de Lutte contre la Tuberculose. Le the\u0300me choisi cette anne\u0301e pour ce\u0301le\u0301brer la journe\u0301e est \u00ab OUI ! Nous pouvons mettre fin a\u0300 la tuberculose ! \u00bb. C\u2019e\u0301tait une occasion de sensibiliser l\u2019opinion publique aux conse\u0301quences sanitaires sociales et e\u0301conomiques de\u0301vastatrices de cette maladie et d\u2019intensifier l\u2019action visant a\u0300 mettre fin a\u0300 cette e\u0301pide\u0301mie mondiale. A cette occasion le ministre de la Sante\u0301 Publique, de la Population et des Affaires Sociales, le Me\u0301decin Colonel-major Garba Hakimi a livre\u0301 un message dans lequel, il a indique\u0301 que le choix du the\u0300me symbolise un message d\u2019espoir.<\/b><\/p>\n<p>\u00ab En effet, oui, il est possible de faire reculer l\u2019e\u0301pide\u0301mie de tuberculose, en mobilisant les dirigeants au plus haut niveau, en augmentant les investissements, en adoptant des innovations et en engageant une collaboration multisectorielle. Cette anne\u0301e 2024 est de\u0301cisive pour faire avancer la lutte et libe\u0301rer le monde de cette maladie \u00bb a dit le ministre.<\/p>\n<p>Selon le rapport OMS\/2022, on estime au plan mondial que 10,6 millions de personnes ont de\u0301veloppe\u0301 la maladie en 2021, soit une augmentation de 4,5 % par rapport a\u0300 2020, et que 1,6 million de personnes sont de\u0301ce\u0301de\u0301es de la tuberculose (dont 187 000 parmi les personnes se\u0301ropositives pour le VIH). Concernant la tuberculose re\u0301sistante, 450 mille nouveaux cas ont e\u0301te\u0301 estime\u0301s en 2021. Cette forme constitue une menace pour la se\u0301curite\u0301 sanitaire mondiale. Au Plan National, a souligne\u0301 le Me\u0301decin Colonel-Major Garba Hakimi, la tuberculose est conside\u0301re\u0301e comme un proble\u0300me de sante\u0301 publique prioritaire. Sa prise en charge fait partie inte\u0301grante du paquet minimum d\u2019activite\u0301s des services de sante\u0301. \u00ab Cela a permis au Programme National de Lutte contre la Tuberculose d\u2019enregistrer des re\u0301sultats satisfaisants. Le de\u0301pistage a connu une nette augmentation passant de 14 mille 646 cas notifie\u0301s en 2022 a\u0300 15 mille 743 cas en 2023 pour la tuberculose sensible et 151 cas de tuberculose re\u0301sistante de\u0301piste\u0301s sur 120 cas attendus \u00bb, a-t-il indique\u0301.<\/p>\n<p>Il existe un lien e\u0301troit entre la tuberculose et l\u2019infection a\u0300 VIH. Pour une meilleure gestion des cas co-infecte\u0301s, les deux programmes Tuberculose et VIH\/SIDA sont en e\u0301troite collaboration avec un cadre formel de concertation. Le ministre en charge de la Sante\u0301 a indique\u0301 qu\u2019en ce qui concerne les re\u0301sultats du traitement, on note une ame\u0301lioration d\u2019anne\u0301e en anne\u0301e. Ainsi, le taux de succe\u0300s the\u0301rapeutique est passe\u0301 de 85 % en 2022 a\u0300 86% en 2023 pour un objectif de 85 %. Ne\u0301anmoins, les cas de de\u0301ce\u0300s repre\u0301sentent respectivement 6,3 % en 2022 et 6,5%) en 2023 pour un objectif de moins de 5%. Le taux de de\u0301ce\u0300s chez les Co infecte\u0301s TB\/VIH reste e\u0301leve\u0301 16 % en 2022 pour un objectif de moins de 5 %. Il faut noter en plus que 6 400 enfants contacts ont be\u0301ne\u0301ficie\u0301 de la chimio prophylaxie a\u0300 l\u2019Isoniazide en 2022 soit 85 % contre 7 755 en 2023 soit 87 %. En ce qui concerne les patients Co infecte\u0301s 330 ont e\u0301te\u0301 de\u0301piste\u0301s contre 345 en 2023 parmi lesquels 287 ont e\u0301te\u0301 mis sous Antire\u0301troviraux soit 83 %.<\/p>\n<p>Concernant la tuberculose multi re\u0301sistante, la prise en charge a de\u0301bute\u0301 au Niger en 2008 avec l\u2019appui de l\u2019ONG Action Damien. En 2023, quelque 151 cas de tuberculose re\u0301sistante de\u0301piste\u0301s sur 120 cas attendus. Le taux de gue\u0301rison enregistre\u0301e ici au cours des 10 dernie\u0300res anne\u0301es e\u0301tait de 83 %. Pour les engagements mondiaux visant a\u0300 mettre fin a\u0300 la tuberculose et de la responsabilisation multisectorielle, le ministre a souligne\u0301 que le Niger a mis en place en 2021, un Cadre National Multisectoriel de Redevabilite\u0301 de la Lutte contre la tuberculose, dont l\u2019une des missions est de renforcer les actions afin d\u2019atteindre les cibles du Niger fixe\u0301es lors du Haut Sommet des Chefs d\u2019e\u0301tat a\u0300 New York d\u2019ici fin 2027. Selon le Me\u0301decin Colonel -Major Garba Hakimi, la lutte contre la tuberculose be\u0301ne\u0301ficie d\u2019importants soutiens du gouvernement avec notamment, la gratuite\u0301 des examens de de\u0301pistage pour tout malade suspect de tuberculose ainsi que celle des soins ; le renforcement des capacite\u0301s humaines et techniques du programme ; et la dotation de la ligne budge\u0301taire annuelle pour l\u2019achat des me\u0301dicaments, re\u0301actifs et consommables. Il a re\u0301affirme\u0301 toute la volonte\u0301 des autorite\u0301s de la Re\u0301publique et du Pre\u0301sident du CNSP, Chef de l\u2019Etat. Il a enfin remercie\u0301 tous les partenaires techniques et financiers qui accompagnent notre pays pour le contro\u0302le de cette maladie\u00bb.<\/p>\n<p>&nbsp;<\/p>\n<p><strong>Pour plus d&rsquo;informations et d&rsquo;analyses sur la <a href=\"https:\/\/www.africa-press.net\/niger\">Niger<\/a>, suivez <a href=\"https:\/\/www.africa-press.net\/\">Africa-Press<\/a><\/strong><\/p>\n","protected":false},"excerpt":{"rendered":"<p>Africa-Press &#8211; Niger. A l\u2019instar des autres pays, le Niger a ce\u0301le\u0301bre\u0301 le 24 mars 2024 la Journe\u0301e Mondiale de Lutte contre la Tuberculose. Le the\u0300me choisi cette anne\u0301e pour ce\u0301le\u0301brer la journe\u0301e est \u00ab OUI ! Nous pouvons mettre fin a\u0300 la tuberculose ! \u00bb. C\u2019e\u0301tait une occasion de sensibiliser l\u2019opinion publique aux conse\u0301quences [&hellip;]<\/p>\n","protected":false},"author":82,"featured_media":60511,"comment_status":"open","ping_status":"closed","sticky":false,"template":"","format":"standard","meta":{"footnotes":""},"categories":[21,10],"tags":[55,60,29],"class_list":["post-60512","post","type-post","status-publish","format-standard","has-post-thumbnail","hentry","category-communaute","category-toutes-les-actualites","tag-africa-press","tag-africa-press-niger","tag-niger"],"yoast_head":"<!-- This site is optimized with the Yoast SEO Premium plugin v26.1 (Yoast SEO v27.0) - https:\/\/yoast.com\/product\/yoast-seo-premium-wordpress\/ -->\n<title>Journ\u00e9e Mondiale de Lutte contre la Tuberculose : La n\u00e9cessit\u00e9 d\u2019augmentation des investissements et une collaboration multisectorielle pour mettre fin \u00e0 la tuberculose - niger<\/title>\n<meta name=\"description\" content=\"A l\u2019instar des autres pays, le Niger a ce\u0301le\u0301bre\u0301 le 24 mars 2024 la Journe\u0301e Mondiale de Lutte contre la Tuberculose ...\" \/>\n<meta name=\"robots\" content=\"index, follow, max-snippet:-1, max-image-preview:large, max-video-preview:-1\" \/>\n<link rel=\"canonical\" href=\"https:\/\/www.africa-press.net\/niger\/toutes-les-actualites\/journee-mondiale-de-lutte-contre-la-tuberculose-la-necessite-daugmentation-des-investissements-et-une-collaboration-multisectorielle-pour-mettre-fin-a-la-tuberculose\" \/>\n<meta property=\"og:locale\" content=\"fr_FR\" \/>\n<meta property=\"og:type\" content=\"article\" \/>\n<meta property=\"og:title\" content=\"Journ\u00e9e Mondiale de Lutte contre la Tuberculose : La n\u00e9cessit\u00e9 d\u2019augmentation des investissements et une collaboration multisectorielle pour mettre fin \u00e0 la tuberculose\" \/>\n<meta property=\"og:description\" content=\"A l\u2019instar des autres pays, le Niger a ce\u0301le\u0301bre\u0301 le 24 mars 2024 la Journe\u0301e Mondiale de Lutte contre la Tuberculose ...\" \/>\n<meta property=\"og:url\" content=\"https:\/\/www.africa-press.net\/niger\/toutes-les-actualites\/journee-mondiale-de-lutte-contre-la-tuberculose-la-necessite-daugmentation-des-investissements-et-une-collaboration-multisectorielle-pour-mettre-fin-a-la-tuberculose\" \/>\n<meta property=\"og:site_name\" content=\"niger\" \/>\n<meta property=\"article:published_time\" content=\"2024-03-25T10:59:08+00:00\" \/>\n<meta property=\"article:modified_time\" content=\"2024-03-25T13:48:57+00:00\" \/>\n<meta property=\"og:image\" content=\"https:\/\/static.africa-press.net\/niger\/sites\/40\/2024\/03\/sm_1711352676.847012.jpg\" \/>\n\t<meta property=\"og:image:width\" content=\"800\" \/>\n\t<meta property=\"og:image:height\" content=\"533\" \/>\n\t<meta property=\"og:image:type\" content=\"image\/jpeg\" \/>\n<meta name=\"author\" content=\"cfeditorfr\" \/>\n<meta name=\"twitter:card\" content=\"summary_large_image\" \/>\n<meta name=\"twitter:label1\" content=\"\u00c9crit par\" \/>\n\t<meta name=\"twitter:data1\" content=\"cfeditorfr\" \/>\n\t<meta name=\"twitter:label2\" content=\"Dur\u00e9e de lecture estim\u00e9e\" \/>\n\t<meta name=\"twitter:data2\" content=\"4 minutes\" \/>\n<script type=\"application\/ld+json\" class=\"yoast-schema-graph\">{\"@context\":\"https:\/\/schema.org\",\"@graph\":[{\"@type\":\"Article\",\"@id\":\"https:\/\/www.africa-press.net\/niger\/toutes-les-actualites\/journee-mondiale-de-lutte-contre-la-tuberculose-la-necessite-daugmentation-des-investissements-et-une-collaboration-multisectorielle-pour-mettre-fin-a-la-tuberculose#article\",\"isPartOf\":{\"@id\":\"https:\/\/www.africa-press.net\/niger\/toutes-les-actualites\/journee-mondiale-de-lutte-contre-la-tuberculose-la-necessite-daugmentation-des-investissements-et-une-collaboration-multisectorielle-pour-mettre-fin-a-la-tuberculose\"},\"author\":{\"name\":\"cfeditorfr\",\"@id\":\"https:\/\/www.africa-press.net\/niger\/#\/schema\/person\/2b1cf3cd81a31e3cd26889ca66d677f1\"},\"headline\":\"Journ\u00e9e Mondiale de Lutte contre la Tuberculose : La n\u00e9cessit\u00e9 d\u2019augmentation des investissements et une collaboration multisectorielle pour mettre fin \u00e0 la tuberculose\",\"datePublished\":\"2024-03-25T10:59:08+00:00\",\"dateModified\":\"2024-03-25T13:48:57+00:00\",\"mainEntityOfPage\":{\"@id\":\"https:\/\/www.africa-press.net\/niger\/toutes-les-actualites\/journee-mondiale-de-lutte-contre-la-tuberculose-la-necessite-daugmentation-des-investissements-et-une-collaboration-multisectorielle-pour-mettre-fin-a-la-tuberculose\"},\"wordCount\":822,\"commentCount\":0,\"image\":{\"@id\":\"https:\/\/www.africa-press.net\/niger\/toutes-les-actualites\/journee-mondiale-de-lutte-contre-la-tuberculose-la-necessite-daugmentation-des-investissements-et-une-collaboration-multisectorielle-pour-mettre-fin-a-la-tuberculose#primaryimage\"},\"thumbnailUrl\":\"https:\/\/static.africa-press.net\/niger\/sites\/40\/2024\/03\/sm_1711352676.847012.jpg\",\"keywords\":[\"Africa Press\",\"Africa Press-Niger\",\"Niger\"],\"articleSection\":[\"Communaut\u00e9\",\"Toutes les actualit\u00e9s\"],\"inLanguage\":\"fr-FR\",\"potentialAction\":[{\"@type\":\"CommentAction\",\"name\":\"Comment\",\"target\":[\"https:\/\/www.africa-press.net\/niger\/toutes-les-actualites\/journee-mondiale-de-lutte-contre-la-tuberculose-la-necessite-daugmentation-des-investissements-et-une-collaboration-multisectorielle-pour-mettre-fin-a-la-tuberculose#respond\"]}]},{\"@type\":\"WebPage\",\"@id\":\"https:\/\/www.africa-press.net\/niger\/toutes-les-actualites\/journee-mondiale-de-lutte-contre-la-tuberculose-la-necessite-daugmentation-des-investissements-et-une-collaboration-multisectorielle-pour-mettre-fin-a-la-tuberculose\",\"url\":\"https:\/\/www.africa-press.net\/niger\/toutes-les-actualites\/journee-mondiale-de-lutte-contre-la-tuberculose-la-necessite-daugmentation-des-investissements-et-une-collaboration-multisectorielle-pour-mettre-fin-a-la-tuberculose\",\"name\":\"Journ\u00e9e Mondiale de Lutte contre la Tuberculose : La n\u00e9cessit\u00e9 d\u2019augmentation des investissements et une collaboration multisectorielle pour mettre fin \u00e0 la tuberculose - niger\",\"isPartOf\":{\"@id\":\"https:\/\/www.africa-press.net\/niger\/#website\"},\"primaryImageOfPage\":{\"@id\":\"https:\/\/www.africa-press.net\/niger\/toutes-les-actualites\/journee-mondiale-de-lutte-contre-la-tuberculose-la-necessite-daugmentation-des-investissements-et-une-collaboration-multisectorielle-pour-mettre-fin-a-la-tuberculose#primaryimage\"},\"image\":{\"@id\":\"https:\/\/www.africa-press.net\/niger\/toutes-les-actualites\/journee-mondiale-de-lutte-contre-la-tuberculose-la-necessite-daugmentation-des-investissements-et-une-collaboration-multisectorielle-pour-mettre-fin-a-la-tuberculose#primaryimage\"},\"thumbnailUrl\":\"https:\/\/static.africa-press.net\/niger\/sites\/40\/2024\/03\/sm_1711352676.847012.jpg\",\"datePublished\":\"2024-03-25T10:59:08+00:00\",\"dateModified\":\"2024-03-25T13:48:57+00:00\",\"author\":{\"@id\":\"https:\/\/www.africa-press.net\/niger\/#\/schema\/person\/2b1cf3cd81a31e3cd26889ca66d677f1\"},\"description\":\"A l\u2019instar des autres pays, le Niger a ce\u0301le\u0301bre\u0301 le 24 mars 2024 la Journe\u0301e Mondiale de Lutte contre la Tuberculose ...\",\"breadcrumb\":{\"@id\":\"https:\/\/www.africa-press.net\/niger\/toutes-les-actualites\/journee-mondiale-de-lutte-contre-la-tuberculose-la-necessite-daugmentation-des-investissements-et-une-collaboration-multisectorielle-pour-mettre-fin-a-la-tuberculose#breadcrumb\"},\"inLanguage\":\"fr-FR\",\"potentialAction\":[{\"@type\":\"ReadAction\",\"target\":[\"https:\/\/www.africa-press.net\/niger\/toutes-les-actualites\/journee-mondiale-de-lutte-contre-la-tuberculose-la-necessite-daugmentation-des-investissements-et-une-collaboration-multisectorielle-pour-mettre-fin-a-la-tuberculose\"]}]},{\"@type\":\"ImageObject\",\"inLanguage\":\"fr-FR\",\"@id\":\"https:\/\/www.africa-press.net\/niger\/toutes-les-actualites\/journee-mondiale-de-lutte-contre-la-tuberculose-la-necessite-daugmentation-des-investissements-et-une-collaboration-multisectorielle-pour-mettre-fin-a-la-tuberculose#primaryimage\",\"url\":\"https:\/\/static.africa-press.net\/niger\/sites\/40\/2024\/03\/sm_1711352676.847012.jpg\",\"contentUrl\":\"https:\/\/static.africa-press.net\/niger\/sites\/40\/2024\/03\/sm_1711352676.847012.jpg\",\"width\":800,\"height\":533,\"caption\":\"Journ\u00e9e Mondiale de Lutte contre la Tuberculose : La n\u00e9cessit\u00e9 d\u2019augmentation des investissements et une collaboration multisectorielle pour mettre fin \u00e0 la tuberculose\"},{\"@type\":\"BreadcrumbList\",\"@id\":\"https:\/\/www.africa-press.net\/niger\/toutes-les-actualites\/journee-mondiale-de-lutte-contre-la-tuberculose-la-necessite-daugmentation-des-investissements-et-une-collaboration-multisectorielle-pour-mettre-fin-a-la-tuberculose#breadcrumb\",\"itemListElement\":[{\"@type\":\"ListItem\",\"position\":1,\"name\":\"Accueil\",\"item\":\"https:\/\/www.africa-press.net\/niger\/\"},{\"@type\":\"ListItem\",\"position\":2,\"name\":\"Journ\u00e9e Mondiale de Lutte contre la Tuberculose : La n\u00e9cessit\u00e9 d\u2019augmentation des investissements et une collaboration multisectorielle pour mettre fin \u00e0 la tuberculose\"}]},{\"@type\":\"WebSite\",\"@id\":\"https:\/\/www.africa-press.net\/niger\/#website\",\"url\":\"https:\/\/www.africa-press.net\/niger\/\",\"name\":\"niger\",\"description\":\"Just another Africa News Agency Sites site\",\"potentialAction\":[{\"@type\":\"SearchAction\",\"target\":{\"@type\":\"EntryPoint\",\"urlTemplate\":\"https:\/\/www.africa-press.net\/niger\/?s={search_term_string}\"},\"query-input\":{\"@type\":\"PropertyValueSpecification\",\"valueRequired\":true,\"valueName\":\"search_term_string\"}}],\"inLanguage\":\"fr-FR\"},{\"@type\":\"Person\",\"@id\":\"https:\/\/www.africa-press.net\/niger\/#\/schema\/person\/2b1cf3cd81a31e3cd26889ca66d677f1\",\"name\":\"cfeditorfr\"}]}<\/script>\n<!-- \/ Yoast SEO Premium plugin. -->","yoast_head_json":{"title":"Journ\u00e9e Mondiale de Lutte contre la Tuberculose : La n\u00e9cessit\u00e9 d\u2019augmentation des investissements et une collaboration multisectorielle pour mettre fin \u00e0 la tuberculose - niger","description":"A l\u2019instar des autres pays, le Niger a ce\u0301le\u0301bre\u0301 le 24 mars 2024 la Journe\u0301e Mondiale de Lutte contre la Tuberculose ...","robots":{"index":"index","follow":"follow","max-snippet":"max-snippet:-1","max-image-preview":"max-image-preview:large","max-video-preview":"max-video-preview:-1"},"canonical":"https:\/\/www.africa-press.net\/niger\/toutes-les-actualites\/journee-mondiale-de-lutte-contre-la-tuberculose-la-necessite-daugmentation-des-investissements-et-une-collaboration-multisectorielle-pour-mettre-fin-a-la-tuberculose","og_locale":"fr_FR","og_type":"article","og_title":"Journ\u00e9e Mondiale de Lutte contre la Tuberculose : La n\u00e9cessit\u00e9 d\u2019augmentation des investissements et une collaboration multisectorielle pour mettre fin \u00e0 la tuberculose","og_description":"A l\u2019instar des autres pays, le Niger a ce\u0301le\u0301bre\u0301 le 24 mars 2024 la Journe\u0301e Mondiale de Lutte contre la Tuberculose ...","og_url":"https:\/\/www.africa-press.net\/niger\/toutes-les-actualites\/journee-mondiale-de-lutte-contre-la-tuberculose-la-necessite-daugmentation-des-investissements-et-une-collaboration-multisectorielle-pour-mettre-fin-a-la-tuberculose","og_site_name":"niger","article_published_time":"2024-03-25T10:59:08+00:00","article_modified_time":"2024-03-25T13:48:57+00:00","og_image":[{"width":800,"height":533,"url":"https:\/\/static.africa-press.net\/niger\/sites\/40\/2024\/03\/sm_1711352676.847012.jpg","type":"image\/jpeg"}],"author":"cfeditorfr","twitter_card":"summary_large_image","twitter_misc":{"\u00c9crit par":"cfeditorfr","Dur\u00e9e de lecture estim\u00e9e":"4 minutes"},"schema":{"@context":"https:\/\/schema.org","@graph":[{"@type":"Article","@id":"https:\/\/www.africa-press.net\/niger\/toutes-les-actualites\/journee-mondiale-de-lutte-contre-la-tuberculose-la-necessite-daugmentation-des-investissements-et-une-collaboration-multisectorielle-pour-mettre-fin-a-la-tuberculose#article","isPartOf":{"@id":"https:\/\/www.africa-press.net\/niger\/toutes-les-actualites\/journee-mondiale-de-lutte-contre-la-tuberculose-la-necessite-daugmentation-des-investissements-et-une-collaboration-multisectorielle-pour-mettre-fin-a-la-tuberculose"},"author":{"name":"cfeditorfr","@id":"https:\/\/www.africa-press.net\/niger\/#\/schema\/person\/2b1cf3cd81a31e3cd26889ca66d677f1"},"headline":"Journ\u00e9e Mondiale de Lutte contre la Tuberculose : La n\u00e9cessit\u00e9 d\u2019augmentation des investissements et une collaboration multisectorielle pour mettre fin \u00e0 la tuberculose","datePublished":"2024-03-25T10:59:08+00:00","dateModified":"2024-03-25T13:48:57+00:00","mainEntityOfPage":{"@id":"https:\/\/www.africa-press.net\/niger\/toutes-les-actualites\/journee-mondiale-de-lutte-contre-la-tuberculose-la-necessite-daugmentation-des-investissements-et-une-collaboration-multisectorielle-pour-mettre-fin-a-la-tuberculose"},"wordCount":822,"commentCount":0,"image":{"@id":"https:\/\/www.africa-press.net\/niger\/toutes-les-actualites\/journee-mondiale-de-lutte-contre-la-tuberculose-la-necessite-daugmentation-des-investissements-et-une-collaboration-multisectorielle-pour-mettre-fin-a-la-tuberculose#primaryimage"},"thumbnailUrl":"https:\/\/static.africa-press.net\/niger\/sites\/40\/2024\/03\/sm_1711352676.847012.jpg","keywords":["Africa Press","Africa Press-Niger","Niger"],"articleSection":["Communaut\u00e9","Toutes les actualit\u00e9s"],"inLanguage":"fr-FR","potentialAction":[{"@type":"CommentAction","name":"Comment","target":["https:\/\/www.africa-press.net\/niger\/toutes-les-actualites\/journee-mondiale-de-lutte-contre-la-tuberculose-la-necessite-daugmentation-des-investissements-et-une-collaboration-multisectorielle-pour-mettre-fin-a-la-tuberculose#respond"]}]},{"@type":"WebPage","@id":"https:\/\/www.africa-press.net\/niger\/toutes-les-actualites\/journee-mondiale-de-lutte-contre-la-tuberculose-la-necessite-daugmentation-des-investissements-et-une-collaboration-multisectorielle-pour-mettre-fin-a-la-tuberculose","url":"https:\/\/www.africa-press.net\/niger\/toutes-les-actualites\/journee-mondiale-de-lutte-contre-la-tuberculose-la-necessite-daugmentation-des-investissements-et-une-collaboration-multisectorielle-pour-mettre-fin-a-la-tuberculose","name":"Journ\u00e9e Mondiale de Lutte contre la Tuberculose : La n\u00e9cessit\u00e9 d\u2019augmentation des investissements et une collaboration multisectorielle pour mettre fin \u00e0 la tuberculose - niger","isPartOf":{"@id":"https:\/\/www.africa-press.net\/niger\/#website"},"primaryImageOfPage":{"@id":"https:\/\/www.africa-press.net\/niger\/toutes-les-actualites\/journee-mondiale-de-lutte-contre-la-tuberculose-la-necessite-daugmentation-des-investissements-et-une-collaboration-multisectorielle-pour-mettre-fin-a-la-tuberculose#primaryimage"},"image":{"@id":"https:\/\/www.africa-press.net\/niger\/toutes-les-actualites\/journee-mondiale-de-lutte-contre-la-tuberculose-la-necessite-daugmentation-des-investissements-et-une-collaboration-multisectorielle-pour-mettre-fin-a-la-tuberculose#primaryimage"},"thumbnailUrl":"https:\/\/static.africa-press.net\/niger\/sites\/40\/2024\/03\/sm_1711352676.847012.jpg","datePublished":"2024-03-25T10:59:08+00:00","dateModified":"2024-03-25T13:48:57+00:00","author":{"@id":"https:\/\/www.africa-press.net\/niger\/#\/schema\/person\/2b1cf3cd81a31e3cd26889ca66d677f1"},"description":"A l\u2019instar des autres pays, le Niger a ce\u0301le\u0301bre\u0301 le 24 mars 2024 la Journe\u0301e Mondiale de Lutte contre la Tuberculose ...","breadcrumb":{"@id":"https:\/\/www.africa-press.net\/niger\/toutes-les-actualites\/journee-mondiale-de-lutte-contre-la-tuberculose-la-necessite-daugmentation-des-investissements-et-une-collaboration-multisectorielle-pour-mettre-fin-a-la-tuberculose#breadcrumb"},"inLanguage":"fr-FR","potentialAction":[{"@type":"ReadAction","target":["https:\/\/www.africa-press.net\/niger\/toutes-les-actualites\/journee-mondiale-de-lutte-contre-la-tuberculose-la-necessite-daugmentation-des-investissements-et-une-collaboration-multisectorielle-pour-mettre-fin-a-la-tuberculose"]}]},{"@type":"ImageObject","inLanguage":"fr-FR","@id":"https:\/\/www.africa-press.net\/niger\/toutes-les-actualites\/journee-mondiale-de-lutte-contre-la-tuberculose-la-necessite-daugmentation-des-investissements-et-une-collaboration-multisectorielle-pour-mettre-fin-a-la-tuberculose#primaryimage","url":"https:\/\/static.africa-press.net\/niger\/sites\/40\/2024\/03\/sm_1711352676.847012.jpg","contentUrl":"https:\/\/static.africa-press.net\/niger\/sites\/40\/2024\/03\/sm_1711352676.847012.jpg","width":800,"height":533,"caption":"Journ\u00e9e Mondiale de Lutte contre la Tuberculose : La n\u00e9cessit\u00e9 d\u2019augmentation des investissements et une collaboration multisectorielle pour mettre fin \u00e0 la tuberculose"},{"@type":"BreadcrumbList","@id":"https:\/\/www.africa-press.net\/niger\/toutes-les-actualites\/journee-mondiale-de-lutte-contre-la-tuberculose-la-necessite-daugmentation-des-investissements-et-une-collaboration-multisectorielle-pour-mettre-fin-a-la-tuberculose#breadcrumb","itemListElement":[{"@type":"ListItem","position":1,"name":"Accueil","item":"https:\/\/www.africa-press.net\/niger\/"},{"@type":"ListItem","position":2,"name":"Journ\u00e9e Mondiale de Lutte contre la Tuberculose : La n\u00e9cessit\u00e9 d\u2019augmentation des investissements et une collaboration multisectorielle pour mettre fin \u00e0 la tuberculose"}]},{"@type":"WebSite","@id":"https:\/\/www.africa-press.net\/niger\/#website","url":"https:\/\/www.africa-press.net\/niger\/","name":"niger","description":"Just another Africa News Agency Sites site","potentialAction":[{"@type":"SearchAction","target":{"@type":"EntryPoint","urlTemplate":"https:\/\/www.africa-press.net\/niger\/?s={search_term_string}"},"query-input":{"@type":"PropertyValueSpecification","valueRequired":true,"valueName":"search_term_string"}}],"inLanguage":"fr-FR"},{"@type":"Person","@id":"https:\/\/www.africa-press.net\/niger\/#\/schema\/person\/2b1cf3cd81a31e3cd26889ca66d677f1","name":"cfeditorfr"}]}},"_links":{"self":[{"href":"https:\/\/www.africa-press.net\/niger\/wp-json\/wp\/v2\/posts\/60512","targetHints":{"allow":["GET"]}}],"collection":[{"href":"https:\/\/www.africa-press.net\/niger\/wp-json\/wp\/v2\/posts"}],"about":[{"href":"https:\/\/www.africa-press.net\/niger\/wp-json\/wp\/v2\/types\/post"}],"author":[{"embeddable":true,"href":"https:\/\/www.africa-press.net\/niger\/wp-json\/wp\/v2\/users\/82"}],"replies":[{"embeddable":true,"href":"https:\/\/www.africa-press.net\/niger\/wp-json\/wp\/v2\/comments?post=60512"}],"version-history":[{"count":0,"href":"https:\/\/www.africa-press.net\/niger\/wp-json\/wp\/v2\/posts\/60512\/revisions"}],"wp:featuredmedia":[{"embeddable":true,"href":"https:\/\/www.africa-press.net\/niger\/wp-json\/wp\/v2\/media\/60511"}],"wp:attachment":[{"href":"https:\/\/www.africa-press.net\/niger\/wp-json\/wp\/v2\/media?parent=60512"}],"wp:term":[{"taxonomy":"category","embeddable":true,"href":"https:\/\/www.africa-press.net\/niger\/wp-json\/wp\/v2\/categories?post=60512"},{"taxonomy":"post_tag","embeddable":true,"href":"https:\/\/www.africa-press.net\/niger\/wp-json\/wp\/v2\/tags?post=60512"}],"curies":[{"name":"wp","href":"https:\/\/api.w.org\/{rel}","templated":true}]}}