{"id":60514,"date":"2024-03-25T10:59:21","date_gmt":"2024-03-25T10:59:21","guid":{"rendered":"https:\/\/www.africa-press.net\/niger\/politique\/la-coalition-de-la-societe-civile-m62-soutient-le-depart-des-troupes-americaines"},"modified":"2024-03-25T13:49:22","modified_gmt":"2024-03-25T13:49:22","slug":"la-coalition-de-la-societe-civile-m62-soutient-le-depart-des-troupes-americaines","status":"publish","type":"post","link":"https:\/\/www.africa-press.net\/niger\/politique\/la-coalition-de-la-societe-civile-m62-soutient-le-depart-des-troupes-americaines","title":{"rendered":"La coalition de la soci\u00e9t\u00e9 civile M62 soutient le d\u00e9part des troupes am\u00e9ricaines"},"content":{"rendered":"<p><span style=\"color: #ff6600\"><strong>Africa-Press &#8211; Niger. <\/strong><\/span>Au Niger, la coalition de la socie\u0301te\u0301 civile M62, qui soutient les autorite\u0301s issues du putsch de juillet 2023, a tenu une confe\u0301rence de presse ce samedi 23 mars 2024. Dans la de\u0301claration du secre\u0301taire ge\u0301ne\u0301ral Abdoulaye Seydou, il a surtout e\u0301te\u0301 question de la de\u0301nonciation de l&rsquo;accord de de\u0301fense avec les E\u0301tats-Unis.<\/p>\n<p>Abdoulaye Seydou estime que la coope\u0301ration avec les <b>E\u0301tats-Unis<\/b> a eu des \u00ab e\u0301le\u0301ments positifs, mais insuffisants \u00bb, et pre\u0301vient que le M62 s&rsquo;oppose au de\u0301ploiement de toute autre force e\u0301trange\u0300re au <b>Niger<\/b>.<\/p>\n<p>\u00ab Le mouvement M62 salue cette de\u0301cision courageuse, parce que le M62 s&rsquo;est toujours oppose\u0301 a\u0300 la pre\u0301sence de bases militaires e\u0301trange\u0300res, donc celles qui viennent d&rsquo;e\u0302tre de\u0301nonce\u0301es. Et au-dela\u0300 de c\u0327a, pour nous, toutes les forces militaires e\u0301trange\u0300res doivent quitter notre pays et s&rsquo;inscrire dans un nouveau type de partenariat avec nos autorite\u0301s, axe\u0301 autour de la formation, de l&rsquo;e\u0301quipement et du renseignement, sans base militaire \u00bb, souhaite le secre\u0301taire ge\u0301ne\u0301ral <b>du M62<\/b>.<\/p>\n<p>\u00ab Opposition farouche a\u0300 l&rsquo;imple\u0301mentation de toute autre base militaire e\u0301trange\u0300re \u00bb<\/p>\n<p>\u00ab Cela vaut pour ceux qui sont la\u0300 et les partenaires a\u0300 venir. Au niveau du mouvement M62, nous re\u0301affirmons notre opposition farouche a\u0300 l&rsquo;imple\u0301mentation de toute autre base militaire e\u0301trange\u0300re, qu&rsquo;elle soit russe, qu&rsquo;elle soit chinoise, qu&rsquo;elle soit japonaise, core\u0301enne ou quoi que ce soit \u00bb, insiste Abdoulaye Seydou.<\/p>\n<p>Pour ce qui est de l&rsquo;accord avec les E\u0301tats-Unis, le M62 demande des poursuites contre ceux qui l&rsquo;ont conclu, en premier lieu l&rsquo;ex-pre\u0301sident Mahamadou Issoufou.<\/p>\n<p>Le mouvement a aussi demande\u0301 une relance du processus de dialogue politique et de\u0301plore\u0301 la fin du contro\u0302le sur les marche\u0301s publics d&rsquo;armement. Une de\u0301cision \u00ab en porte-a\u0300-faux avec le principe de transparence \u00bb, selon le M62.<\/p>\n<p>A\u0300 lire aussiDe\u0301part des troupes ame\u0301ricaines du Niger: \u00abUn coup dur pour les deux parties\u00bb<\/p>\n<p><strong>Pour plus d&rsquo;informations et d&rsquo;analyses sur la <a href=\"https:\/\/www.africa-press.net\/niger\">Niger<\/a>, suivez <a href=\"https:\/\/www.africa-press.net\/\">Africa-Press<\/a><\/strong><\/p>\n","protected":false},"excerpt":{"rendered":"<p>Africa-Press &#8211; Niger. Au Niger, la coalition de la socie\u0301te\u0301 civile M62, qui soutient les autorite\u0301s issues du putsch de juillet 2023, a tenu une confe\u0301rence de presse ce samedi 23 mars 2024. Dans la de\u0301claration du secre\u0301taire ge\u0301ne\u0301ral Abdoulaye Seydou, il a surtout e\u0301te\u0301 question de la de\u0301nonciation de l&rsquo;accord de de\u0301fense avec les [&hellip;]<\/p>\n","protected":false},"author":82,"featured_media":60513,"comment_status":"open","ping_status":"closed","sticky":false,"template":"","format":"standard","meta":{"footnotes":""},"categories":[2,20,10],"tags":[55,60,29],"class_list":["post-60514","post","type-post","status-publish","format-standard","has-post-thumbnail","hentry","category-politique","category-top-nouvelles","category-toutes-les-actualites","tag-africa-press","tag-africa-press-niger","tag-niger"],"yoast_head":"<!-- This site is optimized with the Yoast SEO Premium plugin v26.1 (Yoast SEO v27.0) - https:\/\/yoast.com\/product\/yoast-seo-premium-wordpress\/ -->\n<title>La coalition de la soci\u00e9t\u00e9 civile M62 soutient le d\u00e9part des troupes am\u00e9ricaines - niger<\/title>\n<meta name=\"description\" content=\"Au Niger, la coalition de la socie\u0301te\u0301 civile M62, qui soutient les autorite\u0301s issues du putsch de juillet 2023, a tenu ...\" \/>\n<meta name=\"robots\" content=\"index, follow, max-snippet:-1, max-image-preview:large, max-video-preview:-1\" \/>\n<link rel=\"canonical\" href=\"https:\/\/www.africa-press.net\/niger\/politique\/la-coalition-de-la-societe-civile-m62-soutient-le-depart-des-troupes-americaines\" \/>\n<meta property=\"og:locale\" content=\"fr_FR\" \/>\n<meta property=\"og:type\" content=\"article\" \/>\n<meta property=\"og:title\" content=\"La coalition de la soci\u00e9t\u00e9 civile M62 soutient le d\u00e9part des troupes am\u00e9ricaines\" \/>\n<meta property=\"og:description\" content=\"Au Niger, la coalition de la socie\u0301te\u0301 civile M62, qui soutient les autorite\u0301s issues du putsch de juillet 2023, a tenu ...\" \/>\n<meta property=\"og:url\" content=\"https:\/\/www.africa-press.net\/niger\/politique\/la-coalition-de-la-societe-civile-m62-soutient-le-depart-des-troupes-americaines\" \/>\n<meta property=\"og:site_name\" content=\"niger\" \/>\n<meta property=\"article:published_time\" content=\"2024-03-25T10:59:21+00:00\" \/>\n<meta property=\"article:modified_time\" content=\"2024-03-25T13:49:22+00:00\" \/>\n<meta property=\"og:image\" content=\"https:\/\/static.africa-press.net\/niger\/sites\/40\/2024\/03\/sm_1711352716.60469.jpg\" \/>\n\t<meta property=\"og:image:width\" content=\"980\" \/>\n\t<meta property=\"og:image:height\" content=\"551\" \/>\n\t<meta property=\"og:image:type\" content=\"image\/jpeg\" \/>\n<meta name=\"author\" content=\"cfeditorfr\" \/>\n<meta name=\"twitter:card\" content=\"summary_large_image\" \/>\n<meta name=\"twitter:label1\" content=\"\u00c9crit par\" \/>\n\t<meta name=\"twitter:data1\" content=\"cfeditorfr\" \/>\n\t<meta name=\"twitter:label2\" content=\"Dur\u00e9e de lecture estim\u00e9e\" \/>\n\t<meta name=\"twitter:data2\" content=\"2 minutes\" \/>\n<script type=\"application\/ld+json\" class=\"yoast-schema-graph\">{\"@context\":\"https:\/\/schema.org\",\"@graph\":[{\"@type\":\"Article\",\"@id\":\"https:\/\/www.africa-press.net\/niger\/politique\/la-coalition-de-la-societe-civile-m62-soutient-le-depart-des-troupes-americaines#article\",\"isPartOf\":{\"@id\":\"https:\/\/www.africa-press.net\/niger\/politique\/la-coalition-de-la-societe-civile-m62-soutient-le-depart-des-troupes-americaines\"},\"author\":{\"name\":\"cfeditorfr\",\"@id\":\"https:\/\/www.africa-press.net\/niger\/#\/schema\/person\/2b1cf3cd81a31e3cd26889ca66d677f1\"},\"headline\":\"La coalition de la soci\u00e9t\u00e9 civile M62 soutient le d\u00e9part des troupes am\u00e9ricaines\",\"datePublished\":\"2024-03-25T10:59:21+00:00\",\"dateModified\":\"2024-03-25T13:49:22+00:00\",\"mainEntityOfPage\":{\"@id\":\"https:\/\/www.africa-press.net\/niger\/politique\/la-coalition-de-la-societe-civile-m62-soutient-le-depart-des-troupes-americaines\"},\"wordCount\":383,\"commentCount\":0,\"image\":{\"@id\":\"https:\/\/www.africa-press.net\/niger\/politique\/la-coalition-de-la-societe-civile-m62-soutient-le-depart-des-troupes-americaines#primaryimage\"},\"thumbnailUrl\":\"https:\/\/static.africa-press.net\/niger\/sites\/40\/2024\/03\/sm_1711352716.60469.jpg\",\"keywords\":[\"Africa Press\",\"Africa Press-Niger\",\"Niger\"],\"articleSection\":[\"Politique\",\"Top Nouvelles\",\"Toutes les actualit\u00e9s\"],\"inLanguage\":\"fr-FR\",\"potentialAction\":[{\"@type\":\"CommentAction\",\"name\":\"Comment\",\"target\":[\"https:\/\/www.africa-press.net\/niger\/politique\/la-coalition-de-la-societe-civile-m62-soutient-le-depart-des-troupes-americaines#respond\"]}]},{\"@type\":\"WebPage\",\"@id\":\"https:\/\/www.africa-press.net\/niger\/politique\/la-coalition-de-la-societe-civile-m62-soutient-le-depart-des-troupes-americaines\",\"url\":\"https:\/\/www.africa-press.net\/niger\/politique\/la-coalition-de-la-societe-civile-m62-soutient-le-depart-des-troupes-americaines\",\"name\":\"La coalition de la soci\u00e9t\u00e9 civile M62 soutient le d\u00e9part des troupes am\u00e9ricaines - niger\",\"isPartOf\":{\"@id\":\"https:\/\/www.africa-press.net\/niger\/#website\"},\"primaryImageOfPage\":{\"@id\":\"https:\/\/www.africa-press.net\/niger\/politique\/la-coalition-de-la-societe-civile-m62-soutient-le-depart-des-troupes-americaines#primaryimage\"},\"image\":{\"@id\":\"https:\/\/www.africa-press.net\/niger\/politique\/la-coalition-de-la-societe-civile-m62-soutient-le-depart-des-troupes-americaines#primaryimage\"},\"thumbnailUrl\":\"https:\/\/static.africa-press.net\/niger\/sites\/40\/2024\/03\/sm_1711352716.60469.jpg\",\"datePublished\":\"2024-03-25T10:59:21+00:00\",\"dateModified\":\"2024-03-25T13:49:22+00:00\",\"author\":{\"@id\":\"https:\/\/www.africa-press.net\/niger\/#\/schema\/person\/2b1cf3cd81a31e3cd26889ca66d677f1\"},\"description\":\"Au Niger, la coalition de la socie\u0301te\u0301 civile M62, qui soutient les autorite\u0301s issues du putsch de juillet 2023, a tenu ...\",\"breadcrumb\":{\"@id\":\"https:\/\/www.africa-press.net\/niger\/politique\/la-coalition-de-la-societe-civile-m62-soutient-le-depart-des-troupes-americaines#breadcrumb\"},\"inLanguage\":\"fr-FR\",\"potentialAction\":[{\"@type\":\"ReadAction\",\"target\":[\"https:\/\/www.africa-press.net\/niger\/politique\/la-coalition-de-la-societe-civile-m62-soutient-le-depart-des-troupes-americaines\"]}]},{\"@type\":\"ImageObject\",\"inLanguage\":\"fr-FR\",\"@id\":\"https:\/\/www.africa-press.net\/niger\/politique\/la-coalition-de-la-societe-civile-m62-soutient-le-depart-des-troupes-americaines#primaryimage\",\"url\":\"https:\/\/static.africa-press.net\/niger\/sites\/40\/2024\/03\/sm_1711352716.60469.jpg\",\"contentUrl\":\"https:\/\/static.africa-press.net\/niger\/sites\/40\/2024\/03\/sm_1711352716.60469.jpg\",\"width\":980,\"height\":551,\"caption\":\"La coalition de la soci\u00e9t\u00e9 civile M62 soutient le d\u00e9part des troupes am\u00e9ricaines\"},{\"@type\":\"BreadcrumbList\",\"@id\":\"https:\/\/www.africa-press.net\/niger\/politique\/la-coalition-de-la-societe-civile-m62-soutient-le-depart-des-troupes-americaines#breadcrumb\",\"itemListElement\":[{\"@type\":\"ListItem\",\"position\":1,\"name\":\"Accueil\",\"item\":\"https:\/\/www.africa-press.net\/niger\/\"},{\"@type\":\"ListItem\",\"position\":2,\"name\":\"La coalition de la soci\u00e9t\u00e9 civile M62 soutient le d\u00e9part des troupes am\u00e9ricaines\"}]},{\"@type\":\"WebSite\",\"@id\":\"https:\/\/www.africa-press.net\/niger\/#website\",\"url\":\"https:\/\/www.africa-press.net\/niger\/\",\"name\":\"niger\",\"description\":\"Just another Africa News Agency Sites site\",\"potentialAction\":[{\"@type\":\"SearchAction\",\"target\":{\"@type\":\"EntryPoint\",\"urlTemplate\":\"https:\/\/www.africa-press.net\/niger\/?s={search_term_string}\"},\"query-input\":{\"@type\":\"PropertyValueSpecification\",\"valueRequired\":true,\"valueName\":\"search_term_string\"}}],\"inLanguage\":\"fr-FR\"},{\"@type\":\"Person\",\"@id\":\"https:\/\/www.africa-press.net\/niger\/#\/schema\/person\/2b1cf3cd81a31e3cd26889ca66d677f1\",\"name\":\"cfeditorfr\"}]}<\/script>\n<!-- \/ Yoast SEO Premium plugin. -->","yoast_head_json":{"title":"La coalition de la soci\u00e9t\u00e9 civile M62 soutient le d\u00e9part des troupes am\u00e9ricaines - niger","description":"Au Niger, la coalition de la socie\u0301te\u0301 civile M62, qui soutient les autorite\u0301s issues du putsch de juillet 2023, a tenu ...","robots":{"index":"index","follow":"follow","max-snippet":"max-snippet:-1","max-image-preview":"max-image-preview:large","max-video-preview":"max-video-preview:-1"},"canonical":"https:\/\/www.africa-press.net\/niger\/politique\/la-coalition-de-la-societe-civile-m62-soutient-le-depart-des-troupes-americaines","og_locale":"fr_FR","og_type":"article","og_title":"La coalition de la soci\u00e9t\u00e9 civile M62 soutient le d\u00e9part des troupes am\u00e9ricaines","og_description":"Au Niger, la coalition de la socie\u0301te\u0301 civile M62, qui soutient les autorite\u0301s issues du putsch de juillet 2023, a tenu ...","og_url":"https:\/\/www.africa-press.net\/niger\/politique\/la-coalition-de-la-societe-civile-m62-soutient-le-depart-des-troupes-americaines","og_site_name":"niger","article_published_time":"2024-03-25T10:59:21+00:00","article_modified_time":"2024-03-25T13:49:22+00:00","og_image":[{"width":980,"height":551,"url":"https:\/\/static.africa-press.net\/niger\/sites\/40\/2024\/03\/sm_1711352716.60469.jpg","type":"image\/jpeg"}],"author":"cfeditorfr","twitter_card":"summary_large_image","twitter_misc":{"\u00c9crit par":"cfeditorfr","Dur\u00e9e de lecture estim\u00e9e":"2 minutes"},"schema":{"@context":"https:\/\/schema.org","@graph":[{"@type":"Article","@id":"https:\/\/www.africa-press.net\/niger\/politique\/la-coalition-de-la-societe-civile-m62-soutient-le-depart-des-troupes-americaines#article","isPartOf":{"@id":"https:\/\/www.africa-press.net\/niger\/politique\/la-coalition-de-la-societe-civile-m62-soutient-le-depart-des-troupes-americaines"},"author":{"name":"cfeditorfr","@id":"https:\/\/www.africa-press.net\/niger\/#\/schema\/person\/2b1cf3cd81a31e3cd26889ca66d677f1"},"headline":"La coalition de la soci\u00e9t\u00e9 civile M62 soutient le d\u00e9part des troupes am\u00e9ricaines","datePublished":"2024-03-25T10:59:21+00:00","dateModified":"2024-03-25T13:49:22+00:00","mainEntityOfPage":{"@id":"https:\/\/www.africa-press.net\/niger\/politique\/la-coalition-de-la-societe-civile-m62-soutient-le-depart-des-troupes-americaines"},"wordCount":383,"commentCount":0,"image":{"@id":"https:\/\/www.africa-press.net\/niger\/politique\/la-coalition-de-la-societe-civile-m62-soutient-le-depart-des-troupes-americaines#primaryimage"},"thumbnailUrl":"https:\/\/static.africa-press.net\/niger\/sites\/40\/2024\/03\/sm_1711352716.60469.jpg","keywords":["Africa Press","Africa Press-Niger","Niger"],"articleSection":["Politique","Top Nouvelles","Toutes les actualit\u00e9s"],"inLanguage":"fr-FR","potentialAction":[{"@type":"CommentAction","name":"Comment","target":["https:\/\/www.africa-press.net\/niger\/politique\/la-coalition-de-la-societe-civile-m62-soutient-le-depart-des-troupes-americaines#respond"]}]},{"@type":"WebPage","@id":"https:\/\/www.africa-press.net\/niger\/politique\/la-coalition-de-la-societe-civile-m62-soutient-le-depart-des-troupes-americaines","url":"https:\/\/www.africa-press.net\/niger\/politique\/la-coalition-de-la-societe-civile-m62-soutient-le-depart-des-troupes-americaines","name":"La coalition de la soci\u00e9t\u00e9 civile M62 soutient le d\u00e9part des troupes am\u00e9ricaines - niger","isPartOf":{"@id":"https:\/\/www.africa-press.net\/niger\/#website"},"primaryImageOfPage":{"@id":"https:\/\/www.africa-press.net\/niger\/politique\/la-coalition-de-la-societe-civile-m62-soutient-le-depart-des-troupes-americaines#primaryimage"},"image":{"@id":"https:\/\/www.africa-press.net\/niger\/politique\/la-coalition-de-la-societe-civile-m62-soutient-le-depart-des-troupes-americaines#primaryimage"},"thumbnailUrl":"https:\/\/static.africa-press.net\/niger\/sites\/40\/2024\/03\/sm_1711352716.60469.jpg","datePublished":"2024-03-25T10:59:21+00:00","dateModified":"2024-03-25T13:49:22+00:00","author":{"@id":"https:\/\/www.africa-press.net\/niger\/#\/schema\/person\/2b1cf3cd81a31e3cd26889ca66d677f1"},"description":"Au Niger, la coalition de la socie\u0301te\u0301 civile M62, qui soutient les autorite\u0301s issues du putsch de juillet 2023, a tenu ...","breadcrumb":{"@id":"https:\/\/www.africa-press.net\/niger\/politique\/la-coalition-de-la-societe-civile-m62-soutient-le-depart-des-troupes-americaines#breadcrumb"},"inLanguage":"fr-FR","potentialAction":[{"@type":"ReadAction","target":["https:\/\/www.africa-press.net\/niger\/politique\/la-coalition-de-la-societe-civile-m62-soutient-le-depart-des-troupes-americaines"]}]},{"@type":"ImageObject","inLanguage":"fr-FR","@id":"https:\/\/www.africa-press.net\/niger\/politique\/la-coalition-de-la-societe-civile-m62-soutient-le-depart-des-troupes-americaines#primaryimage","url":"https:\/\/static.africa-press.net\/niger\/sites\/40\/2024\/03\/sm_1711352716.60469.jpg","contentUrl":"https:\/\/static.africa-press.net\/niger\/sites\/40\/2024\/03\/sm_1711352716.60469.jpg","width":980,"height":551,"caption":"La coalition de la soci\u00e9t\u00e9 civile M62 soutient le d\u00e9part des troupes am\u00e9ricaines"},{"@type":"BreadcrumbList","@id":"https:\/\/www.africa-press.net\/niger\/politique\/la-coalition-de-la-societe-civile-m62-soutient-le-depart-des-troupes-americaines#breadcrumb","itemListElement":[{"@type":"ListItem","position":1,"name":"Accueil","item":"https:\/\/www.africa-press.net\/niger\/"},{"@type":"ListItem","position":2,"name":"La coalition de la soci\u00e9t\u00e9 civile M62 soutient le d\u00e9part des troupes am\u00e9ricaines"}]},{"@type":"WebSite","@id":"https:\/\/www.africa-press.net\/niger\/#website","url":"https:\/\/www.africa-press.net\/niger\/","name":"niger","description":"Just another Africa News Agency Sites site","potentialAction":[{"@type":"SearchAction","target":{"@type":"EntryPoint","urlTemplate":"https:\/\/www.africa-press.net\/niger\/?s={search_term_string}"},"query-input":{"@type":"PropertyValueSpecification","valueRequired":true,"valueName":"search_term_string"}}],"inLanguage":"fr-FR"},{"@type":"Person","@id":"https:\/\/www.africa-press.net\/niger\/#\/schema\/person\/2b1cf3cd81a31e3cd26889ca66d677f1","name":"cfeditorfr"}]}},"_links":{"self":[{"href":"https:\/\/www.africa-press.net\/niger\/wp-json\/wp\/v2\/posts\/60514","targetHints":{"allow":["GET"]}}],"collection":[{"href":"https:\/\/www.africa-press.net\/niger\/wp-json\/wp\/v2\/posts"}],"about":[{"href":"https:\/\/www.africa-press.net\/niger\/wp-json\/wp\/v2\/types\/post"}],"author":[{"embeddable":true,"href":"https:\/\/www.africa-press.net\/niger\/wp-json\/wp\/v2\/users\/82"}],"replies":[{"embeddable":true,"href":"https:\/\/www.africa-press.net\/niger\/wp-json\/wp\/v2\/comments?post=60514"}],"version-history":[{"count":0,"href":"https:\/\/www.africa-press.net\/niger\/wp-json\/wp\/v2\/posts\/60514\/revisions"}],"wp:featuredmedia":[{"embeddable":true,"href":"https:\/\/www.africa-press.net\/niger\/wp-json\/wp\/v2\/media\/60513"}],"wp:attachment":[{"href":"https:\/\/www.africa-press.net\/niger\/wp-json\/wp\/v2\/media?parent=60514"}],"wp:term":[{"taxonomy":"category","embeddable":true,"href":"https:\/\/www.africa-press.net\/niger\/wp-json\/wp\/v2\/categories?post=60514"},{"taxonomy":"post_tag","embeddable":true,"href":"https:\/\/www.africa-press.net\/niger\/wp-json\/wp\/v2\/tags?post=60514"}],"curies":[{"name":"wp","href":"https:\/\/api.w.org\/{rel}","templated":true}]}}