{"id":60520,"date":"2024-03-25T14:31:57","date_gmt":"2024-03-25T14:31:57","guid":{"rendered":"https:\/\/www.africa-press.net\/niger\/politique\/le-gouverneur-de-zinder-preside-la-ceremonie-de-lancement-de-loperation-vente-des-cereales-a-prix-moderes"},"modified":"2024-03-25T15:48:15","modified_gmt":"2024-03-25T15:48:15","slug":"le-gouverneur-de-zinder-preside-la-ceremonie-de-lancement-de-loperation-vente-des-cereales-a-prix-moderes","status":"publish","type":"post","link":"https:\/\/www.africa-press.net\/niger\/economie\/le-gouverneur-de-zinder-preside-la-ceremonie-de-lancement-de-loperation-vente-des-cereales-a-prix-moderes","title":{"rendered":"Le Gouverneur de Zinder pr\u00e9side la c\u00e9r\u00e9monie de lancement de l\u2019op\u00e9ration  vente des c\u00e9r\u00e9ales \u00e0 prix mod\u00e9r\u00e9s"},"content":{"rendered":"<p><span style=\"color: #ff6600\"><strong>Africa-Press &#8211; Niger. <\/strong><\/span>Le Gouverneur de Zinder, le Colonel Issoufou Labo a pre\u0301side\u0301 vendredi 22 mars, la ce\u0301re\u0301monie officielle de lancement de l\u2019ope\u0301ration de la vente des ce\u0301re\u0301ales a\u0300 prix mode\u0301re\u0301s (VCPM) dans l\u2019enceinte du Premier Arrondissement Communal de Zinder. La ce\u0301re\u0301monie est organise\u0301e par l\u2019Etat a\u0300 travers le Dispositif National de Pre\u0301vention et de Gestion des Crises Alimentaires.<\/p>\n<p>L\u2019assistance a\u0300 la re\u0301gion de Zinder \u2018\u2019touchera dans ce cadre l\u2019ensemble des 55 Communes de la re\u0301gion, les 10 de\u0301partements et la Ville \u2018\u2019 a de\u0301clare\u0301 le Gouverneur de Zinder qui indique que cette \u2018\u2019ope\u0301ration connaitra sept phases, allant de Mars a\u0300 Septembre 2024 et concernera 3050 tonnes de ce\u0301re\u0301ales compose\u0301es du mil, du sorgho et du riz \u2018\u2019.<\/p>\n<p>Ce tonnage a-t-il insiste\u0301 \u2018\u2019 permettra de \u2018\u2019toucher 30.500 me\u0301nages vulne\u0301rables soit 213.500 personnes\u2019\u2019.<\/p>\n<p>La vente des ce\u0301re\u0301ales se fait au de\u0301tail avec une mesure locale. Le prix de sac de 100 kg de ce\u0301re\u0301ales est fixe\u0301 a\u0300 13.000FCFA.<\/p>\n<p>En outre, le Gouvernement, en ce mois be\u0301ni de Ramadan, pour soulager les souffrances des populations vulne\u0301rables, a initie\u0301 l\u2019ope\u0301ration \u2018\u2019Vente a\u0300 prix mode\u0301re\u0301s de 490 tonnes de sucre a\u0300 raison de 17.500 F le sac de 50kg.<\/p>\n<p>La campagne agro-sylvo-pastorale 2023, rappelle-t-on, n\u2019 a pas re\u0301pondu aux attentes des populations ou\u0300 a\u0300 l\u2019issue des diffe\u0301rentes analyses sur l\u2019e\u0301valuation de la situation alimentaire, la re\u0301gion de\u0301gage un de\u0301ficit ce\u0301re\u0301alier de 199.000 tonnes, soit un e\u0301cart de couverture de 18 pour cent.<\/p>\n<p><strong>Pour plus d&rsquo;informations et d&rsquo;analyses sur la <a href=\"https:\/\/www.africa-press.net\/niger\">Niger<\/a>, suivez <a href=\"https:\/\/www.africa-press.net\/\">Africa-Press<\/a><\/strong><\/p>\n","protected":false},"excerpt":{"rendered":"<p>Africa-Press &#8211; Niger. Le Gouverneur de Zinder, le Colonel Issoufou Labo a pre\u0301side\u0301 vendredi 22 mars, la ce\u0301re\u0301monie officielle de lancement de l\u2019ope\u0301ration de la vente des ce\u0301re\u0301ales a\u0300 prix mode\u0301re\u0301s (VCPM) dans l\u2019enceinte du Premier Arrondissement Communal de Zinder. La ce\u0301re\u0301monie est organise\u0301e par l\u2019Etat a\u0300 travers le Dispositif National de Pre\u0301vention et de [&hellip;]<\/p>\n","protected":false},"author":82,"featured_media":60519,"comment_status":"open","ping_status":"closed","sticky":false,"template":"","format":"standard","meta":{"footnotes":""},"categories":[3,10],"tags":[55,60,29],"class_list":["post-60520","post","type-post","status-publish","format-standard","has-post-thumbnail","hentry","category-economie","category-toutes-les-actualites","tag-africa-press","tag-africa-press-niger","tag-niger"],"yoast_head":"<!-- This site is optimized with the Yoast SEO Premium plugin v26.1 (Yoast SEO v27.0) - https:\/\/yoast.com\/product\/yoast-seo-premium-wordpress\/ -->\n<title>Le Gouverneur de Zinder pr\u00e9side la c\u00e9r\u00e9monie de lancement de l\u2019op\u00e9ration vente des c\u00e9r\u00e9ales \u00e0 prix mod\u00e9r\u00e9s - niger<\/title>\n<meta name=\"description\" content=\"Le Gouverneur de Zinder, le Colonel Issoufou Labo a pre\u0301side\u0301 vendredi 22 mars, la ce\u0301re\u0301monie officielle de lancement d ...\" \/>\n<meta name=\"robots\" content=\"index, follow, max-snippet:-1, max-image-preview:large, max-video-preview:-1\" \/>\n<link rel=\"canonical\" href=\"https:\/\/www.africa-press.net\/niger\/economie\/le-gouverneur-de-zinder-preside-la-ceremonie-de-lancement-de-loperation-vente-des-cereales-a-prix-moderes\" \/>\n<meta property=\"og:locale\" content=\"fr_FR\" \/>\n<meta property=\"og:type\" content=\"article\" \/>\n<meta property=\"og:title\" content=\"Le Gouverneur de Zinder pr\u00e9side la c\u00e9r\u00e9monie de lancement de l\u2019op\u00e9ration vente des c\u00e9r\u00e9ales \u00e0 prix mod\u00e9r\u00e9s\" \/>\n<meta property=\"og:description\" content=\"Le Gouverneur de Zinder, le Colonel Issoufou Labo a pre\u0301side\u0301 vendredi 22 mars, la ce\u0301re\u0301monie officielle de lancement d ...\" \/>\n<meta property=\"og:url\" content=\"https:\/\/www.africa-press.net\/niger\/economie\/le-gouverneur-de-zinder-preside-la-ceremonie-de-lancement-de-loperation-vente-des-cereales-a-prix-moderes\" \/>\n<meta property=\"og:site_name\" content=\"niger\" \/>\n<meta property=\"article:published_time\" content=\"2024-03-25T14:31:57+00:00\" \/>\n<meta property=\"article:modified_time\" content=\"2024-03-25T15:48:15+00:00\" \/>\n<meta property=\"og:image\" content=\"https:\/\/static.africa-press.net\/niger\/sites\/40\/2024\/03\/sm_1711369064.194803.jpg\" \/>\n\t<meta property=\"og:image:width\" content=\"779\" \/>\n\t<meta property=\"og:image:height\" content=\"438\" \/>\n\t<meta property=\"og:image:type\" content=\"image\/jpeg\" \/>\n<meta name=\"author\" content=\"cfeditorfr\" \/>\n<meta name=\"twitter:card\" content=\"summary_large_image\" \/>\n<meta name=\"twitter:label1\" content=\"\u00c9crit par\" \/>\n\t<meta name=\"twitter:data1\" content=\"cfeditorfr\" \/>\n\t<meta name=\"twitter:label2\" content=\"Dur\u00e9e de lecture estim\u00e9e\" \/>\n\t<meta name=\"twitter:data2\" content=\"2 minutes\" \/>\n<script type=\"application\/ld+json\" class=\"yoast-schema-graph\">{\"@context\":\"https:\/\/schema.org\",\"@graph\":[{\"@type\":\"Article\",\"@id\":\"https:\/\/www.africa-press.net\/niger\/economie\/le-gouverneur-de-zinder-preside-la-ceremonie-de-lancement-de-loperation-vente-des-cereales-a-prix-moderes#article\",\"isPartOf\":{\"@id\":\"https:\/\/www.africa-press.net\/niger\/economie\/le-gouverneur-de-zinder-preside-la-ceremonie-de-lancement-de-loperation-vente-des-cereales-a-prix-moderes\"},\"author\":{\"name\":\"cfeditorfr\",\"@id\":\"https:\/\/www.africa-press.net\/niger\/#\/schema\/person\/2b1cf3cd81a31e3cd26889ca66d677f1\"},\"headline\":\"Le Gouverneur de Zinder pr\u00e9side la c\u00e9r\u00e9monie de lancement de l\u2019op\u00e9ration vente des c\u00e9r\u00e9ales \u00e0 prix mod\u00e9r\u00e9s\",\"datePublished\":\"2024-03-25T14:31:57+00:00\",\"dateModified\":\"2024-03-25T15:48:15+00:00\",\"mainEntityOfPage\":{\"@id\":\"https:\/\/www.africa-press.net\/niger\/economie\/le-gouverneur-de-zinder-preside-la-ceremonie-de-lancement-de-loperation-vente-des-cereales-a-prix-moderes\"},\"wordCount\":308,\"commentCount\":0,\"image\":{\"@id\":\"https:\/\/www.africa-press.net\/niger\/economie\/le-gouverneur-de-zinder-preside-la-ceremonie-de-lancement-de-loperation-vente-des-cereales-a-prix-moderes#primaryimage\"},\"thumbnailUrl\":\"https:\/\/static.africa-press.net\/niger\/sites\/40\/2024\/03\/sm_1711369064.194803.jpg\",\"keywords\":[\"Africa Press\",\"Africa Press-Niger\",\"Niger\"],\"articleSection\":[\"\u00c9conomie\",\"Toutes les actualit\u00e9s\"],\"inLanguage\":\"fr-FR\",\"potentialAction\":[{\"@type\":\"CommentAction\",\"name\":\"Comment\",\"target\":[\"https:\/\/www.africa-press.net\/niger\/economie\/le-gouverneur-de-zinder-preside-la-ceremonie-de-lancement-de-loperation-vente-des-cereales-a-prix-moderes#respond\"]}]},{\"@type\":\"WebPage\",\"@id\":\"https:\/\/www.africa-press.net\/niger\/economie\/le-gouverneur-de-zinder-preside-la-ceremonie-de-lancement-de-loperation-vente-des-cereales-a-prix-moderes\",\"url\":\"https:\/\/www.africa-press.net\/niger\/economie\/le-gouverneur-de-zinder-preside-la-ceremonie-de-lancement-de-loperation-vente-des-cereales-a-prix-moderes\",\"name\":\"Le Gouverneur de Zinder pr\u00e9side la c\u00e9r\u00e9monie de lancement de l\u2019op\u00e9ration vente des c\u00e9r\u00e9ales \u00e0 prix mod\u00e9r\u00e9s - niger\",\"isPartOf\":{\"@id\":\"https:\/\/www.africa-press.net\/niger\/#website\"},\"primaryImageOfPage\":{\"@id\":\"https:\/\/www.africa-press.net\/niger\/economie\/le-gouverneur-de-zinder-preside-la-ceremonie-de-lancement-de-loperation-vente-des-cereales-a-prix-moderes#primaryimage\"},\"image\":{\"@id\":\"https:\/\/www.africa-press.net\/niger\/economie\/le-gouverneur-de-zinder-preside-la-ceremonie-de-lancement-de-loperation-vente-des-cereales-a-prix-moderes#primaryimage\"},\"thumbnailUrl\":\"https:\/\/static.africa-press.net\/niger\/sites\/40\/2024\/03\/sm_1711369064.194803.jpg\",\"datePublished\":\"2024-03-25T14:31:57+00:00\",\"dateModified\":\"2024-03-25T15:48:15+00:00\",\"author\":{\"@id\":\"https:\/\/www.africa-press.net\/niger\/#\/schema\/person\/2b1cf3cd81a31e3cd26889ca66d677f1\"},\"description\":\"Le Gouverneur de Zinder, le Colonel Issoufou Labo a pre\u0301side\u0301 vendredi 22 mars, la ce\u0301re\u0301monie officielle de lancement d ...\",\"breadcrumb\":{\"@id\":\"https:\/\/www.africa-press.net\/niger\/economie\/le-gouverneur-de-zinder-preside-la-ceremonie-de-lancement-de-loperation-vente-des-cereales-a-prix-moderes#breadcrumb\"},\"inLanguage\":\"fr-FR\",\"potentialAction\":[{\"@type\":\"ReadAction\",\"target\":[\"https:\/\/www.africa-press.net\/niger\/economie\/le-gouverneur-de-zinder-preside-la-ceremonie-de-lancement-de-loperation-vente-des-cereales-a-prix-moderes\"]}]},{\"@type\":\"ImageObject\",\"inLanguage\":\"fr-FR\",\"@id\":\"https:\/\/www.africa-press.net\/niger\/economie\/le-gouverneur-de-zinder-preside-la-ceremonie-de-lancement-de-loperation-vente-des-cereales-a-prix-moderes#primaryimage\",\"url\":\"https:\/\/static.africa-press.net\/niger\/sites\/40\/2024\/03\/sm_1711369064.194803.jpg\",\"contentUrl\":\"https:\/\/static.africa-press.net\/niger\/sites\/40\/2024\/03\/sm_1711369064.194803.jpg\",\"width\":779,\"height\":438,\"caption\":\"Le Gouverneur de Zinder pr\u00e9side la c\u00e9r\u00e9monie de lancement de l\u2019op\u00e9ration vente des c\u00e9r\u00e9ales \u00e0 prix mod\u00e9r\u00e9s\"},{\"@type\":\"BreadcrumbList\",\"@id\":\"https:\/\/www.africa-press.net\/niger\/economie\/le-gouverneur-de-zinder-preside-la-ceremonie-de-lancement-de-loperation-vente-des-cereales-a-prix-moderes#breadcrumb\",\"itemListElement\":[{\"@type\":\"ListItem\",\"position\":1,\"name\":\"Accueil\",\"item\":\"https:\/\/www.africa-press.net\/niger\/\"},{\"@type\":\"ListItem\",\"position\":2,\"name\":\"Le Gouverneur de Zinder pr\u00e9side la c\u00e9r\u00e9monie de lancement de l\u2019op\u00e9ration vente des c\u00e9r\u00e9ales \u00e0 prix mod\u00e9r\u00e9s\"}]},{\"@type\":\"WebSite\",\"@id\":\"https:\/\/www.africa-press.net\/niger\/#website\",\"url\":\"https:\/\/www.africa-press.net\/niger\/\",\"name\":\"niger\",\"description\":\"Just another Africa News Agency Sites site\",\"potentialAction\":[{\"@type\":\"SearchAction\",\"target\":{\"@type\":\"EntryPoint\",\"urlTemplate\":\"https:\/\/www.africa-press.net\/niger\/?s={search_term_string}\"},\"query-input\":{\"@type\":\"PropertyValueSpecification\",\"valueRequired\":true,\"valueName\":\"search_term_string\"}}],\"inLanguage\":\"fr-FR\"},{\"@type\":\"Person\",\"@id\":\"https:\/\/www.africa-press.net\/niger\/#\/schema\/person\/2b1cf3cd81a31e3cd26889ca66d677f1\",\"name\":\"cfeditorfr\"}]}<\/script>\n<!-- \/ Yoast SEO Premium plugin. -->","yoast_head_json":{"title":"Le Gouverneur de Zinder pr\u00e9side la c\u00e9r\u00e9monie de lancement de l\u2019op\u00e9ration vente des c\u00e9r\u00e9ales \u00e0 prix mod\u00e9r\u00e9s - niger","description":"Le Gouverneur de Zinder, le Colonel Issoufou Labo a pre\u0301side\u0301 vendredi 22 mars, la ce\u0301re\u0301monie officielle de lancement d ...","robots":{"index":"index","follow":"follow","max-snippet":"max-snippet:-1","max-image-preview":"max-image-preview:large","max-video-preview":"max-video-preview:-1"},"canonical":"https:\/\/www.africa-press.net\/niger\/economie\/le-gouverneur-de-zinder-preside-la-ceremonie-de-lancement-de-loperation-vente-des-cereales-a-prix-moderes","og_locale":"fr_FR","og_type":"article","og_title":"Le Gouverneur de Zinder pr\u00e9side la c\u00e9r\u00e9monie de lancement de l\u2019op\u00e9ration vente des c\u00e9r\u00e9ales \u00e0 prix mod\u00e9r\u00e9s","og_description":"Le Gouverneur de Zinder, le Colonel Issoufou Labo a pre\u0301side\u0301 vendredi 22 mars, la ce\u0301re\u0301monie officielle de lancement d ...","og_url":"https:\/\/www.africa-press.net\/niger\/economie\/le-gouverneur-de-zinder-preside-la-ceremonie-de-lancement-de-loperation-vente-des-cereales-a-prix-moderes","og_site_name":"niger","article_published_time":"2024-03-25T14:31:57+00:00","article_modified_time":"2024-03-25T15:48:15+00:00","og_image":[{"width":779,"height":438,"url":"https:\/\/static.africa-press.net\/niger\/sites\/40\/2024\/03\/sm_1711369064.194803.jpg","type":"image\/jpeg"}],"author":"cfeditorfr","twitter_card":"summary_large_image","twitter_misc":{"\u00c9crit par":"cfeditorfr","Dur\u00e9e de lecture estim\u00e9e":"2 minutes"},"schema":{"@context":"https:\/\/schema.org","@graph":[{"@type":"Article","@id":"https:\/\/www.africa-press.net\/niger\/economie\/le-gouverneur-de-zinder-preside-la-ceremonie-de-lancement-de-loperation-vente-des-cereales-a-prix-moderes#article","isPartOf":{"@id":"https:\/\/www.africa-press.net\/niger\/economie\/le-gouverneur-de-zinder-preside-la-ceremonie-de-lancement-de-loperation-vente-des-cereales-a-prix-moderes"},"author":{"name":"cfeditorfr","@id":"https:\/\/www.africa-press.net\/niger\/#\/schema\/person\/2b1cf3cd81a31e3cd26889ca66d677f1"},"headline":"Le Gouverneur de Zinder pr\u00e9side la c\u00e9r\u00e9monie de lancement de l\u2019op\u00e9ration vente des c\u00e9r\u00e9ales \u00e0 prix mod\u00e9r\u00e9s","datePublished":"2024-03-25T14:31:57+00:00","dateModified":"2024-03-25T15:48:15+00:00","mainEntityOfPage":{"@id":"https:\/\/www.africa-press.net\/niger\/economie\/le-gouverneur-de-zinder-preside-la-ceremonie-de-lancement-de-loperation-vente-des-cereales-a-prix-moderes"},"wordCount":308,"commentCount":0,"image":{"@id":"https:\/\/www.africa-press.net\/niger\/economie\/le-gouverneur-de-zinder-preside-la-ceremonie-de-lancement-de-loperation-vente-des-cereales-a-prix-moderes#primaryimage"},"thumbnailUrl":"https:\/\/static.africa-press.net\/niger\/sites\/40\/2024\/03\/sm_1711369064.194803.jpg","keywords":["Africa Press","Africa Press-Niger","Niger"],"articleSection":["\u00c9conomie","Toutes les actualit\u00e9s"],"inLanguage":"fr-FR","potentialAction":[{"@type":"CommentAction","name":"Comment","target":["https:\/\/www.africa-press.net\/niger\/economie\/le-gouverneur-de-zinder-preside-la-ceremonie-de-lancement-de-loperation-vente-des-cereales-a-prix-moderes#respond"]}]},{"@type":"WebPage","@id":"https:\/\/www.africa-press.net\/niger\/economie\/le-gouverneur-de-zinder-preside-la-ceremonie-de-lancement-de-loperation-vente-des-cereales-a-prix-moderes","url":"https:\/\/www.africa-press.net\/niger\/economie\/le-gouverneur-de-zinder-preside-la-ceremonie-de-lancement-de-loperation-vente-des-cereales-a-prix-moderes","name":"Le Gouverneur de Zinder pr\u00e9side la c\u00e9r\u00e9monie de lancement de l\u2019op\u00e9ration vente des c\u00e9r\u00e9ales \u00e0 prix mod\u00e9r\u00e9s - niger","isPartOf":{"@id":"https:\/\/www.africa-press.net\/niger\/#website"},"primaryImageOfPage":{"@id":"https:\/\/www.africa-press.net\/niger\/economie\/le-gouverneur-de-zinder-preside-la-ceremonie-de-lancement-de-loperation-vente-des-cereales-a-prix-moderes#primaryimage"},"image":{"@id":"https:\/\/www.africa-press.net\/niger\/economie\/le-gouverneur-de-zinder-preside-la-ceremonie-de-lancement-de-loperation-vente-des-cereales-a-prix-moderes#primaryimage"},"thumbnailUrl":"https:\/\/static.africa-press.net\/niger\/sites\/40\/2024\/03\/sm_1711369064.194803.jpg","datePublished":"2024-03-25T14:31:57+00:00","dateModified":"2024-03-25T15:48:15+00:00","author":{"@id":"https:\/\/www.africa-press.net\/niger\/#\/schema\/person\/2b1cf3cd81a31e3cd26889ca66d677f1"},"description":"Le Gouverneur de Zinder, le Colonel Issoufou Labo a pre\u0301side\u0301 vendredi 22 mars, la ce\u0301re\u0301monie officielle de lancement d ...","breadcrumb":{"@id":"https:\/\/www.africa-press.net\/niger\/economie\/le-gouverneur-de-zinder-preside-la-ceremonie-de-lancement-de-loperation-vente-des-cereales-a-prix-moderes#breadcrumb"},"inLanguage":"fr-FR","potentialAction":[{"@type":"ReadAction","target":["https:\/\/www.africa-press.net\/niger\/economie\/le-gouverneur-de-zinder-preside-la-ceremonie-de-lancement-de-loperation-vente-des-cereales-a-prix-moderes"]}]},{"@type":"ImageObject","inLanguage":"fr-FR","@id":"https:\/\/www.africa-press.net\/niger\/economie\/le-gouverneur-de-zinder-preside-la-ceremonie-de-lancement-de-loperation-vente-des-cereales-a-prix-moderes#primaryimage","url":"https:\/\/static.africa-press.net\/niger\/sites\/40\/2024\/03\/sm_1711369064.194803.jpg","contentUrl":"https:\/\/static.africa-press.net\/niger\/sites\/40\/2024\/03\/sm_1711369064.194803.jpg","width":779,"height":438,"caption":"Le Gouverneur de Zinder pr\u00e9side la c\u00e9r\u00e9monie de lancement de l\u2019op\u00e9ration vente des c\u00e9r\u00e9ales \u00e0 prix mod\u00e9r\u00e9s"},{"@type":"BreadcrumbList","@id":"https:\/\/www.africa-press.net\/niger\/economie\/le-gouverneur-de-zinder-preside-la-ceremonie-de-lancement-de-loperation-vente-des-cereales-a-prix-moderes#breadcrumb","itemListElement":[{"@type":"ListItem","position":1,"name":"Accueil","item":"https:\/\/www.africa-press.net\/niger\/"},{"@type":"ListItem","position":2,"name":"Le Gouverneur de Zinder pr\u00e9side la c\u00e9r\u00e9monie de lancement de l\u2019op\u00e9ration vente des c\u00e9r\u00e9ales \u00e0 prix mod\u00e9r\u00e9s"}]},{"@type":"WebSite","@id":"https:\/\/www.africa-press.net\/niger\/#website","url":"https:\/\/www.africa-press.net\/niger\/","name":"niger","description":"Just another Africa News Agency Sites site","potentialAction":[{"@type":"SearchAction","target":{"@type":"EntryPoint","urlTemplate":"https:\/\/www.africa-press.net\/niger\/?s={search_term_string}"},"query-input":{"@type":"PropertyValueSpecification","valueRequired":true,"valueName":"search_term_string"}}],"inLanguage":"fr-FR"},{"@type":"Person","@id":"https:\/\/www.africa-press.net\/niger\/#\/schema\/person\/2b1cf3cd81a31e3cd26889ca66d677f1","name":"cfeditorfr"}]}},"_links":{"self":[{"href":"https:\/\/www.africa-press.net\/niger\/wp-json\/wp\/v2\/posts\/60520","targetHints":{"allow":["GET"]}}],"collection":[{"href":"https:\/\/www.africa-press.net\/niger\/wp-json\/wp\/v2\/posts"}],"about":[{"href":"https:\/\/www.africa-press.net\/niger\/wp-json\/wp\/v2\/types\/post"}],"author":[{"embeddable":true,"href":"https:\/\/www.africa-press.net\/niger\/wp-json\/wp\/v2\/users\/82"}],"replies":[{"embeddable":true,"href":"https:\/\/www.africa-press.net\/niger\/wp-json\/wp\/v2\/comments?post=60520"}],"version-history":[{"count":0,"href":"https:\/\/www.africa-press.net\/niger\/wp-json\/wp\/v2\/posts\/60520\/revisions"}],"wp:featuredmedia":[{"embeddable":true,"href":"https:\/\/www.africa-press.net\/niger\/wp-json\/wp\/v2\/media\/60519"}],"wp:attachment":[{"href":"https:\/\/www.africa-press.net\/niger\/wp-json\/wp\/v2\/media?parent=60520"}],"wp:term":[{"taxonomy":"category","embeddable":true,"href":"https:\/\/www.africa-press.net\/niger\/wp-json\/wp\/v2\/categories?post=60520"},{"taxonomy":"post_tag","embeddable":true,"href":"https:\/\/www.africa-press.net\/niger\/wp-json\/wp\/v2\/tags?post=60520"}],"curies":[{"name":"wp","href":"https:\/\/api.w.org\/{rel}","templated":true}]}}