{"id":60522,"date":"2024-03-25T14:32:31","date_gmt":"2024-03-25T14:32:31","guid":{"rendered":"https:\/\/www.africa-press.net\/niger\/politique\/diffa-arrivee-du-ministre-de-la-sante-le-medecin-colonel-major-garba-hakimi"},"modified":"2024-03-25T15:48:42","modified_gmt":"2024-03-25T15:48:42","slug":"diffa-arrivee-du-ministre-de-la-sante-le-medecin-colonel-major-garba-hakimi","status":"publish","type":"post","link":"https:\/\/www.africa-press.net\/niger\/toutes-les-actualites\/diffa-arrivee-du-ministre-de-la-sante-le-medecin-colonel-major-garba-hakimi","title":{"rendered":"Diffa : arriv\u00e9e du Ministre de la Sant\u00e9, le M\u00e9decin- Colonel major Garba Hakimi"},"content":{"rendered":"<p><span style=\"color: #ff6600\"><strong>Africa-Press &#8211; Niger. <\/strong><\/span>Le ministre de la Sante\u0301 Publique, de la Population et des Affaires Sociales, me\u0301decin Colonel major Garba Hakimi est arrive\u0301 ce dimanche 24 Mars 2024 en milieu de la journe\u0301e, dans la re\u0301gion de Diffa.<\/p>\n<p>Arrive\u0301e par voie terrestre, La de\u0301le\u0301gation ministe\u0301rielle a\u0300 e\u0301te\u0301 accueillie a\u0300 l\u2019entre\u0301e de la ville de Tahoua par les autorite\u0301s re\u0301gionales avec a\u0300 leur te\u0302te, le secre\u0301taire ge\u0301ne\u0301ral de la re\u0301gion M. Hambally Bouweye ainsi que le Pre\u0301sident du conseil re\u0301gional M. Dalla Koroji et les responsables des services techniques re\u0301gionales ainsi que les partenaires.<\/p>\n<p>Le ministre est dans la re\u0301gion pour une visite terrain de trois jours qui lui conduira dans divers services techniques relevant de son de\u0301partement ministe\u0301riel.<\/p>\n<p><strong>Pour plus d&rsquo;informations et d&rsquo;analyses sur la <a href=\"https:\/\/www.africa-press.net\/niger\">Niger<\/a>, suivez <a href=\"https:\/\/www.africa-press.net\/\">Africa-Press<\/a><\/strong><\/p>\n","protected":false},"excerpt":{"rendered":"<p>Africa-Press &#8211; Niger. Le ministre de la Sante\u0301 Publique, de la Population et des Affaires Sociales, me\u0301decin Colonel major Garba Hakimi est arrive\u0301 ce dimanche 24 Mars 2024 en milieu de la journe\u0301e, dans la re\u0301gion de Diffa. Arrive\u0301e par voie terrestre, La de\u0301le\u0301gation ministe\u0301rielle a\u0300 e\u0301te\u0301 accueillie a\u0300 l\u2019entre\u0301e de la ville de Tahoua [&hellip;]<\/p>\n","protected":false},"author":82,"featured_media":60521,"comment_status":"open","ping_status":"closed","sticky":false,"template":"","format":"standard","meta":{"footnotes":""},"categories":[21,10],"tags":[55,60,29],"class_list":["post-60522","post","type-post","status-publish","format-standard","has-post-thumbnail","hentry","category-communaute","category-toutes-les-actualites","tag-africa-press","tag-africa-press-niger","tag-niger"],"yoast_head":"<!-- This site is optimized with the Yoast SEO Premium plugin v26.1 (Yoast SEO v27.0) - https:\/\/yoast.com\/product\/yoast-seo-premium-wordpress\/ -->\n<title>Diffa : arriv\u00e9e du Ministre de la Sant\u00e9, le M\u00e9decin- Colonel major Garba Hakimi - niger<\/title>\n<meta name=\"description\" content=\"Le ministre de la Sante\u0301 Publique, de la Population et des Affaires Sociales, me\u0301decin Colonel major Garba Hakimi est ar ...\" \/>\n<meta name=\"robots\" content=\"index, follow, max-snippet:-1, max-image-preview:large, max-video-preview:-1\" \/>\n<link rel=\"canonical\" href=\"https:\/\/www.africa-press.net\/niger\/toutes-les-actualites\/diffa-arrivee-du-ministre-de-la-sante-le-medecin-colonel-major-garba-hakimi\" \/>\n<meta property=\"og:locale\" content=\"fr_FR\" \/>\n<meta property=\"og:type\" content=\"article\" \/>\n<meta property=\"og:title\" content=\"Diffa : arriv\u00e9e du Ministre de la Sant\u00e9, le M\u00e9decin- Colonel major Garba Hakimi\" \/>\n<meta property=\"og:description\" content=\"Le ministre de la Sante\u0301 Publique, de la Population et des Affaires Sociales, me\u0301decin Colonel major Garba Hakimi est ar ...\" \/>\n<meta property=\"og:url\" content=\"https:\/\/www.africa-press.net\/niger\/toutes-les-actualites\/diffa-arrivee-du-ministre-de-la-sante-le-medecin-colonel-major-garba-hakimi\" \/>\n<meta property=\"og:site_name\" content=\"niger\" \/>\n<meta property=\"article:published_time\" content=\"2024-03-25T14:32:31+00:00\" \/>\n<meta property=\"article:modified_time\" content=\"2024-03-25T15:48:42+00:00\" \/>\n<meta property=\"og:image\" content=\"https:\/\/static.africa-press.net\/niger\/sites\/40\/2024\/03\/sm_1711369078.853767.jpg\" \/>\n\t<meta property=\"og:image:width\" content=\"960\" \/>\n\t<meta property=\"og:image:height\" content=\"640\" \/>\n\t<meta property=\"og:image:type\" content=\"image\/jpeg\" \/>\n<meta name=\"author\" content=\"cfeditorfr\" \/>\n<meta name=\"twitter:card\" content=\"summary_large_image\" \/>\n<meta name=\"twitter:label1\" content=\"\u00c9crit par\" \/>\n\t<meta name=\"twitter:data1\" content=\"cfeditorfr\" \/>\n\t<meta name=\"twitter:label2\" content=\"Dur\u00e9e de lecture estim\u00e9e\" \/>\n\t<meta name=\"twitter:data2\" content=\"1 minute\" \/>\n<script type=\"application\/ld+json\" class=\"yoast-schema-graph\">{\"@context\":\"https:\/\/schema.org\",\"@graph\":[{\"@type\":\"Article\",\"@id\":\"https:\/\/www.africa-press.net\/niger\/toutes-les-actualites\/diffa-arrivee-du-ministre-de-la-sante-le-medecin-colonel-major-garba-hakimi#article\",\"isPartOf\":{\"@id\":\"https:\/\/www.africa-press.net\/niger\/toutes-les-actualites\/diffa-arrivee-du-ministre-de-la-sante-le-medecin-colonel-major-garba-hakimi\"},\"author\":{\"name\":\"cfeditorfr\",\"@id\":\"https:\/\/www.africa-press.net\/niger\/#\/schema\/person\/2b1cf3cd81a31e3cd26889ca66d677f1\"},\"headline\":\"Diffa : arriv\u00e9e du Ministre de la Sant\u00e9, le M\u00e9decin- Colonel major Garba Hakimi\",\"datePublished\":\"2024-03-25T14:32:31+00:00\",\"dateModified\":\"2024-03-25T15:48:42+00:00\",\"mainEntityOfPage\":{\"@id\":\"https:\/\/www.africa-press.net\/niger\/toutes-les-actualites\/diffa-arrivee-du-ministre-de-la-sante-le-medecin-colonel-major-garba-hakimi\"},\"wordCount\":166,\"commentCount\":0,\"image\":{\"@id\":\"https:\/\/www.africa-press.net\/niger\/toutes-les-actualites\/diffa-arrivee-du-ministre-de-la-sante-le-medecin-colonel-major-garba-hakimi#primaryimage\"},\"thumbnailUrl\":\"https:\/\/static.africa-press.net\/niger\/sites\/40\/2024\/03\/sm_1711369078.853767.jpg\",\"keywords\":[\"Africa Press\",\"Africa Press-Niger\",\"Niger\"],\"articleSection\":[\"Communaut\u00e9\",\"Toutes les actualit\u00e9s\"],\"inLanguage\":\"fr-FR\",\"potentialAction\":[{\"@type\":\"CommentAction\",\"name\":\"Comment\",\"target\":[\"https:\/\/www.africa-press.net\/niger\/toutes-les-actualites\/diffa-arrivee-du-ministre-de-la-sante-le-medecin-colonel-major-garba-hakimi#respond\"]}]},{\"@type\":\"WebPage\",\"@id\":\"https:\/\/www.africa-press.net\/niger\/toutes-les-actualites\/diffa-arrivee-du-ministre-de-la-sante-le-medecin-colonel-major-garba-hakimi\",\"url\":\"https:\/\/www.africa-press.net\/niger\/toutes-les-actualites\/diffa-arrivee-du-ministre-de-la-sante-le-medecin-colonel-major-garba-hakimi\",\"name\":\"Diffa : arriv\u00e9e du Ministre de la Sant\u00e9, le M\u00e9decin- Colonel major Garba Hakimi - niger\",\"isPartOf\":{\"@id\":\"https:\/\/www.africa-press.net\/niger\/#website\"},\"primaryImageOfPage\":{\"@id\":\"https:\/\/www.africa-press.net\/niger\/toutes-les-actualites\/diffa-arrivee-du-ministre-de-la-sante-le-medecin-colonel-major-garba-hakimi#primaryimage\"},\"image\":{\"@id\":\"https:\/\/www.africa-press.net\/niger\/toutes-les-actualites\/diffa-arrivee-du-ministre-de-la-sante-le-medecin-colonel-major-garba-hakimi#primaryimage\"},\"thumbnailUrl\":\"https:\/\/static.africa-press.net\/niger\/sites\/40\/2024\/03\/sm_1711369078.853767.jpg\",\"datePublished\":\"2024-03-25T14:32:31+00:00\",\"dateModified\":\"2024-03-25T15:48:42+00:00\",\"author\":{\"@id\":\"https:\/\/www.africa-press.net\/niger\/#\/schema\/person\/2b1cf3cd81a31e3cd26889ca66d677f1\"},\"description\":\"Le ministre de la Sante\u0301 Publique, de la Population et des Affaires Sociales, me\u0301decin Colonel major Garba Hakimi est ar ...\",\"breadcrumb\":{\"@id\":\"https:\/\/www.africa-press.net\/niger\/toutes-les-actualites\/diffa-arrivee-du-ministre-de-la-sante-le-medecin-colonel-major-garba-hakimi#breadcrumb\"},\"inLanguage\":\"fr-FR\",\"potentialAction\":[{\"@type\":\"ReadAction\",\"target\":[\"https:\/\/www.africa-press.net\/niger\/toutes-les-actualites\/diffa-arrivee-du-ministre-de-la-sante-le-medecin-colonel-major-garba-hakimi\"]}]},{\"@type\":\"ImageObject\",\"inLanguage\":\"fr-FR\",\"@id\":\"https:\/\/www.africa-press.net\/niger\/toutes-les-actualites\/diffa-arrivee-du-ministre-de-la-sante-le-medecin-colonel-major-garba-hakimi#primaryimage\",\"url\":\"https:\/\/static.africa-press.net\/niger\/sites\/40\/2024\/03\/sm_1711369078.853767.jpg\",\"contentUrl\":\"https:\/\/static.africa-press.net\/niger\/sites\/40\/2024\/03\/sm_1711369078.853767.jpg\",\"width\":960,\"height\":640,\"caption\":\"Diffa : arriv\u00e9e du Ministre de la Sant\u00e9, le M\u00e9decin- Colonel major Garba Hakimi\"},{\"@type\":\"BreadcrumbList\",\"@id\":\"https:\/\/www.africa-press.net\/niger\/toutes-les-actualites\/diffa-arrivee-du-ministre-de-la-sante-le-medecin-colonel-major-garba-hakimi#breadcrumb\",\"itemListElement\":[{\"@type\":\"ListItem\",\"position\":1,\"name\":\"Accueil\",\"item\":\"https:\/\/www.africa-press.net\/niger\/\"},{\"@type\":\"ListItem\",\"position\":2,\"name\":\"Diffa : arriv\u00e9e du Ministre de la Sant\u00e9, le M\u00e9decin- Colonel major Garba Hakimi\"}]},{\"@type\":\"WebSite\",\"@id\":\"https:\/\/www.africa-press.net\/niger\/#website\",\"url\":\"https:\/\/www.africa-press.net\/niger\/\",\"name\":\"niger\",\"description\":\"Just another Africa News Agency Sites site\",\"potentialAction\":[{\"@type\":\"SearchAction\",\"target\":{\"@type\":\"EntryPoint\",\"urlTemplate\":\"https:\/\/www.africa-press.net\/niger\/?s={search_term_string}\"},\"query-input\":{\"@type\":\"PropertyValueSpecification\",\"valueRequired\":true,\"valueName\":\"search_term_string\"}}],\"inLanguage\":\"fr-FR\"},{\"@type\":\"Person\",\"@id\":\"https:\/\/www.africa-press.net\/niger\/#\/schema\/person\/2b1cf3cd81a31e3cd26889ca66d677f1\",\"name\":\"cfeditorfr\"}]}<\/script>\n<!-- \/ Yoast SEO Premium plugin. -->","yoast_head_json":{"title":"Diffa : arriv\u00e9e du Ministre de la Sant\u00e9, le M\u00e9decin- Colonel major Garba Hakimi - niger","description":"Le ministre de la Sante\u0301 Publique, de la Population et des Affaires Sociales, me\u0301decin Colonel major Garba Hakimi est ar ...","robots":{"index":"index","follow":"follow","max-snippet":"max-snippet:-1","max-image-preview":"max-image-preview:large","max-video-preview":"max-video-preview:-1"},"canonical":"https:\/\/www.africa-press.net\/niger\/toutes-les-actualites\/diffa-arrivee-du-ministre-de-la-sante-le-medecin-colonel-major-garba-hakimi","og_locale":"fr_FR","og_type":"article","og_title":"Diffa : arriv\u00e9e du Ministre de la Sant\u00e9, le M\u00e9decin- Colonel major Garba Hakimi","og_description":"Le ministre de la Sante\u0301 Publique, de la Population et des Affaires Sociales, me\u0301decin Colonel major Garba Hakimi est ar ...","og_url":"https:\/\/www.africa-press.net\/niger\/toutes-les-actualites\/diffa-arrivee-du-ministre-de-la-sante-le-medecin-colonel-major-garba-hakimi","og_site_name":"niger","article_published_time":"2024-03-25T14:32:31+00:00","article_modified_time":"2024-03-25T15:48:42+00:00","og_image":[{"width":960,"height":640,"url":"https:\/\/static.africa-press.net\/niger\/sites\/40\/2024\/03\/sm_1711369078.853767.jpg","type":"image\/jpeg"}],"author":"cfeditorfr","twitter_card":"summary_large_image","twitter_misc":{"\u00c9crit par":"cfeditorfr","Dur\u00e9e de lecture estim\u00e9e":"1 minute"},"schema":{"@context":"https:\/\/schema.org","@graph":[{"@type":"Article","@id":"https:\/\/www.africa-press.net\/niger\/toutes-les-actualites\/diffa-arrivee-du-ministre-de-la-sante-le-medecin-colonel-major-garba-hakimi#article","isPartOf":{"@id":"https:\/\/www.africa-press.net\/niger\/toutes-les-actualites\/diffa-arrivee-du-ministre-de-la-sante-le-medecin-colonel-major-garba-hakimi"},"author":{"name":"cfeditorfr","@id":"https:\/\/www.africa-press.net\/niger\/#\/schema\/person\/2b1cf3cd81a31e3cd26889ca66d677f1"},"headline":"Diffa : arriv\u00e9e du Ministre de la Sant\u00e9, le M\u00e9decin- Colonel major Garba Hakimi","datePublished":"2024-03-25T14:32:31+00:00","dateModified":"2024-03-25T15:48:42+00:00","mainEntityOfPage":{"@id":"https:\/\/www.africa-press.net\/niger\/toutes-les-actualites\/diffa-arrivee-du-ministre-de-la-sante-le-medecin-colonel-major-garba-hakimi"},"wordCount":166,"commentCount":0,"image":{"@id":"https:\/\/www.africa-press.net\/niger\/toutes-les-actualites\/diffa-arrivee-du-ministre-de-la-sante-le-medecin-colonel-major-garba-hakimi#primaryimage"},"thumbnailUrl":"https:\/\/static.africa-press.net\/niger\/sites\/40\/2024\/03\/sm_1711369078.853767.jpg","keywords":["Africa Press","Africa Press-Niger","Niger"],"articleSection":["Communaut\u00e9","Toutes les actualit\u00e9s"],"inLanguage":"fr-FR","potentialAction":[{"@type":"CommentAction","name":"Comment","target":["https:\/\/www.africa-press.net\/niger\/toutes-les-actualites\/diffa-arrivee-du-ministre-de-la-sante-le-medecin-colonel-major-garba-hakimi#respond"]}]},{"@type":"WebPage","@id":"https:\/\/www.africa-press.net\/niger\/toutes-les-actualites\/diffa-arrivee-du-ministre-de-la-sante-le-medecin-colonel-major-garba-hakimi","url":"https:\/\/www.africa-press.net\/niger\/toutes-les-actualites\/diffa-arrivee-du-ministre-de-la-sante-le-medecin-colonel-major-garba-hakimi","name":"Diffa : arriv\u00e9e du Ministre de la Sant\u00e9, le M\u00e9decin- Colonel major Garba Hakimi - niger","isPartOf":{"@id":"https:\/\/www.africa-press.net\/niger\/#website"},"primaryImageOfPage":{"@id":"https:\/\/www.africa-press.net\/niger\/toutes-les-actualites\/diffa-arrivee-du-ministre-de-la-sante-le-medecin-colonel-major-garba-hakimi#primaryimage"},"image":{"@id":"https:\/\/www.africa-press.net\/niger\/toutes-les-actualites\/diffa-arrivee-du-ministre-de-la-sante-le-medecin-colonel-major-garba-hakimi#primaryimage"},"thumbnailUrl":"https:\/\/static.africa-press.net\/niger\/sites\/40\/2024\/03\/sm_1711369078.853767.jpg","datePublished":"2024-03-25T14:32:31+00:00","dateModified":"2024-03-25T15:48:42+00:00","author":{"@id":"https:\/\/www.africa-press.net\/niger\/#\/schema\/person\/2b1cf3cd81a31e3cd26889ca66d677f1"},"description":"Le ministre de la Sante\u0301 Publique, de la Population et des Affaires Sociales, me\u0301decin Colonel major Garba Hakimi est ar ...","breadcrumb":{"@id":"https:\/\/www.africa-press.net\/niger\/toutes-les-actualites\/diffa-arrivee-du-ministre-de-la-sante-le-medecin-colonel-major-garba-hakimi#breadcrumb"},"inLanguage":"fr-FR","potentialAction":[{"@type":"ReadAction","target":["https:\/\/www.africa-press.net\/niger\/toutes-les-actualites\/diffa-arrivee-du-ministre-de-la-sante-le-medecin-colonel-major-garba-hakimi"]}]},{"@type":"ImageObject","inLanguage":"fr-FR","@id":"https:\/\/www.africa-press.net\/niger\/toutes-les-actualites\/diffa-arrivee-du-ministre-de-la-sante-le-medecin-colonel-major-garba-hakimi#primaryimage","url":"https:\/\/static.africa-press.net\/niger\/sites\/40\/2024\/03\/sm_1711369078.853767.jpg","contentUrl":"https:\/\/static.africa-press.net\/niger\/sites\/40\/2024\/03\/sm_1711369078.853767.jpg","width":960,"height":640,"caption":"Diffa : arriv\u00e9e du Ministre de la Sant\u00e9, le M\u00e9decin- Colonel major Garba Hakimi"},{"@type":"BreadcrumbList","@id":"https:\/\/www.africa-press.net\/niger\/toutes-les-actualites\/diffa-arrivee-du-ministre-de-la-sante-le-medecin-colonel-major-garba-hakimi#breadcrumb","itemListElement":[{"@type":"ListItem","position":1,"name":"Accueil","item":"https:\/\/www.africa-press.net\/niger\/"},{"@type":"ListItem","position":2,"name":"Diffa : arriv\u00e9e du Ministre de la Sant\u00e9, le M\u00e9decin- Colonel major Garba Hakimi"}]},{"@type":"WebSite","@id":"https:\/\/www.africa-press.net\/niger\/#website","url":"https:\/\/www.africa-press.net\/niger\/","name":"niger","description":"Just another Africa News Agency Sites site","potentialAction":[{"@type":"SearchAction","target":{"@type":"EntryPoint","urlTemplate":"https:\/\/www.africa-press.net\/niger\/?s={search_term_string}"},"query-input":{"@type":"PropertyValueSpecification","valueRequired":true,"valueName":"search_term_string"}}],"inLanguage":"fr-FR"},{"@type":"Person","@id":"https:\/\/www.africa-press.net\/niger\/#\/schema\/person\/2b1cf3cd81a31e3cd26889ca66d677f1","name":"cfeditorfr"}]}},"_links":{"self":[{"href":"https:\/\/www.africa-press.net\/niger\/wp-json\/wp\/v2\/posts\/60522","targetHints":{"allow":["GET"]}}],"collection":[{"href":"https:\/\/www.africa-press.net\/niger\/wp-json\/wp\/v2\/posts"}],"about":[{"href":"https:\/\/www.africa-press.net\/niger\/wp-json\/wp\/v2\/types\/post"}],"author":[{"embeddable":true,"href":"https:\/\/www.africa-press.net\/niger\/wp-json\/wp\/v2\/users\/82"}],"replies":[{"embeddable":true,"href":"https:\/\/www.africa-press.net\/niger\/wp-json\/wp\/v2\/comments?post=60522"}],"version-history":[{"count":0,"href":"https:\/\/www.africa-press.net\/niger\/wp-json\/wp\/v2\/posts\/60522\/revisions"}],"wp:featuredmedia":[{"embeddable":true,"href":"https:\/\/www.africa-press.net\/niger\/wp-json\/wp\/v2\/media\/60521"}],"wp:attachment":[{"href":"https:\/\/www.africa-press.net\/niger\/wp-json\/wp\/v2\/media?parent=60522"}],"wp:term":[{"taxonomy":"category","embeddable":true,"href":"https:\/\/www.africa-press.net\/niger\/wp-json\/wp\/v2\/categories?post=60522"},{"taxonomy":"post_tag","embeddable":true,"href":"https:\/\/www.africa-press.net\/niger\/wp-json\/wp\/v2\/tags?post=60522"}],"curies":[{"name":"wp","href":"https:\/\/api.w.org\/{rel}","templated":true}]}}