{"id":60560,"date":"2024-03-26T14:26:06","date_gmt":"2024-03-26T14:26:06","guid":{"rendered":"https:\/\/www.africa-press.net\/niger\/politique\/lancement-du-concours-de-lecture-et-de-memorisation-du-saint-coran-musabaka-2024"},"modified":"2024-03-26T14:34:25","modified_gmt":"2024-03-26T14:34:25","slug":"lancement-du-concours-de-lecture-et-de-memorisation-du-saint-coran-musabaka-2024","status":"publish","type":"post","link":"https:\/\/www.africa-press.net\/niger\/culture-et-art\/lancement-du-concours-de-lecture-et-de-memorisation-du-saint-coran-musabaka-2024","title":{"rendered":"Lancement du concours de lecture et de m\u00e9morisation du Saint Coran \u2018\u2019Musabaka\u2019\u2019 2024"},"content":{"rendered":"<p><span style=\"color: #ff6600\"><strong>Africa-Press &#8211; Niger. <\/strong><\/span><b>Le Gouverneur de la re\u0301gion d\u2019Agadez, le Ge\u0301ne\u0301ral de Brigade Ibra Boulama, a pre\u0301side\u0301, le jeudi 21 mars 2024 dans l\u2019enceinte de la station re\u0301gional RTN, la ce\u0301re\u0301monie de lancement de l\u2019e\u0301dition 2024 du concours de lecture et de me\u0301morisation du Saint Coran, commune\u0301ment appele\u0301 Musabaka. La ce\u0301re\u0301monie s\u2019est de\u0301roule\u0301e en pre\u0301sence de plusieurs personnalite\u0301s civiles et militaires, ainsi que des membres de l\u2019Observatoire Religieux d\u2019Agadez.<\/b><\/p>\n<p>A cette occasion, le Gouverneur de la re\u0301gion d\u2019Agadez s\u2019est re\u0301joui de cette initiative avant de rendre un hommage a\u0300 l\u2019Observatoire Religieux pour l\u2019organisation de cette e\u0301dition 2024 de Musabaka. Le Ge\u0301ne\u0301ral de brigade Ibra Boulama Issa, s\u2019est e\u0301galement re\u0301joui de l\u2019engouement et de l\u2019inte\u0301re\u0302t qu\u2019accorde la population de la re\u0301gion d\u2019Agadez, particulie\u0300rement les jeunes filles et garc\u0327ons, a\u0300 l\u2019apprentissage du Saint Coran. \u00ab Je voudrais saluer cette initiative qui se de\u0301roule dans le mois be\u0301ni de Ramadan. Un mois de pie\u0301te\u0301 et de de\u0301votion, un mois de recueillement et d\u2019enrichissement spirituel personnel et collectif. Je pense que ce concours tombe a\u0300 point nomme\u0301. Je voudrais donc encourager les apprenantes et les apprenants ici pre\u0301sents, certains tre\u0300s jeunes et cela est tre\u0300s motivant \u00bb, a-t-il souligne\u0301, tout en relevant, bien que ce soit un concours, la victoire appartient a\u0300 toutes les apprenantes et a\u0300 tous les apprenants.<\/p>\n<p>Pour sa part, le pre\u0301sident de l\u2019Observatoire Religieux d\u2019Agadez a tenu a\u0300 rappeler l\u2019importance et les avantages de la lecture du Saint Coran, surtout pendant le Ramadan. Il faut souligner que la particularite\u0301 de cette e\u0301dition 2024 est qu\u2019elle est re\u0301gionale et regroupe les e\u0301le\u0300ves de la commune d\u2019Agadez et certaines e\u0301coles des de\u0301partements d\u2019Ingall, Aderbissanat, Arlit et Tchirozerine. Il a indique\u0301 que 95 e\u0301coles participent a\u0300 ce concours avec un effectif total de 258 candidats dont 113 Filles, tous repartis dans 5 Cate\u0301gories a\u0300 savoir 2 Hizibs, 5 Hizibs, 15 Hizibs, 30 Hizibs et Coran complet (60 Hizibs).<\/p>\n<p>Le pre\u0301sident de l\u2019Observatoire a plaide\u0301 aupre\u0300s des bonnes volonte\u0301s, personnes morales ou physiques pour qu\u2019elles apportent leurs contributions afin de parachever aise\u0301ment cette noble action. Il a salue\u0301 les efforts consentis par les autorite\u0301s compe\u0301tentes de la re\u0301gion d\u2019Agadez et Son Altesse le Sultan de l\u2019Ai\u0308r qui n\u2019ont me\u0301nage\u0301 aucun effort pour la re\u0301ussite de cette noble action. Cette occasion a e\u0301te\u0301 saisie pour implorer le Tout Puissant Allah de descendre sa cle\u0301mence et sa mise\u0301ricorde sur notre cher pays le Niger.<\/p>\n<p>Le pre\u0301sident du Conseil Re\u0301gional, M. Mohamed Anako et le Maire de la Commune Urbaine d\u2019Agadez, M. Abdourahamane Aboubacar Tourawa ont pris la parole e\u0301galement pour saluer l\u2019initiative et encourager les organisateurs et les jeunes candidats. Le pre\u0301sident du Conseil re\u0301gional a particulie\u0300rement rappele\u0301 les efforts que son institution est en train de de\u0301ployer en faveur des e\u0301coles coraniques de la re\u0301gion pour qu\u2019elles soient prises en compte dans les cantines scolaires. Pour sa part le maire de la Commune Urbaine d\u2019Agadez, a annonce\u0301 l\u2019attribution d\u2019une parcelle a\u0300 chacun des premiers des cate\u0301gories.<\/p>\n\r\n                <style type=\"text\/css\">\r\n                    \r\n                    #td_uid_1_69edfa0fe6115  .td-doubleSlider-2 .td-item1 {\r\n                        background: url(https:\/\/static.africa-press.net\/niger\/sites\/40\/2024\/03\/sm_1711450874.326938-80x60.jpg) 0 0 no-repeat;\r\n                    }\r\n                    #td_uid_1_69edfa0fe6115  .td-doubleSlider-2 .td-item2 {\r\n                        background: url(https:\/\/static.africa-press.net\/niger\/sites\/40\/2024\/03\/sm_1711450889.669037-80x60.jpg) 0 0 no-repeat;\r\n                    }\r\n                <\/style>\r\n\r\n                <div id=\"td_uid_1_69edfa0fe6115\" class=\"td-gallery td-slide-on-2-columns\">\r\n                    <div class=\"post_td_gallery\">\r\n                        <div class=\"td-gallery-slide-top\">\r\n                           <div class=\"td-gallery-title\"><\/div>\r\n\r\n                            <div class=\"td-gallery-controls-wrapper\">\r\n                                <div class=\"td-gallery-slide-count\"><span class=\"td-gallery-slide-item-focus\">1<\/span> de 2<\/div>\r\n                                <div class=\"td-gallery-slide-prev-next-but\">\r\n                                    <i class = \"td-icon-left doubleSliderPrevButton\"><\/i>\r\n                                    <i class = \"td-icon-right doubleSliderNextButton\"><\/i>\r\n                                <\/div>\r\n                            <\/div>\r\n                        <\/div>\r\n\r\n                        <div class = \"td-doubleSlider-1 \">\r\n                            <div class = \"td-slider\">\r\n                                \r\n                    <div class = \"td-slide-item td-item1\">\r\n                        <figure class=\"td-slide-galery-figure td-slide-popup-gallery\">\r\n                            <a class=\"slide-gallery-image-link\" href=\"https:\/\/static.africa-press.net\/niger\/sites\/40\/2024\/03\/sm_1711450874.326938.jpg\" title=\"sm_1711450874.326938\"  data-caption=\"\"  data-description=\"\">\r\n                                <img decoding=\"async\" src=\"https:\/\/static.africa-press.net\/niger\/sites\/40\/2024\/03\/sm_1711450874.326938.jpg\" srcset=\"https:\/\/static.africa-press.net\/niger\/sites\/40\/2024\/03\/sm_1711450874.326938.jpg 657w, https:\/\/static.africa-press.net\/niger\/sites\/40\/2024\/03\/sm_1711450874.326938-300x201.jpg 300w\" sizes=\"(max-width: 657px) 100vw, 657px\" alt=\"\">\r\n                            <\/a>\r\n                            \r\n                        <\/figure>\r\n                    <\/div>\r\n                    <div class = \"td-slide-item td-item2\">\r\n                        <figure class=\"td-slide-galery-figure td-slide-popup-gallery\">\r\n                            <a class=\"slide-gallery-image-link\" href=\"https:\/\/static.africa-press.net\/niger\/sites\/40\/2024\/03\/sm_1711450889.669037.jpg\" title=\"sm_1711450889.669037\"  data-caption=\"\"  data-description=\"\">\r\n                                <img decoding=\"async\" src=\"https:\/\/static.africa-press.net\/niger\/sites\/40\/2024\/03\/sm_1711450889.669037.jpg\" srcset=\"https:\/\/static.africa-press.net\/niger\/sites\/40\/2024\/03\/sm_1711450889.669037.jpg 622w, https:\/\/static.africa-press.net\/niger\/sites\/40\/2024\/03\/sm_1711450889.669037-300x200.jpg 300w\" sizes=\"(max-width: 622px) 100vw, 622px\" alt=\"\">\r\n                            <\/a>\r\n                            \r\n                        <\/figure>\r\n                    <\/div>\r\n                            <\/div>\r\n                        <\/div>\r\n\r\n                        <div class = \"td-doubleSlider-2\">\r\n                            <div class = \"td-slider\">\r\n                                \r\n                    <div class = \"td-button td-item1\">\r\n                        <div class = \"td-border\"><\/div>\r\n                    <\/div>\r\n                    <div class = \"td-button td-item2\">\r\n                        <div class = \"td-border\"><\/div>\r\n                    <\/div>\r\n                            <\/div>\r\n                        <\/div>\r\n\r\n                    <\/div>\r\n\r\n                <\/div>\r\n                \n<p><strong>Pour plus d&rsquo;informations et d&rsquo;analyses sur la <a href=\"https:\/\/www.africa-press.net\/niger\">Niger<\/a>, suivez <a href=\"https:\/\/www.africa-press.net\/\">Africa-Press<\/a><\/strong><\/p>\n","protected":false},"excerpt":{"rendered":"<p>Africa-Press &#8211; Niger. Le Gouverneur de la re\u0301gion d\u2019Agadez, le Ge\u0301ne\u0301ral de Brigade Ibra Boulama, a pre\u0301side\u0301, le jeudi 21 mars 2024 dans l\u2019enceinte de la station re\u0301gional RTN, la ce\u0301re\u0301monie de lancement de l\u2019e\u0301dition 2024 du concours de lecture et de me\u0301morisation du Saint Coran, commune\u0301ment appele\u0301 Musabaka. La ce\u0301re\u0301monie s\u2019est de\u0301roule\u0301e en pre\u0301sence [&hellip;]<\/p>\n","protected":false},"author":82,"featured_media":60559,"comment_status":"open","ping_status":"closed","sticky":false,"template":"","format":"standard","meta":{"footnotes":""},"categories":[5,8,10],"tags":[55,60,29],"class_list":["post-60560","post","type-post","status-publish","format-standard","has-post-thumbnail","hentry","category-culture-et-art","category-photo","category-toutes-les-actualites","tag-africa-press","tag-africa-press-niger","tag-niger"],"yoast_head":"<!-- This site is optimized with the Yoast SEO Premium plugin v26.1 (Yoast SEO v27.0) - https:\/\/yoast.com\/product\/yoast-seo-premium-wordpress\/ -->\n<title>Lancement du concours de lecture et de m\u00e9morisation du Saint Coran \u2018\u2019Musabaka\u2019\u2019 2024 - niger<\/title>\n<meta name=\"description\" content=\"Le Gouverneur de la re\u0301gion d\u2019Agadez, le Ge\u0301ne\u0301ral de Brigade Ibra Boulama, a pre\u0301side\u0301, le jeudi 21 mars 2024 dans l ...\" \/>\n<meta name=\"robots\" content=\"index, follow, max-snippet:-1, max-image-preview:large, max-video-preview:-1\" \/>\n<link rel=\"canonical\" href=\"https:\/\/www.africa-press.net\/niger\/culture-et-art\/lancement-du-concours-de-lecture-et-de-memorisation-du-saint-coran-musabaka-2024\" \/>\n<meta property=\"og:locale\" content=\"fr_FR\" \/>\n<meta property=\"og:type\" content=\"article\" \/>\n<meta property=\"og:title\" content=\"Lancement du concours de lecture et de m\u00e9morisation du Saint Coran \u2018\u2019Musabaka\u2019\u2019 2024\" \/>\n<meta property=\"og:description\" content=\"Le Gouverneur de la re\u0301gion d\u2019Agadez, le Ge\u0301ne\u0301ral de Brigade Ibra Boulama, a pre\u0301side\u0301, le jeudi 21 mars 2024 dans l ...\" \/>\n<meta property=\"og:url\" content=\"https:\/\/www.africa-press.net\/niger\/culture-et-art\/lancement-du-concours-de-lecture-et-de-memorisation-du-saint-coran-musabaka-2024\" \/>\n<meta property=\"og:site_name\" content=\"niger\" \/>\n<meta property=\"article:published_time\" content=\"2024-03-26T14:26:06+00:00\" \/>\n<meta property=\"article:modified_time\" content=\"2024-03-26T14:34:25+00:00\" \/>\n<meta property=\"og:image\" content=\"https:\/\/static.africa-press.net\/niger\/sites\/40\/2024\/03\/sm_1711450906.342729.jpg\" \/>\n\t<meta property=\"og:image:width\" content=\"1024\" \/>\n\t<meta property=\"og:image:height\" content=\"683\" \/>\n\t<meta property=\"og:image:type\" content=\"image\/jpeg\" \/>\n<meta name=\"author\" content=\"cfeditorfr\" \/>\n<meta name=\"twitter:card\" content=\"summary_large_image\" \/>\n<meta name=\"twitter:label1\" content=\"\u00c9crit par\" \/>\n\t<meta name=\"twitter:data1\" content=\"cfeditorfr\" \/>\n\t<meta name=\"twitter:label2\" content=\"Dur\u00e9e de lecture estim\u00e9e\" \/>\n\t<meta name=\"twitter:data2\" content=\"3 minutes\" \/>\n<script type=\"application\/ld+json\" class=\"yoast-schema-graph\">{\"@context\":\"https:\/\/schema.org\",\"@graph\":[{\"@type\":\"Article\",\"@id\":\"https:\/\/www.africa-press.net\/niger\/culture-et-art\/lancement-du-concours-de-lecture-et-de-memorisation-du-saint-coran-musabaka-2024#article\",\"isPartOf\":{\"@id\":\"https:\/\/www.africa-press.net\/niger\/culture-et-art\/lancement-du-concours-de-lecture-et-de-memorisation-du-saint-coran-musabaka-2024\"},\"author\":{\"name\":\"cfeditorfr\",\"@id\":\"https:\/\/www.africa-press.net\/niger\/#\/schema\/person\/2b1cf3cd81a31e3cd26889ca66d677f1\"},\"headline\":\"Lancement du concours de lecture et de m\u00e9morisation du Saint Coran \u2018\u2019Musabaka\u2019\u2019 2024\",\"datePublished\":\"2024-03-26T14:26:06+00:00\",\"dateModified\":\"2024-03-26T14:34:25+00:00\",\"mainEntityOfPage\":{\"@id\":\"https:\/\/www.africa-press.net\/niger\/culture-et-art\/lancement-du-concours-de-lecture-et-de-memorisation-du-saint-coran-musabaka-2024\"},\"wordCount\":611,\"commentCount\":0,\"image\":{\"@id\":\"https:\/\/www.africa-press.net\/niger\/culture-et-art\/lancement-du-concours-de-lecture-et-de-memorisation-du-saint-coran-musabaka-2024#primaryimage\"},\"thumbnailUrl\":\"https:\/\/static.africa-press.net\/niger\/sites\/40\/2024\/03\/sm_1711450906.342729.jpg\",\"keywords\":[\"Africa Press\",\"Africa Press-Niger\",\"Niger\"],\"articleSection\":[\"Culture et Art\",\"Photo\",\"Toutes les actualit\u00e9s\"],\"inLanguage\":\"fr-FR\",\"potentialAction\":[{\"@type\":\"CommentAction\",\"name\":\"Comment\",\"target\":[\"https:\/\/www.africa-press.net\/niger\/culture-et-art\/lancement-du-concours-de-lecture-et-de-memorisation-du-saint-coran-musabaka-2024#respond\"]}]},{\"@type\":\"WebPage\",\"@id\":\"https:\/\/www.africa-press.net\/niger\/culture-et-art\/lancement-du-concours-de-lecture-et-de-memorisation-du-saint-coran-musabaka-2024\",\"url\":\"https:\/\/www.africa-press.net\/niger\/culture-et-art\/lancement-du-concours-de-lecture-et-de-memorisation-du-saint-coran-musabaka-2024\",\"name\":\"Lancement du concours de lecture et de m\u00e9morisation du Saint Coran \u2018\u2019Musabaka\u2019\u2019 2024 - niger\",\"isPartOf\":{\"@id\":\"https:\/\/www.africa-press.net\/niger\/#website\"},\"primaryImageOfPage\":{\"@id\":\"https:\/\/www.africa-press.net\/niger\/culture-et-art\/lancement-du-concours-de-lecture-et-de-memorisation-du-saint-coran-musabaka-2024#primaryimage\"},\"image\":{\"@id\":\"https:\/\/www.africa-press.net\/niger\/culture-et-art\/lancement-du-concours-de-lecture-et-de-memorisation-du-saint-coran-musabaka-2024#primaryimage\"},\"thumbnailUrl\":\"https:\/\/static.africa-press.net\/niger\/sites\/40\/2024\/03\/sm_1711450906.342729.jpg\",\"datePublished\":\"2024-03-26T14:26:06+00:00\",\"dateModified\":\"2024-03-26T14:34:25+00:00\",\"author\":{\"@id\":\"https:\/\/www.africa-press.net\/niger\/#\/schema\/person\/2b1cf3cd81a31e3cd26889ca66d677f1\"},\"description\":\"Le Gouverneur de la re\u0301gion d\u2019Agadez, le Ge\u0301ne\u0301ral de Brigade Ibra Boulama, a pre\u0301side\u0301, le jeudi 21 mars 2024 dans l ...\",\"breadcrumb\":{\"@id\":\"https:\/\/www.africa-press.net\/niger\/culture-et-art\/lancement-du-concours-de-lecture-et-de-memorisation-du-saint-coran-musabaka-2024#breadcrumb\"},\"inLanguage\":\"fr-FR\",\"potentialAction\":[{\"@type\":\"ReadAction\",\"target\":[\"https:\/\/www.africa-press.net\/niger\/culture-et-art\/lancement-du-concours-de-lecture-et-de-memorisation-du-saint-coran-musabaka-2024\"]}]},{\"@type\":\"ImageObject\",\"inLanguage\":\"fr-FR\",\"@id\":\"https:\/\/www.africa-press.net\/niger\/culture-et-art\/lancement-du-concours-de-lecture-et-de-memorisation-du-saint-coran-musabaka-2024#primaryimage\",\"url\":\"https:\/\/static.africa-press.net\/niger\/sites\/40\/2024\/03\/sm_1711450906.342729.jpg\",\"contentUrl\":\"https:\/\/static.africa-press.net\/niger\/sites\/40\/2024\/03\/sm_1711450906.342729.jpg\",\"width\":1024,\"height\":683,\"caption\":\"Lancement du concours de lecture et de m\u00e9morisation du Saint Coran \u2018\u2019Musabaka\u2019\u2019 2024\"},{\"@type\":\"BreadcrumbList\",\"@id\":\"https:\/\/www.africa-press.net\/niger\/culture-et-art\/lancement-du-concours-de-lecture-et-de-memorisation-du-saint-coran-musabaka-2024#breadcrumb\",\"itemListElement\":[{\"@type\":\"ListItem\",\"position\":1,\"name\":\"Accueil\",\"item\":\"https:\/\/www.africa-press.net\/niger\/\"},{\"@type\":\"ListItem\",\"position\":2,\"name\":\"Lancement du concours de lecture et de m\u00e9morisation du Saint Coran \u2018\u2019Musabaka\u2019\u2019 2024\"}]},{\"@type\":\"WebSite\",\"@id\":\"https:\/\/www.africa-press.net\/niger\/#website\",\"url\":\"https:\/\/www.africa-press.net\/niger\/\",\"name\":\"niger\",\"description\":\"Just another Africa News Agency Sites site\",\"potentialAction\":[{\"@type\":\"SearchAction\",\"target\":{\"@type\":\"EntryPoint\",\"urlTemplate\":\"https:\/\/www.africa-press.net\/niger\/?s={search_term_string}\"},\"query-input\":{\"@type\":\"PropertyValueSpecification\",\"valueRequired\":true,\"valueName\":\"search_term_string\"}}],\"inLanguage\":\"fr-FR\"},{\"@type\":\"Person\",\"@id\":\"https:\/\/www.africa-press.net\/niger\/#\/schema\/person\/2b1cf3cd81a31e3cd26889ca66d677f1\",\"name\":\"cfeditorfr\"}]}<\/script>\n<!-- \/ Yoast SEO Premium plugin. -->","yoast_head_json":{"title":"Lancement du concours de lecture et de m\u00e9morisation du Saint Coran \u2018\u2019Musabaka\u2019\u2019 2024 - niger","description":"Le Gouverneur de la re\u0301gion d\u2019Agadez, le Ge\u0301ne\u0301ral de Brigade Ibra Boulama, a pre\u0301side\u0301, le jeudi 21 mars 2024 dans l ...","robots":{"index":"index","follow":"follow","max-snippet":"max-snippet:-1","max-image-preview":"max-image-preview:large","max-video-preview":"max-video-preview:-1"},"canonical":"https:\/\/www.africa-press.net\/niger\/culture-et-art\/lancement-du-concours-de-lecture-et-de-memorisation-du-saint-coran-musabaka-2024","og_locale":"fr_FR","og_type":"article","og_title":"Lancement du concours de lecture et de m\u00e9morisation du Saint Coran \u2018\u2019Musabaka\u2019\u2019 2024","og_description":"Le Gouverneur de la re\u0301gion d\u2019Agadez, le Ge\u0301ne\u0301ral de Brigade Ibra Boulama, a pre\u0301side\u0301, le jeudi 21 mars 2024 dans l ...","og_url":"https:\/\/www.africa-press.net\/niger\/culture-et-art\/lancement-du-concours-de-lecture-et-de-memorisation-du-saint-coran-musabaka-2024","og_site_name":"niger","article_published_time":"2024-03-26T14:26:06+00:00","article_modified_time":"2024-03-26T14:34:25+00:00","og_image":[{"width":1024,"height":683,"url":"https:\/\/static.africa-press.net\/niger\/sites\/40\/2024\/03\/sm_1711450906.342729.jpg","type":"image\/jpeg"}],"author":"cfeditorfr","twitter_card":"summary_large_image","twitter_misc":{"\u00c9crit par":"cfeditorfr","Dur\u00e9e de lecture estim\u00e9e":"3 minutes"},"schema":{"@context":"https:\/\/schema.org","@graph":[{"@type":"Article","@id":"https:\/\/www.africa-press.net\/niger\/culture-et-art\/lancement-du-concours-de-lecture-et-de-memorisation-du-saint-coran-musabaka-2024#article","isPartOf":{"@id":"https:\/\/www.africa-press.net\/niger\/culture-et-art\/lancement-du-concours-de-lecture-et-de-memorisation-du-saint-coran-musabaka-2024"},"author":{"name":"cfeditorfr","@id":"https:\/\/www.africa-press.net\/niger\/#\/schema\/person\/2b1cf3cd81a31e3cd26889ca66d677f1"},"headline":"Lancement du concours de lecture et de m\u00e9morisation du Saint Coran \u2018\u2019Musabaka\u2019\u2019 2024","datePublished":"2024-03-26T14:26:06+00:00","dateModified":"2024-03-26T14:34:25+00:00","mainEntityOfPage":{"@id":"https:\/\/www.africa-press.net\/niger\/culture-et-art\/lancement-du-concours-de-lecture-et-de-memorisation-du-saint-coran-musabaka-2024"},"wordCount":611,"commentCount":0,"image":{"@id":"https:\/\/www.africa-press.net\/niger\/culture-et-art\/lancement-du-concours-de-lecture-et-de-memorisation-du-saint-coran-musabaka-2024#primaryimage"},"thumbnailUrl":"https:\/\/static.africa-press.net\/niger\/sites\/40\/2024\/03\/sm_1711450906.342729.jpg","keywords":["Africa Press","Africa Press-Niger","Niger"],"articleSection":["Culture et Art","Photo","Toutes les actualit\u00e9s"],"inLanguage":"fr-FR","potentialAction":[{"@type":"CommentAction","name":"Comment","target":["https:\/\/www.africa-press.net\/niger\/culture-et-art\/lancement-du-concours-de-lecture-et-de-memorisation-du-saint-coran-musabaka-2024#respond"]}]},{"@type":"WebPage","@id":"https:\/\/www.africa-press.net\/niger\/culture-et-art\/lancement-du-concours-de-lecture-et-de-memorisation-du-saint-coran-musabaka-2024","url":"https:\/\/www.africa-press.net\/niger\/culture-et-art\/lancement-du-concours-de-lecture-et-de-memorisation-du-saint-coran-musabaka-2024","name":"Lancement du concours de lecture et de m\u00e9morisation du Saint Coran \u2018\u2019Musabaka\u2019\u2019 2024 - niger","isPartOf":{"@id":"https:\/\/www.africa-press.net\/niger\/#website"},"primaryImageOfPage":{"@id":"https:\/\/www.africa-press.net\/niger\/culture-et-art\/lancement-du-concours-de-lecture-et-de-memorisation-du-saint-coran-musabaka-2024#primaryimage"},"image":{"@id":"https:\/\/www.africa-press.net\/niger\/culture-et-art\/lancement-du-concours-de-lecture-et-de-memorisation-du-saint-coran-musabaka-2024#primaryimage"},"thumbnailUrl":"https:\/\/static.africa-press.net\/niger\/sites\/40\/2024\/03\/sm_1711450906.342729.jpg","datePublished":"2024-03-26T14:26:06+00:00","dateModified":"2024-03-26T14:34:25+00:00","author":{"@id":"https:\/\/www.africa-press.net\/niger\/#\/schema\/person\/2b1cf3cd81a31e3cd26889ca66d677f1"},"description":"Le Gouverneur de la re\u0301gion d\u2019Agadez, le Ge\u0301ne\u0301ral de Brigade Ibra Boulama, a pre\u0301side\u0301, le jeudi 21 mars 2024 dans l ...","breadcrumb":{"@id":"https:\/\/www.africa-press.net\/niger\/culture-et-art\/lancement-du-concours-de-lecture-et-de-memorisation-du-saint-coran-musabaka-2024#breadcrumb"},"inLanguage":"fr-FR","potentialAction":[{"@type":"ReadAction","target":["https:\/\/www.africa-press.net\/niger\/culture-et-art\/lancement-du-concours-de-lecture-et-de-memorisation-du-saint-coran-musabaka-2024"]}]},{"@type":"ImageObject","inLanguage":"fr-FR","@id":"https:\/\/www.africa-press.net\/niger\/culture-et-art\/lancement-du-concours-de-lecture-et-de-memorisation-du-saint-coran-musabaka-2024#primaryimage","url":"https:\/\/static.africa-press.net\/niger\/sites\/40\/2024\/03\/sm_1711450906.342729.jpg","contentUrl":"https:\/\/static.africa-press.net\/niger\/sites\/40\/2024\/03\/sm_1711450906.342729.jpg","width":1024,"height":683,"caption":"Lancement du concours de lecture et de m\u00e9morisation du Saint Coran \u2018\u2019Musabaka\u2019\u2019 2024"},{"@type":"BreadcrumbList","@id":"https:\/\/www.africa-press.net\/niger\/culture-et-art\/lancement-du-concours-de-lecture-et-de-memorisation-du-saint-coran-musabaka-2024#breadcrumb","itemListElement":[{"@type":"ListItem","position":1,"name":"Accueil","item":"https:\/\/www.africa-press.net\/niger\/"},{"@type":"ListItem","position":2,"name":"Lancement du concours de lecture et de m\u00e9morisation du Saint Coran \u2018\u2019Musabaka\u2019\u2019 2024"}]},{"@type":"WebSite","@id":"https:\/\/www.africa-press.net\/niger\/#website","url":"https:\/\/www.africa-press.net\/niger\/","name":"niger","description":"Just another Africa News Agency Sites site","potentialAction":[{"@type":"SearchAction","target":{"@type":"EntryPoint","urlTemplate":"https:\/\/www.africa-press.net\/niger\/?s={search_term_string}"},"query-input":{"@type":"PropertyValueSpecification","valueRequired":true,"valueName":"search_term_string"}}],"inLanguage":"fr-FR"},{"@type":"Person","@id":"https:\/\/www.africa-press.net\/niger\/#\/schema\/person\/2b1cf3cd81a31e3cd26889ca66d677f1","name":"cfeditorfr"}]}},"_links":{"self":[{"href":"https:\/\/www.africa-press.net\/niger\/wp-json\/wp\/v2\/posts\/60560","targetHints":{"allow":["GET"]}}],"collection":[{"href":"https:\/\/www.africa-press.net\/niger\/wp-json\/wp\/v2\/posts"}],"about":[{"href":"https:\/\/www.africa-press.net\/niger\/wp-json\/wp\/v2\/types\/post"}],"author":[{"embeddable":true,"href":"https:\/\/www.africa-press.net\/niger\/wp-json\/wp\/v2\/users\/82"}],"replies":[{"embeddable":true,"href":"https:\/\/www.africa-press.net\/niger\/wp-json\/wp\/v2\/comments?post=60560"}],"version-history":[{"count":0,"href":"https:\/\/www.africa-press.net\/niger\/wp-json\/wp\/v2\/posts\/60560\/revisions"}],"wp:featuredmedia":[{"embeddable":true,"href":"https:\/\/www.africa-press.net\/niger\/wp-json\/wp\/v2\/media\/60559"}],"wp:attachment":[{"href":"https:\/\/www.africa-press.net\/niger\/wp-json\/wp\/v2\/media?parent=60560"}],"wp:term":[{"taxonomy":"category","embeddable":true,"href":"https:\/\/www.africa-press.net\/niger\/wp-json\/wp\/v2\/categories?post=60560"},{"taxonomy":"post_tag","embeddable":true,"href":"https:\/\/www.africa-press.net\/niger\/wp-json\/wp\/v2\/tags?post=60560"}],"curies":[{"name":"wp","href":"https:\/\/api.w.org\/{rel}","templated":true}]}}