{"id":60589,"date":"2024-03-27T10:55:52","date_gmt":"2024-03-27T10:55:52","guid":{"rendered":"https:\/\/www.africa-press.net\/niger\/politique\/1ere-session-ordinaire-du-conseil-de-ville-de-niamey-au-titre-de-lannee-2024-plusieurs-points-inscrits-a-lordre-du-jour-dont-la-delocalisation-du-projet-de-reconstruction-du-petit"},"modified":"2024-03-27T10:58:03","modified_gmt":"2024-03-27T10:58:03","slug":"1ere-session-ordinaire-du-conseil-de-ville-de-niamey-au-titre-de-lannee-2024-plusieurs-points-inscrits-a-lordre-du-jour-dont-la-delocalisation-du-projet-de-reconstruction-du-petit","status":"publish","type":"post","link":"https:\/\/www.africa-press.net\/niger\/politique\/1ere-session-ordinaire-du-conseil-de-ville-de-niamey-au-titre-de-lannee-2024-plusieurs-points-inscrits-a-lordre-du-jour-dont-la-delocalisation-du-projet-de-reconstruction-du-petit","title":{"rendered":"1\u00e8re session ordinaire du Conseil de Ville de Niamey au titre de l\u2019ann\u00e9e 2024 : Plusieurs points inscrits \u00e0 l\u2019ordre du jour dont la d\u00e9localisation du projet de reconstruction du Petit march\u00e9 au quartier Lazaret"},"content":{"rendered":"<p><span style=\"color: #ff6600\"><strong>Africa-Press &#8211; Niger. <\/strong><\/span><b>Les travaux de la premie\u0300re session ordinaire du Conseil de Ville de Niamey au titre de l\u2019anne\u0301e 2024 se sont ouverts, hier lundi 25 mars 2024 dans la grande salle de l\u2019ho\u0302tel de Ville de Niamey. C\u2019est le maire pre\u0301sident du Conseil de Ville de Niamey, M. Oumarou Dogari Moumouni qui a pre\u0301side\u0301 la ce\u0301re\u0301monie d\u2019ouverture de cette premie\u0300re rencontre annuelle, en pre\u0301sence du Gouverneur de la re\u0301gion de Niamey.<\/b><\/p>\n<p>Apre\u0300s le rappel des activite\u0301s re\u0301alise\u0301es par la Ville de Niamey de 2021 a\u0300 cette date, le maire pre\u0301sident du Conseil de Ville de Niamey a releve\u0301 les points qui sont inscrits a\u0300 l\u2019ordre du jour de ces assises qui dureront quatre (4) jours. Il s\u2019agit, entre autres, de l\u2019examen et l\u2019adoption des documents issus du conseil des arrondissements communaux ; la de\u0301localisation du projet de reconstruction du petit marche\u0301 ; les mesures re\u0300glementant la se\u0301curite\u0301 routie\u0300re ; la re\u0300glementation des ve\u0301hicules banalise\u0301s a\u0300 usage de taxi ho\u0302tel-Ae\u0301roport ; la cre\u0301ation d\u2019une mutuelle de sante\u0301 au profit des agents de la Ville de Niamey ; l\u2019organisation du concours de recrutement des agents a\u0300 la ville de Niamey ; l\u2019examen et l\u2019adoption des amendements sur les frais de mission a\u0300 l\u2019inte\u0301rieur du pays en vue de les adapter a\u0300 ceux en vigueur au niveau e\u0301tatique ; l\u2019examen et l\u2019adoption des amendements sur la cre\u0301ation et l\u2019organisation des services de la Ville de Niamey ; l\u2019examen et l\u2019adoption des amendements sur la fixation de nouveaux taux de droit de sortie et de timbre voyageur ; la de\u0301signation de deux e\u0301lus locaux devant sie\u0301ger dans le Conseil d\u2019Administration de l\u2019Ho\u0302pital National de Niamey ; l\u2019exe\u0301cution du budget de la Ville de Niamey a\u0300 la date du 31 de\u0301cembre 2023 et bien d\u2019autres.<\/p>\n<p>M. Oumarou Dogari Moumouni a en outre exprime\u0301 la reconnaissance de son institution aux autorite\u0301s de notre pays, pour l\u2019attribution d\u2019un terrain d\u2019une superficie de soixante-quinze mille trois cent treize (75 313) me\u0300tres carre\u0301s, suivant arre\u0302te\u0301 nume\u0301ro 000065\/MU\/H\/SG\/DGDE\/DDPDP\/NBE du 19 mars 2024 sis au quartier Lazaret, pour l\u2019installation d\u2019un marche\u0301 moderne, sous l\u2019impulsion du Gouverneur de la re\u0301gion de Niamey.<\/p>\n<p>Pour le Gouverneur de la re\u0301gion de Niamey, le Ge\u0301ne\u0301ral de Brigade Assoumane Abdou Harouna cette session ordinaire se tient a\u0300 un moment ou\u0300 le Niger a retrouve\u0301 ses marques ; place\u0301 les jalons de son e\u0301mergence et fixe\u0301 le cap de la prospe\u0301rite\u0301. \u00ab Cet e\u0301tat final recherche\u0301, c\u2019est ensemble que nous l\u2019atteindrons pour peu que cette prise de conscience nationale se perpe\u0301tue \u00bb, a-t-il souligne\u0301. Toutefois, a pre\u0301venu le Gouverneur de Niamey, \u00ab restons vigilants car certains rodent autour de nos inte\u0301re\u0302ts, de nos richesses et d\u2019autres dige\u0300rent mal, ce qui leur arrive \u00bb. De\u0301sormais, a-t-il fait savoir, sous l\u2019impulsion du Ge\u0301ne\u0301ral de Brigade Abdourahamane Tiani, Pre\u0301sident du CNSP, Chef de l\u2019Etat, nous devons relever les de\u0301fis qui se posent a\u0300 nous: un meilleur contro\u0302le de nos ressources naturelles, les maux qui minent notre administration et notre tissu social dont la mal-gouvernance, l\u2019injustice sociale, la corruption ende\u0301mique, l\u2019incivisme, l\u2019intole\u0301rance, la politisation a\u0300 outrance de toutes nos couches sociales, l\u2019inte\u0301grisme religieux. Ces assises sont, selon le Ge\u0301ne\u0301ral de Brigade Assoumane Abdou Harouna, le creuset d\u2019une pense\u0301e collective salutaire, a\u0300 partir duquel les conclusions pertinentes auxquelles les membres du Conseil parviendront seront des plus raisonnables et des plus re\u0301alisables.<\/p>\n<p><strong>Pour plus d&rsquo;informations et d&rsquo;analyses sur la <a href=\"https:\/\/www.africa-press.net\/niger\">Niger<\/a>, suivez <a href=\"https:\/\/www.africa-press.net\/\">Africa-Press<\/a><\/strong><\/p>\n","protected":false},"excerpt":{"rendered":"<p>Africa-Press &#8211; Niger. Les travaux de la premie\u0300re session ordinaire du Conseil de Ville de Niamey au titre de l\u2019anne\u0301e 2024 se sont ouverts, hier lundi 25 mars 2024 dans la grande salle de l\u2019ho\u0302tel de Ville de Niamey. C\u2019est le maire pre\u0301sident du Conseil de Ville de Niamey, M. Oumarou Dogari Moumouni qui a [&hellip;]<\/p>\n","protected":false},"author":82,"featured_media":60588,"comment_status":"open","ping_status":"closed","sticky":false,"template":"","format":"standard","meta":{"footnotes":""},"categories":[2,10],"tags":[55,60,29],"class_list":["post-60589","post","type-post","status-publish","format-standard","has-post-thumbnail","hentry","category-politique","category-toutes-les-actualites","tag-africa-press","tag-africa-press-niger","tag-niger"],"yoast_head":"<!-- This site is optimized with the Yoast SEO Premium plugin v26.1 (Yoast SEO v27.0) - https:\/\/yoast.com\/product\/yoast-seo-premium-wordpress\/ -->\n<title>1\u00e8re session ordinaire du Conseil de Ville de Niamey au titre de l\u2019ann\u00e9e 2024 : Plusieurs points inscrits \u00e0 l\u2019ordre du jour dont la d\u00e9localisation du projet de reconstruction du Petit march\u00e9 au quartier Lazaret - niger<\/title>\n<meta name=\"description\" content=\"Les travaux de la premie\u0300re session ordinaire du Conseil de Ville de Niamey au titre de l\u2019anne\u0301e 2024 se sont ouverts ...\" \/>\n<meta name=\"robots\" content=\"index, follow, max-snippet:-1, max-image-preview:large, max-video-preview:-1\" \/>\n<link rel=\"canonical\" href=\"https:\/\/www.africa-press.net\/niger\/politique\/1ere-session-ordinaire-du-conseil-de-ville-de-niamey-au-titre-de-lannee-2024-plusieurs-points-inscrits-a-lordre-du-jour-dont-la-delocalisation-du-projet-de-reconstruction-du-petit\" \/>\n<meta property=\"og:locale\" content=\"fr_FR\" \/>\n<meta property=\"og:type\" content=\"article\" \/>\n<meta property=\"og:title\" content=\"1\u00e8re session ordinaire du Conseil de Ville de Niamey au titre de l\u2019ann\u00e9e 2024 : Plusieurs points inscrits \u00e0 l\u2019ordre du jour dont la d\u00e9localisation du projet de reconstruction du Petit march\u00e9 au quartier Lazaret\" \/>\n<meta property=\"og:description\" content=\"Les travaux de la premie\u0300re session ordinaire du Conseil de Ville de Niamey au titre de l\u2019anne\u0301e 2024 se sont ouverts ...\" \/>\n<meta property=\"og:url\" content=\"https:\/\/www.africa-press.net\/niger\/politique\/1ere-session-ordinaire-du-conseil-de-ville-de-niamey-au-titre-de-lannee-2024-plusieurs-points-inscrits-a-lordre-du-jour-dont-la-delocalisation-du-projet-de-reconstruction-du-petit\" \/>\n<meta property=\"og:site_name\" content=\"niger\" \/>\n<meta property=\"article:published_time\" content=\"2024-03-27T10:55:52+00:00\" \/>\n<meta property=\"article:modified_time\" content=\"2024-03-27T10:58:03+00:00\" \/>\n<meta property=\"og:image\" content=\"https:\/\/static.africa-press.net\/niger\/sites\/40\/2024\/03\/sm_1711524396.827401.jpg\" \/>\n\t<meta property=\"og:image:width\" content=\"800\" \/>\n\t<meta property=\"og:image:height\" content=\"534\" \/>\n\t<meta property=\"og:image:type\" content=\"image\/jpeg\" \/>\n<meta name=\"author\" content=\"cfeditorfr\" \/>\n<meta name=\"twitter:card\" content=\"summary_large_image\" \/>\n<meta name=\"twitter:label1\" content=\"\u00c9crit par\" \/>\n\t<meta name=\"twitter:data1\" content=\"cfeditorfr\" \/>\n\t<meta name=\"twitter:label2\" content=\"Dur\u00e9e de lecture estim\u00e9e\" \/>\n\t<meta name=\"twitter:data2\" content=\"3 minutes\" \/>\n<script type=\"application\/ld+json\" class=\"yoast-schema-graph\">{\"@context\":\"https:\/\/schema.org\",\"@graph\":[{\"@type\":\"Article\",\"@id\":\"https:\/\/www.africa-press.net\/niger\/politique\/1ere-session-ordinaire-du-conseil-de-ville-de-niamey-au-titre-de-lannee-2024-plusieurs-points-inscrits-a-lordre-du-jour-dont-la-delocalisation-du-projet-de-reconstruction-du-petit#article\",\"isPartOf\":{\"@id\":\"https:\/\/www.africa-press.net\/niger\/politique\/1ere-session-ordinaire-du-conseil-de-ville-de-niamey-au-titre-de-lannee-2024-plusieurs-points-inscrits-a-lordre-du-jour-dont-la-delocalisation-du-projet-de-reconstruction-du-petit\"},\"author\":{\"name\":\"cfeditorfr\",\"@id\":\"https:\/\/www.africa-press.net\/niger\/#\/schema\/person\/2b1cf3cd81a31e3cd26889ca66d677f1\"},\"headline\":\"1\u00e8re session ordinaire du Conseil de Ville de Niamey au titre de l\u2019ann\u00e9e 2024 : Plusieurs points inscrits \u00e0 l\u2019ordre du jour dont la d\u00e9localisation du projet de reconstruction du Petit march\u00e9 au quartier Lazaret\",\"datePublished\":\"2024-03-27T10:55:52+00:00\",\"dateModified\":\"2024-03-27T10:58:03+00:00\",\"mainEntityOfPage\":{\"@id\":\"https:\/\/www.africa-press.net\/niger\/politique\/1ere-session-ordinaire-du-conseil-de-ville-de-niamey-au-titre-de-lannee-2024-plusieurs-points-inscrits-a-lordre-du-jour-dont-la-delocalisation-du-projet-de-reconstruction-du-petit\"},\"wordCount\":680,\"commentCount\":0,\"image\":{\"@id\":\"https:\/\/www.africa-press.net\/niger\/politique\/1ere-session-ordinaire-du-conseil-de-ville-de-niamey-au-titre-de-lannee-2024-plusieurs-points-inscrits-a-lordre-du-jour-dont-la-delocalisation-du-projet-de-reconstruction-du-petit#primaryimage\"},\"thumbnailUrl\":\"https:\/\/static.africa-press.net\/niger\/sites\/40\/2024\/03\/sm_1711524396.827401.jpg\",\"keywords\":[\"Africa Press\",\"Africa Press-Niger\",\"Niger\"],\"articleSection\":[\"Politique\",\"Toutes les actualit\u00e9s\"],\"inLanguage\":\"fr-FR\",\"potentialAction\":[{\"@type\":\"CommentAction\",\"name\":\"Comment\",\"target\":[\"https:\/\/www.africa-press.net\/niger\/politique\/1ere-session-ordinaire-du-conseil-de-ville-de-niamey-au-titre-de-lannee-2024-plusieurs-points-inscrits-a-lordre-du-jour-dont-la-delocalisation-du-projet-de-reconstruction-du-petit#respond\"]}]},{\"@type\":\"WebPage\",\"@id\":\"https:\/\/www.africa-press.net\/niger\/politique\/1ere-session-ordinaire-du-conseil-de-ville-de-niamey-au-titre-de-lannee-2024-plusieurs-points-inscrits-a-lordre-du-jour-dont-la-delocalisation-du-projet-de-reconstruction-du-petit\",\"url\":\"https:\/\/www.africa-press.net\/niger\/politique\/1ere-session-ordinaire-du-conseil-de-ville-de-niamey-au-titre-de-lannee-2024-plusieurs-points-inscrits-a-lordre-du-jour-dont-la-delocalisation-du-projet-de-reconstruction-du-petit\",\"name\":\"1\u00e8re session ordinaire du Conseil de Ville de Niamey au titre de l\u2019ann\u00e9e 2024 : Plusieurs points inscrits \u00e0 l\u2019ordre du jour dont la d\u00e9localisation du projet de reconstruction du Petit march\u00e9 au quartier Lazaret - niger\",\"isPartOf\":{\"@id\":\"https:\/\/www.africa-press.net\/niger\/#website\"},\"primaryImageOfPage\":{\"@id\":\"https:\/\/www.africa-press.net\/niger\/politique\/1ere-session-ordinaire-du-conseil-de-ville-de-niamey-au-titre-de-lannee-2024-plusieurs-points-inscrits-a-lordre-du-jour-dont-la-delocalisation-du-projet-de-reconstruction-du-petit#primaryimage\"},\"image\":{\"@id\":\"https:\/\/www.africa-press.net\/niger\/politique\/1ere-session-ordinaire-du-conseil-de-ville-de-niamey-au-titre-de-lannee-2024-plusieurs-points-inscrits-a-lordre-du-jour-dont-la-delocalisation-du-projet-de-reconstruction-du-petit#primaryimage\"},\"thumbnailUrl\":\"https:\/\/static.africa-press.net\/niger\/sites\/40\/2024\/03\/sm_1711524396.827401.jpg\",\"datePublished\":\"2024-03-27T10:55:52+00:00\",\"dateModified\":\"2024-03-27T10:58:03+00:00\",\"author\":{\"@id\":\"https:\/\/www.africa-press.net\/niger\/#\/schema\/person\/2b1cf3cd81a31e3cd26889ca66d677f1\"},\"description\":\"Les travaux de la premie\u0300re session ordinaire du Conseil de Ville de Niamey au titre de l\u2019anne\u0301e 2024 se sont ouverts ...\",\"breadcrumb\":{\"@id\":\"https:\/\/www.africa-press.net\/niger\/politique\/1ere-session-ordinaire-du-conseil-de-ville-de-niamey-au-titre-de-lannee-2024-plusieurs-points-inscrits-a-lordre-du-jour-dont-la-delocalisation-du-projet-de-reconstruction-du-petit#breadcrumb\"},\"inLanguage\":\"fr-FR\",\"potentialAction\":[{\"@type\":\"ReadAction\",\"target\":[\"https:\/\/www.africa-press.net\/niger\/politique\/1ere-session-ordinaire-du-conseil-de-ville-de-niamey-au-titre-de-lannee-2024-plusieurs-points-inscrits-a-lordre-du-jour-dont-la-delocalisation-du-projet-de-reconstruction-du-petit\"]}]},{\"@type\":\"ImageObject\",\"inLanguage\":\"fr-FR\",\"@id\":\"https:\/\/www.africa-press.net\/niger\/politique\/1ere-session-ordinaire-du-conseil-de-ville-de-niamey-au-titre-de-lannee-2024-plusieurs-points-inscrits-a-lordre-du-jour-dont-la-delocalisation-du-projet-de-reconstruction-du-petit#primaryimage\",\"url\":\"https:\/\/static.africa-press.net\/niger\/sites\/40\/2024\/03\/sm_1711524396.827401.jpg\",\"contentUrl\":\"https:\/\/static.africa-press.net\/niger\/sites\/40\/2024\/03\/sm_1711524396.827401.jpg\",\"width\":800,\"height\":534,\"caption\":\"1\u00e8re session ordinaire du Conseil de Ville de Niamey au titre de l\u2019ann\u00e9e 2024 : Plusieurs points inscrits \u00e0 l\u2019ordre du jour dont la d\u00e9localisation du projet de reconstruction du Petit march\u00e9 au quartier Lazaret\"},{\"@type\":\"BreadcrumbList\",\"@id\":\"https:\/\/www.africa-press.net\/niger\/politique\/1ere-session-ordinaire-du-conseil-de-ville-de-niamey-au-titre-de-lannee-2024-plusieurs-points-inscrits-a-lordre-du-jour-dont-la-delocalisation-du-projet-de-reconstruction-du-petit#breadcrumb\",\"itemListElement\":[{\"@type\":\"ListItem\",\"position\":1,\"name\":\"Accueil\",\"item\":\"https:\/\/www.africa-press.net\/niger\/\"},{\"@type\":\"ListItem\",\"position\":2,\"name\":\"1\u00e8re session ordinaire du Conseil de Ville de Niamey au titre de l\u2019ann\u00e9e 2024 : Plusieurs points inscrits \u00e0 l\u2019ordre du jour dont la d\u00e9localisation du projet de reconstruction du Petit march\u00e9 au quartier Lazaret\"}]},{\"@type\":\"WebSite\",\"@id\":\"https:\/\/www.africa-press.net\/niger\/#website\",\"url\":\"https:\/\/www.africa-press.net\/niger\/\",\"name\":\"niger\",\"description\":\"Just another Africa News Agency Sites site\",\"potentialAction\":[{\"@type\":\"SearchAction\",\"target\":{\"@type\":\"EntryPoint\",\"urlTemplate\":\"https:\/\/www.africa-press.net\/niger\/?s={search_term_string}\"},\"query-input\":{\"@type\":\"PropertyValueSpecification\",\"valueRequired\":true,\"valueName\":\"search_term_string\"}}],\"inLanguage\":\"fr-FR\"},{\"@type\":\"Person\",\"@id\":\"https:\/\/www.africa-press.net\/niger\/#\/schema\/person\/2b1cf3cd81a31e3cd26889ca66d677f1\",\"name\":\"cfeditorfr\"}]}<\/script>\n<!-- \/ Yoast SEO Premium plugin. -->","yoast_head_json":{"title":"1\u00e8re session ordinaire du Conseil de Ville de Niamey au titre de l\u2019ann\u00e9e 2024 : Plusieurs points inscrits \u00e0 l\u2019ordre du jour dont la d\u00e9localisation du projet de reconstruction du Petit march\u00e9 au quartier Lazaret - niger","description":"Les travaux de la premie\u0300re session ordinaire du Conseil de Ville de Niamey au titre de l\u2019anne\u0301e 2024 se sont ouverts ...","robots":{"index":"index","follow":"follow","max-snippet":"max-snippet:-1","max-image-preview":"max-image-preview:large","max-video-preview":"max-video-preview:-1"},"canonical":"https:\/\/www.africa-press.net\/niger\/politique\/1ere-session-ordinaire-du-conseil-de-ville-de-niamey-au-titre-de-lannee-2024-plusieurs-points-inscrits-a-lordre-du-jour-dont-la-delocalisation-du-projet-de-reconstruction-du-petit","og_locale":"fr_FR","og_type":"article","og_title":"1\u00e8re session ordinaire du Conseil de Ville de Niamey au titre de l\u2019ann\u00e9e 2024 : Plusieurs points inscrits \u00e0 l\u2019ordre du jour dont la d\u00e9localisation du projet de reconstruction du Petit march\u00e9 au quartier Lazaret","og_description":"Les travaux de la premie\u0300re session ordinaire du Conseil de Ville de Niamey au titre de l\u2019anne\u0301e 2024 se sont ouverts ...","og_url":"https:\/\/www.africa-press.net\/niger\/politique\/1ere-session-ordinaire-du-conseil-de-ville-de-niamey-au-titre-de-lannee-2024-plusieurs-points-inscrits-a-lordre-du-jour-dont-la-delocalisation-du-projet-de-reconstruction-du-petit","og_site_name":"niger","article_published_time":"2024-03-27T10:55:52+00:00","article_modified_time":"2024-03-27T10:58:03+00:00","og_image":[{"width":800,"height":534,"url":"https:\/\/static.africa-press.net\/niger\/sites\/40\/2024\/03\/sm_1711524396.827401.jpg","type":"image\/jpeg"}],"author":"cfeditorfr","twitter_card":"summary_large_image","twitter_misc":{"\u00c9crit par":"cfeditorfr","Dur\u00e9e de lecture estim\u00e9e":"3 minutes"},"schema":{"@context":"https:\/\/schema.org","@graph":[{"@type":"Article","@id":"https:\/\/www.africa-press.net\/niger\/politique\/1ere-session-ordinaire-du-conseil-de-ville-de-niamey-au-titre-de-lannee-2024-plusieurs-points-inscrits-a-lordre-du-jour-dont-la-delocalisation-du-projet-de-reconstruction-du-petit#article","isPartOf":{"@id":"https:\/\/www.africa-press.net\/niger\/politique\/1ere-session-ordinaire-du-conseil-de-ville-de-niamey-au-titre-de-lannee-2024-plusieurs-points-inscrits-a-lordre-du-jour-dont-la-delocalisation-du-projet-de-reconstruction-du-petit"},"author":{"name":"cfeditorfr","@id":"https:\/\/www.africa-press.net\/niger\/#\/schema\/person\/2b1cf3cd81a31e3cd26889ca66d677f1"},"headline":"1\u00e8re session ordinaire du Conseil de Ville de Niamey au titre de l\u2019ann\u00e9e 2024 : Plusieurs points inscrits \u00e0 l\u2019ordre du jour dont la d\u00e9localisation du projet de reconstruction du Petit march\u00e9 au quartier Lazaret","datePublished":"2024-03-27T10:55:52+00:00","dateModified":"2024-03-27T10:58:03+00:00","mainEntityOfPage":{"@id":"https:\/\/www.africa-press.net\/niger\/politique\/1ere-session-ordinaire-du-conseil-de-ville-de-niamey-au-titre-de-lannee-2024-plusieurs-points-inscrits-a-lordre-du-jour-dont-la-delocalisation-du-projet-de-reconstruction-du-petit"},"wordCount":680,"commentCount":0,"image":{"@id":"https:\/\/www.africa-press.net\/niger\/politique\/1ere-session-ordinaire-du-conseil-de-ville-de-niamey-au-titre-de-lannee-2024-plusieurs-points-inscrits-a-lordre-du-jour-dont-la-delocalisation-du-projet-de-reconstruction-du-petit#primaryimage"},"thumbnailUrl":"https:\/\/static.africa-press.net\/niger\/sites\/40\/2024\/03\/sm_1711524396.827401.jpg","keywords":["Africa Press","Africa Press-Niger","Niger"],"articleSection":["Politique","Toutes les actualit\u00e9s"],"inLanguage":"fr-FR","potentialAction":[{"@type":"CommentAction","name":"Comment","target":["https:\/\/www.africa-press.net\/niger\/politique\/1ere-session-ordinaire-du-conseil-de-ville-de-niamey-au-titre-de-lannee-2024-plusieurs-points-inscrits-a-lordre-du-jour-dont-la-delocalisation-du-projet-de-reconstruction-du-petit#respond"]}]},{"@type":"WebPage","@id":"https:\/\/www.africa-press.net\/niger\/politique\/1ere-session-ordinaire-du-conseil-de-ville-de-niamey-au-titre-de-lannee-2024-plusieurs-points-inscrits-a-lordre-du-jour-dont-la-delocalisation-du-projet-de-reconstruction-du-petit","url":"https:\/\/www.africa-press.net\/niger\/politique\/1ere-session-ordinaire-du-conseil-de-ville-de-niamey-au-titre-de-lannee-2024-plusieurs-points-inscrits-a-lordre-du-jour-dont-la-delocalisation-du-projet-de-reconstruction-du-petit","name":"1\u00e8re session ordinaire du Conseil de Ville de Niamey au titre de l\u2019ann\u00e9e 2024 : Plusieurs points inscrits \u00e0 l\u2019ordre du jour dont la d\u00e9localisation du projet de reconstruction du Petit march\u00e9 au quartier Lazaret - niger","isPartOf":{"@id":"https:\/\/www.africa-press.net\/niger\/#website"},"primaryImageOfPage":{"@id":"https:\/\/www.africa-press.net\/niger\/politique\/1ere-session-ordinaire-du-conseil-de-ville-de-niamey-au-titre-de-lannee-2024-plusieurs-points-inscrits-a-lordre-du-jour-dont-la-delocalisation-du-projet-de-reconstruction-du-petit#primaryimage"},"image":{"@id":"https:\/\/www.africa-press.net\/niger\/politique\/1ere-session-ordinaire-du-conseil-de-ville-de-niamey-au-titre-de-lannee-2024-plusieurs-points-inscrits-a-lordre-du-jour-dont-la-delocalisation-du-projet-de-reconstruction-du-petit#primaryimage"},"thumbnailUrl":"https:\/\/static.africa-press.net\/niger\/sites\/40\/2024\/03\/sm_1711524396.827401.jpg","datePublished":"2024-03-27T10:55:52+00:00","dateModified":"2024-03-27T10:58:03+00:00","author":{"@id":"https:\/\/www.africa-press.net\/niger\/#\/schema\/person\/2b1cf3cd81a31e3cd26889ca66d677f1"},"description":"Les travaux de la premie\u0300re session ordinaire du Conseil de Ville de Niamey au titre de l\u2019anne\u0301e 2024 se sont ouverts ...","breadcrumb":{"@id":"https:\/\/www.africa-press.net\/niger\/politique\/1ere-session-ordinaire-du-conseil-de-ville-de-niamey-au-titre-de-lannee-2024-plusieurs-points-inscrits-a-lordre-du-jour-dont-la-delocalisation-du-projet-de-reconstruction-du-petit#breadcrumb"},"inLanguage":"fr-FR","potentialAction":[{"@type":"ReadAction","target":["https:\/\/www.africa-press.net\/niger\/politique\/1ere-session-ordinaire-du-conseil-de-ville-de-niamey-au-titre-de-lannee-2024-plusieurs-points-inscrits-a-lordre-du-jour-dont-la-delocalisation-du-projet-de-reconstruction-du-petit"]}]},{"@type":"ImageObject","inLanguage":"fr-FR","@id":"https:\/\/www.africa-press.net\/niger\/politique\/1ere-session-ordinaire-du-conseil-de-ville-de-niamey-au-titre-de-lannee-2024-plusieurs-points-inscrits-a-lordre-du-jour-dont-la-delocalisation-du-projet-de-reconstruction-du-petit#primaryimage","url":"https:\/\/static.africa-press.net\/niger\/sites\/40\/2024\/03\/sm_1711524396.827401.jpg","contentUrl":"https:\/\/static.africa-press.net\/niger\/sites\/40\/2024\/03\/sm_1711524396.827401.jpg","width":800,"height":534,"caption":"1\u00e8re session ordinaire du Conseil de Ville de Niamey au titre de l\u2019ann\u00e9e 2024 : Plusieurs points inscrits \u00e0 l\u2019ordre du jour dont la d\u00e9localisation du projet de reconstruction du Petit march\u00e9 au quartier Lazaret"},{"@type":"BreadcrumbList","@id":"https:\/\/www.africa-press.net\/niger\/politique\/1ere-session-ordinaire-du-conseil-de-ville-de-niamey-au-titre-de-lannee-2024-plusieurs-points-inscrits-a-lordre-du-jour-dont-la-delocalisation-du-projet-de-reconstruction-du-petit#breadcrumb","itemListElement":[{"@type":"ListItem","position":1,"name":"Accueil","item":"https:\/\/www.africa-press.net\/niger\/"},{"@type":"ListItem","position":2,"name":"1\u00e8re session ordinaire du Conseil de Ville de Niamey au titre de l\u2019ann\u00e9e 2024 : Plusieurs points inscrits \u00e0 l\u2019ordre du jour dont la d\u00e9localisation du projet de reconstruction du Petit march\u00e9 au quartier Lazaret"}]},{"@type":"WebSite","@id":"https:\/\/www.africa-press.net\/niger\/#website","url":"https:\/\/www.africa-press.net\/niger\/","name":"niger","description":"Just another Africa News Agency Sites site","potentialAction":[{"@type":"SearchAction","target":{"@type":"EntryPoint","urlTemplate":"https:\/\/www.africa-press.net\/niger\/?s={search_term_string}"},"query-input":{"@type":"PropertyValueSpecification","valueRequired":true,"valueName":"search_term_string"}}],"inLanguage":"fr-FR"},{"@type":"Person","@id":"https:\/\/www.africa-press.net\/niger\/#\/schema\/person\/2b1cf3cd81a31e3cd26889ca66d677f1","name":"cfeditorfr"}]}},"_links":{"self":[{"href":"https:\/\/www.africa-press.net\/niger\/wp-json\/wp\/v2\/posts\/60589","targetHints":{"allow":["GET"]}}],"collection":[{"href":"https:\/\/www.africa-press.net\/niger\/wp-json\/wp\/v2\/posts"}],"about":[{"href":"https:\/\/www.africa-press.net\/niger\/wp-json\/wp\/v2\/types\/post"}],"author":[{"embeddable":true,"href":"https:\/\/www.africa-press.net\/niger\/wp-json\/wp\/v2\/users\/82"}],"replies":[{"embeddable":true,"href":"https:\/\/www.africa-press.net\/niger\/wp-json\/wp\/v2\/comments?post=60589"}],"version-history":[{"count":0,"href":"https:\/\/www.africa-press.net\/niger\/wp-json\/wp\/v2\/posts\/60589\/revisions"}],"wp:featuredmedia":[{"embeddable":true,"href":"https:\/\/www.africa-press.net\/niger\/wp-json\/wp\/v2\/media\/60588"}],"wp:attachment":[{"href":"https:\/\/www.africa-press.net\/niger\/wp-json\/wp\/v2\/media?parent=60589"}],"wp:term":[{"taxonomy":"category","embeddable":true,"href":"https:\/\/www.africa-press.net\/niger\/wp-json\/wp\/v2\/categories?post=60589"},{"taxonomy":"post_tag","embeddable":true,"href":"https:\/\/www.africa-press.net\/niger\/wp-json\/wp\/v2\/tags?post=60589"}],"curies":[{"name":"wp","href":"https:\/\/api.w.org\/{rel}","templated":true}]}}