{"id":60624,"date":"2024-03-27T16:28:04","date_gmt":"2024-03-27T16:28:04","guid":{"rendered":"https:\/\/www.africa-press.net\/niger\/politique\/dosso-sante-des-cas-de-meningite-deceles-dans-la-ville-la-situation-sous-controle"},"modified":"2024-03-27T16:45:09","modified_gmt":"2024-03-27T16:45:09","slug":"dosso-sante-des-cas-de-meningite-deceles-dans-la-ville-la-situation-sous-controle","status":"publish","type":"post","link":"https:\/\/www.africa-press.net\/niger\/toutes-les-actualites\/dosso-sante-des-cas-de-meningite-deceles-dans-la-ville-la-situation-sous-controle","title":{"rendered":"Dosso\/Sant\u00e9 : Des cas de m\u00e9ningite d\u00e9cel\u00e9s dans la ville, la situation sous contr\u00f4le"},"content":{"rendered":"<p><span style=\"color: #ff6600\"><strong>Africa-Press &#8211; Niger. <\/strong><\/span><b>Le Gouverneur de la re\u0301gion de Dosso, le Ge\u0301ne\u0301ral de bBrigade Iro Oumarou a pre\u0301side\u0301 hier mardi 26 mars, une re\u0301union de sensibilisation sur la situation des cas de me\u0301ningite ou\u0300 un foyer a e\u0301te\u0301 de\u0301clare\u0301 dans la commune de Dosso. Cette rencontre a regroupe\u0301 les enseignants, les agents de sante\u0301 de la commune et des repre\u0301sentants de diverses couches sociaux professionnelles. Sur 15 cas de me\u0301ningite de\u0301cele\u0301s, il a e\u0301te\u0301 enregistre\u0301 10 de\u0301ce\u0300s dont la plupart sont des enfants du pre\u0301scolaire et du primaire.<\/b><\/p>\n<p>D\u2019entre\u0301e de jeu, le gouverneur de la re\u0301gion de Dosso a indique\u0301 que la situation est actuellement sous contro\u0302le et que toutes les dispositions ont e\u0301te\u0301 prises pour circonscrire la maladie. Il a ensuite salue\u0301 la promptitude avec laquelle les cadres de l\u2019e\u0301ducation ont rapporte\u0301 l\u2019information. Cela, a souligne\u0301 le Ge\u0301ne\u0301ral de Brigade Iro Oumarou, est une preuve de leur professionnalisme et de l\u2019inte\u0301re\u0302t qu\u2019ils portent a\u0300 la sante\u0301 des e\u0301le\u0300ves.<\/p>\n<p>Le Gouverneur de Dosso a salue\u0301 la sensibilisation qui a e\u0301te\u0301 mene\u0301e de\u0300s l\u2019annonce du foyer. Tous les moyens, a-t-il dit, seront mis en \u0153uvre pour faire face a\u0300 la situation. La sante\u0301, a pre\u0301cise\u0301 le Ge\u0301ne\u0301ral de Brigade Iro Oumarou, est au centre des pre\u0301occupations des autorite\u0301s de la transition avec a\u0300 leur te\u0302te le Ge\u0301ne\u0301ral de Brigade Abdourahamane Tiani, Chef de l\u2019Etat. Le Gouverneur de Dosso a invite\u0301 les populations a\u0300 accentuer la surveillance ainsi que la communication a\u0300 tous les niveaux sur toute l\u2019e\u0301tendue de la re\u0301gion et au-dela\u0300 au niveau national.<\/p>\n<p>Le directeur re\u0301gional de la Sante\u0301 publique de Dosso s\u2019est, pour sa part, appesanti sur la situation e\u0301pide\u0301miologique de la re\u0301gion, les modes de transmission de la me\u0301ningite, les facteurs favorables a\u0300 la propagation de la maladie, les difficulte\u0301s rencontre\u0301es, ainsi que les actions entreprises pour y faire face. En de\u0301finitive, a fait savoir le directeur re\u0301gional de la sante\u0301, Dosso est dans l\u2019alerte, et non dans l\u2019e\u0301pide\u0301mie du moment ou\u0300 la situation est sous contro\u0302le.<\/p>\n<p>&nbsp;<\/p>\n<p><strong>Pour plus d&rsquo;informations et d&rsquo;analyses sur la <a href=\"https:\/\/www.africa-press.net\/niger\">Niger<\/a>, suivez <a href=\"https:\/\/www.africa-press.net\/\">Africa-Press<\/a><\/strong><\/p>\n","protected":false},"excerpt":{"rendered":"<p>Africa-Press &#8211; Niger. Le Gouverneur de la re\u0301gion de Dosso, le Ge\u0301ne\u0301ral de bBrigade Iro Oumarou a pre\u0301side\u0301 hier mardi 26 mars, une re\u0301union de sensibilisation sur la situation des cas de me\u0301ningite ou\u0300 un foyer a e\u0301te\u0301 de\u0301clare\u0301 dans la commune de Dosso. Cette rencontre a regroupe\u0301 les enseignants, les agents de sante\u0301 de [&hellip;]<\/p>\n","protected":false},"author":82,"featured_media":60623,"comment_status":"open","ping_status":"closed","sticky":false,"template":"","format":"standard","meta":{"footnotes":""},"categories":[21,10],"tags":[55,60,29],"class_list":["post-60624","post","type-post","status-publish","format-standard","has-post-thumbnail","hentry","category-communaute","category-toutes-les-actualites","tag-africa-press","tag-africa-press-niger","tag-niger"],"yoast_head":"<!-- This site is optimized with the Yoast SEO Premium plugin v26.1 (Yoast SEO v27.0) - https:\/\/yoast.com\/product\/yoast-seo-premium-wordpress\/ -->\n<title>Dosso\/Sant\u00e9 : Des cas de m\u00e9ningite d\u00e9cel\u00e9s dans la ville, la situation sous contr\u00f4le - niger<\/title>\n<meta name=\"description\" content=\"Le Gouverneur de la re\u0301gion de Dosso, le Ge\u0301ne\u0301ral de bBrigade Iro Oumarou a pre\u0301side\u0301 hier mardi 26 mars, une re\u0301uni ...\" \/>\n<meta name=\"robots\" content=\"index, follow, max-snippet:-1, max-image-preview:large, max-video-preview:-1\" \/>\n<link rel=\"canonical\" href=\"https:\/\/www.africa-press.net\/niger\/toutes-les-actualites\/dosso-sante-des-cas-de-meningite-deceles-dans-la-ville-la-situation-sous-controle\" \/>\n<meta property=\"og:locale\" content=\"fr_FR\" \/>\n<meta property=\"og:type\" content=\"article\" \/>\n<meta property=\"og:title\" content=\"Dosso\/Sant\u00e9 : Des cas de m\u00e9ningite d\u00e9cel\u00e9s dans la ville, la situation sous contr\u00f4le\" \/>\n<meta property=\"og:description\" content=\"Le Gouverneur de la re\u0301gion de Dosso, le Ge\u0301ne\u0301ral de bBrigade Iro Oumarou a pre\u0301side\u0301 hier mardi 26 mars, une re\u0301uni ...\" \/>\n<meta property=\"og:url\" content=\"https:\/\/www.africa-press.net\/niger\/toutes-les-actualites\/dosso-sante-des-cas-de-meningite-deceles-dans-la-ville-la-situation-sous-controle\" \/>\n<meta property=\"og:site_name\" content=\"niger\" \/>\n<meta property=\"article:published_time\" content=\"2024-03-27T16:28:04+00:00\" \/>\n<meta property=\"article:modified_time\" content=\"2024-03-27T16:45:09+00:00\" \/>\n<meta property=\"og:image\" content=\"https:\/\/static.africa-press.net\/niger\/sites\/40\/2024\/03\/sm_1711545154.693437.jpg\" \/>\n\t<meta property=\"og:image:width\" content=\"1008\" \/>\n\t<meta property=\"og:image:height\" content=\"754\" \/>\n\t<meta property=\"og:image:type\" content=\"image\/jpeg\" \/>\n<meta name=\"author\" content=\"cfeditorfr\" \/>\n<meta name=\"twitter:card\" content=\"summary_large_image\" \/>\n<meta name=\"twitter:label1\" content=\"\u00c9crit par\" \/>\n\t<meta name=\"twitter:data1\" content=\"cfeditorfr\" \/>\n\t<meta name=\"twitter:label2\" content=\"Dur\u00e9e de lecture estim\u00e9e\" \/>\n\t<meta name=\"twitter:data2\" content=\"2 minutes\" \/>\n<script type=\"application\/ld+json\" class=\"yoast-schema-graph\">{\"@context\":\"https:\/\/schema.org\",\"@graph\":[{\"@type\":\"Article\",\"@id\":\"https:\/\/www.africa-press.net\/niger\/toutes-les-actualites\/dosso-sante-des-cas-de-meningite-deceles-dans-la-ville-la-situation-sous-controle#article\",\"isPartOf\":{\"@id\":\"https:\/\/www.africa-press.net\/niger\/toutes-les-actualites\/dosso-sante-des-cas-de-meningite-deceles-dans-la-ville-la-situation-sous-controle\"},\"author\":{\"name\":\"cfeditorfr\",\"@id\":\"https:\/\/www.africa-press.net\/niger\/#\/schema\/person\/2b1cf3cd81a31e3cd26889ca66d677f1\"},\"headline\":\"Dosso\/Sant\u00e9 : Des cas de m\u00e9ningite d\u00e9cel\u00e9s dans la ville, la situation sous contr\u00f4le\",\"datePublished\":\"2024-03-27T16:28:04+00:00\",\"dateModified\":\"2024-03-27T16:45:09+00:00\",\"mainEntityOfPage\":{\"@id\":\"https:\/\/www.africa-press.net\/niger\/toutes-les-actualites\/dosso-sante-des-cas-de-meningite-deceles-dans-la-ville-la-situation-sous-controle\"},\"wordCount\":421,\"commentCount\":0,\"image\":{\"@id\":\"https:\/\/www.africa-press.net\/niger\/toutes-les-actualites\/dosso-sante-des-cas-de-meningite-deceles-dans-la-ville-la-situation-sous-controle#primaryimage\"},\"thumbnailUrl\":\"https:\/\/static.africa-press.net\/niger\/sites\/40\/2024\/03\/sm_1711545154.693437.jpg\",\"keywords\":[\"Africa Press\",\"Africa Press-Niger\",\"Niger\"],\"articleSection\":[\"Communaut\u00e9\",\"Toutes les actualit\u00e9s\"],\"inLanguage\":\"fr-FR\",\"potentialAction\":[{\"@type\":\"CommentAction\",\"name\":\"Comment\",\"target\":[\"https:\/\/www.africa-press.net\/niger\/toutes-les-actualites\/dosso-sante-des-cas-de-meningite-deceles-dans-la-ville-la-situation-sous-controle#respond\"]}]},{\"@type\":\"WebPage\",\"@id\":\"https:\/\/www.africa-press.net\/niger\/toutes-les-actualites\/dosso-sante-des-cas-de-meningite-deceles-dans-la-ville-la-situation-sous-controle\",\"url\":\"https:\/\/www.africa-press.net\/niger\/toutes-les-actualites\/dosso-sante-des-cas-de-meningite-deceles-dans-la-ville-la-situation-sous-controle\",\"name\":\"Dosso\/Sant\u00e9 : Des cas de m\u00e9ningite d\u00e9cel\u00e9s dans la ville, la situation sous contr\u00f4le - niger\",\"isPartOf\":{\"@id\":\"https:\/\/www.africa-press.net\/niger\/#website\"},\"primaryImageOfPage\":{\"@id\":\"https:\/\/www.africa-press.net\/niger\/toutes-les-actualites\/dosso-sante-des-cas-de-meningite-deceles-dans-la-ville-la-situation-sous-controle#primaryimage\"},\"image\":{\"@id\":\"https:\/\/www.africa-press.net\/niger\/toutes-les-actualites\/dosso-sante-des-cas-de-meningite-deceles-dans-la-ville-la-situation-sous-controle#primaryimage\"},\"thumbnailUrl\":\"https:\/\/static.africa-press.net\/niger\/sites\/40\/2024\/03\/sm_1711545154.693437.jpg\",\"datePublished\":\"2024-03-27T16:28:04+00:00\",\"dateModified\":\"2024-03-27T16:45:09+00:00\",\"author\":{\"@id\":\"https:\/\/www.africa-press.net\/niger\/#\/schema\/person\/2b1cf3cd81a31e3cd26889ca66d677f1\"},\"description\":\"Le Gouverneur de la re\u0301gion de Dosso, le Ge\u0301ne\u0301ral de bBrigade Iro Oumarou a pre\u0301side\u0301 hier mardi 26 mars, une re\u0301uni ...\",\"breadcrumb\":{\"@id\":\"https:\/\/www.africa-press.net\/niger\/toutes-les-actualites\/dosso-sante-des-cas-de-meningite-deceles-dans-la-ville-la-situation-sous-controle#breadcrumb\"},\"inLanguage\":\"fr-FR\",\"potentialAction\":[{\"@type\":\"ReadAction\",\"target\":[\"https:\/\/www.africa-press.net\/niger\/toutes-les-actualites\/dosso-sante-des-cas-de-meningite-deceles-dans-la-ville-la-situation-sous-controle\"]}]},{\"@type\":\"ImageObject\",\"inLanguage\":\"fr-FR\",\"@id\":\"https:\/\/www.africa-press.net\/niger\/toutes-les-actualites\/dosso-sante-des-cas-de-meningite-deceles-dans-la-ville-la-situation-sous-controle#primaryimage\",\"url\":\"https:\/\/static.africa-press.net\/niger\/sites\/40\/2024\/03\/sm_1711545154.693437.jpg\",\"contentUrl\":\"https:\/\/static.africa-press.net\/niger\/sites\/40\/2024\/03\/sm_1711545154.693437.jpg\",\"width\":1008,\"height\":754,\"caption\":\"Dosso\/Sant\u00e9 : Des cas de m\u00e9ningite d\u00e9cel\u00e9s dans la ville, la situation sous contr\u00f4le\"},{\"@type\":\"BreadcrumbList\",\"@id\":\"https:\/\/www.africa-press.net\/niger\/toutes-les-actualites\/dosso-sante-des-cas-de-meningite-deceles-dans-la-ville-la-situation-sous-controle#breadcrumb\",\"itemListElement\":[{\"@type\":\"ListItem\",\"position\":1,\"name\":\"Accueil\",\"item\":\"https:\/\/www.africa-press.net\/niger\/\"},{\"@type\":\"ListItem\",\"position\":2,\"name\":\"Dosso\/Sant\u00e9 : Des cas de m\u00e9ningite d\u00e9cel\u00e9s dans la ville, la situation sous contr\u00f4le\"}]},{\"@type\":\"WebSite\",\"@id\":\"https:\/\/www.africa-press.net\/niger\/#website\",\"url\":\"https:\/\/www.africa-press.net\/niger\/\",\"name\":\"niger\",\"description\":\"Just another Africa News Agency Sites site\",\"potentialAction\":[{\"@type\":\"SearchAction\",\"target\":{\"@type\":\"EntryPoint\",\"urlTemplate\":\"https:\/\/www.africa-press.net\/niger\/?s={search_term_string}\"},\"query-input\":{\"@type\":\"PropertyValueSpecification\",\"valueRequired\":true,\"valueName\":\"search_term_string\"}}],\"inLanguage\":\"fr-FR\"},{\"@type\":\"Person\",\"@id\":\"https:\/\/www.africa-press.net\/niger\/#\/schema\/person\/2b1cf3cd81a31e3cd26889ca66d677f1\",\"name\":\"cfeditorfr\"}]}<\/script>\n<!-- \/ Yoast SEO Premium plugin. -->","yoast_head_json":{"title":"Dosso\/Sant\u00e9 : Des cas de m\u00e9ningite d\u00e9cel\u00e9s dans la ville, la situation sous contr\u00f4le - niger","description":"Le Gouverneur de la re\u0301gion de Dosso, le Ge\u0301ne\u0301ral de bBrigade Iro Oumarou a pre\u0301side\u0301 hier mardi 26 mars, une re\u0301uni ...","robots":{"index":"index","follow":"follow","max-snippet":"max-snippet:-1","max-image-preview":"max-image-preview:large","max-video-preview":"max-video-preview:-1"},"canonical":"https:\/\/www.africa-press.net\/niger\/toutes-les-actualites\/dosso-sante-des-cas-de-meningite-deceles-dans-la-ville-la-situation-sous-controle","og_locale":"fr_FR","og_type":"article","og_title":"Dosso\/Sant\u00e9 : Des cas de m\u00e9ningite d\u00e9cel\u00e9s dans la ville, la situation sous contr\u00f4le","og_description":"Le Gouverneur de la re\u0301gion de Dosso, le Ge\u0301ne\u0301ral de bBrigade Iro Oumarou a pre\u0301side\u0301 hier mardi 26 mars, une re\u0301uni ...","og_url":"https:\/\/www.africa-press.net\/niger\/toutes-les-actualites\/dosso-sante-des-cas-de-meningite-deceles-dans-la-ville-la-situation-sous-controle","og_site_name":"niger","article_published_time":"2024-03-27T16:28:04+00:00","article_modified_time":"2024-03-27T16:45:09+00:00","og_image":[{"width":1008,"height":754,"url":"https:\/\/static.africa-press.net\/niger\/sites\/40\/2024\/03\/sm_1711545154.693437.jpg","type":"image\/jpeg"}],"author":"cfeditorfr","twitter_card":"summary_large_image","twitter_misc":{"\u00c9crit par":"cfeditorfr","Dur\u00e9e de lecture estim\u00e9e":"2 minutes"},"schema":{"@context":"https:\/\/schema.org","@graph":[{"@type":"Article","@id":"https:\/\/www.africa-press.net\/niger\/toutes-les-actualites\/dosso-sante-des-cas-de-meningite-deceles-dans-la-ville-la-situation-sous-controle#article","isPartOf":{"@id":"https:\/\/www.africa-press.net\/niger\/toutes-les-actualites\/dosso-sante-des-cas-de-meningite-deceles-dans-la-ville-la-situation-sous-controle"},"author":{"name":"cfeditorfr","@id":"https:\/\/www.africa-press.net\/niger\/#\/schema\/person\/2b1cf3cd81a31e3cd26889ca66d677f1"},"headline":"Dosso\/Sant\u00e9 : Des cas de m\u00e9ningite d\u00e9cel\u00e9s dans la ville, la situation sous contr\u00f4le","datePublished":"2024-03-27T16:28:04+00:00","dateModified":"2024-03-27T16:45:09+00:00","mainEntityOfPage":{"@id":"https:\/\/www.africa-press.net\/niger\/toutes-les-actualites\/dosso-sante-des-cas-de-meningite-deceles-dans-la-ville-la-situation-sous-controle"},"wordCount":421,"commentCount":0,"image":{"@id":"https:\/\/www.africa-press.net\/niger\/toutes-les-actualites\/dosso-sante-des-cas-de-meningite-deceles-dans-la-ville-la-situation-sous-controle#primaryimage"},"thumbnailUrl":"https:\/\/static.africa-press.net\/niger\/sites\/40\/2024\/03\/sm_1711545154.693437.jpg","keywords":["Africa Press","Africa Press-Niger","Niger"],"articleSection":["Communaut\u00e9","Toutes les actualit\u00e9s"],"inLanguage":"fr-FR","potentialAction":[{"@type":"CommentAction","name":"Comment","target":["https:\/\/www.africa-press.net\/niger\/toutes-les-actualites\/dosso-sante-des-cas-de-meningite-deceles-dans-la-ville-la-situation-sous-controle#respond"]}]},{"@type":"WebPage","@id":"https:\/\/www.africa-press.net\/niger\/toutes-les-actualites\/dosso-sante-des-cas-de-meningite-deceles-dans-la-ville-la-situation-sous-controle","url":"https:\/\/www.africa-press.net\/niger\/toutes-les-actualites\/dosso-sante-des-cas-de-meningite-deceles-dans-la-ville-la-situation-sous-controle","name":"Dosso\/Sant\u00e9 : Des cas de m\u00e9ningite d\u00e9cel\u00e9s dans la ville, la situation sous contr\u00f4le - niger","isPartOf":{"@id":"https:\/\/www.africa-press.net\/niger\/#website"},"primaryImageOfPage":{"@id":"https:\/\/www.africa-press.net\/niger\/toutes-les-actualites\/dosso-sante-des-cas-de-meningite-deceles-dans-la-ville-la-situation-sous-controle#primaryimage"},"image":{"@id":"https:\/\/www.africa-press.net\/niger\/toutes-les-actualites\/dosso-sante-des-cas-de-meningite-deceles-dans-la-ville-la-situation-sous-controle#primaryimage"},"thumbnailUrl":"https:\/\/static.africa-press.net\/niger\/sites\/40\/2024\/03\/sm_1711545154.693437.jpg","datePublished":"2024-03-27T16:28:04+00:00","dateModified":"2024-03-27T16:45:09+00:00","author":{"@id":"https:\/\/www.africa-press.net\/niger\/#\/schema\/person\/2b1cf3cd81a31e3cd26889ca66d677f1"},"description":"Le Gouverneur de la re\u0301gion de Dosso, le Ge\u0301ne\u0301ral de bBrigade Iro Oumarou a pre\u0301side\u0301 hier mardi 26 mars, une re\u0301uni ...","breadcrumb":{"@id":"https:\/\/www.africa-press.net\/niger\/toutes-les-actualites\/dosso-sante-des-cas-de-meningite-deceles-dans-la-ville-la-situation-sous-controle#breadcrumb"},"inLanguage":"fr-FR","potentialAction":[{"@type":"ReadAction","target":["https:\/\/www.africa-press.net\/niger\/toutes-les-actualites\/dosso-sante-des-cas-de-meningite-deceles-dans-la-ville-la-situation-sous-controle"]}]},{"@type":"ImageObject","inLanguage":"fr-FR","@id":"https:\/\/www.africa-press.net\/niger\/toutes-les-actualites\/dosso-sante-des-cas-de-meningite-deceles-dans-la-ville-la-situation-sous-controle#primaryimage","url":"https:\/\/static.africa-press.net\/niger\/sites\/40\/2024\/03\/sm_1711545154.693437.jpg","contentUrl":"https:\/\/static.africa-press.net\/niger\/sites\/40\/2024\/03\/sm_1711545154.693437.jpg","width":1008,"height":754,"caption":"Dosso\/Sant\u00e9 : Des cas de m\u00e9ningite d\u00e9cel\u00e9s dans la ville, la situation sous contr\u00f4le"},{"@type":"BreadcrumbList","@id":"https:\/\/www.africa-press.net\/niger\/toutes-les-actualites\/dosso-sante-des-cas-de-meningite-deceles-dans-la-ville-la-situation-sous-controle#breadcrumb","itemListElement":[{"@type":"ListItem","position":1,"name":"Accueil","item":"https:\/\/www.africa-press.net\/niger\/"},{"@type":"ListItem","position":2,"name":"Dosso\/Sant\u00e9 : Des cas de m\u00e9ningite d\u00e9cel\u00e9s dans la ville, la situation sous contr\u00f4le"}]},{"@type":"WebSite","@id":"https:\/\/www.africa-press.net\/niger\/#website","url":"https:\/\/www.africa-press.net\/niger\/","name":"niger","description":"Just another Africa News Agency Sites site","potentialAction":[{"@type":"SearchAction","target":{"@type":"EntryPoint","urlTemplate":"https:\/\/www.africa-press.net\/niger\/?s={search_term_string}"},"query-input":{"@type":"PropertyValueSpecification","valueRequired":true,"valueName":"search_term_string"}}],"inLanguage":"fr-FR"},{"@type":"Person","@id":"https:\/\/www.africa-press.net\/niger\/#\/schema\/person\/2b1cf3cd81a31e3cd26889ca66d677f1","name":"cfeditorfr"}]}},"_links":{"self":[{"href":"https:\/\/www.africa-press.net\/niger\/wp-json\/wp\/v2\/posts\/60624","targetHints":{"allow":["GET"]}}],"collection":[{"href":"https:\/\/www.africa-press.net\/niger\/wp-json\/wp\/v2\/posts"}],"about":[{"href":"https:\/\/www.africa-press.net\/niger\/wp-json\/wp\/v2\/types\/post"}],"author":[{"embeddable":true,"href":"https:\/\/www.africa-press.net\/niger\/wp-json\/wp\/v2\/users\/82"}],"replies":[{"embeddable":true,"href":"https:\/\/www.africa-press.net\/niger\/wp-json\/wp\/v2\/comments?post=60624"}],"version-history":[{"count":0,"href":"https:\/\/www.africa-press.net\/niger\/wp-json\/wp\/v2\/posts\/60624\/revisions"}],"wp:featuredmedia":[{"embeddable":true,"href":"https:\/\/www.africa-press.net\/niger\/wp-json\/wp\/v2\/media\/60623"}],"wp:attachment":[{"href":"https:\/\/www.africa-press.net\/niger\/wp-json\/wp\/v2\/media?parent=60624"}],"wp:term":[{"taxonomy":"category","embeddable":true,"href":"https:\/\/www.africa-press.net\/niger\/wp-json\/wp\/v2\/categories?post=60624"},{"taxonomy":"post_tag","embeddable":true,"href":"https:\/\/www.africa-press.net\/niger\/wp-json\/wp\/v2\/tags?post=60624"}],"curies":[{"name":"wp","href":"https:\/\/api.w.org\/{rel}","templated":true}]}}