{"id":60627,"date":"2024-03-27T16:28:24","date_gmt":"2024-03-27T16:28:24","guid":{"rendered":"https:\/\/www.africa-press.net\/niger\/politique\/a-la-primature-le-premier-ministre-recoit-une-delegation-de-la-bceao"},"modified":"2024-03-27T16:45:58","modified_gmt":"2024-03-27T16:45:58","slug":"a-la-primature-le-premier-ministre-recoit-une-delegation-de-la-bceao","status":"publish","type":"post","link":"https:\/\/www.africa-press.net\/niger\/politique\/a-la-primature-le-premier-ministre-recoit-une-delegation-de-la-bceao","title":{"rendered":"A  la Primature : Le Premier Ministre re\u00e7oit une d\u00e9l\u00e9gation de la BCEAO"},"content":{"rendered":"<p><span style=\"color: #ff6600\"><strong>Africa-Press &#8211; Niger. <\/strong><\/span>Le Premier ministre, ministre de l\u2019Economie et des Finances, M. Lamine Zeine Ali Mahaman, a rec\u0327u, hier mardi 26 mars 2024 a\u0300 son cabinet, une de\u0301le\u0301gation mixte de la Banque Centrale des Etats de l\u2019Afrique de l\u2019Ouest (BCEAO) sie\u0300ge et de l\u2019Agence UMOA Titres conduite par M. Djibril Diaw, Directeur des Ope\u0301rations de marche\u0301 au bureau central de Dakar. Les e\u0301changes entre le Premier ministre et la de\u0301le\u0301gation ont porte\u0301 sur l\u2019e\u0301valuation de la dette des marche\u0301s au Niger.<\/p>\n<p><strong>Pour plus d&rsquo;informations et d&rsquo;analyses sur la <a href=\"https:\/\/www.africa-press.net\/niger\">Niger<\/a>, suivez <a href=\"https:\/\/www.africa-press.net\/\">Africa-Press<\/a><\/strong><\/p>\n","protected":false},"excerpt":{"rendered":"<p>Africa-Press &#8211; Niger. Le Premier ministre, ministre de l\u2019Economie et des Finances, M. Lamine Zeine Ali Mahaman, a rec\u0327u, hier mardi 26 mars 2024 a\u0300 son cabinet, une de\u0301le\u0301gation mixte de la Banque Centrale des Etats de l\u2019Afrique de l\u2019Ouest (BCEAO) sie\u0300ge et de l\u2019Agence UMOA Titres conduite par M. Djibril Diaw, Directeur des Ope\u0301rations [&hellip;]<\/p>\n","protected":false},"author":82,"featured_media":60626,"comment_status":"open","ping_status":"closed","sticky":false,"template":"","format":"standard","meta":{"footnotes":""},"categories":[2,10],"tags":[55,60,29],"class_list":["post-60627","post","type-post","status-publish","format-standard","has-post-thumbnail","hentry","category-politique","category-toutes-les-actualites","tag-africa-press","tag-africa-press-niger","tag-niger"],"yoast_head":"<!-- This site is optimized with the Yoast SEO Premium plugin v26.1 (Yoast SEO v27.0) - https:\/\/yoast.com\/product\/yoast-seo-premium-wordpress\/ -->\n<title>A la Primature : Le Premier Ministre re\u00e7oit une d\u00e9l\u00e9gation de la BCEAO - niger<\/title>\n<meta name=\"description\" content=\"Le Premier ministre, ministre de l\u2019Economie et des Finances, M. Lamine Zeine Ali Mahaman, a rec\u0327u, hier mardi 26 mars 20 ...\" \/>\n<meta name=\"robots\" content=\"index, follow, max-snippet:-1, max-image-preview:large, max-video-preview:-1\" \/>\n<link rel=\"canonical\" href=\"https:\/\/www.africa-press.net\/niger\/politique\/a-la-primature-le-premier-ministre-recoit-une-delegation-de-la-bceao\" \/>\n<meta property=\"og:locale\" content=\"fr_FR\" \/>\n<meta property=\"og:type\" content=\"article\" \/>\n<meta property=\"og:title\" content=\"A la Primature : Le Premier Ministre re\u00e7oit une d\u00e9l\u00e9gation de la BCEAO\" \/>\n<meta property=\"og:description\" content=\"Le Premier ministre, ministre de l\u2019Economie et des Finances, M. Lamine Zeine Ali Mahaman, a rec\u0327u, hier mardi 26 mars 20 ...\" \/>\n<meta property=\"og:url\" content=\"https:\/\/www.africa-press.net\/niger\/politique\/a-la-primature-le-premier-ministre-recoit-une-delegation-de-la-bceao\" \/>\n<meta property=\"og:site_name\" content=\"niger\" \/>\n<meta property=\"article:published_time\" content=\"2024-03-27T16:28:24+00:00\" \/>\n<meta property=\"article:modified_time\" content=\"2024-03-27T16:45:58+00:00\" \/>\n<meta property=\"og:image\" content=\"https:\/\/static.africa-press.net\/niger\/sites\/40\/2024\/03\/sm_1711545179.457467.jpg\" \/>\n\t<meta property=\"og:image:width\" content=\"800\" \/>\n\t<meta property=\"og:image:height\" content=\"533\" \/>\n\t<meta property=\"og:image:type\" content=\"image\/jpeg\" \/>\n<meta name=\"author\" content=\"cfeditorfr\" \/>\n<meta name=\"twitter:card\" content=\"summary_large_image\" \/>\n<meta name=\"twitter:label1\" content=\"\u00c9crit par\" \/>\n\t<meta name=\"twitter:data1\" content=\"cfeditorfr\" \/>\n\t<meta name=\"twitter:label2\" content=\"Dur\u00e9e de lecture estim\u00e9e\" \/>\n\t<meta name=\"twitter:data2\" content=\"1 minute\" \/>\n<script type=\"application\/ld+json\" class=\"yoast-schema-graph\">{\"@context\":\"https:\/\/schema.org\",\"@graph\":[{\"@type\":\"Article\",\"@id\":\"https:\/\/www.africa-press.net\/niger\/politique\/a-la-primature-le-premier-ministre-recoit-une-delegation-de-la-bceao#article\",\"isPartOf\":{\"@id\":\"https:\/\/www.africa-press.net\/niger\/politique\/a-la-primature-le-premier-ministre-recoit-une-delegation-de-la-bceao\"},\"author\":{\"name\":\"cfeditorfr\",\"@id\":\"https:\/\/www.africa-press.net\/niger\/#\/schema\/person\/2b1cf3cd81a31e3cd26889ca66d677f1\"},\"headline\":\"A la Primature : Le Premier Ministre re\u00e7oit une d\u00e9l\u00e9gation de la BCEAO\",\"datePublished\":\"2024-03-27T16:28:24+00:00\",\"dateModified\":\"2024-03-27T16:45:58+00:00\",\"mainEntityOfPage\":{\"@id\":\"https:\/\/www.africa-press.net\/niger\/politique\/a-la-primature-le-premier-ministre-recoit-une-delegation-de-la-bceao\"},\"wordCount\":122,\"commentCount\":0,\"image\":{\"@id\":\"https:\/\/www.africa-press.net\/niger\/politique\/a-la-primature-le-premier-ministre-recoit-une-delegation-de-la-bceao#primaryimage\"},\"thumbnailUrl\":\"https:\/\/static.africa-press.net\/niger\/sites\/40\/2024\/03\/sm_1711545179.457467.jpg\",\"keywords\":[\"Africa Press\",\"Africa Press-Niger\",\"Niger\"],\"articleSection\":[\"Politique\",\"Toutes les actualit\u00e9s\"],\"inLanguage\":\"fr-FR\",\"potentialAction\":[{\"@type\":\"CommentAction\",\"name\":\"Comment\",\"target\":[\"https:\/\/www.africa-press.net\/niger\/politique\/a-la-primature-le-premier-ministre-recoit-une-delegation-de-la-bceao#respond\"]}]},{\"@type\":\"WebPage\",\"@id\":\"https:\/\/www.africa-press.net\/niger\/politique\/a-la-primature-le-premier-ministre-recoit-une-delegation-de-la-bceao\",\"url\":\"https:\/\/www.africa-press.net\/niger\/politique\/a-la-primature-le-premier-ministre-recoit-une-delegation-de-la-bceao\",\"name\":\"A la Primature : Le Premier Ministre re\u00e7oit une d\u00e9l\u00e9gation de la BCEAO - niger\",\"isPartOf\":{\"@id\":\"https:\/\/www.africa-press.net\/niger\/#website\"},\"primaryImageOfPage\":{\"@id\":\"https:\/\/www.africa-press.net\/niger\/politique\/a-la-primature-le-premier-ministre-recoit-une-delegation-de-la-bceao#primaryimage\"},\"image\":{\"@id\":\"https:\/\/www.africa-press.net\/niger\/politique\/a-la-primature-le-premier-ministre-recoit-une-delegation-de-la-bceao#primaryimage\"},\"thumbnailUrl\":\"https:\/\/static.africa-press.net\/niger\/sites\/40\/2024\/03\/sm_1711545179.457467.jpg\",\"datePublished\":\"2024-03-27T16:28:24+00:00\",\"dateModified\":\"2024-03-27T16:45:58+00:00\",\"author\":{\"@id\":\"https:\/\/www.africa-press.net\/niger\/#\/schema\/person\/2b1cf3cd81a31e3cd26889ca66d677f1\"},\"description\":\"Le Premier ministre, ministre de l\u2019Economie et des Finances, M. Lamine Zeine Ali Mahaman, a rec\u0327u, hier mardi 26 mars 20 ...\",\"breadcrumb\":{\"@id\":\"https:\/\/www.africa-press.net\/niger\/politique\/a-la-primature-le-premier-ministre-recoit-une-delegation-de-la-bceao#breadcrumb\"},\"inLanguage\":\"fr-FR\",\"potentialAction\":[{\"@type\":\"ReadAction\",\"target\":[\"https:\/\/www.africa-press.net\/niger\/politique\/a-la-primature-le-premier-ministre-recoit-une-delegation-de-la-bceao\"]}]},{\"@type\":\"ImageObject\",\"inLanguage\":\"fr-FR\",\"@id\":\"https:\/\/www.africa-press.net\/niger\/politique\/a-la-primature-le-premier-ministre-recoit-une-delegation-de-la-bceao#primaryimage\",\"url\":\"https:\/\/static.africa-press.net\/niger\/sites\/40\/2024\/03\/sm_1711545179.457467.jpg\",\"contentUrl\":\"https:\/\/static.africa-press.net\/niger\/sites\/40\/2024\/03\/sm_1711545179.457467.jpg\",\"width\":800,\"height\":533,\"caption\":\"A la Primature : Le Premier Ministre re\u00e7oit une d\u00e9l\u00e9gation de la BCEAO\"},{\"@type\":\"BreadcrumbList\",\"@id\":\"https:\/\/www.africa-press.net\/niger\/politique\/a-la-primature-le-premier-ministre-recoit-une-delegation-de-la-bceao#breadcrumb\",\"itemListElement\":[{\"@type\":\"ListItem\",\"position\":1,\"name\":\"Accueil\",\"item\":\"https:\/\/www.africa-press.net\/niger\/\"},{\"@type\":\"ListItem\",\"position\":2,\"name\":\"A la Primature : Le Premier Ministre re\u00e7oit une d\u00e9l\u00e9gation de la BCEAO\"}]},{\"@type\":\"WebSite\",\"@id\":\"https:\/\/www.africa-press.net\/niger\/#website\",\"url\":\"https:\/\/www.africa-press.net\/niger\/\",\"name\":\"niger\",\"description\":\"Just another Africa News Agency Sites site\",\"potentialAction\":[{\"@type\":\"SearchAction\",\"target\":{\"@type\":\"EntryPoint\",\"urlTemplate\":\"https:\/\/www.africa-press.net\/niger\/?s={search_term_string}\"},\"query-input\":{\"@type\":\"PropertyValueSpecification\",\"valueRequired\":true,\"valueName\":\"search_term_string\"}}],\"inLanguage\":\"fr-FR\"},{\"@type\":\"Person\",\"@id\":\"https:\/\/www.africa-press.net\/niger\/#\/schema\/person\/2b1cf3cd81a31e3cd26889ca66d677f1\",\"name\":\"cfeditorfr\"}]}<\/script>\n<!-- \/ Yoast SEO Premium plugin. -->","yoast_head_json":{"title":"A la Primature : Le Premier Ministre re\u00e7oit une d\u00e9l\u00e9gation de la BCEAO - niger","description":"Le Premier ministre, ministre de l\u2019Economie et des Finances, M. Lamine Zeine Ali Mahaman, a rec\u0327u, hier mardi 26 mars 20 ...","robots":{"index":"index","follow":"follow","max-snippet":"max-snippet:-1","max-image-preview":"max-image-preview:large","max-video-preview":"max-video-preview:-1"},"canonical":"https:\/\/www.africa-press.net\/niger\/politique\/a-la-primature-le-premier-ministre-recoit-une-delegation-de-la-bceao","og_locale":"fr_FR","og_type":"article","og_title":"A la Primature : Le Premier Ministre re\u00e7oit une d\u00e9l\u00e9gation de la BCEAO","og_description":"Le Premier ministre, ministre de l\u2019Economie et des Finances, M. Lamine Zeine Ali Mahaman, a rec\u0327u, hier mardi 26 mars 20 ...","og_url":"https:\/\/www.africa-press.net\/niger\/politique\/a-la-primature-le-premier-ministre-recoit-une-delegation-de-la-bceao","og_site_name":"niger","article_published_time":"2024-03-27T16:28:24+00:00","article_modified_time":"2024-03-27T16:45:58+00:00","og_image":[{"width":800,"height":533,"url":"https:\/\/static.africa-press.net\/niger\/sites\/40\/2024\/03\/sm_1711545179.457467.jpg","type":"image\/jpeg"}],"author":"cfeditorfr","twitter_card":"summary_large_image","twitter_misc":{"\u00c9crit par":"cfeditorfr","Dur\u00e9e de lecture estim\u00e9e":"1 minute"},"schema":{"@context":"https:\/\/schema.org","@graph":[{"@type":"Article","@id":"https:\/\/www.africa-press.net\/niger\/politique\/a-la-primature-le-premier-ministre-recoit-une-delegation-de-la-bceao#article","isPartOf":{"@id":"https:\/\/www.africa-press.net\/niger\/politique\/a-la-primature-le-premier-ministre-recoit-une-delegation-de-la-bceao"},"author":{"name":"cfeditorfr","@id":"https:\/\/www.africa-press.net\/niger\/#\/schema\/person\/2b1cf3cd81a31e3cd26889ca66d677f1"},"headline":"A la Primature : Le Premier Ministre re\u00e7oit une d\u00e9l\u00e9gation de la BCEAO","datePublished":"2024-03-27T16:28:24+00:00","dateModified":"2024-03-27T16:45:58+00:00","mainEntityOfPage":{"@id":"https:\/\/www.africa-press.net\/niger\/politique\/a-la-primature-le-premier-ministre-recoit-une-delegation-de-la-bceao"},"wordCount":122,"commentCount":0,"image":{"@id":"https:\/\/www.africa-press.net\/niger\/politique\/a-la-primature-le-premier-ministre-recoit-une-delegation-de-la-bceao#primaryimage"},"thumbnailUrl":"https:\/\/static.africa-press.net\/niger\/sites\/40\/2024\/03\/sm_1711545179.457467.jpg","keywords":["Africa Press","Africa Press-Niger","Niger"],"articleSection":["Politique","Toutes les actualit\u00e9s"],"inLanguage":"fr-FR","potentialAction":[{"@type":"CommentAction","name":"Comment","target":["https:\/\/www.africa-press.net\/niger\/politique\/a-la-primature-le-premier-ministre-recoit-une-delegation-de-la-bceao#respond"]}]},{"@type":"WebPage","@id":"https:\/\/www.africa-press.net\/niger\/politique\/a-la-primature-le-premier-ministre-recoit-une-delegation-de-la-bceao","url":"https:\/\/www.africa-press.net\/niger\/politique\/a-la-primature-le-premier-ministre-recoit-une-delegation-de-la-bceao","name":"A la Primature : Le Premier Ministre re\u00e7oit une d\u00e9l\u00e9gation de la BCEAO - niger","isPartOf":{"@id":"https:\/\/www.africa-press.net\/niger\/#website"},"primaryImageOfPage":{"@id":"https:\/\/www.africa-press.net\/niger\/politique\/a-la-primature-le-premier-ministre-recoit-une-delegation-de-la-bceao#primaryimage"},"image":{"@id":"https:\/\/www.africa-press.net\/niger\/politique\/a-la-primature-le-premier-ministre-recoit-une-delegation-de-la-bceao#primaryimage"},"thumbnailUrl":"https:\/\/static.africa-press.net\/niger\/sites\/40\/2024\/03\/sm_1711545179.457467.jpg","datePublished":"2024-03-27T16:28:24+00:00","dateModified":"2024-03-27T16:45:58+00:00","author":{"@id":"https:\/\/www.africa-press.net\/niger\/#\/schema\/person\/2b1cf3cd81a31e3cd26889ca66d677f1"},"description":"Le Premier ministre, ministre de l\u2019Economie et des Finances, M. Lamine Zeine Ali Mahaman, a rec\u0327u, hier mardi 26 mars 20 ...","breadcrumb":{"@id":"https:\/\/www.africa-press.net\/niger\/politique\/a-la-primature-le-premier-ministre-recoit-une-delegation-de-la-bceao#breadcrumb"},"inLanguage":"fr-FR","potentialAction":[{"@type":"ReadAction","target":["https:\/\/www.africa-press.net\/niger\/politique\/a-la-primature-le-premier-ministre-recoit-une-delegation-de-la-bceao"]}]},{"@type":"ImageObject","inLanguage":"fr-FR","@id":"https:\/\/www.africa-press.net\/niger\/politique\/a-la-primature-le-premier-ministre-recoit-une-delegation-de-la-bceao#primaryimage","url":"https:\/\/static.africa-press.net\/niger\/sites\/40\/2024\/03\/sm_1711545179.457467.jpg","contentUrl":"https:\/\/static.africa-press.net\/niger\/sites\/40\/2024\/03\/sm_1711545179.457467.jpg","width":800,"height":533,"caption":"A la Primature : Le Premier Ministre re\u00e7oit une d\u00e9l\u00e9gation de la BCEAO"},{"@type":"BreadcrumbList","@id":"https:\/\/www.africa-press.net\/niger\/politique\/a-la-primature-le-premier-ministre-recoit-une-delegation-de-la-bceao#breadcrumb","itemListElement":[{"@type":"ListItem","position":1,"name":"Accueil","item":"https:\/\/www.africa-press.net\/niger\/"},{"@type":"ListItem","position":2,"name":"A la Primature : Le Premier Ministre re\u00e7oit une d\u00e9l\u00e9gation de la BCEAO"}]},{"@type":"WebSite","@id":"https:\/\/www.africa-press.net\/niger\/#website","url":"https:\/\/www.africa-press.net\/niger\/","name":"niger","description":"Just another Africa News Agency Sites site","potentialAction":[{"@type":"SearchAction","target":{"@type":"EntryPoint","urlTemplate":"https:\/\/www.africa-press.net\/niger\/?s={search_term_string}"},"query-input":{"@type":"PropertyValueSpecification","valueRequired":true,"valueName":"search_term_string"}}],"inLanguage":"fr-FR"},{"@type":"Person","@id":"https:\/\/www.africa-press.net\/niger\/#\/schema\/person\/2b1cf3cd81a31e3cd26889ca66d677f1","name":"cfeditorfr"}]}},"_links":{"self":[{"href":"https:\/\/www.africa-press.net\/niger\/wp-json\/wp\/v2\/posts\/60627","targetHints":{"allow":["GET"]}}],"collection":[{"href":"https:\/\/www.africa-press.net\/niger\/wp-json\/wp\/v2\/posts"}],"about":[{"href":"https:\/\/www.africa-press.net\/niger\/wp-json\/wp\/v2\/types\/post"}],"author":[{"embeddable":true,"href":"https:\/\/www.africa-press.net\/niger\/wp-json\/wp\/v2\/users\/82"}],"replies":[{"embeddable":true,"href":"https:\/\/www.africa-press.net\/niger\/wp-json\/wp\/v2\/comments?post=60627"}],"version-history":[{"count":0,"href":"https:\/\/www.africa-press.net\/niger\/wp-json\/wp\/v2\/posts\/60627\/revisions"}],"wp:featuredmedia":[{"embeddable":true,"href":"https:\/\/www.africa-press.net\/niger\/wp-json\/wp\/v2\/media\/60626"}],"wp:attachment":[{"href":"https:\/\/www.africa-press.net\/niger\/wp-json\/wp\/v2\/media?parent=60627"}],"wp:term":[{"taxonomy":"category","embeddable":true,"href":"https:\/\/www.africa-press.net\/niger\/wp-json\/wp\/v2\/categories?post=60627"},{"taxonomy":"post_tag","embeddable":true,"href":"https:\/\/www.africa-press.net\/niger\/wp-json\/wp\/v2\/tags?post=60627"}],"curies":[{"name":"wp","href":"https:\/\/api.w.org\/{rel}","templated":true}]}}