{"id":60647,"date":"2024-03-27T18:44:16","date_gmt":"2024-03-27T18:44:16","guid":{"rendered":"https:\/\/www.africa-press.net\/niger\/politique\/niamey-une-delegation-de-la-bceao-et-lumoa-recue-par-le-premier-ministre-de-la-transition"},"modified":"2024-03-27T19:29:31","modified_gmt":"2024-03-27T19:29:31","slug":"niamey-une-delegation-de-la-bceao-et-lumoa-recue-par-le-premier-ministre-de-la-transition","status":"publish","type":"post","link":"https:\/\/www.africa-press.net\/niger\/politique\/niamey-une-delegation-de-la-bceao-et-lumoa-recue-par-le-premier-ministre-de-la-transition","title":{"rendered":"Niamey : Une d\u00e9l\u00e9gation de la BCEAO et l\u2019UMOA re\u00e7ue par le Premier Ministre de la transition"},"content":{"rendered":"<p><span style=\"color: #ff6600\"><strong>Africa-Press &#8211; Niger. <\/strong><\/span>Le Premier Ministre, Ministre des finances de la transition du Niger, Ali Mahaman Lamine Zeine a rec\u0327u, ce mardi 26 mars 2024 a\u0300 son cabinet, une de\u0301le\u0301gation de la Banque Centrale des Etats de l\u2019Afrique de l\u2019Ouest (BCEAO) et de l\u2019Union Mone\u0301taire Ouest Africaine (UMOA), conduite par M. Djibril Diaw, directeur des ope\u0301rations de marche\u0301 au bureau central de Dakar.<\/p>\n<p>Cette de\u0301le\u0301gation se\u0301journe au Niger dans le cadre de l\u2019e\u0301valuation de la dette de marche\u0301 dans le pays. Aucune de\u0301claration n\u2019a e\u0301te\u0301 faite a\u0300 la presse a\u0300 l\u2019issue de cette audience.<\/p>\n<p>Rappelons qu\u2019a\u0300 la suite du coup d\u2019Etat du 26 juillet 2023, la CEDEAO et l\u2019UEMOA ont impose\u0301 au Niger des sanctions parmi lesquelles le gel des avoirs du pays, la suspension de toute transaction e\u0301conomique et commerciale entre les Etats membres et le Niger, et la fermeture de leurs frontie\u0300res.<\/p>\n<p><strong>Pour plus d&rsquo;informations et d&rsquo;analyses sur la <a href=\"https:\/\/www.africa-press.net\/niger\">Niger<\/a>, suivez <a href=\"https:\/\/www.africa-press.net\/\">Africa-Press<\/a><\/strong><\/p>\n","protected":false},"excerpt":{"rendered":"<p>Africa-Press &#8211; Niger. Le Premier Ministre, Ministre des finances de la transition du Niger, Ali Mahaman Lamine Zeine a rec\u0327u, ce mardi 26 mars 2024 a\u0300 son cabinet, une de\u0301le\u0301gation de la Banque Centrale des Etats de l\u2019Afrique de l\u2019Ouest (BCEAO) et de l\u2019Union Mone\u0301taire Ouest Africaine (UMOA), conduite par M. Djibril Diaw, directeur des [&hellip;]<\/p>\n","protected":false},"author":82,"featured_media":60646,"comment_status":"open","ping_status":"closed","sticky":false,"template":"","format":"standard","meta":{"footnotes":""},"categories":[2,20,10],"tags":[55,60,29],"class_list":["post-60647","post","type-post","status-publish","format-standard","has-post-thumbnail","hentry","category-politique","category-top-nouvelles","category-toutes-les-actualites","tag-africa-press","tag-africa-press-niger","tag-niger"],"yoast_head":"<!-- This site is optimized with the Yoast SEO Premium plugin v26.1 (Yoast SEO v27.0) - https:\/\/yoast.com\/product\/yoast-seo-premium-wordpress\/ -->\n<title>Niamey : Une d\u00e9l\u00e9gation de la BCEAO et l\u2019UMOA re\u00e7ue par le Premier Ministre de la transition - niger<\/title>\n<meta name=\"description\" content=\"Le Premier Ministre, Ministre des finances de la transition du Niger, Ali Mahaman Lamine Zeine a rec\u0327u, ce mardi 26 mars ...\" \/>\n<meta name=\"robots\" content=\"index, follow, max-snippet:-1, max-image-preview:large, max-video-preview:-1\" \/>\n<link rel=\"canonical\" href=\"https:\/\/www.africa-press.net\/niger\/politique\/niamey-une-delegation-de-la-bceao-et-lumoa-recue-par-le-premier-ministre-de-la-transition\" \/>\n<meta property=\"og:locale\" content=\"fr_FR\" \/>\n<meta property=\"og:type\" content=\"article\" \/>\n<meta property=\"og:title\" content=\"Niamey : Une d\u00e9l\u00e9gation de la BCEAO et l\u2019UMOA re\u00e7ue par le Premier Ministre de la transition\" \/>\n<meta property=\"og:description\" content=\"Le Premier Ministre, Ministre des finances de la transition du Niger, Ali Mahaman Lamine Zeine a rec\u0327u, ce mardi 26 mars ...\" \/>\n<meta property=\"og:url\" content=\"https:\/\/www.africa-press.net\/niger\/politique\/niamey-une-delegation-de-la-bceao-et-lumoa-recue-par-le-premier-ministre-de-la-transition\" \/>\n<meta property=\"og:site_name\" content=\"niger\" \/>\n<meta property=\"article:published_time\" content=\"2024-03-27T18:44:16+00:00\" \/>\n<meta property=\"article:modified_time\" content=\"2024-03-27T19:29:31+00:00\" \/>\n<meta property=\"og:image\" content=\"https:\/\/static.africa-press.net\/niger\/sites\/40\/2024\/03\/sm_1711554780.228001.jpg\" \/>\n\t<meta property=\"og:image:width\" content=\"1728\" \/>\n\t<meta property=\"og:image:height\" content=\"1153\" \/>\n\t<meta property=\"og:image:type\" content=\"image\/jpeg\" \/>\n<meta name=\"author\" content=\"cfeditorfr\" \/>\n<meta name=\"twitter:card\" content=\"summary_large_image\" \/>\n<meta name=\"twitter:label1\" content=\"\u00c9crit par\" \/>\n\t<meta name=\"twitter:data1\" content=\"cfeditorfr\" \/>\n\t<meta name=\"twitter:label2\" content=\"Dur\u00e9e de lecture estim\u00e9e\" \/>\n\t<meta name=\"twitter:data2\" content=\"1 minute\" \/>\n<script type=\"application\/ld+json\" class=\"yoast-schema-graph\">{\"@context\":\"https:\/\/schema.org\",\"@graph\":[{\"@type\":\"Article\",\"@id\":\"https:\/\/www.africa-press.net\/niger\/politique\/niamey-une-delegation-de-la-bceao-et-lumoa-recue-par-le-premier-ministre-de-la-transition#article\",\"isPartOf\":{\"@id\":\"https:\/\/www.africa-press.net\/niger\/politique\/niamey-une-delegation-de-la-bceao-et-lumoa-recue-par-le-premier-ministre-de-la-transition\"},\"author\":{\"name\":\"cfeditorfr\",\"@id\":\"https:\/\/www.africa-press.net\/niger\/#\/schema\/person\/2b1cf3cd81a31e3cd26889ca66d677f1\"},\"headline\":\"Niamey : Une d\u00e9l\u00e9gation de la BCEAO et l\u2019UMOA re\u00e7ue par le Premier Ministre de la transition\",\"datePublished\":\"2024-03-27T18:44:16+00:00\",\"dateModified\":\"2024-03-27T19:29:31+00:00\",\"mainEntityOfPage\":{\"@id\":\"https:\/\/www.africa-press.net\/niger\/politique\/niamey-une-delegation-de-la-bceao-et-lumoa-recue-par-le-premier-ministre-de-la-transition\"},\"wordCount\":194,\"commentCount\":0,\"image\":{\"@id\":\"https:\/\/www.africa-press.net\/niger\/politique\/niamey-une-delegation-de-la-bceao-et-lumoa-recue-par-le-premier-ministre-de-la-transition#primaryimage\"},\"thumbnailUrl\":\"https:\/\/static.africa-press.net\/niger\/sites\/40\/2024\/03\/sm_1711554780.228001.jpg\",\"keywords\":[\"Africa Press\",\"Africa Press-Niger\",\"Niger\"],\"articleSection\":[\"Politique\",\"Top Nouvelles\",\"Toutes les actualit\u00e9s\"],\"inLanguage\":\"fr-FR\",\"potentialAction\":[{\"@type\":\"CommentAction\",\"name\":\"Comment\",\"target\":[\"https:\/\/www.africa-press.net\/niger\/politique\/niamey-une-delegation-de-la-bceao-et-lumoa-recue-par-le-premier-ministre-de-la-transition#respond\"]}]},{\"@type\":\"WebPage\",\"@id\":\"https:\/\/www.africa-press.net\/niger\/politique\/niamey-une-delegation-de-la-bceao-et-lumoa-recue-par-le-premier-ministre-de-la-transition\",\"url\":\"https:\/\/www.africa-press.net\/niger\/politique\/niamey-une-delegation-de-la-bceao-et-lumoa-recue-par-le-premier-ministre-de-la-transition\",\"name\":\"Niamey : Une d\u00e9l\u00e9gation de la BCEAO et l\u2019UMOA re\u00e7ue par le Premier Ministre de la transition - niger\",\"isPartOf\":{\"@id\":\"https:\/\/www.africa-press.net\/niger\/#website\"},\"primaryImageOfPage\":{\"@id\":\"https:\/\/www.africa-press.net\/niger\/politique\/niamey-une-delegation-de-la-bceao-et-lumoa-recue-par-le-premier-ministre-de-la-transition#primaryimage\"},\"image\":{\"@id\":\"https:\/\/www.africa-press.net\/niger\/politique\/niamey-une-delegation-de-la-bceao-et-lumoa-recue-par-le-premier-ministre-de-la-transition#primaryimage\"},\"thumbnailUrl\":\"https:\/\/static.africa-press.net\/niger\/sites\/40\/2024\/03\/sm_1711554780.228001.jpg\",\"datePublished\":\"2024-03-27T18:44:16+00:00\",\"dateModified\":\"2024-03-27T19:29:31+00:00\",\"author\":{\"@id\":\"https:\/\/www.africa-press.net\/niger\/#\/schema\/person\/2b1cf3cd81a31e3cd26889ca66d677f1\"},\"description\":\"Le Premier Ministre, Ministre des finances de la transition du Niger, Ali Mahaman Lamine Zeine a rec\u0327u, ce mardi 26 mars ...\",\"breadcrumb\":{\"@id\":\"https:\/\/www.africa-press.net\/niger\/politique\/niamey-une-delegation-de-la-bceao-et-lumoa-recue-par-le-premier-ministre-de-la-transition#breadcrumb\"},\"inLanguage\":\"fr-FR\",\"potentialAction\":[{\"@type\":\"ReadAction\",\"target\":[\"https:\/\/www.africa-press.net\/niger\/politique\/niamey-une-delegation-de-la-bceao-et-lumoa-recue-par-le-premier-ministre-de-la-transition\"]}]},{\"@type\":\"ImageObject\",\"inLanguage\":\"fr-FR\",\"@id\":\"https:\/\/www.africa-press.net\/niger\/politique\/niamey-une-delegation-de-la-bceao-et-lumoa-recue-par-le-premier-ministre-de-la-transition#primaryimage\",\"url\":\"https:\/\/static.africa-press.net\/niger\/sites\/40\/2024\/03\/sm_1711554780.228001.jpg\",\"contentUrl\":\"https:\/\/static.africa-press.net\/niger\/sites\/40\/2024\/03\/sm_1711554780.228001.jpg\",\"width\":1728,\"height\":1153,\"caption\":\"Niamey : Une d\u00e9l\u00e9gation de la BCEAO et l\u2019UMOA re\u00e7ue par le Premier Ministre de la transition\"},{\"@type\":\"BreadcrumbList\",\"@id\":\"https:\/\/www.africa-press.net\/niger\/politique\/niamey-une-delegation-de-la-bceao-et-lumoa-recue-par-le-premier-ministre-de-la-transition#breadcrumb\",\"itemListElement\":[{\"@type\":\"ListItem\",\"position\":1,\"name\":\"Accueil\",\"item\":\"https:\/\/www.africa-press.net\/niger\/\"},{\"@type\":\"ListItem\",\"position\":2,\"name\":\"Niamey : Une d\u00e9l\u00e9gation de la BCEAO et l\u2019UMOA re\u00e7ue par le Premier Ministre de la transition\"}]},{\"@type\":\"WebSite\",\"@id\":\"https:\/\/www.africa-press.net\/niger\/#website\",\"url\":\"https:\/\/www.africa-press.net\/niger\/\",\"name\":\"niger\",\"description\":\"Just another Africa News Agency Sites site\",\"potentialAction\":[{\"@type\":\"SearchAction\",\"target\":{\"@type\":\"EntryPoint\",\"urlTemplate\":\"https:\/\/www.africa-press.net\/niger\/?s={search_term_string}\"},\"query-input\":{\"@type\":\"PropertyValueSpecification\",\"valueRequired\":true,\"valueName\":\"search_term_string\"}}],\"inLanguage\":\"fr-FR\"},{\"@type\":\"Person\",\"@id\":\"https:\/\/www.africa-press.net\/niger\/#\/schema\/person\/2b1cf3cd81a31e3cd26889ca66d677f1\",\"name\":\"cfeditorfr\"}]}<\/script>\n<!-- \/ Yoast SEO Premium plugin. -->","yoast_head_json":{"title":"Niamey : Une d\u00e9l\u00e9gation de la BCEAO et l\u2019UMOA re\u00e7ue par le Premier Ministre de la transition - niger","description":"Le Premier Ministre, Ministre des finances de la transition du Niger, Ali Mahaman Lamine Zeine a rec\u0327u, ce mardi 26 mars ...","robots":{"index":"index","follow":"follow","max-snippet":"max-snippet:-1","max-image-preview":"max-image-preview:large","max-video-preview":"max-video-preview:-1"},"canonical":"https:\/\/www.africa-press.net\/niger\/politique\/niamey-une-delegation-de-la-bceao-et-lumoa-recue-par-le-premier-ministre-de-la-transition","og_locale":"fr_FR","og_type":"article","og_title":"Niamey : Une d\u00e9l\u00e9gation de la BCEAO et l\u2019UMOA re\u00e7ue par le Premier Ministre de la transition","og_description":"Le Premier Ministre, Ministre des finances de la transition du Niger, Ali Mahaman Lamine Zeine a rec\u0327u, ce mardi 26 mars ...","og_url":"https:\/\/www.africa-press.net\/niger\/politique\/niamey-une-delegation-de-la-bceao-et-lumoa-recue-par-le-premier-ministre-de-la-transition","og_site_name":"niger","article_published_time":"2024-03-27T18:44:16+00:00","article_modified_time":"2024-03-27T19:29:31+00:00","og_image":[{"width":1728,"height":1153,"url":"https:\/\/static.africa-press.net\/niger\/sites\/40\/2024\/03\/sm_1711554780.228001.jpg","type":"image\/jpeg"}],"author":"cfeditorfr","twitter_card":"summary_large_image","twitter_misc":{"\u00c9crit par":"cfeditorfr","Dur\u00e9e de lecture estim\u00e9e":"1 minute"},"schema":{"@context":"https:\/\/schema.org","@graph":[{"@type":"Article","@id":"https:\/\/www.africa-press.net\/niger\/politique\/niamey-une-delegation-de-la-bceao-et-lumoa-recue-par-le-premier-ministre-de-la-transition#article","isPartOf":{"@id":"https:\/\/www.africa-press.net\/niger\/politique\/niamey-une-delegation-de-la-bceao-et-lumoa-recue-par-le-premier-ministre-de-la-transition"},"author":{"name":"cfeditorfr","@id":"https:\/\/www.africa-press.net\/niger\/#\/schema\/person\/2b1cf3cd81a31e3cd26889ca66d677f1"},"headline":"Niamey : Une d\u00e9l\u00e9gation de la BCEAO et l\u2019UMOA re\u00e7ue par le Premier Ministre de la transition","datePublished":"2024-03-27T18:44:16+00:00","dateModified":"2024-03-27T19:29:31+00:00","mainEntityOfPage":{"@id":"https:\/\/www.africa-press.net\/niger\/politique\/niamey-une-delegation-de-la-bceao-et-lumoa-recue-par-le-premier-ministre-de-la-transition"},"wordCount":194,"commentCount":0,"image":{"@id":"https:\/\/www.africa-press.net\/niger\/politique\/niamey-une-delegation-de-la-bceao-et-lumoa-recue-par-le-premier-ministre-de-la-transition#primaryimage"},"thumbnailUrl":"https:\/\/static.africa-press.net\/niger\/sites\/40\/2024\/03\/sm_1711554780.228001.jpg","keywords":["Africa Press","Africa Press-Niger","Niger"],"articleSection":["Politique","Top Nouvelles","Toutes les actualit\u00e9s"],"inLanguage":"fr-FR","potentialAction":[{"@type":"CommentAction","name":"Comment","target":["https:\/\/www.africa-press.net\/niger\/politique\/niamey-une-delegation-de-la-bceao-et-lumoa-recue-par-le-premier-ministre-de-la-transition#respond"]}]},{"@type":"WebPage","@id":"https:\/\/www.africa-press.net\/niger\/politique\/niamey-une-delegation-de-la-bceao-et-lumoa-recue-par-le-premier-ministre-de-la-transition","url":"https:\/\/www.africa-press.net\/niger\/politique\/niamey-une-delegation-de-la-bceao-et-lumoa-recue-par-le-premier-ministre-de-la-transition","name":"Niamey : Une d\u00e9l\u00e9gation de la BCEAO et l\u2019UMOA re\u00e7ue par le Premier Ministre de la transition - niger","isPartOf":{"@id":"https:\/\/www.africa-press.net\/niger\/#website"},"primaryImageOfPage":{"@id":"https:\/\/www.africa-press.net\/niger\/politique\/niamey-une-delegation-de-la-bceao-et-lumoa-recue-par-le-premier-ministre-de-la-transition#primaryimage"},"image":{"@id":"https:\/\/www.africa-press.net\/niger\/politique\/niamey-une-delegation-de-la-bceao-et-lumoa-recue-par-le-premier-ministre-de-la-transition#primaryimage"},"thumbnailUrl":"https:\/\/static.africa-press.net\/niger\/sites\/40\/2024\/03\/sm_1711554780.228001.jpg","datePublished":"2024-03-27T18:44:16+00:00","dateModified":"2024-03-27T19:29:31+00:00","author":{"@id":"https:\/\/www.africa-press.net\/niger\/#\/schema\/person\/2b1cf3cd81a31e3cd26889ca66d677f1"},"description":"Le Premier Ministre, Ministre des finances de la transition du Niger, Ali Mahaman Lamine Zeine a rec\u0327u, ce mardi 26 mars ...","breadcrumb":{"@id":"https:\/\/www.africa-press.net\/niger\/politique\/niamey-une-delegation-de-la-bceao-et-lumoa-recue-par-le-premier-ministre-de-la-transition#breadcrumb"},"inLanguage":"fr-FR","potentialAction":[{"@type":"ReadAction","target":["https:\/\/www.africa-press.net\/niger\/politique\/niamey-une-delegation-de-la-bceao-et-lumoa-recue-par-le-premier-ministre-de-la-transition"]}]},{"@type":"ImageObject","inLanguage":"fr-FR","@id":"https:\/\/www.africa-press.net\/niger\/politique\/niamey-une-delegation-de-la-bceao-et-lumoa-recue-par-le-premier-ministre-de-la-transition#primaryimage","url":"https:\/\/static.africa-press.net\/niger\/sites\/40\/2024\/03\/sm_1711554780.228001.jpg","contentUrl":"https:\/\/static.africa-press.net\/niger\/sites\/40\/2024\/03\/sm_1711554780.228001.jpg","width":1728,"height":1153,"caption":"Niamey : Une d\u00e9l\u00e9gation de la BCEAO et l\u2019UMOA re\u00e7ue par le Premier Ministre de la transition"},{"@type":"BreadcrumbList","@id":"https:\/\/www.africa-press.net\/niger\/politique\/niamey-une-delegation-de-la-bceao-et-lumoa-recue-par-le-premier-ministre-de-la-transition#breadcrumb","itemListElement":[{"@type":"ListItem","position":1,"name":"Accueil","item":"https:\/\/www.africa-press.net\/niger\/"},{"@type":"ListItem","position":2,"name":"Niamey : Une d\u00e9l\u00e9gation de la BCEAO et l\u2019UMOA re\u00e7ue par le Premier Ministre de la transition"}]},{"@type":"WebSite","@id":"https:\/\/www.africa-press.net\/niger\/#website","url":"https:\/\/www.africa-press.net\/niger\/","name":"niger","description":"Just another Africa News Agency Sites site","potentialAction":[{"@type":"SearchAction","target":{"@type":"EntryPoint","urlTemplate":"https:\/\/www.africa-press.net\/niger\/?s={search_term_string}"},"query-input":{"@type":"PropertyValueSpecification","valueRequired":true,"valueName":"search_term_string"}}],"inLanguage":"fr-FR"},{"@type":"Person","@id":"https:\/\/www.africa-press.net\/niger\/#\/schema\/person\/2b1cf3cd81a31e3cd26889ca66d677f1","name":"cfeditorfr"}]}},"_links":{"self":[{"href":"https:\/\/www.africa-press.net\/niger\/wp-json\/wp\/v2\/posts\/60647","targetHints":{"allow":["GET"]}}],"collection":[{"href":"https:\/\/www.africa-press.net\/niger\/wp-json\/wp\/v2\/posts"}],"about":[{"href":"https:\/\/www.africa-press.net\/niger\/wp-json\/wp\/v2\/types\/post"}],"author":[{"embeddable":true,"href":"https:\/\/www.africa-press.net\/niger\/wp-json\/wp\/v2\/users\/82"}],"replies":[{"embeddable":true,"href":"https:\/\/www.africa-press.net\/niger\/wp-json\/wp\/v2\/comments?post=60647"}],"version-history":[{"count":0,"href":"https:\/\/www.africa-press.net\/niger\/wp-json\/wp\/v2\/posts\/60647\/revisions"}],"wp:featuredmedia":[{"embeddable":true,"href":"https:\/\/www.africa-press.net\/niger\/wp-json\/wp\/v2\/media\/60646"}],"wp:attachment":[{"href":"https:\/\/www.africa-press.net\/niger\/wp-json\/wp\/v2\/media?parent=60647"}],"wp:term":[{"taxonomy":"category","embeddable":true,"href":"https:\/\/www.africa-press.net\/niger\/wp-json\/wp\/v2\/categories?post=60647"},{"taxonomy":"post_tag","embeddable":true,"href":"https:\/\/www.africa-press.net\/niger\/wp-json\/wp\/v2\/tags?post=60647"}],"curies":[{"name":"wp","href":"https:\/\/api.w.org\/{rel}","templated":true}]}}