{"id":60649,"date":"2024-03-27T18:44:42","date_gmt":"2024-03-27T18:44:42","guid":{"rendered":"https:\/\/www.africa-press.net\/niger\/politique\/diffa-20-000-tonnes-de-cereales-seront-vendues-a-prix-modere-de-mars-a-septembre"},"modified":"2024-03-27T19:30:10","modified_gmt":"2024-03-27T19:30:10","slug":"diffa-20-000-tonnes-de-cereales-seront-vendues-a-prix-modere-de-mars-a-septembre","status":"publish","type":"post","link":"https:\/\/www.africa-press.net\/niger\/economie\/diffa-20-000-tonnes-de-cereales-seront-vendues-a-prix-modere-de-mars-a-septembre","title":{"rendered":"Diffa : 20 000 tonnes de c\u00e9r\u00e9ales seront vendues \u00e0 prix mod\u00e9r\u00e9 de Mars \u00e0 Septembre"},"content":{"rendered":"<p><span style=\"color: #ff6600\"><strong>Africa-Press &#8211; Niger. <\/strong><\/span>Quelque 20 000 tonnes de ce\u0301re\u0301ales seront vendues a\u0300 prix mode\u0301re\u0301s pour toucher environ 200 000 me\u0301nages soit 1 400 000 personnes par mois dans la ville de Diffa.<\/p>\n<p>Le Gouverneur de la re\u0301gion, Ge\u0301ne\u0301ral Mahamadou Ibrahim Bagadoma a fait cette annonce, lors de la ce\u0301re\u0301monie de lancement des ope\u0301rations de vente des ce\u0301re\u0301ales et du sucre a\u0300 prix mode\u0301re\u0301s ce mardi 26 Mars 2024 dans l\u2019enceinte de l\u2019Office national des produits vivriers du Niger ( OPVN) Diffa.<\/p>\n<p>Cette ope\u0301ration entre dans le cadre de la mise en \u0153uvre du Plan National de Re\u0301ponse (PNR) 2024, que la Cellule Crises Alimentaires (CCA) a planifie\u0301 de mettre en \u0153uvre une ope\u0301ration de vente de ce\u0301re\u0301ales a\u0300 prix mode\u0301re\u0301 (VCPM) pour soutenir les populations vulne\u0301rables au cours de l\u2019anne\u0301e 2024.<\/p>\n<p>L\u2019objectif ge\u0301ne\u0301ral de la VCPM est de permettre aux me\u0301nages en inse\u0301curite\u0301 alimentaire mode\u0301re\u0301e d\u2019acce\u0301der plus facilement aux ce\u0301re\u0301ales et a\u0300 prote\u0301ger leurs moyens d\u2019existence.<\/p>\n<p>A cet effet, une planification globale de vente de 120 000 tonnes de ce\u0301re\u0301ales a e\u0301te\u0301 faite au profit des populations vulne\u0301rables en 7 phases de VCPM de mars a\u0300 septembre 2024.<\/p>\n<p>Pour la Re\u0301gion de Diffa, indique le ge\u0301ne\u0301ral Bagadoma, la 1e\u0300re Phase 2024 (mois de mars) de l\u2019ope\u0301ration va concerner \u2018\u20197 communes de la re\u0301gion pour 500 tonnes toutes ce\u0301re\u0301ales confondues soit 5.000 me\u0301nages pour 35 000 personnes be\u0301ne\u0301ficiaires\u2019\u2019.<\/p>\n<p>A cet effet, explique le Gouverneur de Diffa, les modalite\u0301s pratiques sont: La vente en de\u0301tail avec l\u2019unite\u0301 de mesure locale (Tiya) et s\u2019e\u0301tale dans le temps afin de favoriser une re\u0301gulation des prix sur les marche\u0301s ; Le prix de vente est e\u0301tabli a\u0300 13.000 FCFA le sac de ce\u0301re\u0301ales de 100 kg (mil, sorgho, mai\u0308s) et La vente se fait au comptant\u2019\u2019.<\/p>\n<p>Pour la mise en \u0153uvre de cette ope\u0301ration, un comite\u0301 de Vente est mis en place a\u0300 travers un acte administratif du Pre\u0301fet.<\/p>\n<p>Ce comite\u0301 est compose\u0301 d\u2019un repre\u0301sentant des services techniques communaux (de pre\u0301fe\u0301rence le magasinier de l\u2019OPVN dans les localite\u0301s ou\u0300 il en existe) ; Un repre\u0301sentant de la mairie et un repre\u0301sentant de la chefferie traditionnelle.<\/p>\n<p>A noter aussi que la vente du sucre spe\u0301cial Ramadan, intervient concomitamment a\u0300 cette 1e\u0300re phase de Vente.<\/p>\n<p>Il s\u2019agit ici, selon le Gouverneur Ibrahim Bagadoma, de venir en appui aux vulne\u0301rables pour \u2018\u2019soulager les de\u0301penses relatives a\u0300 l\u2019observance du mois be\u0301ni du ramadan a\u0300 travers la vente de 50 kg de sucre a\u0300 17 500 F CFA dans toute l\u2019e\u0301tendue du territoire\u2019\u2019.<\/p>\n<p>Pour la re\u0301gion de Diffa, rassure le premier responsable de la re\u0301gion, \u2018\u2019toutes les douze (12) communes sont concerne\u0301es pour 140 tonnes\u2019\u2019.<\/p>\n<p>Enfin, le Gouverneur de la re\u0301gion, ge\u0301ne\u0301ral de brigade Mahamadou Ibrahim Bagadoma, a lance\u0301 un appel au sens de responsabilite\u0301 de tous les acteurs pour que ces ope\u0301rations se passent dans de bonnes conditions et, dit-il, \u2018\u2019j\u2019y veillerai par un suivi re\u0301gulier et permanent\u2019\u2019.<\/p>\n<p><strong>Pour plus d&rsquo;informations et d&rsquo;analyses sur la <a href=\"https:\/\/www.africa-press.net\/niger\">Niger<\/a>, suivez <a href=\"https:\/\/www.africa-press.net\/\">Africa-Press<\/a><\/strong><\/p>\n","protected":false},"excerpt":{"rendered":"<p>Africa-Press &#8211; Niger. Quelque 20 000 tonnes de ce\u0301re\u0301ales seront vendues a\u0300 prix mode\u0301re\u0301s pour toucher environ 200 000 me\u0301nages soit 1 400 000 personnes par mois dans la ville de Diffa. Le Gouverneur de la re\u0301gion, Ge\u0301ne\u0301ral Mahamadou Ibrahim Bagadoma a fait cette annonce, lors de la ce\u0301re\u0301monie de lancement des ope\u0301rations de vente [&hellip;]<\/p>\n","protected":false},"author":82,"featured_media":60648,"comment_status":"open","ping_status":"closed","sticky":false,"template":"","format":"standard","meta":{"footnotes":""},"categories":[3,10],"tags":[55,60,29],"class_list":["post-60649","post","type-post","status-publish","format-standard","has-post-thumbnail","hentry","category-economie","category-toutes-les-actualites","tag-africa-press","tag-africa-press-niger","tag-niger"],"yoast_head":"<!-- This site is optimized with the Yoast SEO Premium plugin v26.1 (Yoast SEO v27.0) - https:\/\/yoast.com\/product\/yoast-seo-premium-wordpress\/ -->\n<title>Diffa : 20 000 tonnes de c\u00e9r\u00e9ales seront vendues \u00e0 prix mod\u00e9r\u00e9 de Mars \u00e0 Septembre - niger<\/title>\n<meta name=\"description\" content=\"Quelque 20 000 tonnes de ce\u0301re\u0301ales seront vendues a\u0300 prix mode\u0301re\u0301s pour toucher environ 200 000 me\u0301nages soit 1 400 00 ...\" \/>\n<meta name=\"robots\" content=\"index, follow, max-snippet:-1, max-image-preview:large, max-video-preview:-1\" \/>\n<link rel=\"canonical\" href=\"https:\/\/www.africa-press.net\/niger\/economie\/diffa-20-000-tonnes-de-cereales-seront-vendues-a-prix-modere-de-mars-a-septembre\" \/>\n<meta property=\"og:locale\" content=\"fr_FR\" \/>\n<meta property=\"og:type\" content=\"article\" \/>\n<meta property=\"og:title\" content=\"Diffa : 20 000 tonnes de c\u00e9r\u00e9ales seront vendues \u00e0 prix mod\u00e9r\u00e9 de Mars \u00e0 Septembre\" \/>\n<meta property=\"og:description\" content=\"Quelque 20 000 tonnes de ce\u0301re\u0301ales seront vendues a\u0300 prix mode\u0301re\u0301s pour toucher environ 200 000 me\u0301nages soit 1 400 00 ...\" \/>\n<meta property=\"og:url\" content=\"https:\/\/www.africa-press.net\/niger\/economie\/diffa-20-000-tonnes-de-cereales-seront-vendues-a-prix-modere-de-mars-a-septembre\" \/>\n<meta property=\"og:site_name\" content=\"niger\" \/>\n<meta property=\"article:published_time\" content=\"2024-03-27T18:44:42+00:00\" \/>\n<meta property=\"article:modified_time\" content=\"2024-03-27T19:30:10+00:00\" \/>\n<meta property=\"og:image\" content=\"https:\/\/static.africa-press.net\/niger\/sites\/40\/2024\/03\/sm_1711554833.777817.jpg\" \/>\n\t<meta property=\"og:image:width\" content=\"960\" \/>\n\t<meta property=\"og:image:height\" content=\"640\" \/>\n\t<meta property=\"og:image:type\" content=\"image\/jpeg\" \/>\n<meta name=\"author\" content=\"cfeditorfr\" \/>\n<meta name=\"twitter:card\" content=\"summary_large_image\" \/>\n<meta name=\"twitter:label1\" content=\"\u00c9crit par\" \/>\n\t<meta name=\"twitter:data1\" content=\"cfeditorfr\" \/>\n\t<meta name=\"twitter:label2\" content=\"Dur\u00e9e de lecture estim\u00e9e\" \/>\n\t<meta name=\"twitter:data2\" content=\"3 minutes\" \/>\n<script type=\"application\/ld+json\" class=\"yoast-schema-graph\">{\"@context\":\"https:\/\/schema.org\",\"@graph\":[{\"@type\":\"Article\",\"@id\":\"https:\/\/www.africa-press.net\/niger\/economie\/diffa-20-000-tonnes-de-cereales-seront-vendues-a-prix-modere-de-mars-a-septembre#article\",\"isPartOf\":{\"@id\":\"https:\/\/www.africa-press.net\/niger\/economie\/diffa-20-000-tonnes-de-cereales-seront-vendues-a-prix-modere-de-mars-a-septembre\"},\"author\":{\"name\":\"cfeditorfr\",\"@id\":\"https:\/\/www.africa-press.net\/niger\/#\/schema\/person\/2b1cf3cd81a31e3cd26889ca66d677f1\"},\"headline\":\"Diffa : 20 000 tonnes de c\u00e9r\u00e9ales seront vendues \u00e0 prix mod\u00e9r\u00e9 de Mars \u00e0 Septembre\",\"datePublished\":\"2024-03-27T18:44:42+00:00\",\"dateModified\":\"2024-03-27T19:30:10+00:00\",\"mainEntityOfPage\":{\"@id\":\"https:\/\/www.africa-press.net\/niger\/economie\/diffa-20-000-tonnes-de-cereales-seront-vendues-a-prix-modere-de-mars-a-septembre\"},\"wordCount\":568,\"commentCount\":0,\"image\":{\"@id\":\"https:\/\/www.africa-press.net\/niger\/economie\/diffa-20-000-tonnes-de-cereales-seront-vendues-a-prix-modere-de-mars-a-septembre#primaryimage\"},\"thumbnailUrl\":\"https:\/\/static.africa-press.net\/niger\/sites\/40\/2024\/03\/sm_1711554833.777817.jpg\",\"keywords\":[\"Africa Press\",\"Africa Press-Niger\",\"Niger\"],\"articleSection\":[\"\u00c9conomie\",\"Toutes les actualit\u00e9s\"],\"inLanguage\":\"fr-FR\",\"potentialAction\":[{\"@type\":\"CommentAction\",\"name\":\"Comment\",\"target\":[\"https:\/\/www.africa-press.net\/niger\/economie\/diffa-20-000-tonnes-de-cereales-seront-vendues-a-prix-modere-de-mars-a-septembre#respond\"]}]},{\"@type\":\"WebPage\",\"@id\":\"https:\/\/www.africa-press.net\/niger\/economie\/diffa-20-000-tonnes-de-cereales-seront-vendues-a-prix-modere-de-mars-a-septembre\",\"url\":\"https:\/\/www.africa-press.net\/niger\/economie\/diffa-20-000-tonnes-de-cereales-seront-vendues-a-prix-modere-de-mars-a-septembre\",\"name\":\"Diffa : 20 000 tonnes de c\u00e9r\u00e9ales seront vendues \u00e0 prix mod\u00e9r\u00e9 de Mars \u00e0 Septembre - niger\",\"isPartOf\":{\"@id\":\"https:\/\/www.africa-press.net\/niger\/#website\"},\"primaryImageOfPage\":{\"@id\":\"https:\/\/www.africa-press.net\/niger\/economie\/diffa-20-000-tonnes-de-cereales-seront-vendues-a-prix-modere-de-mars-a-septembre#primaryimage\"},\"image\":{\"@id\":\"https:\/\/www.africa-press.net\/niger\/economie\/diffa-20-000-tonnes-de-cereales-seront-vendues-a-prix-modere-de-mars-a-septembre#primaryimage\"},\"thumbnailUrl\":\"https:\/\/static.africa-press.net\/niger\/sites\/40\/2024\/03\/sm_1711554833.777817.jpg\",\"datePublished\":\"2024-03-27T18:44:42+00:00\",\"dateModified\":\"2024-03-27T19:30:10+00:00\",\"author\":{\"@id\":\"https:\/\/www.africa-press.net\/niger\/#\/schema\/person\/2b1cf3cd81a31e3cd26889ca66d677f1\"},\"description\":\"Quelque 20 000 tonnes de ce\u0301re\u0301ales seront vendues a\u0300 prix mode\u0301re\u0301s pour toucher environ 200 000 me\u0301nages soit 1 400 00 ...\",\"breadcrumb\":{\"@id\":\"https:\/\/www.africa-press.net\/niger\/economie\/diffa-20-000-tonnes-de-cereales-seront-vendues-a-prix-modere-de-mars-a-septembre#breadcrumb\"},\"inLanguage\":\"fr-FR\",\"potentialAction\":[{\"@type\":\"ReadAction\",\"target\":[\"https:\/\/www.africa-press.net\/niger\/economie\/diffa-20-000-tonnes-de-cereales-seront-vendues-a-prix-modere-de-mars-a-septembre\"]}]},{\"@type\":\"ImageObject\",\"inLanguage\":\"fr-FR\",\"@id\":\"https:\/\/www.africa-press.net\/niger\/economie\/diffa-20-000-tonnes-de-cereales-seront-vendues-a-prix-modere-de-mars-a-septembre#primaryimage\",\"url\":\"https:\/\/static.africa-press.net\/niger\/sites\/40\/2024\/03\/sm_1711554833.777817.jpg\",\"contentUrl\":\"https:\/\/static.africa-press.net\/niger\/sites\/40\/2024\/03\/sm_1711554833.777817.jpg\",\"width\":960,\"height\":640,\"caption\":\"Diffa : 20 000 tonnes de c\u00e9r\u00e9ales seront vendues \u00e0 prix mod\u00e9r\u00e9 de Mars \u00e0 Septembre\"},{\"@type\":\"BreadcrumbList\",\"@id\":\"https:\/\/www.africa-press.net\/niger\/economie\/diffa-20-000-tonnes-de-cereales-seront-vendues-a-prix-modere-de-mars-a-septembre#breadcrumb\",\"itemListElement\":[{\"@type\":\"ListItem\",\"position\":1,\"name\":\"Accueil\",\"item\":\"https:\/\/www.africa-press.net\/niger\/\"},{\"@type\":\"ListItem\",\"position\":2,\"name\":\"Diffa : 20 000 tonnes de c\u00e9r\u00e9ales seront vendues \u00e0 prix mod\u00e9r\u00e9 de Mars \u00e0 Septembre\"}]},{\"@type\":\"WebSite\",\"@id\":\"https:\/\/www.africa-press.net\/niger\/#website\",\"url\":\"https:\/\/www.africa-press.net\/niger\/\",\"name\":\"niger\",\"description\":\"Just another Africa News Agency Sites site\",\"potentialAction\":[{\"@type\":\"SearchAction\",\"target\":{\"@type\":\"EntryPoint\",\"urlTemplate\":\"https:\/\/www.africa-press.net\/niger\/?s={search_term_string}\"},\"query-input\":{\"@type\":\"PropertyValueSpecification\",\"valueRequired\":true,\"valueName\":\"search_term_string\"}}],\"inLanguage\":\"fr-FR\"},{\"@type\":\"Person\",\"@id\":\"https:\/\/www.africa-press.net\/niger\/#\/schema\/person\/2b1cf3cd81a31e3cd26889ca66d677f1\",\"name\":\"cfeditorfr\"}]}<\/script>\n<!-- \/ Yoast SEO Premium plugin. -->","yoast_head_json":{"title":"Diffa : 20 000 tonnes de c\u00e9r\u00e9ales seront vendues \u00e0 prix mod\u00e9r\u00e9 de Mars \u00e0 Septembre - niger","description":"Quelque 20 000 tonnes de ce\u0301re\u0301ales seront vendues a\u0300 prix mode\u0301re\u0301s pour toucher environ 200 000 me\u0301nages soit 1 400 00 ...","robots":{"index":"index","follow":"follow","max-snippet":"max-snippet:-1","max-image-preview":"max-image-preview:large","max-video-preview":"max-video-preview:-1"},"canonical":"https:\/\/www.africa-press.net\/niger\/economie\/diffa-20-000-tonnes-de-cereales-seront-vendues-a-prix-modere-de-mars-a-septembre","og_locale":"fr_FR","og_type":"article","og_title":"Diffa : 20 000 tonnes de c\u00e9r\u00e9ales seront vendues \u00e0 prix mod\u00e9r\u00e9 de Mars \u00e0 Septembre","og_description":"Quelque 20 000 tonnes de ce\u0301re\u0301ales seront vendues a\u0300 prix mode\u0301re\u0301s pour toucher environ 200 000 me\u0301nages soit 1 400 00 ...","og_url":"https:\/\/www.africa-press.net\/niger\/economie\/diffa-20-000-tonnes-de-cereales-seront-vendues-a-prix-modere-de-mars-a-septembre","og_site_name":"niger","article_published_time":"2024-03-27T18:44:42+00:00","article_modified_time":"2024-03-27T19:30:10+00:00","og_image":[{"width":960,"height":640,"url":"https:\/\/static.africa-press.net\/niger\/sites\/40\/2024\/03\/sm_1711554833.777817.jpg","type":"image\/jpeg"}],"author":"cfeditorfr","twitter_card":"summary_large_image","twitter_misc":{"\u00c9crit par":"cfeditorfr","Dur\u00e9e de lecture estim\u00e9e":"3 minutes"},"schema":{"@context":"https:\/\/schema.org","@graph":[{"@type":"Article","@id":"https:\/\/www.africa-press.net\/niger\/economie\/diffa-20-000-tonnes-de-cereales-seront-vendues-a-prix-modere-de-mars-a-septembre#article","isPartOf":{"@id":"https:\/\/www.africa-press.net\/niger\/economie\/diffa-20-000-tonnes-de-cereales-seront-vendues-a-prix-modere-de-mars-a-septembre"},"author":{"name":"cfeditorfr","@id":"https:\/\/www.africa-press.net\/niger\/#\/schema\/person\/2b1cf3cd81a31e3cd26889ca66d677f1"},"headline":"Diffa : 20 000 tonnes de c\u00e9r\u00e9ales seront vendues \u00e0 prix mod\u00e9r\u00e9 de Mars \u00e0 Septembre","datePublished":"2024-03-27T18:44:42+00:00","dateModified":"2024-03-27T19:30:10+00:00","mainEntityOfPage":{"@id":"https:\/\/www.africa-press.net\/niger\/economie\/diffa-20-000-tonnes-de-cereales-seront-vendues-a-prix-modere-de-mars-a-septembre"},"wordCount":568,"commentCount":0,"image":{"@id":"https:\/\/www.africa-press.net\/niger\/economie\/diffa-20-000-tonnes-de-cereales-seront-vendues-a-prix-modere-de-mars-a-septembre#primaryimage"},"thumbnailUrl":"https:\/\/static.africa-press.net\/niger\/sites\/40\/2024\/03\/sm_1711554833.777817.jpg","keywords":["Africa Press","Africa Press-Niger","Niger"],"articleSection":["\u00c9conomie","Toutes les actualit\u00e9s"],"inLanguage":"fr-FR","potentialAction":[{"@type":"CommentAction","name":"Comment","target":["https:\/\/www.africa-press.net\/niger\/economie\/diffa-20-000-tonnes-de-cereales-seront-vendues-a-prix-modere-de-mars-a-septembre#respond"]}]},{"@type":"WebPage","@id":"https:\/\/www.africa-press.net\/niger\/economie\/diffa-20-000-tonnes-de-cereales-seront-vendues-a-prix-modere-de-mars-a-septembre","url":"https:\/\/www.africa-press.net\/niger\/economie\/diffa-20-000-tonnes-de-cereales-seront-vendues-a-prix-modere-de-mars-a-septembre","name":"Diffa : 20 000 tonnes de c\u00e9r\u00e9ales seront vendues \u00e0 prix mod\u00e9r\u00e9 de Mars \u00e0 Septembre - niger","isPartOf":{"@id":"https:\/\/www.africa-press.net\/niger\/#website"},"primaryImageOfPage":{"@id":"https:\/\/www.africa-press.net\/niger\/economie\/diffa-20-000-tonnes-de-cereales-seront-vendues-a-prix-modere-de-mars-a-septembre#primaryimage"},"image":{"@id":"https:\/\/www.africa-press.net\/niger\/economie\/diffa-20-000-tonnes-de-cereales-seront-vendues-a-prix-modere-de-mars-a-septembre#primaryimage"},"thumbnailUrl":"https:\/\/static.africa-press.net\/niger\/sites\/40\/2024\/03\/sm_1711554833.777817.jpg","datePublished":"2024-03-27T18:44:42+00:00","dateModified":"2024-03-27T19:30:10+00:00","author":{"@id":"https:\/\/www.africa-press.net\/niger\/#\/schema\/person\/2b1cf3cd81a31e3cd26889ca66d677f1"},"description":"Quelque 20 000 tonnes de ce\u0301re\u0301ales seront vendues a\u0300 prix mode\u0301re\u0301s pour toucher environ 200 000 me\u0301nages soit 1 400 00 ...","breadcrumb":{"@id":"https:\/\/www.africa-press.net\/niger\/economie\/diffa-20-000-tonnes-de-cereales-seront-vendues-a-prix-modere-de-mars-a-septembre#breadcrumb"},"inLanguage":"fr-FR","potentialAction":[{"@type":"ReadAction","target":["https:\/\/www.africa-press.net\/niger\/economie\/diffa-20-000-tonnes-de-cereales-seront-vendues-a-prix-modere-de-mars-a-septembre"]}]},{"@type":"ImageObject","inLanguage":"fr-FR","@id":"https:\/\/www.africa-press.net\/niger\/economie\/diffa-20-000-tonnes-de-cereales-seront-vendues-a-prix-modere-de-mars-a-septembre#primaryimage","url":"https:\/\/static.africa-press.net\/niger\/sites\/40\/2024\/03\/sm_1711554833.777817.jpg","contentUrl":"https:\/\/static.africa-press.net\/niger\/sites\/40\/2024\/03\/sm_1711554833.777817.jpg","width":960,"height":640,"caption":"Diffa : 20 000 tonnes de c\u00e9r\u00e9ales seront vendues \u00e0 prix mod\u00e9r\u00e9 de Mars \u00e0 Septembre"},{"@type":"BreadcrumbList","@id":"https:\/\/www.africa-press.net\/niger\/economie\/diffa-20-000-tonnes-de-cereales-seront-vendues-a-prix-modere-de-mars-a-septembre#breadcrumb","itemListElement":[{"@type":"ListItem","position":1,"name":"Accueil","item":"https:\/\/www.africa-press.net\/niger\/"},{"@type":"ListItem","position":2,"name":"Diffa : 20 000 tonnes de c\u00e9r\u00e9ales seront vendues \u00e0 prix mod\u00e9r\u00e9 de Mars \u00e0 Septembre"}]},{"@type":"WebSite","@id":"https:\/\/www.africa-press.net\/niger\/#website","url":"https:\/\/www.africa-press.net\/niger\/","name":"niger","description":"Just another Africa News Agency Sites site","potentialAction":[{"@type":"SearchAction","target":{"@type":"EntryPoint","urlTemplate":"https:\/\/www.africa-press.net\/niger\/?s={search_term_string}"},"query-input":{"@type":"PropertyValueSpecification","valueRequired":true,"valueName":"search_term_string"}}],"inLanguage":"fr-FR"},{"@type":"Person","@id":"https:\/\/www.africa-press.net\/niger\/#\/schema\/person\/2b1cf3cd81a31e3cd26889ca66d677f1","name":"cfeditorfr"}]}},"_links":{"self":[{"href":"https:\/\/www.africa-press.net\/niger\/wp-json\/wp\/v2\/posts\/60649","targetHints":{"allow":["GET"]}}],"collection":[{"href":"https:\/\/www.africa-press.net\/niger\/wp-json\/wp\/v2\/posts"}],"about":[{"href":"https:\/\/www.africa-press.net\/niger\/wp-json\/wp\/v2\/types\/post"}],"author":[{"embeddable":true,"href":"https:\/\/www.africa-press.net\/niger\/wp-json\/wp\/v2\/users\/82"}],"replies":[{"embeddable":true,"href":"https:\/\/www.africa-press.net\/niger\/wp-json\/wp\/v2\/comments?post=60649"}],"version-history":[{"count":0,"href":"https:\/\/www.africa-press.net\/niger\/wp-json\/wp\/v2\/posts\/60649\/revisions"}],"wp:featuredmedia":[{"embeddable":true,"href":"https:\/\/www.africa-press.net\/niger\/wp-json\/wp\/v2\/media\/60648"}],"wp:attachment":[{"href":"https:\/\/www.africa-press.net\/niger\/wp-json\/wp\/v2\/media?parent=60649"}],"wp:term":[{"taxonomy":"category","embeddable":true,"href":"https:\/\/www.africa-press.net\/niger\/wp-json\/wp\/v2\/categories?post=60649"},{"taxonomy":"post_tag","embeddable":true,"href":"https:\/\/www.africa-press.net\/niger\/wp-json\/wp\/v2\/tags?post=60649"}],"curies":[{"name":"wp","href":"https:\/\/api.w.org\/{rel}","templated":true}]}}