{"id":60651,"date":"2024-03-27T18:45:07","date_gmt":"2024-03-27T18:45:07","guid":{"rendered":"https:\/\/www.africa-press.net\/niger\/politique\/diffa-le-ministre-de-la-sante-visite-lhopital-le-centre-de-sante-meres-et-enfants-et-lensp"},"modified":"2024-03-27T19:30:53","modified_gmt":"2024-03-27T19:30:53","slug":"diffa-le-ministre-de-la-sante-visite-lhopital-le-centre-de-sante-meres-et-enfants-et-lensp","status":"publish","type":"post","link":"https:\/\/www.africa-press.net\/niger\/toutes-les-actualites\/diffa-le-ministre-de-la-sante-visite-lhopital-le-centre-de-sante-meres-et-enfants-et-lensp","title":{"rendered":"Diffa : le Ministre de la sant\u00e9 visite l\u2019h\u00f4pital, le centre de sant\u00e9 m\u00e8res et enfants et l\u2019ENSP"},"content":{"rendered":"<p><span style=\"color: #ff6600\"><strong>Africa-Press &#8211; Niger. <\/strong><\/span>Le Me\u0301decin Colonel major Garba Hakimi, Ministre de la sante\u0301 publique, de la population et des affaires sociales s\u2019est rendu ce mardi 26 Mars 2024, au centre hospitalier re\u0301gional, au Centre de Sante\u0301 Me\u0300res et enfants (CSME) et a\u0300 l\u2019e\u0301cole nationale de la sante\u0301 publique (ENSP) de Diffa.<\/p>\n<p>Accompagne\u0301 d\u2019une forte de\u0301le\u0301gation de la portion centrale, des autorite\u0301s re\u0301gionales ainsi que plusieurs partenaires techniques et financiers, le Responsable en charge de la sante\u0301 du CNSP a visite\u0301 plusieurs services et centres me\u0301dicaux, ainsi que ceux de formation, de la re\u0301gion, afin de constater de visu, les conditions de travail des agents, les difficulte\u0301s qu\u2019ils rencontrent ainsi que le cadre infrastructurel dans lequel ils apportent leur concours au bien-e\u0302tre de la population.<\/p>\n<p>Selon le ministre Garba Hakimi, il est la\u0300 a\u0300 Diffa pour voir et constater \u2018\u2019les difficulte\u0301s que vous rencontrez dans l\u2019exe\u0301cution de vos ta\u0302ches afin de voir comment apporter des solutions imme\u0301diates a\u0300 certains, et de chercher d\u2019autres dans les jours a\u0300 venir\u2019\u2019.<\/p>\n<p>\u2018\u2019 Le Chef de l\u2019E\u0301tat nous a donne\u0301 des instructions fermes sur la sante\u0301 des populations qui est l\u2019une des trois priorite\u0301s des autorite\u0301s \u2018\u2019, a indique\u0301 le Ministre Garba Hakimi devant les agents de sante\u0301 de la re\u0301gion de Diffa.<\/p>\n<p>Partout ou\u0300 le ministre est passe\u0301, il a, apre\u0300s avoir visite\u0301 les locaux, tenu des re\u0301unions avec l\u2019ensemble des personnels de ces centres me\u0301dicaux pour faire le point de la situation actuelle de ces centres.<\/p>\n<p><strong>Pour plus d&rsquo;informations et d&rsquo;analyses sur la <a href=\"https:\/\/www.africa-press.net\/niger\">Niger<\/a>, suivez <a href=\"https:\/\/www.africa-press.net\/\">Africa-Press<\/a><\/strong><\/p>\n","protected":false},"excerpt":{"rendered":"<p>Africa-Press &#8211; Niger. Le Me\u0301decin Colonel major Garba Hakimi, Ministre de la sante\u0301 publique, de la population et des affaires sociales s\u2019est rendu ce mardi 26 Mars 2024, au centre hospitalier re\u0301gional, au Centre de Sante\u0301 Me\u0300res et enfants (CSME) et a\u0300 l\u2019e\u0301cole nationale de la sante\u0301 publique (ENSP) de Diffa. Accompagne\u0301 d\u2019une forte de\u0301le\u0301gation [&hellip;]<\/p>\n","protected":false},"author":82,"featured_media":60650,"comment_status":"open","ping_status":"closed","sticky":false,"template":"","format":"standard","meta":{"footnotes":""},"categories":[21,10],"tags":[55,60,29],"class_list":["post-60651","post","type-post","status-publish","format-standard","has-post-thumbnail","hentry","category-communaute","category-toutes-les-actualites","tag-africa-press","tag-africa-press-niger","tag-niger"],"yoast_head":"<!-- This site is optimized with the Yoast SEO Premium plugin v26.1 (Yoast SEO v27.0) - https:\/\/yoast.com\/product\/yoast-seo-premium-wordpress\/ -->\n<title>Diffa : le Ministre de la sant\u00e9 visite l\u2019h\u00f4pital, le centre de sant\u00e9 m\u00e8res et enfants et l\u2019ENSP - niger<\/title>\n<meta name=\"description\" content=\"Le Me\u0301decin Colonel major Garba Hakimi, Ministre de la sante\u0301 publique, de la population et des affaires sociales s\u2019est ...\" \/>\n<meta name=\"robots\" content=\"index, follow, max-snippet:-1, max-image-preview:large, max-video-preview:-1\" \/>\n<link rel=\"canonical\" href=\"https:\/\/www.africa-press.net\/niger\/toutes-les-actualites\/diffa-le-ministre-de-la-sante-visite-lhopital-le-centre-de-sante-meres-et-enfants-et-lensp\" \/>\n<meta property=\"og:locale\" content=\"fr_FR\" \/>\n<meta property=\"og:type\" content=\"article\" \/>\n<meta property=\"og:title\" content=\"Diffa : le Ministre de la sant\u00e9 visite l\u2019h\u00f4pital, le centre de sant\u00e9 m\u00e8res et enfants et l\u2019ENSP\" \/>\n<meta property=\"og:description\" content=\"Le Me\u0301decin Colonel major Garba Hakimi, Ministre de la sante\u0301 publique, de la population et des affaires sociales s\u2019est ...\" \/>\n<meta property=\"og:url\" content=\"https:\/\/www.africa-press.net\/niger\/toutes-les-actualites\/diffa-le-ministre-de-la-sante-visite-lhopital-le-centre-de-sante-meres-et-enfants-et-lensp\" \/>\n<meta property=\"og:site_name\" content=\"niger\" \/>\n<meta property=\"article:published_time\" content=\"2024-03-27T18:45:07+00:00\" \/>\n<meta property=\"article:modified_time\" content=\"2024-03-27T19:30:53+00:00\" \/>\n<meta property=\"og:image\" content=\"https:\/\/static.africa-press.net\/niger\/sites\/40\/2024\/03\/sm_1711554883.981992.jpg\" \/>\n\t<meta property=\"og:image:width\" content=\"960\" \/>\n\t<meta property=\"og:image:height\" content=\"640\" \/>\n\t<meta property=\"og:image:type\" content=\"image\/jpeg\" \/>\n<meta name=\"author\" content=\"cfeditorfr\" \/>\n<meta name=\"twitter:card\" content=\"summary_large_image\" \/>\n<meta name=\"twitter:label1\" content=\"\u00c9crit par\" \/>\n\t<meta name=\"twitter:data1\" content=\"cfeditorfr\" \/>\n\t<meta name=\"twitter:label2\" content=\"Dur\u00e9e de lecture estim\u00e9e\" \/>\n\t<meta name=\"twitter:data2\" content=\"2 minutes\" \/>\n<script type=\"application\/ld+json\" class=\"yoast-schema-graph\">{\"@context\":\"https:\/\/schema.org\",\"@graph\":[{\"@type\":\"Article\",\"@id\":\"https:\/\/www.africa-press.net\/niger\/toutes-les-actualites\/diffa-le-ministre-de-la-sante-visite-lhopital-le-centre-de-sante-meres-et-enfants-et-lensp#article\",\"isPartOf\":{\"@id\":\"https:\/\/www.africa-press.net\/niger\/toutes-les-actualites\/diffa-le-ministre-de-la-sante-visite-lhopital-le-centre-de-sante-meres-et-enfants-et-lensp\"},\"author\":{\"name\":\"cfeditorfr\",\"@id\":\"https:\/\/www.africa-press.net\/niger\/#\/schema\/person\/2b1cf3cd81a31e3cd26889ca66d677f1\"},\"headline\":\"Diffa : le Ministre de la sant\u00e9 visite l\u2019h\u00f4pital, le centre de sant\u00e9 m\u00e8res et enfants et l\u2019ENSP\",\"datePublished\":\"2024-03-27T18:45:07+00:00\",\"dateModified\":\"2024-03-27T19:30:53+00:00\",\"mainEntityOfPage\":{\"@id\":\"https:\/\/www.africa-press.net\/niger\/toutes-les-actualites\/diffa-le-ministre-de-la-sante-visite-lhopital-le-centre-de-sante-meres-et-enfants-et-lensp\"},\"wordCount\":304,\"commentCount\":0,\"image\":{\"@id\":\"https:\/\/www.africa-press.net\/niger\/toutes-les-actualites\/diffa-le-ministre-de-la-sante-visite-lhopital-le-centre-de-sante-meres-et-enfants-et-lensp#primaryimage\"},\"thumbnailUrl\":\"https:\/\/static.africa-press.net\/niger\/sites\/40\/2024\/03\/sm_1711554883.981992.jpg\",\"keywords\":[\"Africa Press\",\"Africa Press-Niger\",\"Niger\"],\"articleSection\":[\"Communaut\u00e9\",\"Toutes les actualit\u00e9s\"],\"inLanguage\":\"fr-FR\",\"potentialAction\":[{\"@type\":\"CommentAction\",\"name\":\"Comment\",\"target\":[\"https:\/\/www.africa-press.net\/niger\/toutes-les-actualites\/diffa-le-ministre-de-la-sante-visite-lhopital-le-centre-de-sante-meres-et-enfants-et-lensp#respond\"]}]},{\"@type\":\"WebPage\",\"@id\":\"https:\/\/www.africa-press.net\/niger\/toutes-les-actualites\/diffa-le-ministre-de-la-sante-visite-lhopital-le-centre-de-sante-meres-et-enfants-et-lensp\",\"url\":\"https:\/\/www.africa-press.net\/niger\/toutes-les-actualites\/diffa-le-ministre-de-la-sante-visite-lhopital-le-centre-de-sante-meres-et-enfants-et-lensp\",\"name\":\"Diffa : le Ministre de la sant\u00e9 visite l\u2019h\u00f4pital, le centre de sant\u00e9 m\u00e8res et enfants et l\u2019ENSP - niger\",\"isPartOf\":{\"@id\":\"https:\/\/www.africa-press.net\/niger\/#website\"},\"primaryImageOfPage\":{\"@id\":\"https:\/\/www.africa-press.net\/niger\/toutes-les-actualites\/diffa-le-ministre-de-la-sante-visite-lhopital-le-centre-de-sante-meres-et-enfants-et-lensp#primaryimage\"},\"image\":{\"@id\":\"https:\/\/www.africa-press.net\/niger\/toutes-les-actualites\/diffa-le-ministre-de-la-sante-visite-lhopital-le-centre-de-sante-meres-et-enfants-et-lensp#primaryimage\"},\"thumbnailUrl\":\"https:\/\/static.africa-press.net\/niger\/sites\/40\/2024\/03\/sm_1711554883.981992.jpg\",\"datePublished\":\"2024-03-27T18:45:07+00:00\",\"dateModified\":\"2024-03-27T19:30:53+00:00\",\"author\":{\"@id\":\"https:\/\/www.africa-press.net\/niger\/#\/schema\/person\/2b1cf3cd81a31e3cd26889ca66d677f1\"},\"description\":\"Le Me\u0301decin Colonel major Garba Hakimi, Ministre de la sante\u0301 publique, de la population et des affaires sociales s\u2019est ...\",\"breadcrumb\":{\"@id\":\"https:\/\/www.africa-press.net\/niger\/toutes-les-actualites\/diffa-le-ministre-de-la-sante-visite-lhopital-le-centre-de-sante-meres-et-enfants-et-lensp#breadcrumb\"},\"inLanguage\":\"fr-FR\",\"potentialAction\":[{\"@type\":\"ReadAction\",\"target\":[\"https:\/\/www.africa-press.net\/niger\/toutes-les-actualites\/diffa-le-ministre-de-la-sante-visite-lhopital-le-centre-de-sante-meres-et-enfants-et-lensp\"]}]},{\"@type\":\"ImageObject\",\"inLanguage\":\"fr-FR\",\"@id\":\"https:\/\/www.africa-press.net\/niger\/toutes-les-actualites\/diffa-le-ministre-de-la-sante-visite-lhopital-le-centre-de-sante-meres-et-enfants-et-lensp#primaryimage\",\"url\":\"https:\/\/static.africa-press.net\/niger\/sites\/40\/2024\/03\/sm_1711554883.981992.jpg\",\"contentUrl\":\"https:\/\/static.africa-press.net\/niger\/sites\/40\/2024\/03\/sm_1711554883.981992.jpg\",\"width\":960,\"height\":640,\"caption\":\"Diffa : le Ministre de la sant\u00e9 visite l\u2019h\u00f4pital, le centre de sant\u00e9 m\u00e8res et enfants et l\u2019ENSP\"},{\"@type\":\"BreadcrumbList\",\"@id\":\"https:\/\/www.africa-press.net\/niger\/toutes-les-actualites\/diffa-le-ministre-de-la-sante-visite-lhopital-le-centre-de-sante-meres-et-enfants-et-lensp#breadcrumb\",\"itemListElement\":[{\"@type\":\"ListItem\",\"position\":1,\"name\":\"Accueil\",\"item\":\"https:\/\/www.africa-press.net\/niger\/\"},{\"@type\":\"ListItem\",\"position\":2,\"name\":\"Diffa : le Ministre de la sant\u00e9 visite l\u2019h\u00f4pital, le centre de sant\u00e9 m\u00e8res et enfants et l\u2019ENSP\"}]},{\"@type\":\"WebSite\",\"@id\":\"https:\/\/www.africa-press.net\/niger\/#website\",\"url\":\"https:\/\/www.africa-press.net\/niger\/\",\"name\":\"niger\",\"description\":\"Just another Africa News Agency Sites site\",\"potentialAction\":[{\"@type\":\"SearchAction\",\"target\":{\"@type\":\"EntryPoint\",\"urlTemplate\":\"https:\/\/www.africa-press.net\/niger\/?s={search_term_string}\"},\"query-input\":{\"@type\":\"PropertyValueSpecification\",\"valueRequired\":true,\"valueName\":\"search_term_string\"}}],\"inLanguage\":\"fr-FR\"},{\"@type\":\"Person\",\"@id\":\"https:\/\/www.africa-press.net\/niger\/#\/schema\/person\/2b1cf3cd81a31e3cd26889ca66d677f1\",\"name\":\"cfeditorfr\"}]}<\/script>\n<!-- \/ Yoast SEO Premium plugin. -->","yoast_head_json":{"title":"Diffa : le Ministre de la sant\u00e9 visite l\u2019h\u00f4pital, le centre de sant\u00e9 m\u00e8res et enfants et l\u2019ENSP - niger","description":"Le Me\u0301decin Colonel major Garba Hakimi, Ministre de la sante\u0301 publique, de la population et des affaires sociales s\u2019est ...","robots":{"index":"index","follow":"follow","max-snippet":"max-snippet:-1","max-image-preview":"max-image-preview:large","max-video-preview":"max-video-preview:-1"},"canonical":"https:\/\/www.africa-press.net\/niger\/toutes-les-actualites\/diffa-le-ministre-de-la-sante-visite-lhopital-le-centre-de-sante-meres-et-enfants-et-lensp","og_locale":"fr_FR","og_type":"article","og_title":"Diffa : le Ministre de la sant\u00e9 visite l\u2019h\u00f4pital, le centre de sant\u00e9 m\u00e8res et enfants et l\u2019ENSP","og_description":"Le Me\u0301decin Colonel major Garba Hakimi, Ministre de la sante\u0301 publique, de la population et des affaires sociales s\u2019est ...","og_url":"https:\/\/www.africa-press.net\/niger\/toutes-les-actualites\/diffa-le-ministre-de-la-sante-visite-lhopital-le-centre-de-sante-meres-et-enfants-et-lensp","og_site_name":"niger","article_published_time":"2024-03-27T18:45:07+00:00","article_modified_time":"2024-03-27T19:30:53+00:00","og_image":[{"width":960,"height":640,"url":"https:\/\/static.africa-press.net\/niger\/sites\/40\/2024\/03\/sm_1711554883.981992.jpg","type":"image\/jpeg"}],"author":"cfeditorfr","twitter_card":"summary_large_image","twitter_misc":{"\u00c9crit par":"cfeditorfr","Dur\u00e9e de lecture estim\u00e9e":"2 minutes"},"schema":{"@context":"https:\/\/schema.org","@graph":[{"@type":"Article","@id":"https:\/\/www.africa-press.net\/niger\/toutes-les-actualites\/diffa-le-ministre-de-la-sante-visite-lhopital-le-centre-de-sante-meres-et-enfants-et-lensp#article","isPartOf":{"@id":"https:\/\/www.africa-press.net\/niger\/toutes-les-actualites\/diffa-le-ministre-de-la-sante-visite-lhopital-le-centre-de-sante-meres-et-enfants-et-lensp"},"author":{"name":"cfeditorfr","@id":"https:\/\/www.africa-press.net\/niger\/#\/schema\/person\/2b1cf3cd81a31e3cd26889ca66d677f1"},"headline":"Diffa : le Ministre de la sant\u00e9 visite l\u2019h\u00f4pital, le centre de sant\u00e9 m\u00e8res et enfants et l\u2019ENSP","datePublished":"2024-03-27T18:45:07+00:00","dateModified":"2024-03-27T19:30:53+00:00","mainEntityOfPage":{"@id":"https:\/\/www.africa-press.net\/niger\/toutes-les-actualites\/diffa-le-ministre-de-la-sante-visite-lhopital-le-centre-de-sante-meres-et-enfants-et-lensp"},"wordCount":304,"commentCount":0,"image":{"@id":"https:\/\/www.africa-press.net\/niger\/toutes-les-actualites\/diffa-le-ministre-de-la-sante-visite-lhopital-le-centre-de-sante-meres-et-enfants-et-lensp#primaryimage"},"thumbnailUrl":"https:\/\/static.africa-press.net\/niger\/sites\/40\/2024\/03\/sm_1711554883.981992.jpg","keywords":["Africa Press","Africa Press-Niger","Niger"],"articleSection":["Communaut\u00e9","Toutes les actualit\u00e9s"],"inLanguage":"fr-FR","potentialAction":[{"@type":"CommentAction","name":"Comment","target":["https:\/\/www.africa-press.net\/niger\/toutes-les-actualites\/diffa-le-ministre-de-la-sante-visite-lhopital-le-centre-de-sante-meres-et-enfants-et-lensp#respond"]}]},{"@type":"WebPage","@id":"https:\/\/www.africa-press.net\/niger\/toutes-les-actualites\/diffa-le-ministre-de-la-sante-visite-lhopital-le-centre-de-sante-meres-et-enfants-et-lensp","url":"https:\/\/www.africa-press.net\/niger\/toutes-les-actualites\/diffa-le-ministre-de-la-sante-visite-lhopital-le-centre-de-sante-meres-et-enfants-et-lensp","name":"Diffa : le Ministre de la sant\u00e9 visite l\u2019h\u00f4pital, le centre de sant\u00e9 m\u00e8res et enfants et l\u2019ENSP - niger","isPartOf":{"@id":"https:\/\/www.africa-press.net\/niger\/#website"},"primaryImageOfPage":{"@id":"https:\/\/www.africa-press.net\/niger\/toutes-les-actualites\/diffa-le-ministre-de-la-sante-visite-lhopital-le-centre-de-sante-meres-et-enfants-et-lensp#primaryimage"},"image":{"@id":"https:\/\/www.africa-press.net\/niger\/toutes-les-actualites\/diffa-le-ministre-de-la-sante-visite-lhopital-le-centre-de-sante-meres-et-enfants-et-lensp#primaryimage"},"thumbnailUrl":"https:\/\/static.africa-press.net\/niger\/sites\/40\/2024\/03\/sm_1711554883.981992.jpg","datePublished":"2024-03-27T18:45:07+00:00","dateModified":"2024-03-27T19:30:53+00:00","author":{"@id":"https:\/\/www.africa-press.net\/niger\/#\/schema\/person\/2b1cf3cd81a31e3cd26889ca66d677f1"},"description":"Le Me\u0301decin Colonel major Garba Hakimi, Ministre de la sante\u0301 publique, de la population et des affaires sociales s\u2019est ...","breadcrumb":{"@id":"https:\/\/www.africa-press.net\/niger\/toutes-les-actualites\/diffa-le-ministre-de-la-sante-visite-lhopital-le-centre-de-sante-meres-et-enfants-et-lensp#breadcrumb"},"inLanguage":"fr-FR","potentialAction":[{"@type":"ReadAction","target":["https:\/\/www.africa-press.net\/niger\/toutes-les-actualites\/diffa-le-ministre-de-la-sante-visite-lhopital-le-centre-de-sante-meres-et-enfants-et-lensp"]}]},{"@type":"ImageObject","inLanguage":"fr-FR","@id":"https:\/\/www.africa-press.net\/niger\/toutes-les-actualites\/diffa-le-ministre-de-la-sante-visite-lhopital-le-centre-de-sante-meres-et-enfants-et-lensp#primaryimage","url":"https:\/\/static.africa-press.net\/niger\/sites\/40\/2024\/03\/sm_1711554883.981992.jpg","contentUrl":"https:\/\/static.africa-press.net\/niger\/sites\/40\/2024\/03\/sm_1711554883.981992.jpg","width":960,"height":640,"caption":"Diffa : le Ministre de la sant\u00e9 visite l\u2019h\u00f4pital, le centre de sant\u00e9 m\u00e8res et enfants et l\u2019ENSP"},{"@type":"BreadcrumbList","@id":"https:\/\/www.africa-press.net\/niger\/toutes-les-actualites\/diffa-le-ministre-de-la-sante-visite-lhopital-le-centre-de-sante-meres-et-enfants-et-lensp#breadcrumb","itemListElement":[{"@type":"ListItem","position":1,"name":"Accueil","item":"https:\/\/www.africa-press.net\/niger\/"},{"@type":"ListItem","position":2,"name":"Diffa : le Ministre de la sant\u00e9 visite l\u2019h\u00f4pital, le centre de sant\u00e9 m\u00e8res et enfants et l\u2019ENSP"}]},{"@type":"WebSite","@id":"https:\/\/www.africa-press.net\/niger\/#website","url":"https:\/\/www.africa-press.net\/niger\/","name":"niger","description":"Just another Africa News Agency Sites site","potentialAction":[{"@type":"SearchAction","target":{"@type":"EntryPoint","urlTemplate":"https:\/\/www.africa-press.net\/niger\/?s={search_term_string}"},"query-input":{"@type":"PropertyValueSpecification","valueRequired":true,"valueName":"search_term_string"}}],"inLanguage":"fr-FR"},{"@type":"Person","@id":"https:\/\/www.africa-press.net\/niger\/#\/schema\/person\/2b1cf3cd81a31e3cd26889ca66d677f1","name":"cfeditorfr"}]}},"_links":{"self":[{"href":"https:\/\/www.africa-press.net\/niger\/wp-json\/wp\/v2\/posts\/60651","targetHints":{"allow":["GET"]}}],"collection":[{"href":"https:\/\/www.africa-press.net\/niger\/wp-json\/wp\/v2\/posts"}],"about":[{"href":"https:\/\/www.africa-press.net\/niger\/wp-json\/wp\/v2\/types\/post"}],"author":[{"embeddable":true,"href":"https:\/\/www.africa-press.net\/niger\/wp-json\/wp\/v2\/users\/82"}],"replies":[{"embeddable":true,"href":"https:\/\/www.africa-press.net\/niger\/wp-json\/wp\/v2\/comments?post=60651"}],"version-history":[{"count":0,"href":"https:\/\/www.africa-press.net\/niger\/wp-json\/wp\/v2\/posts\/60651\/revisions"}],"wp:featuredmedia":[{"embeddable":true,"href":"https:\/\/www.africa-press.net\/niger\/wp-json\/wp\/v2\/media\/60650"}],"wp:attachment":[{"href":"https:\/\/www.africa-press.net\/niger\/wp-json\/wp\/v2\/media?parent=60651"}],"wp:term":[{"taxonomy":"category","embeddable":true,"href":"https:\/\/www.africa-press.net\/niger\/wp-json\/wp\/v2\/categories?post=60651"},{"taxonomy":"post_tag","embeddable":true,"href":"https:\/\/www.africa-press.net\/niger\/wp-json\/wp\/v2\/tags?post=60651"}],"curies":[{"name":"wp","href":"https:\/\/api.w.org\/{rel}","templated":true}]}}