{"id":60655,"date":"2024-03-27T18:47:06","date_gmt":"2024-03-27T18:47:06","guid":{"rendered":"https:\/\/www.africa-press.net\/niger\/politique\/diffa-le-reajustement-des-calendriers-scolaires-bien-apprecie"},"modified":"2024-03-27T19:32:26","modified_gmt":"2024-03-27T19:32:26","slug":"diffa-le-reajustement-des-calendriers-scolaires-bien-apprecie","status":"publish","type":"post","link":"https:\/\/www.africa-press.net\/niger\/culture-et-art\/diffa-le-reajustement-des-calendriers-scolaires-bien-apprecie","title":{"rendered":"Diffa : le r\u00e9ajustement des calendriers scolaires bien appr\u00e9ci\u00e9"},"content":{"rendered":"<p><span style=\"color: #ff6600\"><strong>Africa-Press &#8211; Niger. <\/strong><\/span>Le Gouvernement de transition du Niger a re\u0301ame\u0301nage\u0301 les calendriers scolaires notamment les horaires des activite\u0301s et la pe\u0301riode des conge\u0301s du second trimestre pour tenir compte du ramadan, jeu\u0302ne musulman entame\u0301 le 11 mars.<\/p>\n<p>Les ministe\u0300res en charge de l&rsquo;e\u0301ducation ont ainsi par arre\u0302te\u0301 institue\u0301 une descente unique dans les e\u0301coles primaires et aligne\u0301 les conge\u0301s sur la dernie\u0300re de\u0301cade du ramadan soit du 2 au 10 avril 2024.<\/p>\n<p>Le Directeur Re\u0301gional de l\u2019e\u0301ducation national de Diffa, M. Mahamadou Abba Yerima fait valoir que \u00ab\u00a0les e\u0301le\u0300ves et leurs enseignants ont \u2018\u2019l\u2019avantage de clore leurs conge\u0301s avec la fe\u0302te du ramadan\u2019\u2019.<\/p>\n<p>\u00a0\u00bb Me\u0302me ceux qui sont loin, dit-il, peuvent aller finir leur ramadan chez eux et fe\u0302ter en famille pour revenir.\u00a0\u00bb<\/p>\n<p>\u00a0\u00bb C\u2019est une de\u0301cision \u2018\u2019salutaire et satisfaisante pour les e\u0301le\u0300ves, les enseignants, les couples se\u0301pare\u0301s et leurs familles en ge\u0301ne\u0301ral\u2019\u2019, note M. Yerima.<\/p>\n<p>\u2018\u2019 Nous avons favorablement accueilli cette de\u0301cision tre\u0300s importante car c\u0327a nous permet de bien faire nos prie\u0300res nocturnes de la dernie\u0300re de\u0301cade du mois de Ramadan et aussi fe\u0302ter en toute quie\u0301tude \u2018\u2019, a affirme\u0301, Madame Ali Mariama Idi directrice de l\u2019e\u0301cole primaire Fanna grema de Diffa, interroge\u0301e par le correspondant re\u0301gional de ANP.<\/p>\n<p>Aussi, s\u2019agissant du re\u0301ajustement des heures de descente dans les e\u0301coles primaires pendant le mois de Ramadan, le Directeur Re\u0301gional ainsi que l\u2019enseignante de l\u2019e\u0301cole Fanna Grema marquent leur satisfaction.<\/p>\n<p>Pour rappel, c\u2019est a\u0300 travers la lettre circulaire N\u00b0 0122\/MEN\/A\/EP\/PLN de la Ministre de l\u2019Education Nationale adresse\u0301e aux directeurs re\u0301gionaux de son entite\u0301 administrative qu\u2019il a e\u0301te\u0301 instaure\u0301 la journe\u0301e continue durant le mois de ramadan.<\/p>\n<p>Ainsi du \u2018\u2019lundi au jeudi, les activite\u0301s se de\u0301rouleront de 8h a\u0300 14h. Elles seront ponctue\u0301es de deux pauses. La premie\u0300re interviendra de 10h30 et la seconde de 12h a\u0300 12h30.<\/p>\n<p>Le vendredi, les cours de\u0301buteront a\u0300 8 heures et prendront fin a\u0300 12h30. Une pause de trente minutes est pre\u0301vue entre 10h et 10h 30\u2019\u2019.<\/p>\n<p>Pour M. Mahamadou Abba Yerima, DREN de Diffa, L\u2019information circule \u2018\u2019vite de nos jours avec les moyens modernes de communication, particulie\u0300rement le te\u0301le\u0301phone qui donne la possibilite\u0301 de cre\u0301er des groupes sur les plateformes par cate\u0301gorie, par inspection, etc. C\u2019est par ce canal que nous e\u0301changeons horizontalement et verticalement nos informations, en plus des autres canaux de transmission\u2019\u2019\u2019.<\/p>\n<p>Les enseignants, les e\u0301le\u0300ves et les administrations scolaires, a-t-il rassure\u0301, sont tous informe\u0301s de l\u2019instauration de la nouvelle journe\u0301e continue et s\u2019en \u2018\u2019re\u0301jouissent car cette re\u0301forme leur permet de se reposer un peu plus, surtout dans l\u2019apre\u0300s-midi ou\u0300 la fatigue rend tout effort de transmission ou de compre\u0301hension des connaissances tre\u0300s difficiles\u2019\u2019.<\/p>\n<p>Quant a\u0300 Madame Ali Mariama Idi, directrice e\u0301cole Fanna Grema Diffa, elle dit \u2018\u2019Nous avons beaucoup appre\u0301cie\u0301 ce re\u0301ajustement d\u2019horaires de travail pendant ce mois be\u0301ni de Ramadan. Surtout nous les Enseignantes, c\u0327a nous permet de bien accomplir nos ta\u0302ches professionnelles, familles et religieuses\u2019\u2019.<\/p>\n<p>Surtout, a-t-il explique\u0301, dans ce mois be\u0301ni de Ramadan, il y\u2019a \u2018\u2019beaucoup des travaux a\u0300 la maison dans l\u2019apre\u0300s-midi, en plus de la pre\u0301paration journalie\u0300re des cours que nous devrons faire\u2019\u2019.<\/p>\n<p>Les musulmans du Niger ont entame\u0301 le 11 mars dernier un mois de jeu\u0302ne, un des 5 piliers de l&rsquo;islam, religion de la majorite\u0301 des Nige\u0301riens.<\/p>\n<p>Cette obligation religieuse intervient dans un contexte de hausse des denre\u0301es de grandes consommations et une me\u0301te\u0301o marque\u0301e par la canicule.<\/p>\n<p><strong>Pour plus d&rsquo;informations et d&rsquo;analyses sur la <a href=\"https:\/\/www.africa-press.net\/niger\">Niger<\/a>, suivez <a href=\"https:\/\/www.africa-press.net\/\">Africa-Press<\/a><\/strong><\/p>\n","protected":false},"excerpt":{"rendered":"<p>Africa-Press &#8211; Niger. Le Gouvernement de transition du Niger a re\u0301ame\u0301nage\u0301 les calendriers scolaires notamment les horaires des activite\u0301s et la pe\u0301riode des conge\u0301s du second trimestre pour tenir compte du ramadan, jeu\u0302ne musulman entame\u0301 le 11 mars. Les ministe\u0300res en charge de l&rsquo;e\u0301ducation ont ainsi par arre\u0302te\u0301 institue\u0301 une descente unique dans les e\u0301coles [&hellip;]<\/p>\n","protected":false},"author":82,"featured_media":60654,"comment_status":"open","ping_status":"closed","sticky":false,"template":"","format":"standard","meta":{"footnotes":""},"categories":[5,10],"tags":[55,60,29],"class_list":["post-60655","post","type-post","status-publish","format-standard","has-post-thumbnail","hentry","category-culture-et-art","category-toutes-les-actualites","tag-africa-press","tag-africa-press-niger","tag-niger"],"yoast_head":"<!-- This site is optimized with the Yoast SEO Premium plugin v26.1 (Yoast SEO v27.0) - https:\/\/yoast.com\/product\/yoast-seo-premium-wordpress\/ -->\n<title>Diffa : le r\u00e9ajustement des calendriers scolaires bien appr\u00e9ci\u00e9 - niger<\/title>\n<meta name=\"description\" content=\"Le Gouvernement de transition du Niger a re\u0301ame\u0301nage\u0301 les calendriers scolaires notamment les horaires des activite\u0301s et ...\" \/>\n<meta name=\"robots\" content=\"index, follow, max-snippet:-1, max-image-preview:large, max-video-preview:-1\" \/>\n<link rel=\"canonical\" href=\"https:\/\/www.africa-press.net\/niger\/culture-et-art\/diffa-le-reajustement-des-calendriers-scolaires-bien-apprecie\" \/>\n<meta property=\"og:locale\" content=\"fr_FR\" \/>\n<meta property=\"og:type\" content=\"article\" \/>\n<meta property=\"og:title\" content=\"Diffa : le r\u00e9ajustement des calendriers scolaires bien appr\u00e9ci\u00e9\" \/>\n<meta property=\"og:description\" content=\"Le Gouvernement de transition du Niger a re\u0301ame\u0301nage\u0301 les calendriers scolaires notamment les horaires des activite\u0301s et ...\" \/>\n<meta property=\"og:url\" content=\"https:\/\/www.africa-press.net\/niger\/culture-et-art\/diffa-le-reajustement-des-calendriers-scolaires-bien-apprecie\" \/>\n<meta property=\"og:site_name\" content=\"niger\" \/>\n<meta property=\"article:published_time\" content=\"2024-03-27T18:47:06+00:00\" \/>\n<meta property=\"article:modified_time\" content=\"2024-03-27T19:32:26+00:00\" \/>\n<meta property=\"og:image\" content=\"https:\/\/static.africa-press.net\/niger\/sites\/40\/2024\/03\/sm_1711554980.226964.jpg\" \/>\n\t<meta property=\"og:image:width\" content=\"720\" \/>\n\t<meta property=\"og:image:height\" content=\"477\" \/>\n\t<meta property=\"og:image:type\" content=\"image\/jpeg\" \/>\n<meta name=\"author\" content=\"cfeditorfr\" \/>\n<meta name=\"twitter:card\" content=\"summary_large_image\" \/>\n<meta name=\"twitter:label1\" content=\"\u00c9crit par\" \/>\n\t<meta name=\"twitter:data1\" content=\"cfeditorfr\" \/>\n\t<meta name=\"twitter:label2\" content=\"Dur\u00e9e de lecture estim\u00e9e\" \/>\n\t<meta name=\"twitter:data2\" content=\"3 minutes\" \/>\n<script type=\"application\/ld+json\" class=\"yoast-schema-graph\">{\"@context\":\"https:\/\/schema.org\",\"@graph\":[{\"@type\":\"Article\",\"@id\":\"https:\/\/www.africa-press.net\/niger\/culture-et-art\/diffa-le-reajustement-des-calendriers-scolaires-bien-apprecie#article\",\"isPartOf\":{\"@id\":\"https:\/\/www.africa-press.net\/niger\/culture-et-art\/diffa-le-reajustement-des-calendriers-scolaires-bien-apprecie\"},\"author\":{\"name\":\"cfeditorfr\",\"@id\":\"https:\/\/www.africa-press.net\/niger\/#\/schema\/person\/2b1cf3cd81a31e3cd26889ca66d677f1\"},\"headline\":\"Diffa : le r\u00e9ajustement des calendriers scolaires bien appr\u00e9ci\u00e9\",\"datePublished\":\"2024-03-27T18:47:06+00:00\",\"dateModified\":\"2024-03-27T19:32:26+00:00\",\"mainEntityOfPage\":{\"@id\":\"https:\/\/www.africa-press.net\/niger\/culture-et-art\/diffa-le-reajustement-des-calendriers-scolaires-bien-apprecie\"},\"wordCount\":673,\"commentCount\":0,\"image\":{\"@id\":\"https:\/\/www.africa-press.net\/niger\/culture-et-art\/diffa-le-reajustement-des-calendriers-scolaires-bien-apprecie#primaryimage\"},\"thumbnailUrl\":\"https:\/\/static.africa-press.net\/niger\/sites\/40\/2024\/03\/sm_1711554980.226964.jpg\",\"keywords\":[\"Africa Press\",\"Africa Press-Niger\",\"Niger\"],\"articleSection\":[\"Culture et Art\",\"Toutes les actualit\u00e9s\"],\"inLanguage\":\"fr-FR\",\"potentialAction\":[{\"@type\":\"CommentAction\",\"name\":\"Comment\",\"target\":[\"https:\/\/www.africa-press.net\/niger\/culture-et-art\/diffa-le-reajustement-des-calendriers-scolaires-bien-apprecie#respond\"]}]},{\"@type\":\"WebPage\",\"@id\":\"https:\/\/www.africa-press.net\/niger\/culture-et-art\/diffa-le-reajustement-des-calendriers-scolaires-bien-apprecie\",\"url\":\"https:\/\/www.africa-press.net\/niger\/culture-et-art\/diffa-le-reajustement-des-calendriers-scolaires-bien-apprecie\",\"name\":\"Diffa : le r\u00e9ajustement des calendriers scolaires bien appr\u00e9ci\u00e9 - niger\",\"isPartOf\":{\"@id\":\"https:\/\/www.africa-press.net\/niger\/#website\"},\"primaryImageOfPage\":{\"@id\":\"https:\/\/www.africa-press.net\/niger\/culture-et-art\/diffa-le-reajustement-des-calendriers-scolaires-bien-apprecie#primaryimage\"},\"image\":{\"@id\":\"https:\/\/www.africa-press.net\/niger\/culture-et-art\/diffa-le-reajustement-des-calendriers-scolaires-bien-apprecie#primaryimage\"},\"thumbnailUrl\":\"https:\/\/static.africa-press.net\/niger\/sites\/40\/2024\/03\/sm_1711554980.226964.jpg\",\"datePublished\":\"2024-03-27T18:47:06+00:00\",\"dateModified\":\"2024-03-27T19:32:26+00:00\",\"author\":{\"@id\":\"https:\/\/www.africa-press.net\/niger\/#\/schema\/person\/2b1cf3cd81a31e3cd26889ca66d677f1\"},\"description\":\"Le Gouvernement de transition du Niger a re\u0301ame\u0301nage\u0301 les calendriers scolaires notamment les horaires des activite\u0301s et ...\",\"breadcrumb\":{\"@id\":\"https:\/\/www.africa-press.net\/niger\/culture-et-art\/diffa-le-reajustement-des-calendriers-scolaires-bien-apprecie#breadcrumb\"},\"inLanguage\":\"fr-FR\",\"potentialAction\":[{\"@type\":\"ReadAction\",\"target\":[\"https:\/\/www.africa-press.net\/niger\/culture-et-art\/diffa-le-reajustement-des-calendriers-scolaires-bien-apprecie\"]}]},{\"@type\":\"ImageObject\",\"inLanguage\":\"fr-FR\",\"@id\":\"https:\/\/www.africa-press.net\/niger\/culture-et-art\/diffa-le-reajustement-des-calendriers-scolaires-bien-apprecie#primaryimage\",\"url\":\"https:\/\/static.africa-press.net\/niger\/sites\/40\/2024\/03\/sm_1711554980.226964.jpg\",\"contentUrl\":\"https:\/\/static.africa-press.net\/niger\/sites\/40\/2024\/03\/sm_1711554980.226964.jpg\",\"width\":720,\"height\":477,\"caption\":\"Diffa : le r\u00e9ajustement des calendriers scolaires bien appr\u00e9ci\u00e9\"},{\"@type\":\"BreadcrumbList\",\"@id\":\"https:\/\/www.africa-press.net\/niger\/culture-et-art\/diffa-le-reajustement-des-calendriers-scolaires-bien-apprecie#breadcrumb\",\"itemListElement\":[{\"@type\":\"ListItem\",\"position\":1,\"name\":\"Accueil\",\"item\":\"https:\/\/www.africa-press.net\/niger\/\"},{\"@type\":\"ListItem\",\"position\":2,\"name\":\"Diffa : le r\u00e9ajustement des calendriers scolaires bien appr\u00e9ci\u00e9\"}]},{\"@type\":\"WebSite\",\"@id\":\"https:\/\/www.africa-press.net\/niger\/#website\",\"url\":\"https:\/\/www.africa-press.net\/niger\/\",\"name\":\"niger\",\"description\":\"Just another Africa News Agency Sites site\",\"potentialAction\":[{\"@type\":\"SearchAction\",\"target\":{\"@type\":\"EntryPoint\",\"urlTemplate\":\"https:\/\/www.africa-press.net\/niger\/?s={search_term_string}\"},\"query-input\":{\"@type\":\"PropertyValueSpecification\",\"valueRequired\":true,\"valueName\":\"search_term_string\"}}],\"inLanguage\":\"fr-FR\"},{\"@type\":\"Person\",\"@id\":\"https:\/\/www.africa-press.net\/niger\/#\/schema\/person\/2b1cf3cd81a31e3cd26889ca66d677f1\",\"name\":\"cfeditorfr\"}]}<\/script>\n<!-- \/ Yoast SEO Premium plugin. -->","yoast_head_json":{"title":"Diffa : le r\u00e9ajustement des calendriers scolaires bien appr\u00e9ci\u00e9 - niger","description":"Le Gouvernement de transition du Niger a re\u0301ame\u0301nage\u0301 les calendriers scolaires notamment les horaires des activite\u0301s et ...","robots":{"index":"index","follow":"follow","max-snippet":"max-snippet:-1","max-image-preview":"max-image-preview:large","max-video-preview":"max-video-preview:-1"},"canonical":"https:\/\/www.africa-press.net\/niger\/culture-et-art\/diffa-le-reajustement-des-calendriers-scolaires-bien-apprecie","og_locale":"fr_FR","og_type":"article","og_title":"Diffa : le r\u00e9ajustement des calendriers scolaires bien appr\u00e9ci\u00e9","og_description":"Le Gouvernement de transition du Niger a re\u0301ame\u0301nage\u0301 les calendriers scolaires notamment les horaires des activite\u0301s et ...","og_url":"https:\/\/www.africa-press.net\/niger\/culture-et-art\/diffa-le-reajustement-des-calendriers-scolaires-bien-apprecie","og_site_name":"niger","article_published_time":"2024-03-27T18:47:06+00:00","article_modified_time":"2024-03-27T19:32:26+00:00","og_image":[{"width":720,"height":477,"url":"https:\/\/static.africa-press.net\/niger\/sites\/40\/2024\/03\/sm_1711554980.226964.jpg","type":"image\/jpeg"}],"author":"cfeditorfr","twitter_card":"summary_large_image","twitter_misc":{"\u00c9crit par":"cfeditorfr","Dur\u00e9e de lecture estim\u00e9e":"3 minutes"},"schema":{"@context":"https:\/\/schema.org","@graph":[{"@type":"Article","@id":"https:\/\/www.africa-press.net\/niger\/culture-et-art\/diffa-le-reajustement-des-calendriers-scolaires-bien-apprecie#article","isPartOf":{"@id":"https:\/\/www.africa-press.net\/niger\/culture-et-art\/diffa-le-reajustement-des-calendriers-scolaires-bien-apprecie"},"author":{"name":"cfeditorfr","@id":"https:\/\/www.africa-press.net\/niger\/#\/schema\/person\/2b1cf3cd81a31e3cd26889ca66d677f1"},"headline":"Diffa : le r\u00e9ajustement des calendriers scolaires bien appr\u00e9ci\u00e9","datePublished":"2024-03-27T18:47:06+00:00","dateModified":"2024-03-27T19:32:26+00:00","mainEntityOfPage":{"@id":"https:\/\/www.africa-press.net\/niger\/culture-et-art\/diffa-le-reajustement-des-calendriers-scolaires-bien-apprecie"},"wordCount":673,"commentCount":0,"image":{"@id":"https:\/\/www.africa-press.net\/niger\/culture-et-art\/diffa-le-reajustement-des-calendriers-scolaires-bien-apprecie#primaryimage"},"thumbnailUrl":"https:\/\/static.africa-press.net\/niger\/sites\/40\/2024\/03\/sm_1711554980.226964.jpg","keywords":["Africa Press","Africa Press-Niger","Niger"],"articleSection":["Culture et Art","Toutes les actualit\u00e9s"],"inLanguage":"fr-FR","potentialAction":[{"@type":"CommentAction","name":"Comment","target":["https:\/\/www.africa-press.net\/niger\/culture-et-art\/diffa-le-reajustement-des-calendriers-scolaires-bien-apprecie#respond"]}]},{"@type":"WebPage","@id":"https:\/\/www.africa-press.net\/niger\/culture-et-art\/diffa-le-reajustement-des-calendriers-scolaires-bien-apprecie","url":"https:\/\/www.africa-press.net\/niger\/culture-et-art\/diffa-le-reajustement-des-calendriers-scolaires-bien-apprecie","name":"Diffa : le r\u00e9ajustement des calendriers scolaires bien appr\u00e9ci\u00e9 - niger","isPartOf":{"@id":"https:\/\/www.africa-press.net\/niger\/#website"},"primaryImageOfPage":{"@id":"https:\/\/www.africa-press.net\/niger\/culture-et-art\/diffa-le-reajustement-des-calendriers-scolaires-bien-apprecie#primaryimage"},"image":{"@id":"https:\/\/www.africa-press.net\/niger\/culture-et-art\/diffa-le-reajustement-des-calendriers-scolaires-bien-apprecie#primaryimage"},"thumbnailUrl":"https:\/\/static.africa-press.net\/niger\/sites\/40\/2024\/03\/sm_1711554980.226964.jpg","datePublished":"2024-03-27T18:47:06+00:00","dateModified":"2024-03-27T19:32:26+00:00","author":{"@id":"https:\/\/www.africa-press.net\/niger\/#\/schema\/person\/2b1cf3cd81a31e3cd26889ca66d677f1"},"description":"Le Gouvernement de transition du Niger a re\u0301ame\u0301nage\u0301 les calendriers scolaires notamment les horaires des activite\u0301s et ...","breadcrumb":{"@id":"https:\/\/www.africa-press.net\/niger\/culture-et-art\/diffa-le-reajustement-des-calendriers-scolaires-bien-apprecie#breadcrumb"},"inLanguage":"fr-FR","potentialAction":[{"@type":"ReadAction","target":["https:\/\/www.africa-press.net\/niger\/culture-et-art\/diffa-le-reajustement-des-calendriers-scolaires-bien-apprecie"]}]},{"@type":"ImageObject","inLanguage":"fr-FR","@id":"https:\/\/www.africa-press.net\/niger\/culture-et-art\/diffa-le-reajustement-des-calendriers-scolaires-bien-apprecie#primaryimage","url":"https:\/\/static.africa-press.net\/niger\/sites\/40\/2024\/03\/sm_1711554980.226964.jpg","contentUrl":"https:\/\/static.africa-press.net\/niger\/sites\/40\/2024\/03\/sm_1711554980.226964.jpg","width":720,"height":477,"caption":"Diffa : le r\u00e9ajustement des calendriers scolaires bien appr\u00e9ci\u00e9"},{"@type":"BreadcrumbList","@id":"https:\/\/www.africa-press.net\/niger\/culture-et-art\/diffa-le-reajustement-des-calendriers-scolaires-bien-apprecie#breadcrumb","itemListElement":[{"@type":"ListItem","position":1,"name":"Accueil","item":"https:\/\/www.africa-press.net\/niger\/"},{"@type":"ListItem","position":2,"name":"Diffa : le r\u00e9ajustement des calendriers scolaires bien appr\u00e9ci\u00e9"}]},{"@type":"WebSite","@id":"https:\/\/www.africa-press.net\/niger\/#website","url":"https:\/\/www.africa-press.net\/niger\/","name":"niger","description":"Just another Africa News Agency Sites site","potentialAction":[{"@type":"SearchAction","target":{"@type":"EntryPoint","urlTemplate":"https:\/\/www.africa-press.net\/niger\/?s={search_term_string}"},"query-input":{"@type":"PropertyValueSpecification","valueRequired":true,"valueName":"search_term_string"}}],"inLanguage":"fr-FR"},{"@type":"Person","@id":"https:\/\/www.africa-press.net\/niger\/#\/schema\/person\/2b1cf3cd81a31e3cd26889ca66d677f1","name":"cfeditorfr"}]}},"_links":{"self":[{"href":"https:\/\/www.africa-press.net\/niger\/wp-json\/wp\/v2\/posts\/60655","targetHints":{"allow":["GET"]}}],"collection":[{"href":"https:\/\/www.africa-press.net\/niger\/wp-json\/wp\/v2\/posts"}],"about":[{"href":"https:\/\/www.africa-press.net\/niger\/wp-json\/wp\/v2\/types\/post"}],"author":[{"embeddable":true,"href":"https:\/\/www.africa-press.net\/niger\/wp-json\/wp\/v2\/users\/82"}],"replies":[{"embeddable":true,"href":"https:\/\/www.africa-press.net\/niger\/wp-json\/wp\/v2\/comments?post=60655"}],"version-history":[{"count":0,"href":"https:\/\/www.africa-press.net\/niger\/wp-json\/wp\/v2\/posts\/60655\/revisions"}],"wp:featuredmedia":[{"embeddable":true,"href":"https:\/\/www.africa-press.net\/niger\/wp-json\/wp\/v2\/media\/60654"}],"wp:attachment":[{"href":"https:\/\/www.africa-press.net\/niger\/wp-json\/wp\/v2\/media?parent=60655"}],"wp:term":[{"taxonomy":"category","embeddable":true,"href":"https:\/\/www.africa-press.net\/niger\/wp-json\/wp\/v2\/categories?post=60655"},{"taxonomy":"post_tag","embeddable":true,"href":"https:\/\/www.africa-press.net\/niger\/wp-json\/wp\/v2\/tags?post=60655"}],"curies":[{"name":"wp","href":"https:\/\/api.w.org\/{rel}","templated":true}]}}