{"id":60700,"date":"2024-03-28T20:41:48","date_gmt":"2024-03-28T20:41:48","guid":{"rendered":"https:\/\/www.africa-press.net\/niger\/politique\/agadez-le-gouverneur-preside-la-reunion-du-conseil-regional-de-securite-crs"},"modified":"2024-03-29T15:24:56","modified_gmt":"2024-03-29T15:24:56","slug":"agadez-le-gouverneur-preside-la-reunion-du-conseil-regional-de-securite-crs","status":"publish","type":"post","link":"https:\/\/www.africa-press.net\/niger\/toutes-les-actualites\/agadez-le-gouverneur-preside-la-reunion-du-conseil-regional-de-securite-crs","title":{"rendered":"Agadez : Le Gouverneur pr\u00e9side la r\u00e9union du Conseil R\u00e9gional de S\u00e9curit\u00e9 (CRS)"},"content":{"rendered":"<p><span style=\"color: #ff6600\"><strong>Africa-Press &#8211; Niger. <\/strong><\/span>Le Gouverneur de la re\u0301gion d\u2019Agadez, le Ge\u0301ne\u0301ral de Brigade Ibra Boulama Issa a pre\u0301side\u0301, le mercredi 27 mars 2024, la re\u0301union hebdomadaire du Conseil Re\u0301gional de Se\u0301curite\u0301, dans la salle habituelle de ladite re\u0301union sis au gouvernorat. Conforme\u0301ment a\u0300 son ordre du jour, cette re\u0301union a pour objectif d\u2019appre\u0301cier la situation globale dans la re\u0301gion et de manie\u0300re particulie\u0300re celle de la se\u0301curite\u0301 des personnes et de leurs biens. Tous les membres du Conseil e\u0301taient pre\u0301sents a\u0300 la re\u0301union, le Secre\u0301taire Ge\u0301ne\u0301ral de la Re\u0301gion, l\u2019ensemble des responsables des Forces de De\u0301fense et de Se\u0301curite\u0301, le Procureur de la Re\u0301publique pre\u0300s le Tribunal des Grandes Instances d\u2019Agadez, et le repre\u0301sentant de la Tre\u0301sorerie Re\u0301gionale.<\/p>\n<p>&nbsp;<\/p>\n<p><strong>Pour plus d&rsquo;informations et d&rsquo;analyses sur la <a href=\"https:\/\/www.africa-press.net\/niger\">Niger<\/a>, suivez <a href=\"https:\/\/www.africa-press.net\/\">Africa-Press<\/a><\/strong><\/p>\n","protected":false},"excerpt":{"rendered":"<p>Africa-Press &#8211; Niger. Le Gouverneur de la re\u0301gion d\u2019Agadez, le Ge\u0301ne\u0301ral de Brigade Ibra Boulama Issa a pre\u0301side\u0301, le mercredi 27 mars 2024, la re\u0301union hebdomadaire du Conseil Re\u0301gional de Se\u0301curite\u0301, dans la salle habituelle de ladite re\u0301union sis au gouvernorat. Conforme\u0301ment a\u0300 son ordre du jour, cette re\u0301union a pour objectif d\u2019appre\u0301cier la situation [&hellip;]<\/p>\n","protected":false},"author":82,"featured_media":60699,"comment_status":"open","ping_status":"closed","sticky":false,"template":"","format":"standard","meta":{"footnotes":""},"categories":[21,10],"tags":[55,60,29],"class_list":["post-60700","post","type-post","status-publish","format-standard","has-post-thumbnail","hentry","category-communaute","category-toutes-les-actualites","tag-africa-press","tag-africa-press-niger","tag-niger"],"yoast_head":"<!-- This site is optimized with the Yoast SEO Premium plugin v26.1 (Yoast SEO v27.0) - https:\/\/yoast.com\/product\/yoast-seo-premium-wordpress\/ -->\n<title>Agadez : Le Gouverneur pr\u00e9side la r\u00e9union du Conseil R\u00e9gional de S\u00e9curit\u00e9 (CRS) - niger<\/title>\n<meta name=\"description\" content=\"Le Gouverneur de la re\u0301gion d\u2019Agadez, le Ge\u0301ne\u0301ral de Brigade Ibra Boulama Issa a pre\u0301side\u0301, le mercredi 27 mars 2024, l ...\" \/>\n<meta name=\"robots\" content=\"index, follow, max-snippet:-1, max-image-preview:large, max-video-preview:-1\" \/>\n<link rel=\"canonical\" href=\"https:\/\/www.africa-press.net\/niger\/toutes-les-actualites\/agadez-le-gouverneur-preside-la-reunion-du-conseil-regional-de-securite-crs\" \/>\n<meta property=\"og:locale\" content=\"fr_FR\" \/>\n<meta property=\"og:type\" content=\"article\" \/>\n<meta property=\"og:title\" content=\"Agadez : Le Gouverneur pr\u00e9side la r\u00e9union du Conseil R\u00e9gional de S\u00e9curit\u00e9 (CRS)\" \/>\n<meta property=\"og:description\" content=\"Le Gouverneur de la re\u0301gion d\u2019Agadez, le Ge\u0301ne\u0301ral de Brigade Ibra Boulama Issa a pre\u0301side\u0301, le mercredi 27 mars 2024, l ...\" \/>\n<meta property=\"og:url\" content=\"https:\/\/www.africa-press.net\/niger\/toutes-les-actualites\/agadez-le-gouverneur-preside-la-reunion-du-conseil-regional-de-securite-crs\" \/>\n<meta property=\"og:site_name\" content=\"niger\" \/>\n<meta property=\"article:published_time\" content=\"2024-03-28T20:41:48+00:00\" \/>\n<meta property=\"article:modified_time\" content=\"2024-03-29T15:24:56+00:00\" \/>\n<meta property=\"og:image\" content=\"https:\/\/static.africa-press.net\/niger\/sites\/40\/2024\/03\/sm_1711647013.683991.jpg\" \/>\n\t<meta property=\"og:image:width\" content=\"1024\" \/>\n\t<meta property=\"og:image:height\" content=\"683\" \/>\n\t<meta property=\"og:image:type\" content=\"image\/jpeg\" \/>\n<meta name=\"author\" content=\"cfeditorfr\" \/>\n<meta name=\"twitter:card\" content=\"summary_large_image\" \/>\n<meta name=\"twitter:label1\" content=\"\u00c9crit par\" \/>\n\t<meta name=\"twitter:data1\" content=\"cfeditorfr\" \/>\n\t<meta name=\"twitter:label2\" content=\"Dur\u00e9e de lecture estim\u00e9e\" \/>\n\t<meta name=\"twitter:data2\" content=\"1 minute\" \/>\n<script type=\"application\/ld+json\" class=\"yoast-schema-graph\">{\"@context\":\"https:\/\/schema.org\",\"@graph\":[{\"@type\":\"Article\",\"@id\":\"https:\/\/www.africa-press.net\/niger\/toutes-les-actualites\/agadez-le-gouverneur-preside-la-reunion-du-conseil-regional-de-securite-crs#article\",\"isPartOf\":{\"@id\":\"https:\/\/www.africa-press.net\/niger\/toutes-les-actualites\/agadez-le-gouverneur-preside-la-reunion-du-conseil-regional-de-securite-crs\"},\"author\":{\"name\":\"cfeditorfr\",\"@id\":\"https:\/\/www.africa-press.net\/niger\/#\/schema\/person\/2b1cf3cd81a31e3cd26889ca66d677f1\"},\"headline\":\"Agadez : Le Gouverneur pr\u00e9side la r\u00e9union du Conseil R\u00e9gional de S\u00e9curit\u00e9 (CRS)\",\"datePublished\":\"2024-03-28T20:41:48+00:00\",\"dateModified\":\"2024-03-29T15:24:56+00:00\",\"mainEntityOfPage\":{\"@id\":\"https:\/\/www.africa-press.net\/niger\/toutes-les-actualites\/agadez-le-gouverneur-preside-la-reunion-du-conseil-regional-de-securite-crs\"},\"wordCount\":178,\"commentCount\":0,\"image\":{\"@id\":\"https:\/\/www.africa-press.net\/niger\/toutes-les-actualites\/agadez-le-gouverneur-preside-la-reunion-du-conseil-regional-de-securite-crs#primaryimage\"},\"thumbnailUrl\":\"https:\/\/static.africa-press.net\/niger\/sites\/40\/2024\/03\/sm_1711647013.683991.jpg\",\"keywords\":[\"Africa Press\",\"Africa Press-Niger\",\"Niger\"],\"articleSection\":[\"Communaut\u00e9\",\"Toutes les actualit\u00e9s\"],\"inLanguage\":\"fr-FR\",\"potentialAction\":[{\"@type\":\"CommentAction\",\"name\":\"Comment\",\"target\":[\"https:\/\/www.africa-press.net\/niger\/toutes-les-actualites\/agadez-le-gouverneur-preside-la-reunion-du-conseil-regional-de-securite-crs#respond\"]}]},{\"@type\":\"WebPage\",\"@id\":\"https:\/\/www.africa-press.net\/niger\/toutes-les-actualites\/agadez-le-gouverneur-preside-la-reunion-du-conseil-regional-de-securite-crs\",\"url\":\"https:\/\/www.africa-press.net\/niger\/toutes-les-actualites\/agadez-le-gouverneur-preside-la-reunion-du-conseil-regional-de-securite-crs\",\"name\":\"Agadez : Le Gouverneur pr\u00e9side la r\u00e9union du Conseil R\u00e9gional de S\u00e9curit\u00e9 (CRS) - niger\",\"isPartOf\":{\"@id\":\"https:\/\/www.africa-press.net\/niger\/#website\"},\"primaryImageOfPage\":{\"@id\":\"https:\/\/www.africa-press.net\/niger\/toutes-les-actualites\/agadez-le-gouverneur-preside-la-reunion-du-conseil-regional-de-securite-crs#primaryimage\"},\"image\":{\"@id\":\"https:\/\/www.africa-press.net\/niger\/toutes-les-actualites\/agadez-le-gouverneur-preside-la-reunion-du-conseil-regional-de-securite-crs#primaryimage\"},\"thumbnailUrl\":\"https:\/\/static.africa-press.net\/niger\/sites\/40\/2024\/03\/sm_1711647013.683991.jpg\",\"datePublished\":\"2024-03-28T20:41:48+00:00\",\"dateModified\":\"2024-03-29T15:24:56+00:00\",\"author\":{\"@id\":\"https:\/\/www.africa-press.net\/niger\/#\/schema\/person\/2b1cf3cd81a31e3cd26889ca66d677f1\"},\"description\":\"Le Gouverneur de la re\u0301gion d\u2019Agadez, le Ge\u0301ne\u0301ral de Brigade Ibra Boulama Issa a pre\u0301side\u0301, le mercredi 27 mars 2024, l ...\",\"breadcrumb\":{\"@id\":\"https:\/\/www.africa-press.net\/niger\/toutes-les-actualites\/agadez-le-gouverneur-preside-la-reunion-du-conseil-regional-de-securite-crs#breadcrumb\"},\"inLanguage\":\"fr-FR\",\"potentialAction\":[{\"@type\":\"ReadAction\",\"target\":[\"https:\/\/www.africa-press.net\/niger\/toutes-les-actualites\/agadez-le-gouverneur-preside-la-reunion-du-conseil-regional-de-securite-crs\"]}]},{\"@type\":\"ImageObject\",\"inLanguage\":\"fr-FR\",\"@id\":\"https:\/\/www.africa-press.net\/niger\/toutes-les-actualites\/agadez-le-gouverneur-preside-la-reunion-du-conseil-regional-de-securite-crs#primaryimage\",\"url\":\"https:\/\/static.africa-press.net\/niger\/sites\/40\/2024\/03\/sm_1711647013.683991.jpg\",\"contentUrl\":\"https:\/\/static.africa-press.net\/niger\/sites\/40\/2024\/03\/sm_1711647013.683991.jpg\",\"width\":1024,\"height\":683,\"caption\":\"Agadez : Le Gouverneur pr\u00e9side la r\u00e9union du Conseil R\u00e9gional de S\u00e9curit\u00e9 (CRS)\"},{\"@type\":\"BreadcrumbList\",\"@id\":\"https:\/\/www.africa-press.net\/niger\/toutes-les-actualites\/agadez-le-gouverneur-preside-la-reunion-du-conseil-regional-de-securite-crs#breadcrumb\",\"itemListElement\":[{\"@type\":\"ListItem\",\"position\":1,\"name\":\"Accueil\",\"item\":\"https:\/\/www.africa-press.net\/niger\/\"},{\"@type\":\"ListItem\",\"position\":2,\"name\":\"Agadez : Le Gouverneur pr\u00e9side la r\u00e9union du Conseil R\u00e9gional de S\u00e9curit\u00e9 (CRS)\"}]},{\"@type\":\"WebSite\",\"@id\":\"https:\/\/www.africa-press.net\/niger\/#website\",\"url\":\"https:\/\/www.africa-press.net\/niger\/\",\"name\":\"niger\",\"description\":\"Just another Africa News Agency Sites site\",\"potentialAction\":[{\"@type\":\"SearchAction\",\"target\":{\"@type\":\"EntryPoint\",\"urlTemplate\":\"https:\/\/www.africa-press.net\/niger\/?s={search_term_string}\"},\"query-input\":{\"@type\":\"PropertyValueSpecification\",\"valueRequired\":true,\"valueName\":\"search_term_string\"}}],\"inLanguage\":\"fr-FR\"},{\"@type\":\"Person\",\"@id\":\"https:\/\/www.africa-press.net\/niger\/#\/schema\/person\/2b1cf3cd81a31e3cd26889ca66d677f1\",\"name\":\"cfeditorfr\"}]}<\/script>\n<!-- \/ Yoast SEO Premium plugin. -->","yoast_head_json":{"title":"Agadez : Le Gouverneur pr\u00e9side la r\u00e9union du Conseil R\u00e9gional de S\u00e9curit\u00e9 (CRS) - niger","description":"Le Gouverneur de la re\u0301gion d\u2019Agadez, le Ge\u0301ne\u0301ral de Brigade Ibra Boulama Issa a pre\u0301side\u0301, le mercredi 27 mars 2024, l ...","robots":{"index":"index","follow":"follow","max-snippet":"max-snippet:-1","max-image-preview":"max-image-preview:large","max-video-preview":"max-video-preview:-1"},"canonical":"https:\/\/www.africa-press.net\/niger\/toutes-les-actualites\/agadez-le-gouverneur-preside-la-reunion-du-conseil-regional-de-securite-crs","og_locale":"fr_FR","og_type":"article","og_title":"Agadez : Le Gouverneur pr\u00e9side la r\u00e9union du Conseil R\u00e9gional de S\u00e9curit\u00e9 (CRS)","og_description":"Le Gouverneur de la re\u0301gion d\u2019Agadez, le Ge\u0301ne\u0301ral de Brigade Ibra Boulama Issa a pre\u0301side\u0301, le mercredi 27 mars 2024, l ...","og_url":"https:\/\/www.africa-press.net\/niger\/toutes-les-actualites\/agadez-le-gouverneur-preside-la-reunion-du-conseil-regional-de-securite-crs","og_site_name":"niger","article_published_time":"2024-03-28T20:41:48+00:00","article_modified_time":"2024-03-29T15:24:56+00:00","og_image":[{"width":1024,"height":683,"url":"https:\/\/static.africa-press.net\/niger\/sites\/40\/2024\/03\/sm_1711647013.683991.jpg","type":"image\/jpeg"}],"author":"cfeditorfr","twitter_card":"summary_large_image","twitter_misc":{"\u00c9crit par":"cfeditorfr","Dur\u00e9e de lecture estim\u00e9e":"1 minute"},"schema":{"@context":"https:\/\/schema.org","@graph":[{"@type":"Article","@id":"https:\/\/www.africa-press.net\/niger\/toutes-les-actualites\/agadez-le-gouverneur-preside-la-reunion-du-conseil-regional-de-securite-crs#article","isPartOf":{"@id":"https:\/\/www.africa-press.net\/niger\/toutes-les-actualites\/agadez-le-gouverneur-preside-la-reunion-du-conseil-regional-de-securite-crs"},"author":{"name":"cfeditorfr","@id":"https:\/\/www.africa-press.net\/niger\/#\/schema\/person\/2b1cf3cd81a31e3cd26889ca66d677f1"},"headline":"Agadez : Le Gouverneur pr\u00e9side la r\u00e9union du Conseil R\u00e9gional de S\u00e9curit\u00e9 (CRS)","datePublished":"2024-03-28T20:41:48+00:00","dateModified":"2024-03-29T15:24:56+00:00","mainEntityOfPage":{"@id":"https:\/\/www.africa-press.net\/niger\/toutes-les-actualites\/agadez-le-gouverneur-preside-la-reunion-du-conseil-regional-de-securite-crs"},"wordCount":178,"commentCount":0,"image":{"@id":"https:\/\/www.africa-press.net\/niger\/toutes-les-actualites\/agadez-le-gouverneur-preside-la-reunion-du-conseil-regional-de-securite-crs#primaryimage"},"thumbnailUrl":"https:\/\/static.africa-press.net\/niger\/sites\/40\/2024\/03\/sm_1711647013.683991.jpg","keywords":["Africa Press","Africa Press-Niger","Niger"],"articleSection":["Communaut\u00e9","Toutes les actualit\u00e9s"],"inLanguage":"fr-FR","potentialAction":[{"@type":"CommentAction","name":"Comment","target":["https:\/\/www.africa-press.net\/niger\/toutes-les-actualites\/agadez-le-gouverneur-preside-la-reunion-du-conseil-regional-de-securite-crs#respond"]}]},{"@type":"WebPage","@id":"https:\/\/www.africa-press.net\/niger\/toutes-les-actualites\/agadez-le-gouverneur-preside-la-reunion-du-conseil-regional-de-securite-crs","url":"https:\/\/www.africa-press.net\/niger\/toutes-les-actualites\/agadez-le-gouverneur-preside-la-reunion-du-conseil-regional-de-securite-crs","name":"Agadez : Le Gouverneur pr\u00e9side la r\u00e9union du Conseil R\u00e9gional de S\u00e9curit\u00e9 (CRS) - niger","isPartOf":{"@id":"https:\/\/www.africa-press.net\/niger\/#website"},"primaryImageOfPage":{"@id":"https:\/\/www.africa-press.net\/niger\/toutes-les-actualites\/agadez-le-gouverneur-preside-la-reunion-du-conseil-regional-de-securite-crs#primaryimage"},"image":{"@id":"https:\/\/www.africa-press.net\/niger\/toutes-les-actualites\/agadez-le-gouverneur-preside-la-reunion-du-conseil-regional-de-securite-crs#primaryimage"},"thumbnailUrl":"https:\/\/static.africa-press.net\/niger\/sites\/40\/2024\/03\/sm_1711647013.683991.jpg","datePublished":"2024-03-28T20:41:48+00:00","dateModified":"2024-03-29T15:24:56+00:00","author":{"@id":"https:\/\/www.africa-press.net\/niger\/#\/schema\/person\/2b1cf3cd81a31e3cd26889ca66d677f1"},"description":"Le Gouverneur de la re\u0301gion d\u2019Agadez, le Ge\u0301ne\u0301ral de Brigade Ibra Boulama Issa a pre\u0301side\u0301, le mercredi 27 mars 2024, l ...","breadcrumb":{"@id":"https:\/\/www.africa-press.net\/niger\/toutes-les-actualites\/agadez-le-gouverneur-preside-la-reunion-du-conseil-regional-de-securite-crs#breadcrumb"},"inLanguage":"fr-FR","potentialAction":[{"@type":"ReadAction","target":["https:\/\/www.africa-press.net\/niger\/toutes-les-actualites\/agadez-le-gouverneur-preside-la-reunion-du-conseil-regional-de-securite-crs"]}]},{"@type":"ImageObject","inLanguage":"fr-FR","@id":"https:\/\/www.africa-press.net\/niger\/toutes-les-actualites\/agadez-le-gouverneur-preside-la-reunion-du-conseil-regional-de-securite-crs#primaryimage","url":"https:\/\/static.africa-press.net\/niger\/sites\/40\/2024\/03\/sm_1711647013.683991.jpg","contentUrl":"https:\/\/static.africa-press.net\/niger\/sites\/40\/2024\/03\/sm_1711647013.683991.jpg","width":1024,"height":683,"caption":"Agadez : Le Gouverneur pr\u00e9side la r\u00e9union du Conseil R\u00e9gional de S\u00e9curit\u00e9 (CRS)"},{"@type":"BreadcrumbList","@id":"https:\/\/www.africa-press.net\/niger\/toutes-les-actualites\/agadez-le-gouverneur-preside-la-reunion-du-conseil-regional-de-securite-crs#breadcrumb","itemListElement":[{"@type":"ListItem","position":1,"name":"Accueil","item":"https:\/\/www.africa-press.net\/niger\/"},{"@type":"ListItem","position":2,"name":"Agadez : Le Gouverneur pr\u00e9side la r\u00e9union du Conseil R\u00e9gional de S\u00e9curit\u00e9 (CRS)"}]},{"@type":"WebSite","@id":"https:\/\/www.africa-press.net\/niger\/#website","url":"https:\/\/www.africa-press.net\/niger\/","name":"niger","description":"Just another Africa News Agency Sites site","potentialAction":[{"@type":"SearchAction","target":{"@type":"EntryPoint","urlTemplate":"https:\/\/www.africa-press.net\/niger\/?s={search_term_string}"},"query-input":{"@type":"PropertyValueSpecification","valueRequired":true,"valueName":"search_term_string"}}],"inLanguage":"fr-FR"},{"@type":"Person","@id":"https:\/\/www.africa-press.net\/niger\/#\/schema\/person\/2b1cf3cd81a31e3cd26889ca66d677f1","name":"cfeditorfr"}]}},"_links":{"self":[{"href":"https:\/\/www.africa-press.net\/niger\/wp-json\/wp\/v2\/posts\/60700","targetHints":{"allow":["GET"]}}],"collection":[{"href":"https:\/\/www.africa-press.net\/niger\/wp-json\/wp\/v2\/posts"}],"about":[{"href":"https:\/\/www.africa-press.net\/niger\/wp-json\/wp\/v2\/types\/post"}],"author":[{"embeddable":true,"href":"https:\/\/www.africa-press.net\/niger\/wp-json\/wp\/v2\/users\/82"}],"replies":[{"embeddable":true,"href":"https:\/\/www.africa-press.net\/niger\/wp-json\/wp\/v2\/comments?post=60700"}],"version-history":[{"count":0,"href":"https:\/\/www.africa-press.net\/niger\/wp-json\/wp\/v2\/posts\/60700\/revisions"}],"wp:featuredmedia":[{"embeddable":true,"href":"https:\/\/www.africa-press.net\/niger\/wp-json\/wp\/v2\/media\/60699"}],"wp:attachment":[{"href":"https:\/\/www.africa-press.net\/niger\/wp-json\/wp\/v2\/media?parent=60700"}],"wp:term":[{"taxonomy":"category","embeddable":true,"href":"https:\/\/www.africa-press.net\/niger\/wp-json\/wp\/v2\/categories?post=60700"},{"taxonomy":"post_tag","embeddable":true,"href":"https:\/\/www.africa-press.net\/niger\/wp-json\/wp\/v2\/tags?post=60700"}],"curies":[{"name":"wp","href":"https:\/\/api.w.org\/{rel}","templated":true}]}}