{"id":60708,"date":"2024-03-28T20:42:58","date_gmt":"2024-03-28T20:42:58","guid":{"rendered":"https:\/\/www.africa-press.net\/niger\/politique\/installation-du-comite-regional-de-dialogue-public-prive-instaurer-un-cadre-de-concertation-public-prive-pour-relever-les-defis-economiques"},"modified":"2024-03-29T15:27:42","modified_gmt":"2024-03-29T15:27:42","slug":"installation-du-comite-regional-de-dialogue-public-prive-instaurer-un-cadre-de-concertation-public-prive-pour-relever-les-defis-economiques","status":"publish","type":"post","link":"https:\/\/www.africa-press.net\/niger\/economie\/installation-du-comite-regional-de-dialogue-public-prive-instaurer-un-cadre-de-concertation-public-prive-pour-relever-les-defis-economiques","title":{"rendered":"Installation du comit\u00e9 r\u00e9gional de dialogue public-priv\u00e9 : Instaurer un cadre de concertation public-priv\u00e9 pour relever les d\u00e9fis \u00e9conomiques"},"content":{"rendered":"<p><span style=\"color: #ff6600\"><strong>Africa-Press &#8211; Niger. <\/strong><\/span><b>Le Gouverneur de la re\u0301gion de Niamey, le Ge\u0301ne\u0301ral de Brigade Assoumane Abdou Harouna a proce\u0301de\u0301, hier mercredi 27 mars 2024, a\u0300 l\u2019installation du comite\u0301 re\u0301gional de dialogue public-prive\u0301. La re\u0301union vise a\u0300 mettre en place le comite\u0301 re\u0301gional de dialogue public-prive\u0301 conforme\u0301ment a\u0300 l\u2019arre\u0302te\u0301 N\u00b0000044\/GRN du 24 Aou\u0302t 2022. Cette re\u0301union s\u2019est de\u0301roule\u0301e en pre\u0301sence du pre\u0301sident du Conseil de Ville de Niamey, du secre\u0301taire ge\u0301ne\u0301ral du gouvernorat de Niamey, du pre\u0301sident de la chambre consulaire, des maires des cinq arrondissements communaux de Niamey, des directeurs re\u0301gionaux, des pre\u0301sidents des structures du secteur public\/prive\u0301, et de plusieurs responsables de Force de De\u0301fense et de Se\u0301curite\u0301.<\/b><\/p>\n<p>Dans ses propos liminaires, le gouverneur de la re\u0301gion de Niamey a adresse\u0301 ses vifs et since\u0300res remerciements a\u0300 tous les invite\u0301s pour avoir honore\u0301 de leur pre\u0301sence la pre\u0301sente ce\u0301re\u0301monie. \u00ab Il n\u2019est un secret pour personne, que face aux sanctions globales, inhumaines et sauvages inflige\u0301es a\u0300 notre pays par la CEDEAO et l\u2019UEMOA, sur injonction de l\u2019exte\u0301rieur avec pour vise\u0301e, d\u2019e\u0301touffer notre e\u0301conomie et notre peuple, suite aux e\u0301ve\u0301nements historiques du 26 juillet 2023, ce peuple a fait preuve de re\u0301silience ine\u0301dite, aujourd\u2019hui, appre\u0301cie\u0301e au-dela\u0300 de nos frontie\u0300res. Ces sanctions ont e\u0301te\u0301 leve\u0301es certes, mais, nous avons tire\u0301 des lec\u0327ons. Quoi de plus responsable, de plus magnanime, que l\u2019activation de ce comite\u0301 existant dont les objectifs majeurs sont l\u2019ame\u0301lioration du cadre de vie des populations dans un climat apaise\u0301 a\u0300 travers une communication saine et permanente \u00bb, a-t-il de\u0301clare\u0301.<\/p>\n<p>Le Ge\u0301ne\u0301ral de Brigade Assoumane Abdou Harouna a e\u0301galement rappele\u0301 que le Comite\u0301 Re\u0301gional de Dialogue Public-Prive\u0301 (CRDPP) a e\u0301te\u0301 cre\u0301e\u0301 par arre\u0302te\u0301 N\u00b0000044\/GRN du 24 Aou\u0302t 2022, avec pour mission de suivre la mise en \u0153uvre, au niveau de la re\u0301gion, des recommandations issues du Comite\u0301 National a\u0300 savoir identifier les entraves au de\u0301veloppement du secteur prive\u0301 au niveau re\u0301gional et proposer des solutions approprie\u0301es ; saisir le Secre\u0301tariat Permanent des difficulte\u0301s qui n\u2019ont pas trouve\u0301 de solutions au niveau re\u0301gional et enfin transmettre trimestriellement un rapport d\u2019activite\u0301 au Secre\u0301tariat Permanent du Cadre de Dialogue Public-Prive\u0301.<\/p>\n<p>En outre, le Gouverneur de la re\u0301gion de Niamey a rappele\u0301 l\u2019importance capitale de cette structure aux membres du comite\u0301 de dialogue public-prive\u0301, dans la mesure ou\u0300 sa re\u0301activation constitue un levier efficace de recherche de solution a\u0300 toutes les pre\u0301occupations lie\u0301es au de\u0301veloppement de la re\u0301gion de Niamey. Un v\u0153u que le Gouverneur a de\u0301clare\u0301 tre\u0300s cher aux plus hautes autorite\u0301s du Niger, en l\u2019occurrence le Pre\u0301sident du Conseil National pour la Sauvegarde de la Patrie (CNSP), Chef de l\u2019Etat, le Ge\u0301ne\u0301ral de Brigade, Abdourahamane Tiani.<\/p>\n<p>&nbsp;<\/p>\n<p><strong>Pour plus d&rsquo;informations et d&rsquo;analyses sur la <a href=\"https:\/\/www.africa-press.net\/niger\">Niger<\/a>, suivez <a href=\"https:\/\/www.africa-press.net\/\">Africa-Press<\/a><\/strong><\/p>\n","protected":false},"excerpt":{"rendered":"<p>Africa-Press &#8211; Niger. Le Gouverneur de la re\u0301gion de Niamey, le Ge\u0301ne\u0301ral de Brigade Assoumane Abdou Harouna a proce\u0301de\u0301, hier mercredi 27 mars 2024, a\u0300 l\u2019installation du comite\u0301 re\u0301gional de dialogue public-prive\u0301. La re\u0301union vise a\u0300 mettre en place le comite\u0301 re\u0301gional de dialogue public-prive\u0301 conforme\u0301ment a\u0300 l\u2019arre\u0302te\u0301 N\u00b0000044\/GRN du 24 Aou\u0302t 2022. Cette re\u0301union [&hellip;]<\/p>\n","protected":false},"author":82,"featured_media":60707,"comment_status":"open","ping_status":"closed","sticky":false,"template":"","format":"standard","meta":{"footnotes":""},"categories":[3,10],"tags":[55,60,29],"class_list":["post-60708","post","type-post","status-publish","format-standard","has-post-thumbnail","hentry","category-economie","category-toutes-les-actualites","tag-africa-press","tag-africa-press-niger","tag-niger"],"yoast_head":"<!-- This site is optimized with the Yoast SEO Premium plugin v26.1 (Yoast SEO v27.0) - https:\/\/yoast.com\/product\/yoast-seo-premium-wordpress\/ -->\n<title>Installation du comit\u00e9 r\u00e9gional de dialogue public-priv\u00e9 : Instaurer un cadre de concertation public-priv\u00e9 pour relever les d\u00e9fis \u00e9conomiques - niger<\/title>\n<meta name=\"description\" content=\"Le Gouverneur de la re\u0301gion de Niamey, le Ge\u0301ne\u0301ral de Brigade Assoumane Abdou Harouna a proce\u0301de\u0301, hier mercredi 27 ...\" \/>\n<meta name=\"robots\" content=\"index, follow, max-snippet:-1, max-image-preview:large, max-video-preview:-1\" \/>\n<link rel=\"canonical\" href=\"https:\/\/www.africa-press.net\/niger\/economie\/installation-du-comite-regional-de-dialogue-public-prive-instaurer-un-cadre-de-concertation-public-prive-pour-relever-les-defis-economiques\" \/>\n<meta property=\"og:locale\" content=\"fr_FR\" \/>\n<meta property=\"og:type\" content=\"article\" \/>\n<meta property=\"og:title\" content=\"Installation du comit\u00e9 r\u00e9gional de dialogue public-priv\u00e9 : Instaurer un cadre de concertation public-priv\u00e9 pour relever les d\u00e9fis \u00e9conomiques\" \/>\n<meta property=\"og:description\" content=\"Le Gouverneur de la re\u0301gion de Niamey, le Ge\u0301ne\u0301ral de Brigade Assoumane Abdou Harouna a proce\u0301de\u0301, hier mercredi 27 ...\" \/>\n<meta property=\"og:url\" content=\"https:\/\/www.africa-press.net\/niger\/economie\/installation-du-comite-regional-de-dialogue-public-prive-instaurer-un-cadre-de-concertation-public-prive-pour-relever-les-defis-economiques\" \/>\n<meta property=\"og:site_name\" content=\"niger\" \/>\n<meta property=\"article:published_time\" content=\"2024-03-28T20:42:58+00:00\" \/>\n<meta property=\"article:modified_time\" content=\"2024-03-29T15:27:42+00:00\" \/>\n<meta property=\"og:image\" content=\"https:\/\/static.africa-press.net\/niger\/sites\/40\/2024\/03\/sm_1711647139.749274.jpg\" \/>\n\t<meta property=\"og:image:width\" content=\"800\" \/>\n\t<meta property=\"og:image:height\" content=\"533\" \/>\n\t<meta property=\"og:image:type\" content=\"image\/jpeg\" \/>\n<meta name=\"author\" content=\"cfeditorfr\" \/>\n<meta name=\"twitter:card\" content=\"summary_large_image\" \/>\n<meta name=\"twitter:label1\" content=\"\u00c9crit par\" \/>\n\t<meta name=\"twitter:data1\" content=\"cfeditorfr\" \/>\n\t<meta name=\"twitter:label2\" content=\"Dur\u00e9e de lecture estim\u00e9e\" \/>\n\t<meta name=\"twitter:data2\" content=\"3 minutes\" \/>\n<script type=\"application\/ld+json\" class=\"yoast-schema-graph\">{\"@context\":\"https:\/\/schema.org\",\"@graph\":[{\"@type\":\"Article\",\"@id\":\"https:\/\/www.africa-press.net\/niger\/economie\/installation-du-comite-regional-de-dialogue-public-prive-instaurer-un-cadre-de-concertation-public-prive-pour-relever-les-defis-economiques#article\",\"isPartOf\":{\"@id\":\"https:\/\/www.africa-press.net\/niger\/economie\/installation-du-comite-regional-de-dialogue-public-prive-instaurer-un-cadre-de-concertation-public-prive-pour-relever-les-defis-economiques\"},\"author\":{\"name\":\"cfeditorfr\",\"@id\":\"https:\/\/www.africa-press.net\/niger\/#\/schema\/person\/2b1cf3cd81a31e3cd26889ca66d677f1\"},\"headline\":\"Installation du comit\u00e9 r\u00e9gional de dialogue public-priv\u00e9 : Instaurer un cadre de concertation public-priv\u00e9 pour relever les d\u00e9fis \u00e9conomiques\",\"datePublished\":\"2024-03-28T20:42:58+00:00\",\"dateModified\":\"2024-03-29T15:27:42+00:00\",\"mainEntityOfPage\":{\"@id\":\"https:\/\/www.africa-press.net\/niger\/economie\/installation-du-comite-regional-de-dialogue-public-prive-instaurer-un-cadre-de-concertation-public-prive-pour-relever-les-defis-economiques\"},\"wordCount\":550,\"commentCount\":0,\"image\":{\"@id\":\"https:\/\/www.africa-press.net\/niger\/economie\/installation-du-comite-regional-de-dialogue-public-prive-instaurer-un-cadre-de-concertation-public-prive-pour-relever-les-defis-economiques#primaryimage\"},\"thumbnailUrl\":\"https:\/\/static.africa-press.net\/niger\/sites\/40\/2024\/03\/sm_1711647139.749274.jpg\",\"keywords\":[\"Africa Press\",\"Africa Press-Niger\",\"Niger\"],\"articleSection\":[\"\u00c9conomie\",\"Toutes les actualit\u00e9s\"],\"inLanguage\":\"fr-FR\",\"potentialAction\":[{\"@type\":\"CommentAction\",\"name\":\"Comment\",\"target\":[\"https:\/\/www.africa-press.net\/niger\/economie\/installation-du-comite-regional-de-dialogue-public-prive-instaurer-un-cadre-de-concertation-public-prive-pour-relever-les-defis-economiques#respond\"]}]},{\"@type\":\"WebPage\",\"@id\":\"https:\/\/www.africa-press.net\/niger\/economie\/installation-du-comite-regional-de-dialogue-public-prive-instaurer-un-cadre-de-concertation-public-prive-pour-relever-les-defis-economiques\",\"url\":\"https:\/\/www.africa-press.net\/niger\/economie\/installation-du-comite-regional-de-dialogue-public-prive-instaurer-un-cadre-de-concertation-public-prive-pour-relever-les-defis-economiques\",\"name\":\"Installation du comit\u00e9 r\u00e9gional de dialogue public-priv\u00e9 : Instaurer un cadre de concertation public-priv\u00e9 pour relever les d\u00e9fis \u00e9conomiques - niger\",\"isPartOf\":{\"@id\":\"https:\/\/www.africa-press.net\/niger\/#website\"},\"primaryImageOfPage\":{\"@id\":\"https:\/\/www.africa-press.net\/niger\/economie\/installation-du-comite-regional-de-dialogue-public-prive-instaurer-un-cadre-de-concertation-public-prive-pour-relever-les-defis-economiques#primaryimage\"},\"image\":{\"@id\":\"https:\/\/www.africa-press.net\/niger\/economie\/installation-du-comite-regional-de-dialogue-public-prive-instaurer-un-cadre-de-concertation-public-prive-pour-relever-les-defis-economiques#primaryimage\"},\"thumbnailUrl\":\"https:\/\/static.africa-press.net\/niger\/sites\/40\/2024\/03\/sm_1711647139.749274.jpg\",\"datePublished\":\"2024-03-28T20:42:58+00:00\",\"dateModified\":\"2024-03-29T15:27:42+00:00\",\"author\":{\"@id\":\"https:\/\/www.africa-press.net\/niger\/#\/schema\/person\/2b1cf3cd81a31e3cd26889ca66d677f1\"},\"description\":\"Le Gouverneur de la re\u0301gion de Niamey, le Ge\u0301ne\u0301ral de Brigade Assoumane Abdou Harouna a proce\u0301de\u0301, hier mercredi 27 ...\",\"breadcrumb\":{\"@id\":\"https:\/\/www.africa-press.net\/niger\/economie\/installation-du-comite-regional-de-dialogue-public-prive-instaurer-un-cadre-de-concertation-public-prive-pour-relever-les-defis-economiques#breadcrumb\"},\"inLanguage\":\"fr-FR\",\"potentialAction\":[{\"@type\":\"ReadAction\",\"target\":[\"https:\/\/www.africa-press.net\/niger\/economie\/installation-du-comite-regional-de-dialogue-public-prive-instaurer-un-cadre-de-concertation-public-prive-pour-relever-les-defis-economiques\"]}]},{\"@type\":\"ImageObject\",\"inLanguage\":\"fr-FR\",\"@id\":\"https:\/\/www.africa-press.net\/niger\/economie\/installation-du-comite-regional-de-dialogue-public-prive-instaurer-un-cadre-de-concertation-public-prive-pour-relever-les-defis-economiques#primaryimage\",\"url\":\"https:\/\/static.africa-press.net\/niger\/sites\/40\/2024\/03\/sm_1711647139.749274.jpg\",\"contentUrl\":\"https:\/\/static.africa-press.net\/niger\/sites\/40\/2024\/03\/sm_1711647139.749274.jpg\",\"width\":800,\"height\":533,\"caption\":\"Installation du comit\u00e9 r\u00e9gional de dialogue public-priv\u00e9 : Instaurer un cadre de concertation public-priv\u00e9 pour relever les d\u00e9fis \u00e9conomiques\"},{\"@type\":\"BreadcrumbList\",\"@id\":\"https:\/\/www.africa-press.net\/niger\/economie\/installation-du-comite-regional-de-dialogue-public-prive-instaurer-un-cadre-de-concertation-public-prive-pour-relever-les-defis-economiques#breadcrumb\",\"itemListElement\":[{\"@type\":\"ListItem\",\"position\":1,\"name\":\"Accueil\",\"item\":\"https:\/\/www.africa-press.net\/niger\/\"},{\"@type\":\"ListItem\",\"position\":2,\"name\":\"Installation du comit\u00e9 r\u00e9gional de dialogue public-priv\u00e9 : Instaurer un cadre de concertation public-priv\u00e9 pour relever les d\u00e9fis \u00e9conomiques\"}]},{\"@type\":\"WebSite\",\"@id\":\"https:\/\/www.africa-press.net\/niger\/#website\",\"url\":\"https:\/\/www.africa-press.net\/niger\/\",\"name\":\"niger\",\"description\":\"Just another Africa News Agency Sites site\",\"potentialAction\":[{\"@type\":\"SearchAction\",\"target\":{\"@type\":\"EntryPoint\",\"urlTemplate\":\"https:\/\/www.africa-press.net\/niger\/?s={search_term_string}\"},\"query-input\":{\"@type\":\"PropertyValueSpecification\",\"valueRequired\":true,\"valueName\":\"search_term_string\"}}],\"inLanguage\":\"fr-FR\"},{\"@type\":\"Person\",\"@id\":\"https:\/\/www.africa-press.net\/niger\/#\/schema\/person\/2b1cf3cd81a31e3cd26889ca66d677f1\",\"name\":\"cfeditorfr\"}]}<\/script>\n<!-- \/ Yoast SEO Premium plugin. -->","yoast_head_json":{"title":"Installation du comit\u00e9 r\u00e9gional de dialogue public-priv\u00e9 : Instaurer un cadre de concertation public-priv\u00e9 pour relever les d\u00e9fis \u00e9conomiques - niger","description":"Le Gouverneur de la re\u0301gion de Niamey, le Ge\u0301ne\u0301ral de Brigade Assoumane Abdou Harouna a proce\u0301de\u0301, hier mercredi 27 ...","robots":{"index":"index","follow":"follow","max-snippet":"max-snippet:-1","max-image-preview":"max-image-preview:large","max-video-preview":"max-video-preview:-1"},"canonical":"https:\/\/www.africa-press.net\/niger\/economie\/installation-du-comite-regional-de-dialogue-public-prive-instaurer-un-cadre-de-concertation-public-prive-pour-relever-les-defis-economiques","og_locale":"fr_FR","og_type":"article","og_title":"Installation du comit\u00e9 r\u00e9gional de dialogue public-priv\u00e9 : Instaurer un cadre de concertation public-priv\u00e9 pour relever les d\u00e9fis \u00e9conomiques","og_description":"Le Gouverneur de la re\u0301gion de Niamey, le Ge\u0301ne\u0301ral de Brigade Assoumane Abdou Harouna a proce\u0301de\u0301, hier mercredi 27 ...","og_url":"https:\/\/www.africa-press.net\/niger\/economie\/installation-du-comite-regional-de-dialogue-public-prive-instaurer-un-cadre-de-concertation-public-prive-pour-relever-les-defis-economiques","og_site_name":"niger","article_published_time":"2024-03-28T20:42:58+00:00","article_modified_time":"2024-03-29T15:27:42+00:00","og_image":[{"width":800,"height":533,"url":"https:\/\/static.africa-press.net\/niger\/sites\/40\/2024\/03\/sm_1711647139.749274.jpg","type":"image\/jpeg"}],"author":"cfeditorfr","twitter_card":"summary_large_image","twitter_misc":{"\u00c9crit par":"cfeditorfr","Dur\u00e9e de lecture estim\u00e9e":"3 minutes"},"schema":{"@context":"https:\/\/schema.org","@graph":[{"@type":"Article","@id":"https:\/\/www.africa-press.net\/niger\/economie\/installation-du-comite-regional-de-dialogue-public-prive-instaurer-un-cadre-de-concertation-public-prive-pour-relever-les-defis-economiques#article","isPartOf":{"@id":"https:\/\/www.africa-press.net\/niger\/economie\/installation-du-comite-regional-de-dialogue-public-prive-instaurer-un-cadre-de-concertation-public-prive-pour-relever-les-defis-economiques"},"author":{"name":"cfeditorfr","@id":"https:\/\/www.africa-press.net\/niger\/#\/schema\/person\/2b1cf3cd81a31e3cd26889ca66d677f1"},"headline":"Installation du comit\u00e9 r\u00e9gional de dialogue public-priv\u00e9 : Instaurer un cadre de concertation public-priv\u00e9 pour relever les d\u00e9fis \u00e9conomiques","datePublished":"2024-03-28T20:42:58+00:00","dateModified":"2024-03-29T15:27:42+00:00","mainEntityOfPage":{"@id":"https:\/\/www.africa-press.net\/niger\/economie\/installation-du-comite-regional-de-dialogue-public-prive-instaurer-un-cadre-de-concertation-public-prive-pour-relever-les-defis-economiques"},"wordCount":550,"commentCount":0,"image":{"@id":"https:\/\/www.africa-press.net\/niger\/economie\/installation-du-comite-regional-de-dialogue-public-prive-instaurer-un-cadre-de-concertation-public-prive-pour-relever-les-defis-economiques#primaryimage"},"thumbnailUrl":"https:\/\/static.africa-press.net\/niger\/sites\/40\/2024\/03\/sm_1711647139.749274.jpg","keywords":["Africa Press","Africa Press-Niger","Niger"],"articleSection":["\u00c9conomie","Toutes les actualit\u00e9s"],"inLanguage":"fr-FR","potentialAction":[{"@type":"CommentAction","name":"Comment","target":["https:\/\/www.africa-press.net\/niger\/economie\/installation-du-comite-regional-de-dialogue-public-prive-instaurer-un-cadre-de-concertation-public-prive-pour-relever-les-defis-economiques#respond"]}]},{"@type":"WebPage","@id":"https:\/\/www.africa-press.net\/niger\/economie\/installation-du-comite-regional-de-dialogue-public-prive-instaurer-un-cadre-de-concertation-public-prive-pour-relever-les-defis-economiques","url":"https:\/\/www.africa-press.net\/niger\/economie\/installation-du-comite-regional-de-dialogue-public-prive-instaurer-un-cadre-de-concertation-public-prive-pour-relever-les-defis-economiques","name":"Installation du comit\u00e9 r\u00e9gional de dialogue public-priv\u00e9 : Instaurer un cadre de concertation public-priv\u00e9 pour relever les d\u00e9fis \u00e9conomiques - niger","isPartOf":{"@id":"https:\/\/www.africa-press.net\/niger\/#website"},"primaryImageOfPage":{"@id":"https:\/\/www.africa-press.net\/niger\/economie\/installation-du-comite-regional-de-dialogue-public-prive-instaurer-un-cadre-de-concertation-public-prive-pour-relever-les-defis-economiques#primaryimage"},"image":{"@id":"https:\/\/www.africa-press.net\/niger\/economie\/installation-du-comite-regional-de-dialogue-public-prive-instaurer-un-cadre-de-concertation-public-prive-pour-relever-les-defis-economiques#primaryimage"},"thumbnailUrl":"https:\/\/static.africa-press.net\/niger\/sites\/40\/2024\/03\/sm_1711647139.749274.jpg","datePublished":"2024-03-28T20:42:58+00:00","dateModified":"2024-03-29T15:27:42+00:00","author":{"@id":"https:\/\/www.africa-press.net\/niger\/#\/schema\/person\/2b1cf3cd81a31e3cd26889ca66d677f1"},"description":"Le Gouverneur de la re\u0301gion de Niamey, le Ge\u0301ne\u0301ral de Brigade Assoumane Abdou Harouna a proce\u0301de\u0301, hier mercredi 27 ...","breadcrumb":{"@id":"https:\/\/www.africa-press.net\/niger\/economie\/installation-du-comite-regional-de-dialogue-public-prive-instaurer-un-cadre-de-concertation-public-prive-pour-relever-les-defis-economiques#breadcrumb"},"inLanguage":"fr-FR","potentialAction":[{"@type":"ReadAction","target":["https:\/\/www.africa-press.net\/niger\/economie\/installation-du-comite-regional-de-dialogue-public-prive-instaurer-un-cadre-de-concertation-public-prive-pour-relever-les-defis-economiques"]}]},{"@type":"ImageObject","inLanguage":"fr-FR","@id":"https:\/\/www.africa-press.net\/niger\/economie\/installation-du-comite-regional-de-dialogue-public-prive-instaurer-un-cadre-de-concertation-public-prive-pour-relever-les-defis-economiques#primaryimage","url":"https:\/\/static.africa-press.net\/niger\/sites\/40\/2024\/03\/sm_1711647139.749274.jpg","contentUrl":"https:\/\/static.africa-press.net\/niger\/sites\/40\/2024\/03\/sm_1711647139.749274.jpg","width":800,"height":533,"caption":"Installation du comit\u00e9 r\u00e9gional de dialogue public-priv\u00e9 : Instaurer un cadre de concertation public-priv\u00e9 pour relever les d\u00e9fis \u00e9conomiques"},{"@type":"BreadcrumbList","@id":"https:\/\/www.africa-press.net\/niger\/economie\/installation-du-comite-regional-de-dialogue-public-prive-instaurer-un-cadre-de-concertation-public-prive-pour-relever-les-defis-economiques#breadcrumb","itemListElement":[{"@type":"ListItem","position":1,"name":"Accueil","item":"https:\/\/www.africa-press.net\/niger\/"},{"@type":"ListItem","position":2,"name":"Installation du comit\u00e9 r\u00e9gional de dialogue public-priv\u00e9 : Instaurer un cadre de concertation public-priv\u00e9 pour relever les d\u00e9fis \u00e9conomiques"}]},{"@type":"WebSite","@id":"https:\/\/www.africa-press.net\/niger\/#website","url":"https:\/\/www.africa-press.net\/niger\/","name":"niger","description":"Just another Africa News Agency Sites site","potentialAction":[{"@type":"SearchAction","target":{"@type":"EntryPoint","urlTemplate":"https:\/\/www.africa-press.net\/niger\/?s={search_term_string}"},"query-input":{"@type":"PropertyValueSpecification","valueRequired":true,"valueName":"search_term_string"}}],"inLanguage":"fr-FR"},{"@type":"Person","@id":"https:\/\/www.africa-press.net\/niger\/#\/schema\/person\/2b1cf3cd81a31e3cd26889ca66d677f1","name":"cfeditorfr"}]}},"_links":{"self":[{"href":"https:\/\/www.africa-press.net\/niger\/wp-json\/wp\/v2\/posts\/60708","targetHints":{"allow":["GET"]}}],"collection":[{"href":"https:\/\/www.africa-press.net\/niger\/wp-json\/wp\/v2\/posts"}],"about":[{"href":"https:\/\/www.africa-press.net\/niger\/wp-json\/wp\/v2\/types\/post"}],"author":[{"embeddable":true,"href":"https:\/\/www.africa-press.net\/niger\/wp-json\/wp\/v2\/users\/82"}],"replies":[{"embeddable":true,"href":"https:\/\/www.africa-press.net\/niger\/wp-json\/wp\/v2\/comments?post=60708"}],"version-history":[{"count":0,"href":"https:\/\/www.africa-press.net\/niger\/wp-json\/wp\/v2\/posts\/60708\/revisions"}],"wp:featuredmedia":[{"embeddable":true,"href":"https:\/\/www.africa-press.net\/niger\/wp-json\/wp\/v2\/media\/60707"}],"wp:attachment":[{"href":"https:\/\/www.africa-press.net\/niger\/wp-json\/wp\/v2\/media?parent=60708"}],"wp:term":[{"taxonomy":"category","embeddable":true,"href":"https:\/\/www.africa-press.net\/niger\/wp-json\/wp\/v2\/categories?post=60708"},{"taxonomy":"post_tag","embeddable":true,"href":"https:\/\/www.africa-press.net\/niger\/wp-json\/wp\/v2\/tags?post=60708"}],"curies":[{"name":"wp","href":"https:\/\/api.w.org\/{rel}","templated":true}]}}