{"id":60710,"date":"2024-03-28T20:44:24","date_gmt":"2024-03-28T20:44:24","guid":{"rendered":"https:\/\/www.africa-press.net\/niger\/politique\/ngourti-le-prefet-issoufou-koraou-lance-de-loperation-vente-de-cereales-a-prix-moderes"},"modified":"2024-03-29T15:28:22","modified_gmt":"2024-03-29T15:28:22","slug":"ngourti-le-prefet-issoufou-koraou-lance-de-loperation-vente-de-cereales-a-prix-moderes","status":"publish","type":"post","link":"https:\/\/www.africa-press.net\/niger\/economie\/ngourti-le-prefet-issoufou-koraou-lance-de-loperation-vente-de-cereales-a-prix-moderes","title":{"rendered":"N\u2019Gourti: le Pr\u00e9fet Issoufou Koraou lance de l\u2019op\u00e9ration vente de c\u00e9r\u00e9ales \u00e0 prix mod\u00e9r\u00e9s"},"content":{"rendered":"<p><span style=\"color: #ff6600\"><strong>Africa-Press &#8211; Niger. <\/strong><\/span>Le pre\u0301fet du de\u0301partement de N\u2019Gourti, (re\u0301gion de Diffa), capitaine Issoufou Koraou a proce\u0301de\u0301 ce jeudi 28 Mars 2024 au lancement officiel de l\u2019ope\u0301ration vente de ce\u0301re\u0301ales a\u0300 prix mode\u0301re\u0301 (VCPM) 2024 au magasin OPVN de la commune rurale. Au total, pour la pre\u0301sente ope\u0301ration de ce mois de Mars, N\u2019Gourti a\u0300 be\u0301ne\u0301ficier de 95 tonnes dont 80 tonnes de mil et 15 du sucre.<\/p>\n<p>Dans son allocution, le pre\u0301fet Issoufou Koraou a, au nom de sa population, remercie\u0301 les plus hautes autorite\u0301s du pays qui font de la se\u0301curite\u0301 alimentaire une de \u2018\u2019 leur priorite\u0301s \u2018\u2019.<\/p>\n<p>Le capitaine Koraou de demande\u0301 aux membres du comite\u0301 de\u0301partemental de l\u2019ope\u0301ration de faire preuve de \u2018\u2019 sagesse et de transparence de la vente tout en respectant les consignes e\u0301tablies pour la vente\u2019\u2019.<\/p>\n<p>Auparavant, le Maire de la commune rurale de N\u2019Gourti a pris la parole pour remercier aussi le CNSP pour la tenue de la pre\u0301sente ope\u0301ration.<\/p>\n<p>Cette ope\u0301ration, rappelle-t-on, entre dans le cadre de la mise en \u0153uvre du Plan National de Re\u0301ponse (PNR) 2024, que la Cellule Crises Alimentaires (CCA) a planifie\u0301 de mettre en \u0153uvre une ope\u0301ration de vente de ce\u0301re\u0301ales a\u0300 prix mode\u0301re\u0301 (VCPM) pour soutenir les populations vulne\u0301rables au cours de l\u2019anne\u0301e 2024.<\/p>\n<p>L\u2019objectif assigne\u0301 a\u0300 cette ope\u0301ration de la VCPM est de permettre aux me\u0301nages en inse\u0301curite\u0301 alimentaire mode\u0301re\u0301e d\u2019acce\u0301der plus facilement aux ce\u0301re\u0301ales et a\u0300 prote\u0301ger leurs moyens d\u2019existence.<\/p>\n<p>C\u2019est ainsi qu\u2019une planification globale de vente de 120 000 tonnes de ce\u0301re\u0301ales a e\u0301te\u0301 faite au profit des populations vulne\u0301rables en 7 phases de VCPM de mars a\u0300 septembre 2024.<\/p>\n<p><strong>Pour plus d&rsquo;informations et d&rsquo;analyses sur la <a href=\"https:\/\/www.africa-press.net\/niger\">Niger<\/a>, suivez <a href=\"https:\/\/www.africa-press.net\/\">Africa-Press<\/a><\/strong><\/p>\n","protected":false},"excerpt":{"rendered":"<p>Africa-Press &#8211; Niger. Le pre\u0301fet du de\u0301partement de N\u2019Gourti, (re\u0301gion de Diffa), capitaine Issoufou Koraou a proce\u0301de\u0301 ce jeudi 28 Mars 2024 au lancement officiel de l\u2019ope\u0301ration vente de ce\u0301re\u0301ales a\u0300 prix mode\u0301re\u0301 (VCPM) 2024 au magasin OPVN de la commune rurale. Au total, pour la pre\u0301sente ope\u0301ration de ce mois de Mars, N\u2019Gourti a\u0300 [&hellip;]<\/p>\n","protected":false},"author":82,"featured_media":60709,"comment_status":"open","ping_status":"closed","sticky":false,"template":"","format":"standard","meta":{"footnotes":""},"categories":[3,10],"tags":[55,60,29],"class_list":["post-60710","post","type-post","status-publish","format-standard","has-post-thumbnail","hentry","category-economie","category-toutes-les-actualites","tag-africa-press","tag-africa-press-niger","tag-niger"],"yoast_head":"<!-- This site is optimized with the Yoast SEO Premium plugin v26.1 (Yoast SEO v27.0) - https:\/\/yoast.com\/product\/yoast-seo-premium-wordpress\/ -->\n<title>N\u2019Gourti: le Pr\u00e9fet Issoufou Koraou lance de l\u2019op\u00e9ration vente de c\u00e9r\u00e9ales \u00e0 prix mod\u00e9r\u00e9s - niger<\/title>\n<meta name=\"description\" content=\"Le pre\u0301fet du de\u0301partement de N\u2019Gourti, (re\u0301gion de Diffa), capitaine Issoufou Koraou a proce\u0301de\u0301 ce jeudi 28 Mars 2024 ...\" \/>\n<meta name=\"robots\" content=\"index, follow, max-snippet:-1, max-image-preview:large, max-video-preview:-1\" \/>\n<link rel=\"canonical\" href=\"https:\/\/www.africa-press.net\/niger\/economie\/ngourti-le-prefet-issoufou-koraou-lance-de-loperation-vente-de-cereales-a-prix-moderes\" \/>\n<meta property=\"og:locale\" content=\"fr_FR\" \/>\n<meta property=\"og:type\" content=\"article\" \/>\n<meta property=\"og:title\" content=\"N\u2019Gourti: le Pr\u00e9fet Issoufou Koraou lance de l\u2019op\u00e9ration vente de c\u00e9r\u00e9ales \u00e0 prix mod\u00e9r\u00e9s\" \/>\n<meta property=\"og:description\" content=\"Le pre\u0301fet du de\u0301partement de N\u2019Gourti, (re\u0301gion de Diffa), capitaine Issoufou Koraou a proce\u0301de\u0301 ce jeudi 28 Mars 2024 ...\" \/>\n<meta property=\"og:url\" content=\"https:\/\/www.africa-press.net\/niger\/economie\/ngourti-le-prefet-issoufou-koraou-lance-de-loperation-vente-de-cereales-a-prix-moderes\" \/>\n<meta property=\"og:site_name\" content=\"niger\" \/>\n<meta property=\"article:published_time\" content=\"2024-03-28T20:44:24+00:00\" \/>\n<meta property=\"article:modified_time\" content=\"2024-03-29T15:28:22+00:00\" \/>\n<meta property=\"og:image\" content=\"https:\/\/static.africa-press.net\/niger\/sites\/40\/2024\/03\/sm_1711647162.450243.jpg\" \/>\n\t<meta property=\"og:image:width\" content=\"992\" \/>\n\t<meta property=\"og:image:height\" content=\"744\" \/>\n\t<meta property=\"og:image:type\" content=\"image\/jpeg\" \/>\n<meta name=\"author\" content=\"cfeditorfr\" \/>\n<meta name=\"twitter:card\" content=\"summary_large_image\" \/>\n<meta name=\"twitter:label1\" content=\"\u00c9crit par\" \/>\n\t<meta name=\"twitter:data1\" content=\"cfeditorfr\" \/>\n\t<meta name=\"twitter:label2\" content=\"Dur\u00e9e de lecture estim\u00e9e\" \/>\n\t<meta name=\"twitter:data2\" content=\"2 minutes\" \/>\n<script type=\"application\/ld+json\" class=\"yoast-schema-graph\">{\"@context\":\"https:\/\/schema.org\",\"@graph\":[{\"@type\":\"Article\",\"@id\":\"https:\/\/www.africa-press.net\/niger\/economie\/ngourti-le-prefet-issoufou-koraou-lance-de-loperation-vente-de-cereales-a-prix-moderes#article\",\"isPartOf\":{\"@id\":\"https:\/\/www.africa-press.net\/niger\/economie\/ngourti-le-prefet-issoufou-koraou-lance-de-loperation-vente-de-cereales-a-prix-moderes\"},\"author\":{\"name\":\"cfeditorfr\",\"@id\":\"https:\/\/www.africa-press.net\/niger\/#\/schema\/person\/2b1cf3cd81a31e3cd26889ca66d677f1\"},\"headline\":\"N\u2019Gourti: le Pr\u00e9fet Issoufou Koraou lance de l\u2019op\u00e9ration vente de c\u00e9r\u00e9ales \u00e0 prix mod\u00e9r\u00e9s\",\"datePublished\":\"2024-03-28T20:44:24+00:00\",\"dateModified\":\"2024-03-29T15:28:22+00:00\",\"mainEntityOfPage\":{\"@id\":\"https:\/\/www.africa-press.net\/niger\/economie\/ngourti-le-prefet-issoufou-koraou-lance-de-loperation-vente-de-cereales-a-prix-moderes\"},\"wordCount\":339,\"commentCount\":0,\"image\":{\"@id\":\"https:\/\/www.africa-press.net\/niger\/economie\/ngourti-le-prefet-issoufou-koraou-lance-de-loperation-vente-de-cereales-a-prix-moderes#primaryimage\"},\"thumbnailUrl\":\"https:\/\/static.africa-press.net\/niger\/sites\/40\/2024\/03\/sm_1711647162.450243.jpg\",\"keywords\":[\"Africa Press\",\"Africa Press-Niger\",\"Niger\"],\"articleSection\":[\"\u00c9conomie\",\"Toutes les actualit\u00e9s\"],\"inLanguage\":\"fr-FR\",\"potentialAction\":[{\"@type\":\"CommentAction\",\"name\":\"Comment\",\"target\":[\"https:\/\/www.africa-press.net\/niger\/economie\/ngourti-le-prefet-issoufou-koraou-lance-de-loperation-vente-de-cereales-a-prix-moderes#respond\"]}]},{\"@type\":\"WebPage\",\"@id\":\"https:\/\/www.africa-press.net\/niger\/economie\/ngourti-le-prefet-issoufou-koraou-lance-de-loperation-vente-de-cereales-a-prix-moderes\",\"url\":\"https:\/\/www.africa-press.net\/niger\/economie\/ngourti-le-prefet-issoufou-koraou-lance-de-loperation-vente-de-cereales-a-prix-moderes\",\"name\":\"N\u2019Gourti: le Pr\u00e9fet Issoufou Koraou lance de l\u2019op\u00e9ration vente de c\u00e9r\u00e9ales \u00e0 prix mod\u00e9r\u00e9s - niger\",\"isPartOf\":{\"@id\":\"https:\/\/www.africa-press.net\/niger\/#website\"},\"primaryImageOfPage\":{\"@id\":\"https:\/\/www.africa-press.net\/niger\/economie\/ngourti-le-prefet-issoufou-koraou-lance-de-loperation-vente-de-cereales-a-prix-moderes#primaryimage\"},\"image\":{\"@id\":\"https:\/\/www.africa-press.net\/niger\/economie\/ngourti-le-prefet-issoufou-koraou-lance-de-loperation-vente-de-cereales-a-prix-moderes#primaryimage\"},\"thumbnailUrl\":\"https:\/\/static.africa-press.net\/niger\/sites\/40\/2024\/03\/sm_1711647162.450243.jpg\",\"datePublished\":\"2024-03-28T20:44:24+00:00\",\"dateModified\":\"2024-03-29T15:28:22+00:00\",\"author\":{\"@id\":\"https:\/\/www.africa-press.net\/niger\/#\/schema\/person\/2b1cf3cd81a31e3cd26889ca66d677f1\"},\"description\":\"Le pre\u0301fet du de\u0301partement de N\u2019Gourti, (re\u0301gion de Diffa), capitaine Issoufou Koraou a proce\u0301de\u0301 ce jeudi 28 Mars 2024 ...\",\"breadcrumb\":{\"@id\":\"https:\/\/www.africa-press.net\/niger\/economie\/ngourti-le-prefet-issoufou-koraou-lance-de-loperation-vente-de-cereales-a-prix-moderes#breadcrumb\"},\"inLanguage\":\"fr-FR\",\"potentialAction\":[{\"@type\":\"ReadAction\",\"target\":[\"https:\/\/www.africa-press.net\/niger\/economie\/ngourti-le-prefet-issoufou-koraou-lance-de-loperation-vente-de-cereales-a-prix-moderes\"]}]},{\"@type\":\"ImageObject\",\"inLanguage\":\"fr-FR\",\"@id\":\"https:\/\/www.africa-press.net\/niger\/economie\/ngourti-le-prefet-issoufou-koraou-lance-de-loperation-vente-de-cereales-a-prix-moderes#primaryimage\",\"url\":\"https:\/\/static.africa-press.net\/niger\/sites\/40\/2024\/03\/sm_1711647162.450243.jpg\",\"contentUrl\":\"https:\/\/static.africa-press.net\/niger\/sites\/40\/2024\/03\/sm_1711647162.450243.jpg\",\"width\":992,\"height\":744,\"caption\":\"N\u2019Gourti: le Pr\u00e9fet Issoufou Koraou lance de l\u2019op\u00e9ration vente de c\u00e9r\u00e9ales \u00e0 prix mod\u00e9r\u00e9s\"},{\"@type\":\"BreadcrumbList\",\"@id\":\"https:\/\/www.africa-press.net\/niger\/economie\/ngourti-le-prefet-issoufou-koraou-lance-de-loperation-vente-de-cereales-a-prix-moderes#breadcrumb\",\"itemListElement\":[{\"@type\":\"ListItem\",\"position\":1,\"name\":\"Accueil\",\"item\":\"https:\/\/www.africa-press.net\/niger\/\"},{\"@type\":\"ListItem\",\"position\":2,\"name\":\"N\u2019Gourti: le Pr\u00e9fet Issoufou Koraou lance de l\u2019op\u00e9ration vente de c\u00e9r\u00e9ales \u00e0 prix mod\u00e9r\u00e9s\"}]},{\"@type\":\"WebSite\",\"@id\":\"https:\/\/www.africa-press.net\/niger\/#website\",\"url\":\"https:\/\/www.africa-press.net\/niger\/\",\"name\":\"niger\",\"description\":\"Just another Africa News Agency Sites site\",\"potentialAction\":[{\"@type\":\"SearchAction\",\"target\":{\"@type\":\"EntryPoint\",\"urlTemplate\":\"https:\/\/www.africa-press.net\/niger\/?s={search_term_string}\"},\"query-input\":{\"@type\":\"PropertyValueSpecification\",\"valueRequired\":true,\"valueName\":\"search_term_string\"}}],\"inLanguage\":\"fr-FR\"},{\"@type\":\"Person\",\"@id\":\"https:\/\/www.africa-press.net\/niger\/#\/schema\/person\/2b1cf3cd81a31e3cd26889ca66d677f1\",\"name\":\"cfeditorfr\"}]}<\/script>\n<!-- \/ Yoast SEO Premium plugin. -->","yoast_head_json":{"title":"N\u2019Gourti: le Pr\u00e9fet Issoufou Koraou lance de l\u2019op\u00e9ration vente de c\u00e9r\u00e9ales \u00e0 prix mod\u00e9r\u00e9s - niger","description":"Le pre\u0301fet du de\u0301partement de N\u2019Gourti, (re\u0301gion de Diffa), capitaine Issoufou Koraou a proce\u0301de\u0301 ce jeudi 28 Mars 2024 ...","robots":{"index":"index","follow":"follow","max-snippet":"max-snippet:-1","max-image-preview":"max-image-preview:large","max-video-preview":"max-video-preview:-1"},"canonical":"https:\/\/www.africa-press.net\/niger\/economie\/ngourti-le-prefet-issoufou-koraou-lance-de-loperation-vente-de-cereales-a-prix-moderes","og_locale":"fr_FR","og_type":"article","og_title":"N\u2019Gourti: le Pr\u00e9fet Issoufou Koraou lance de l\u2019op\u00e9ration vente de c\u00e9r\u00e9ales \u00e0 prix mod\u00e9r\u00e9s","og_description":"Le pre\u0301fet du de\u0301partement de N\u2019Gourti, (re\u0301gion de Diffa), capitaine Issoufou Koraou a proce\u0301de\u0301 ce jeudi 28 Mars 2024 ...","og_url":"https:\/\/www.africa-press.net\/niger\/economie\/ngourti-le-prefet-issoufou-koraou-lance-de-loperation-vente-de-cereales-a-prix-moderes","og_site_name":"niger","article_published_time":"2024-03-28T20:44:24+00:00","article_modified_time":"2024-03-29T15:28:22+00:00","og_image":[{"width":992,"height":744,"url":"https:\/\/static.africa-press.net\/niger\/sites\/40\/2024\/03\/sm_1711647162.450243.jpg","type":"image\/jpeg"}],"author":"cfeditorfr","twitter_card":"summary_large_image","twitter_misc":{"\u00c9crit par":"cfeditorfr","Dur\u00e9e de lecture estim\u00e9e":"2 minutes"},"schema":{"@context":"https:\/\/schema.org","@graph":[{"@type":"Article","@id":"https:\/\/www.africa-press.net\/niger\/economie\/ngourti-le-prefet-issoufou-koraou-lance-de-loperation-vente-de-cereales-a-prix-moderes#article","isPartOf":{"@id":"https:\/\/www.africa-press.net\/niger\/economie\/ngourti-le-prefet-issoufou-koraou-lance-de-loperation-vente-de-cereales-a-prix-moderes"},"author":{"name":"cfeditorfr","@id":"https:\/\/www.africa-press.net\/niger\/#\/schema\/person\/2b1cf3cd81a31e3cd26889ca66d677f1"},"headline":"N\u2019Gourti: le Pr\u00e9fet Issoufou Koraou lance de l\u2019op\u00e9ration vente de c\u00e9r\u00e9ales \u00e0 prix mod\u00e9r\u00e9s","datePublished":"2024-03-28T20:44:24+00:00","dateModified":"2024-03-29T15:28:22+00:00","mainEntityOfPage":{"@id":"https:\/\/www.africa-press.net\/niger\/economie\/ngourti-le-prefet-issoufou-koraou-lance-de-loperation-vente-de-cereales-a-prix-moderes"},"wordCount":339,"commentCount":0,"image":{"@id":"https:\/\/www.africa-press.net\/niger\/economie\/ngourti-le-prefet-issoufou-koraou-lance-de-loperation-vente-de-cereales-a-prix-moderes#primaryimage"},"thumbnailUrl":"https:\/\/static.africa-press.net\/niger\/sites\/40\/2024\/03\/sm_1711647162.450243.jpg","keywords":["Africa Press","Africa Press-Niger","Niger"],"articleSection":["\u00c9conomie","Toutes les actualit\u00e9s"],"inLanguage":"fr-FR","potentialAction":[{"@type":"CommentAction","name":"Comment","target":["https:\/\/www.africa-press.net\/niger\/economie\/ngourti-le-prefet-issoufou-koraou-lance-de-loperation-vente-de-cereales-a-prix-moderes#respond"]}]},{"@type":"WebPage","@id":"https:\/\/www.africa-press.net\/niger\/economie\/ngourti-le-prefet-issoufou-koraou-lance-de-loperation-vente-de-cereales-a-prix-moderes","url":"https:\/\/www.africa-press.net\/niger\/economie\/ngourti-le-prefet-issoufou-koraou-lance-de-loperation-vente-de-cereales-a-prix-moderes","name":"N\u2019Gourti: le Pr\u00e9fet Issoufou Koraou lance de l\u2019op\u00e9ration vente de c\u00e9r\u00e9ales \u00e0 prix mod\u00e9r\u00e9s - niger","isPartOf":{"@id":"https:\/\/www.africa-press.net\/niger\/#website"},"primaryImageOfPage":{"@id":"https:\/\/www.africa-press.net\/niger\/economie\/ngourti-le-prefet-issoufou-koraou-lance-de-loperation-vente-de-cereales-a-prix-moderes#primaryimage"},"image":{"@id":"https:\/\/www.africa-press.net\/niger\/economie\/ngourti-le-prefet-issoufou-koraou-lance-de-loperation-vente-de-cereales-a-prix-moderes#primaryimage"},"thumbnailUrl":"https:\/\/static.africa-press.net\/niger\/sites\/40\/2024\/03\/sm_1711647162.450243.jpg","datePublished":"2024-03-28T20:44:24+00:00","dateModified":"2024-03-29T15:28:22+00:00","author":{"@id":"https:\/\/www.africa-press.net\/niger\/#\/schema\/person\/2b1cf3cd81a31e3cd26889ca66d677f1"},"description":"Le pre\u0301fet du de\u0301partement de N\u2019Gourti, (re\u0301gion de Diffa), capitaine Issoufou Koraou a proce\u0301de\u0301 ce jeudi 28 Mars 2024 ...","breadcrumb":{"@id":"https:\/\/www.africa-press.net\/niger\/economie\/ngourti-le-prefet-issoufou-koraou-lance-de-loperation-vente-de-cereales-a-prix-moderes#breadcrumb"},"inLanguage":"fr-FR","potentialAction":[{"@type":"ReadAction","target":["https:\/\/www.africa-press.net\/niger\/economie\/ngourti-le-prefet-issoufou-koraou-lance-de-loperation-vente-de-cereales-a-prix-moderes"]}]},{"@type":"ImageObject","inLanguage":"fr-FR","@id":"https:\/\/www.africa-press.net\/niger\/economie\/ngourti-le-prefet-issoufou-koraou-lance-de-loperation-vente-de-cereales-a-prix-moderes#primaryimage","url":"https:\/\/static.africa-press.net\/niger\/sites\/40\/2024\/03\/sm_1711647162.450243.jpg","contentUrl":"https:\/\/static.africa-press.net\/niger\/sites\/40\/2024\/03\/sm_1711647162.450243.jpg","width":992,"height":744,"caption":"N\u2019Gourti: le Pr\u00e9fet Issoufou Koraou lance de l\u2019op\u00e9ration vente de c\u00e9r\u00e9ales \u00e0 prix mod\u00e9r\u00e9s"},{"@type":"BreadcrumbList","@id":"https:\/\/www.africa-press.net\/niger\/economie\/ngourti-le-prefet-issoufou-koraou-lance-de-loperation-vente-de-cereales-a-prix-moderes#breadcrumb","itemListElement":[{"@type":"ListItem","position":1,"name":"Accueil","item":"https:\/\/www.africa-press.net\/niger\/"},{"@type":"ListItem","position":2,"name":"N\u2019Gourti: le Pr\u00e9fet Issoufou Koraou lance de l\u2019op\u00e9ration vente de c\u00e9r\u00e9ales \u00e0 prix mod\u00e9r\u00e9s"}]},{"@type":"WebSite","@id":"https:\/\/www.africa-press.net\/niger\/#website","url":"https:\/\/www.africa-press.net\/niger\/","name":"niger","description":"Just another Africa News Agency Sites site","potentialAction":[{"@type":"SearchAction","target":{"@type":"EntryPoint","urlTemplate":"https:\/\/www.africa-press.net\/niger\/?s={search_term_string}"},"query-input":{"@type":"PropertyValueSpecification","valueRequired":true,"valueName":"search_term_string"}}],"inLanguage":"fr-FR"},{"@type":"Person","@id":"https:\/\/www.africa-press.net\/niger\/#\/schema\/person\/2b1cf3cd81a31e3cd26889ca66d677f1","name":"cfeditorfr"}]}},"_links":{"self":[{"href":"https:\/\/www.africa-press.net\/niger\/wp-json\/wp\/v2\/posts\/60710","targetHints":{"allow":["GET"]}}],"collection":[{"href":"https:\/\/www.africa-press.net\/niger\/wp-json\/wp\/v2\/posts"}],"about":[{"href":"https:\/\/www.africa-press.net\/niger\/wp-json\/wp\/v2\/types\/post"}],"author":[{"embeddable":true,"href":"https:\/\/www.africa-press.net\/niger\/wp-json\/wp\/v2\/users\/82"}],"replies":[{"embeddable":true,"href":"https:\/\/www.africa-press.net\/niger\/wp-json\/wp\/v2\/comments?post=60710"}],"version-history":[{"count":0,"href":"https:\/\/www.africa-press.net\/niger\/wp-json\/wp\/v2\/posts\/60710\/revisions"}],"wp:featuredmedia":[{"embeddable":true,"href":"https:\/\/www.africa-press.net\/niger\/wp-json\/wp\/v2\/media\/60709"}],"wp:attachment":[{"href":"https:\/\/www.africa-press.net\/niger\/wp-json\/wp\/v2\/media?parent=60710"}],"wp:term":[{"taxonomy":"category","embeddable":true,"href":"https:\/\/www.africa-press.net\/niger\/wp-json\/wp\/v2\/categories?post=60710"},{"taxonomy":"post_tag","embeddable":true,"href":"https:\/\/www.africa-press.net\/niger\/wp-json\/wp\/v2\/tags?post=60710"}],"curies":[{"name":"wp","href":"https:\/\/api.w.org\/{rel}","templated":true}]}}