{"id":60712,"date":"2024-03-28T20:44:39","date_gmt":"2024-03-28T20:44:39","guid":{"rendered":"https:\/\/www.africa-press.net\/niger\/politique\/le-gouverneur-de-tillaberi-lance-les-activites-commemoratives-de-la-journee-mondiale-de-leau-edition-2024-couplee-a-la-semaine-nationale-de-leau"},"modified":"2024-03-29T15:29:03","modified_gmt":"2024-03-29T15:29:03","slug":"le-gouverneur-de-tillaberi-lance-les-activites-commemoratives-de-la-journee-mondiale-de-leau-edition-2024-couplee-a-la-semaine-nationale-de-leau","status":"publish","type":"post","link":"https:\/\/www.africa-press.net\/niger\/toutes-les-actualites\/le-gouverneur-de-tillaberi-lance-les-activites-commemoratives-de-la-journee-mondiale-de-leau-edition-2024-couplee-a-la-semaine-nationale-de-leau","title":{"rendered":"Le Gouverneur de Tillab\u00e9ri lance les activit\u00e9s comm\u00e9moratives de la Journ\u00e9e mondiale de l\u2019eau, Edition 2024, coupl\u00e9e \u00e0 la Semaine nationale de l\u2019eau"},"content":{"rendered":"<p><span style=\"color: #ff6600\"><strong>Africa-Press &#8211; Niger. <\/strong><\/span>Le Gouverneur de la re\u0301gion de Tillabe\u0301ri, le Lieutenant-Colonel.Maina Boukar a pre\u0301side\u0301 ce jeudi 28 mars 2024, dans la grande salle de re\u0301union du gouvernorat de Tillabe\u0301ri, la ce\u0301re\u0301monie de lancement des activite\u0301s entrant dans le cadre de la ce\u0301le\u0301bration de la Journe\u0301e Mondiale de l&rsquo;Eau, couple\u0301e a\u0300 la Semaine Nationale de l\u2019Eau sous le the\u0300me, \u2018\u2019 Eau pour la paix et la prospe\u0301rite\u0301\u2019\u2019.<\/p>\n<p>Le Gouverneur de la re\u0301gion de Tillabe\u0301ri a, lors du lancement remercie\u0301 l\u2019assistance pour leur pre\u0301sence a\u0300 cette ce\u0301re\u0301monie de la Journe\u0301e Mondiale de l\u2019Eau ce\u0301le\u0301bre\u0301e tous les 22 mars de chaque anne\u0301e, leur a souhaite\u0301 la chaleureuse bienvenue et un agre\u0301able se\u0301jour surtout a\u0300 tous ceux qui ont effectue\u0301 le de\u0301placement pour prendre part a\u0300 cette rencontre a\u0300 Tillabe\u0301ri et s\u2019est re\u0301joui de la tenue de l\u2019Edition 2024 de cette Journe\u0301e Mondiale de l\u2019Eau, dont \u00ab l\u2019ide\u0301e a\u0300 de\u0301velopper est la coope\u0301ration dans le domaine de l\u2019eau, afin de cre\u0301er un effet d\u2019entrai\u0302nement positif qui favorise l\u2019harmonie, ge\u0301ne\u0300re de la prospe\u0301rite\u0301 et renforce la re\u0301silience face aux de\u0301fis communs \u00bb.<\/p>\n<p>\u00ab Nous devons donc prendre conscience que l\u2019eau est non seulement une ressource a\u0300 utiliser et dont on se dispute l\u2019usage, mais aussi un droit humain, intrinse\u0300que a\u0300 tous les aspects de la vie \u00bb, a-t-il soutenu.<\/p>\n<p>\u00ab En cette Journe\u0301e mondiale de l\u2019eau, nous devons tous unir nos efforts a\u0300 propos de l\u2019eau et l\u2019utiliser en faveur de la paix, en jetant les bases d\u2019un avenir plus stable et plus prospe\u0300re \u00bb, a-t-il indique\u0301.<\/p>\n<p>Le gouverneur Maina Boukar de rappeler que, \u00ab la Journe\u0301e mondiale de l&rsquo;eau, qui a lieu le 22 mars de chaque anne\u0301e depuis 1993, est une ce\u0301le\u0301bration des Nations Unies qui met l&rsquo;accent sur l&rsquo;importance de l&rsquo;eau douce, en 1992, la Confe\u0301rence des Nations Unies sur l\u2019environnement et le de\u0301veloppement (CNUED) a recommande\u0301 qu\u2019une journe\u0301e internationale soit consacre\u0301e aux ressources en eau douce \u00bb.<\/p>\n<p>\u00ab Le 22 de\u0301cembre 1992, l\u2019Assemble\u0301e ge\u0301ne\u0301rale des Nations Unies adoptait la re\u0301solution A\/RES\/47\/193 de\u0301clarant le 22 mars 1993 comme premie\u0300re Journe\u0301e mondiale de l\u2019eau \u00bb, a-t-il ajoute\u0301.<\/p>\n<p>\u00ab Aussi, a poursuivi le Gouverneur, pour renforcer l&rsquo;action mondiale, l&rsquo;Assemble\u0301e ge\u0301ne\u0301rale a proclame\u0301 la De\u0301cennie internationale d\u2019action \u2019\u2019L&rsquo;eau, source de vie\u2019\u2019 (2005-2015) et l&rsquo;actuelle De\u0301cennie internationale d\u2019action \u2018\u2019L\u2019eau et le de\u0301veloppement durable\u2019\u2019 (2018-2028) \u00bb.<\/p>\n<p>\u00ab L\u2019Etat du Niger, le Ministe\u0300re de l\u2019Hydraulique, de l\u2019Assainissement et de l\u2019Environnement et ses services de\u0301concentre\u0301s ne sont pas en reste pour donner plus de visibilite\u0301 a\u0300 cette journe\u0301e, ainsi, c\u2019est pour atteindre cet objectif que la Direction Re\u0301gionale de l\u2019Hydraulique et de l\u2019Assainissement de Tillabe\u0301ri en collaboration avec ses partenaires, pre\u0301voit des activite\u0301s notamment les confe\u0301rences, la sensibilisation, les visites et toute autre activite\u0301 visant a\u0300 informer le public sur l\u2019importance de l\u2019eau\u00bb, a de\u0301clare\u0301 le Gouverneur de la re\u0301gion de Tillabe\u0301ri.<\/p>\n<p>\u00ab Tout ceci, traduit la volonte\u0301 des autorite\u0301s de notre pays sous l\u2019impulsion du Chef de l\u2019Etat, le Ge\u0301ne\u0301ral Abdourahmane Tchiani, de cre\u0301er les conditions de dialogue intersectoriel ne\u0301cessaire pour mettre l&rsquo;accent sur le de\u0301veloppement durable et la gestion inte\u0301gre\u0301e des ressources en eau a\u0300 des fins sociales, e\u0301conomiques et environnementales, et sur la mise en \u0153uvre et la promotion des programmes et projets connexes \u00bb, a affirme\u0301 le Lieutenant-Colonel. Maina Boukar<\/p>\n<p>Il a par ailleurs indique\u0301 que, \u00ab chaque journe\u0301e internationale repre\u0301sente une occasion d\u2019informer le public sur des the\u0300mes lie\u0301s a\u0300 des enjeux majeurs comme les droits fondamentaux, le de\u0301veloppement durable ou la sante\u0301, ces journe\u0301es sont aussi l\u2019occasion pour le syste\u0300me des Nations Unies, les pouvoirs publics et la socie\u0301te\u0301 civile d\u2019organiser des activite\u0301s de sensibilisation et de mobiliser des ressources \u00bb.<\/p>\n<p>Le Gouverneur les a exhorte\u0301 a\u0300 participer a\u0300 la campagne mondiale sur le the\u0300me \u00abL\u2019eau pour la paix\u00bb.<\/p>\n<p>\u00ab Nous avons besoin de tous ; des particuliers et des familles aux entreprises et aux gouvernements pour e\u0302tre en mesure de coope\u0301rer au mieux dans le domaine de l\u2019eau et d\u2019ouvrir la voie a\u0300 une socie\u0301te\u0301 plus harmonieuse, la manifestation incite les initiatives dans le monde entier a\u0300 de\u0301velopper des projets de de\u0301veloppement durable afin que l\u2019ensemble des habitants de la plane\u0300te aient un acce\u0300s a\u0300 une eau saine d\u2019ici 2030 \u00bb, a notifie\u0301 Maina Boukar.<\/p>\n<p>\u00ab Pour cette ce\u0301le\u0301bration, plusieurs pre\u0301sentations ont e\u0301te\u0301 pre\u0301vues, a\u0300 savoir, Eau pour la paix et la prospe\u0301rite\u0301 ; normes sur l\u2019Eau en situation d\u2019urgence ; eau et souverainete\u0301 alimentaire \u00bb, a-t-il informe\u0301.<\/p>\n<p>Il a invite\u0301 les participants \u00ab a\u0300 suivre avec l\u2019attention requise les diffe\u0301rents expose\u0301s en vue d\u2019un e\u0301change fructueux entre les participants, et a\u0300 travailler avec efficience afin d\u2019obtenir les re\u0301sultats escompte\u0301s \u00bb.<\/p>\n<p>Le Gouverneur de la re\u0301gion de Tillabe\u0301ri a enfin, au nom de la re\u0301gion de Tillabe\u0301ri et du Gouvernement du Niger de remercie\u0301 \u00ab les institutions, projets et ONGs qui ont appuye\u0301 la re\u0301ussite de la ce\u0301le\u0301bration de ce cette importante journe\u0301e \u00bb et a souhaite\u0301 plein succe\u0300s aux activite\u0301s.<\/p>\n<p>Ainsi, au cours de cette journe\u0301e, est pre\u0301vue une visite sur les installations et les participants auront a\u0300 e\u0301changer sur plusieurs the\u0301matiques apre\u0300s les pre\u0301sentations des diffe\u0301rents expose\u0301s.<\/p>\n<p>Le Maire de la commune Urbaine de Tillabe\u0301ri, M. Moussa Douma a auparavant pris la parole pour souhaiter la bienvenue a\u0300 l\u2019assistance.<\/p>\n<p>Cette ce\u0301re\u0301monie s\u2019est de\u0301roule\u0301e en pre\u0301sence du Pre\u0301sident du Conseil Re\u0301gional, le Secre\u0301taire Ge\u0301ne\u0301ral de la re\u0301gion de Tillabe\u0301ri, la Pre\u0301fe\u0300te de Tillabe\u0301ri, les Directeurs Re\u0301gionaux, les chefs des projets, associations et ONG et de plusieurs invite\u0301s.<\/p>\n<p>&nbsp;<\/p>\n<p><strong>Pour plus d&rsquo;informations et d&rsquo;analyses sur la <a href=\"https:\/\/www.africa-press.net\/niger\">Niger<\/a>, suivez <a href=\"https:\/\/www.africa-press.net\/\">Africa-Press<\/a><\/strong><\/p>\n","protected":false},"excerpt":{"rendered":"<p>Africa-Press &#8211; Niger. Le Gouverneur de la re\u0301gion de Tillabe\u0301ri, le Lieutenant-Colonel.Maina Boukar a pre\u0301side\u0301 ce jeudi 28 mars 2024, dans la grande salle de re\u0301union du gouvernorat de Tillabe\u0301ri, la ce\u0301re\u0301monie de lancement des activite\u0301s entrant dans le cadre de la ce\u0301le\u0301bration de la Journe\u0301e Mondiale de l&rsquo;Eau, couple\u0301e a\u0300 la Semaine Nationale de [&hellip;]<\/p>\n","protected":false},"author":82,"featured_media":60711,"comment_status":"open","ping_status":"closed","sticky":false,"template":"","format":"standard","meta":{"footnotes":""},"categories":[21,10],"tags":[55,60,29],"class_list":["post-60712","post","type-post","status-publish","format-standard","has-post-thumbnail","hentry","category-communaute","category-toutes-les-actualites","tag-africa-press","tag-africa-press-niger","tag-niger"],"yoast_head":"<!-- This site is optimized with the Yoast SEO Premium plugin v26.1 (Yoast SEO v27.0) - https:\/\/yoast.com\/product\/yoast-seo-premium-wordpress\/ -->\n<title>Le Gouverneur de Tillab\u00e9ri lance les activit\u00e9s comm\u00e9moratives de la Journ\u00e9e mondiale de l\u2019eau, Edition 2024, coupl\u00e9e \u00e0 la Semaine nationale de l\u2019eau - niger<\/title>\n<meta name=\"description\" content=\"Le Gouverneur de la re\u0301gion de Tillabe\u0301ri, le Lieutenant-Colonel.Maina Boukar a pre\u0301side\u0301 ce jeudi 28 mars 2024, dans la ...\" \/>\n<meta name=\"robots\" content=\"index, follow, max-snippet:-1, max-image-preview:large, max-video-preview:-1\" \/>\n<link rel=\"canonical\" href=\"https:\/\/www.africa-press.net\/niger\/toutes-les-actualites\/le-gouverneur-de-tillaberi-lance-les-activites-commemoratives-de-la-journee-mondiale-de-leau-edition-2024-couplee-a-la-semaine-nationale-de-leau\" \/>\n<meta property=\"og:locale\" content=\"fr_FR\" \/>\n<meta property=\"og:type\" content=\"article\" \/>\n<meta property=\"og:title\" content=\"Le Gouverneur de Tillab\u00e9ri lance les activit\u00e9s comm\u00e9moratives de la Journ\u00e9e mondiale de l\u2019eau, Edition 2024, coupl\u00e9e \u00e0 la Semaine nationale de l\u2019eau\" \/>\n<meta property=\"og:description\" content=\"Le Gouverneur de la re\u0301gion de Tillabe\u0301ri, le Lieutenant-Colonel.Maina Boukar a pre\u0301side\u0301 ce jeudi 28 mars 2024, dans la ...\" \/>\n<meta property=\"og:url\" content=\"https:\/\/www.africa-press.net\/niger\/toutes-les-actualites\/le-gouverneur-de-tillaberi-lance-les-activites-commemoratives-de-la-journee-mondiale-de-leau-edition-2024-couplee-a-la-semaine-nationale-de-leau\" \/>\n<meta property=\"og:site_name\" content=\"niger\" \/>\n<meta property=\"article:published_time\" content=\"2024-03-28T20:44:39+00:00\" \/>\n<meta property=\"article:modified_time\" content=\"2024-03-29T15:29:03+00:00\" \/>\n<meta property=\"og:image\" content=\"https:\/\/static.africa-press.net\/niger\/sites\/40\/2024\/03\/sm_1711647186.582179.jpg\" \/>\n\t<meta property=\"og:image:width\" content=\"1080\" \/>\n\t<meta property=\"og:image:height\" content=\"607\" \/>\n\t<meta property=\"og:image:type\" content=\"image\/jpeg\" \/>\n<meta name=\"author\" content=\"cfeditorfr\" \/>\n<meta name=\"twitter:card\" content=\"summary_large_image\" \/>\n<meta name=\"twitter:label1\" content=\"\u00c9crit par\" \/>\n\t<meta name=\"twitter:data1\" content=\"cfeditorfr\" \/>\n\t<meta name=\"twitter:label2\" content=\"Dur\u00e9e de lecture estim\u00e9e\" \/>\n\t<meta name=\"twitter:data2\" content=\"5 minutes\" \/>\n<script type=\"application\/ld+json\" class=\"yoast-schema-graph\">{\"@context\":\"https:\/\/schema.org\",\"@graph\":[{\"@type\":\"Article\",\"@id\":\"https:\/\/www.africa-press.net\/niger\/toutes-les-actualites\/le-gouverneur-de-tillaberi-lance-les-activites-commemoratives-de-la-journee-mondiale-de-leau-edition-2024-couplee-a-la-semaine-nationale-de-leau#article\",\"isPartOf\":{\"@id\":\"https:\/\/www.africa-press.net\/niger\/toutes-les-actualites\/le-gouverneur-de-tillaberi-lance-les-activites-commemoratives-de-la-journee-mondiale-de-leau-edition-2024-couplee-a-la-semaine-nationale-de-leau\"},\"author\":{\"name\":\"cfeditorfr\",\"@id\":\"https:\/\/www.africa-press.net\/niger\/#\/schema\/person\/2b1cf3cd81a31e3cd26889ca66d677f1\"},\"headline\":\"Le Gouverneur de Tillab\u00e9ri lance les activit\u00e9s comm\u00e9moratives de la Journ\u00e9e mondiale de l\u2019eau, Edition 2024, coupl\u00e9e \u00e0 la Semaine nationale de l\u2019eau\",\"datePublished\":\"2024-03-28T20:44:39+00:00\",\"dateModified\":\"2024-03-29T15:29:03+00:00\",\"mainEntityOfPage\":{\"@id\":\"https:\/\/www.africa-press.net\/niger\/toutes-les-actualites\/le-gouverneur-de-tillaberi-lance-les-activites-commemoratives-de-la-journee-mondiale-de-leau-edition-2024-couplee-a-la-semaine-nationale-de-leau\"},\"wordCount\":1108,\"commentCount\":0,\"image\":{\"@id\":\"https:\/\/www.africa-press.net\/niger\/toutes-les-actualites\/le-gouverneur-de-tillaberi-lance-les-activites-commemoratives-de-la-journee-mondiale-de-leau-edition-2024-couplee-a-la-semaine-nationale-de-leau#primaryimage\"},\"thumbnailUrl\":\"https:\/\/static.africa-press.net\/niger\/sites\/40\/2024\/03\/sm_1711647186.582179.jpg\",\"keywords\":[\"Africa Press\",\"Africa Press-Niger\",\"Niger\"],\"articleSection\":[\"Communaut\u00e9\",\"Toutes les actualit\u00e9s\"],\"inLanguage\":\"fr-FR\",\"potentialAction\":[{\"@type\":\"CommentAction\",\"name\":\"Comment\",\"target\":[\"https:\/\/www.africa-press.net\/niger\/toutes-les-actualites\/le-gouverneur-de-tillaberi-lance-les-activites-commemoratives-de-la-journee-mondiale-de-leau-edition-2024-couplee-a-la-semaine-nationale-de-leau#respond\"]}]},{\"@type\":\"WebPage\",\"@id\":\"https:\/\/www.africa-press.net\/niger\/toutes-les-actualites\/le-gouverneur-de-tillaberi-lance-les-activites-commemoratives-de-la-journee-mondiale-de-leau-edition-2024-couplee-a-la-semaine-nationale-de-leau\",\"url\":\"https:\/\/www.africa-press.net\/niger\/toutes-les-actualites\/le-gouverneur-de-tillaberi-lance-les-activites-commemoratives-de-la-journee-mondiale-de-leau-edition-2024-couplee-a-la-semaine-nationale-de-leau\",\"name\":\"Le Gouverneur de Tillab\u00e9ri lance les activit\u00e9s comm\u00e9moratives de la Journ\u00e9e mondiale de l\u2019eau, Edition 2024, coupl\u00e9e \u00e0 la Semaine nationale de l\u2019eau - niger\",\"isPartOf\":{\"@id\":\"https:\/\/www.africa-press.net\/niger\/#website\"},\"primaryImageOfPage\":{\"@id\":\"https:\/\/www.africa-press.net\/niger\/toutes-les-actualites\/le-gouverneur-de-tillaberi-lance-les-activites-commemoratives-de-la-journee-mondiale-de-leau-edition-2024-couplee-a-la-semaine-nationale-de-leau#primaryimage\"},\"image\":{\"@id\":\"https:\/\/www.africa-press.net\/niger\/toutes-les-actualites\/le-gouverneur-de-tillaberi-lance-les-activites-commemoratives-de-la-journee-mondiale-de-leau-edition-2024-couplee-a-la-semaine-nationale-de-leau#primaryimage\"},\"thumbnailUrl\":\"https:\/\/static.africa-press.net\/niger\/sites\/40\/2024\/03\/sm_1711647186.582179.jpg\",\"datePublished\":\"2024-03-28T20:44:39+00:00\",\"dateModified\":\"2024-03-29T15:29:03+00:00\",\"author\":{\"@id\":\"https:\/\/www.africa-press.net\/niger\/#\/schema\/person\/2b1cf3cd81a31e3cd26889ca66d677f1\"},\"description\":\"Le Gouverneur de la re\u0301gion de Tillabe\u0301ri, le Lieutenant-Colonel.Maina Boukar a pre\u0301side\u0301 ce jeudi 28 mars 2024, dans la ...\",\"breadcrumb\":{\"@id\":\"https:\/\/www.africa-press.net\/niger\/toutes-les-actualites\/le-gouverneur-de-tillaberi-lance-les-activites-commemoratives-de-la-journee-mondiale-de-leau-edition-2024-couplee-a-la-semaine-nationale-de-leau#breadcrumb\"},\"inLanguage\":\"fr-FR\",\"potentialAction\":[{\"@type\":\"ReadAction\",\"target\":[\"https:\/\/www.africa-press.net\/niger\/toutes-les-actualites\/le-gouverneur-de-tillaberi-lance-les-activites-commemoratives-de-la-journee-mondiale-de-leau-edition-2024-couplee-a-la-semaine-nationale-de-leau\"]}]},{\"@type\":\"ImageObject\",\"inLanguage\":\"fr-FR\",\"@id\":\"https:\/\/www.africa-press.net\/niger\/toutes-les-actualites\/le-gouverneur-de-tillaberi-lance-les-activites-commemoratives-de-la-journee-mondiale-de-leau-edition-2024-couplee-a-la-semaine-nationale-de-leau#primaryimage\",\"url\":\"https:\/\/static.africa-press.net\/niger\/sites\/40\/2024\/03\/sm_1711647186.582179.jpg\",\"contentUrl\":\"https:\/\/static.africa-press.net\/niger\/sites\/40\/2024\/03\/sm_1711647186.582179.jpg\",\"width\":1080,\"height\":607,\"caption\":\"Le Gouverneur de Tillab\u00e9ri lance les activit\u00e9s comm\u00e9moratives de la Journ\u00e9e mondiale de l\u2019eau, Edition 2024, coupl\u00e9e \u00e0 la Semaine nationale de l\u2019eau\"},{\"@type\":\"BreadcrumbList\",\"@id\":\"https:\/\/www.africa-press.net\/niger\/toutes-les-actualites\/le-gouverneur-de-tillaberi-lance-les-activites-commemoratives-de-la-journee-mondiale-de-leau-edition-2024-couplee-a-la-semaine-nationale-de-leau#breadcrumb\",\"itemListElement\":[{\"@type\":\"ListItem\",\"position\":1,\"name\":\"Accueil\",\"item\":\"https:\/\/www.africa-press.net\/niger\/\"},{\"@type\":\"ListItem\",\"position\":2,\"name\":\"Le Gouverneur de Tillab\u00e9ri lance les activit\u00e9s comm\u00e9moratives de la Journ\u00e9e mondiale de l\u2019eau, Edition 2024, coupl\u00e9e \u00e0 la Semaine nationale de l\u2019eau\"}]},{\"@type\":\"WebSite\",\"@id\":\"https:\/\/www.africa-press.net\/niger\/#website\",\"url\":\"https:\/\/www.africa-press.net\/niger\/\",\"name\":\"niger\",\"description\":\"Just another Africa News Agency Sites site\",\"potentialAction\":[{\"@type\":\"SearchAction\",\"target\":{\"@type\":\"EntryPoint\",\"urlTemplate\":\"https:\/\/www.africa-press.net\/niger\/?s={search_term_string}\"},\"query-input\":{\"@type\":\"PropertyValueSpecification\",\"valueRequired\":true,\"valueName\":\"search_term_string\"}}],\"inLanguage\":\"fr-FR\"},{\"@type\":\"Person\",\"@id\":\"https:\/\/www.africa-press.net\/niger\/#\/schema\/person\/2b1cf3cd81a31e3cd26889ca66d677f1\",\"name\":\"cfeditorfr\"}]}<\/script>\n<!-- \/ Yoast SEO Premium plugin. -->","yoast_head_json":{"title":"Le Gouverneur de Tillab\u00e9ri lance les activit\u00e9s comm\u00e9moratives de la Journ\u00e9e mondiale de l\u2019eau, Edition 2024, coupl\u00e9e \u00e0 la Semaine nationale de l\u2019eau - niger","description":"Le Gouverneur de la re\u0301gion de Tillabe\u0301ri, le Lieutenant-Colonel.Maina Boukar a pre\u0301side\u0301 ce jeudi 28 mars 2024, dans la ...","robots":{"index":"index","follow":"follow","max-snippet":"max-snippet:-1","max-image-preview":"max-image-preview:large","max-video-preview":"max-video-preview:-1"},"canonical":"https:\/\/www.africa-press.net\/niger\/toutes-les-actualites\/le-gouverneur-de-tillaberi-lance-les-activites-commemoratives-de-la-journee-mondiale-de-leau-edition-2024-couplee-a-la-semaine-nationale-de-leau","og_locale":"fr_FR","og_type":"article","og_title":"Le Gouverneur de Tillab\u00e9ri lance les activit\u00e9s comm\u00e9moratives de la Journ\u00e9e mondiale de l\u2019eau, Edition 2024, coupl\u00e9e \u00e0 la Semaine nationale de l\u2019eau","og_description":"Le Gouverneur de la re\u0301gion de Tillabe\u0301ri, le Lieutenant-Colonel.Maina Boukar a pre\u0301side\u0301 ce jeudi 28 mars 2024, dans la ...","og_url":"https:\/\/www.africa-press.net\/niger\/toutes-les-actualites\/le-gouverneur-de-tillaberi-lance-les-activites-commemoratives-de-la-journee-mondiale-de-leau-edition-2024-couplee-a-la-semaine-nationale-de-leau","og_site_name":"niger","article_published_time":"2024-03-28T20:44:39+00:00","article_modified_time":"2024-03-29T15:29:03+00:00","og_image":[{"width":1080,"height":607,"url":"https:\/\/static.africa-press.net\/niger\/sites\/40\/2024\/03\/sm_1711647186.582179.jpg","type":"image\/jpeg"}],"author":"cfeditorfr","twitter_card":"summary_large_image","twitter_misc":{"\u00c9crit par":"cfeditorfr","Dur\u00e9e de lecture estim\u00e9e":"5 minutes"},"schema":{"@context":"https:\/\/schema.org","@graph":[{"@type":"Article","@id":"https:\/\/www.africa-press.net\/niger\/toutes-les-actualites\/le-gouverneur-de-tillaberi-lance-les-activites-commemoratives-de-la-journee-mondiale-de-leau-edition-2024-couplee-a-la-semaine-nationale-de-leau#article","isPartOf":{"@id":"https:\/\/www.africa-press.net\/niger\/toutes-les-actualites\/le-gouverneur-de-tillaberi-lance-les-activites-commemoratives-de-la-journee-mondiale-de-leau-edition-2024-couplee-a-la-semaine-nationale-de-leau"},"author":{"name":"cfeditorfr","@id":"https:\/\/www.africa-press.net\/niger\/#\/schema\/person\/2b1cf3cd81a31e3cd26889ca66d677f1"},"headline":"Le Gouverneur de Tillab\u00e9ri lance les activit\u00e9s comm\u00e9moratives de la Journ\u00e9e mondiale de l\u2019eau, Edition 2024, coupl\u00e9e \u00e0 la Semaine nationale de l\u2019eau","datePublished":"2024-03-28T20:44:39+00:00","dateModified":"2024-03-29T15:29:03+00:00","mainEntityOfPage":{"@id":"https:\/\/www.africa-press.net\/niger\/toutes-les-actualites\/le-gouverneur-de-tillaberi-lance-les-activites-commemoratives-de-la-journee-mondiale-de-leau-edition-2024-couplee-a-la-semaine-nationale-de-leau"},"wordCount":1108,"commentCount":0,"image":{"@id":"https:\/\/www.africa-press.net\/niger\/toutes-les-actualites\/le-gouverneur-de-tillaberi-lance-les-activites-commemoratives-de-la-journee-mondiale-de-leau-edition-2024-couplee-a-la-semaine-nationale-de-leau#primaryimage"},"thumbnailUrl":"https:\/\/static.africa-press.net\/niger\/sites\/40\/2024\/03\/sm_1711647186.582179.jpg","keywords":["Africa Press","Africa Press-Niger","Niger"],"articleSection":["Communaut\u00e9","Toutes les actualit\u00e9s"],"inLanguage":"fr-FR","potentialAction":[{"@type":"CommentAction","name":"Comment","target":["https:\/\/www.africa-press.net\/niger\/toutes-les-actualites\/le-gouverneur-de-tillaberi-lance-les-activites-commemoratives-de-la-journee-mondiale-de-leau-edition-2024-couplee-a-la-semaine-nationale-de-leau#respond"]}]},{"@type":"WebPage","@id":"https:\/\/www.africa-press.net\/niger\/toutes-les-actualites\/le-gouverneur-de-tillaberi-lance-les-activites-commemoratives-de-la-journee-mondiale-de-leau-edition-2024-couplee-a-la-semaine-nationale-de-leau","url":"https:\/\/www.africa-press.net\/niger\/toutes-les-actualites\/le-gouverneur-de-tillaberi-lance-les-activites-commemoratives-de-la-journee-mondiale-de-leau-edition-2024-couplee-a-la-semaine-nationale-de-leau","name":"Le Gouverneur de Tillab\u00e9ri lance les activit\u00e9s comm\u00e9moratives de la Journ\u00e9e mondiale de l\u2019eau, Edition 2024, coupl\u00e9e \u00e0 la Semaine nationale de l\u2019eau - niger","isPartOf":{"@id":"https:\/\/www.africa-press.net\/niger\/#website"},"primaryImageOfPage":{"@id":"https:\/\/www.africa-press.net\/niger\/toutes-les-actualites\/le-gouverneur-de-tillaberi-lance-les-activites-commemoratives-de-la-journee-mondiale-de-leau-edition-2024-couplee-a-la-semaine-nationale-de-leau#primaryimage"},"image":{"@id":"https:\/\/www.africa-press.net\/niger\/toutes-les-actualites\/le-gouverneur-de-tillaberi-lance-les-activites-commemoratives-de-la-journee-mondiale-de-leau-edition-2024-couplee-a-la-semaine-nationale-de-leau#primaryimage"},"thumbnailUrl":"https:\/\/static.africa-press.net\/niger\/sites\/40\/2024\/03\/sm_1711647186.582179.jpg","datePublished":"2024-03-28T20:44:39+00:00","dateModified":"2024-03-29T15:29:03+00:00","author":{"@id":"https:\/\/www.africa-press.net\/niger\/#\/schema\/person\/2b1cf3cd81a31e3cd26889ca66d677f1"},"description":"Le Gouverneur de la re\u0301gion de Tillabe\u0301ri, le Lieutenant-Colonel.Maina Boukar a pre\u0301side\u0301 ce jeudi 28 mars 2024, dans la ...","breadcrumb":{"@id":"https:\/\/www.africa-press.net\/niger\/toutes-les-actualites\/le-gouverneur-de-tillaberi-lance-les-activites-commemoratives-de-la-journee-mondiale-de-leau-edition-2024-couplee-a-la-semaine-nationale-de-leau#breadcrumb"},"inLanguage":"fr-FR","potentialAction":[{"@type":"ReadAction","target":["https:\/\/www.africa-press.net\/niger\/toutes-les-actualites\/le-gouverneur-de-tillaberi-lance-les-activites-commemoratives-de-la-journee-mondiale-de-leau-edition-2024-couplee-a-la-semaine-nationale-de-leau"]}]},{"@type":"ImageObject","inLanguage":"fr-FR","@id":"https:\/\/www.africa-press.net\/niger\/toutes-les-actualites\/le-gouverneur-de-tillaberi-lance-les-activites-commemoratives-de-la-journee-mondiale-de-leau-edition-2024-couplee-a-la-semaine-nationale-de-leau#primaryimage","url":"https:\/\/static.africa-press.net\/niger\/sites\/40\/2024\/03\/sm_1711647186.582179.jpg","contentUrl":"https:\/\/static.africa-press.net\/niger\/sites\/40\/2024\/03\/sm_1711647186.582179.jpg","width":1080,"height":607,"caption":"Le Gouverneur de Tillab\u00e9ri lance les activit\u00e9s comm\u00e9moratives de la Journ\u00e9e mondiale de l\u2019eau, Edition 2024, coupl\u00e9e \u00e0 la Semaine nationale de l\u2019eau"},{"@type":"BreadcrumbList","@id":"https:\/\/www.africa-press.net\/niger\/toutes-les-actualites\/le-gouverneur-de-tillaberi-lance-les-activites-commemoratives-de-la-journee-mondiale-de-leau-edition-2024-couplee-a-la-semaine-nationale-de-leau#breadcrumb","itemListElement":[{"@type":"ListItem","position":1,"name":"Accueil","item":"https:\/\/www.africa-press.net\/niger\/"},{"@type":"ListItem","position":2,"name":"Le Gouverneur de Tillab\u00e9ri lance les activit\u00e9s comm\u00e9moratives de la Journ\u00e9e mondiale de l\u2019eau, Edition 2024, coupl\u00e9e \u00e0 la Semaine nationale de l\u2019eau"}]},{"@type":"WebSite","@id":"https:\/\/www.africa-press.net\/niger\/#website","url":"https:\/\/www.africa-press.net\/niger\/","name":"niger","description":"Just another Africa News Agency Sites site","potentialAction":[{"@type":"SearchAction","target":{"@type":"EntryPoint","urlTemplate":"https:\/\/www.africa-press.net\/niger\/?s={search_term_string}"},"query-input":{"@type":"PropertyValueSpecification","valueRequired":true,"valueName":"search_term_string"}}],"inLanguage":"fr-FR"},{"@type":"Person","@id":"https:\/\/www.africa-press.net\/niger\/#\/schema\/person\/2b1cf3cd81a31e3cd26889ca66d677f1","name":"cfeditorfr"}]}},"_links":{"self":[{"href":"https:\/\/www.africa-press.net\/niger\/wp-json\/wp\/v2\/posts\/60712","targetHints":{"allow":["GET"]}}],"collection":[{"href":"https:\/\/www.africa-press.net\/niger\/wp-json\/wp\/v2\/posts"}],"about":[{"href":"https:\/\/www.africa-press.net\/niger\/wp-json\/wp\/v2\/types\/post"}],"author":[{"embeddable":true,"href":"https:\/\/www.africa-press.net\/niger\/wp-json\/wp\/v2\/users\/82"}],"replies":[{"embeddable":true,"href":"https:\/\/www.africa-press.net\/niger\/wp-json\/wp\/v2\/comments?post=60712"}],"version-history":[{"count":0,"href":"https:\/\/www.africa-press.net\/niger\/wp-json\/wp\/v2\/posts\/60712\/revisions"}],"wp:featuredmedia":[{"embeddable":true,"href":"https:\/\/www.africa-press.net\/niger\/wp-json\/wp\/v2\/media\/60711"}],"wp:attachment":[{"href":"https:\/\/www.africa-press.net\/niger\/wp-json\/wp\/v2\/media?parent=60712"}],"wp:term":[{"taxonomy":"category","embeddable":true,"href":"https:\/\/www.africa-press.net\/niger\/wp-json\/wp\/v2\/categories?post=60712"},{"taxonomy":"post_tag","embeddable":true,"href":"https:\/\/www.africa-press.net\/niger\/wp-json\/wp\/v2\/tags?post=60712"}],"curies":[{"name":"wp","href":"https:\/\/api.w.org\/{rel}","templated":true}]}}