{"id":61177,"date":"2024-04-06T17:31:07","date_gmt":"2024-04-06T17:31:07","guid":{"rendered":"https:\/\/www.africa-press.net\/niger\/politique\/76eme-edition-de-la-journee-mondiale-de-la-sante-mobilisation-de-la-population-mondiale-autour-des-enjeux-de-sante-publique"},"modified":"2024-04-06T18:10:04","modified_gmt":"2024-04-06T18:10:04","slug":"76eme-edition-de-la-journee-mondiale-de-la-sante-mobilisation-de-la-population-mondiale-autour-des-enjeux-de-sante-publique","status":"publish","type":"post","link":"https:\/\/www.africa-press.net\/niger\/toutes-les-actualites\/76eme-edition-de-la-journee-mondiale-de-la-sante-mobilisation-de-la-population-mondiale-autour-des-enjeux-de-sante-publique","title":{"rendered":"76\u00e8me \u00e9dition de la journ\u00e9e mondiale de la sant\u00e9 : Mobilisation de la population mondiale autour des enjeux de sant\u00e9 publique"},"content":{"rendered":"<p><span style=\"color: #ff6600\"><strong>Africa-Press &#8211; Niger. <\/strong><\/span>A l\u2019instar de la communaute\u0301 internationale, le Niger ce\u0301le\u0300bre ce 7 avril la 76e\u0300me e\u0301dition de la journe\u0301e mondiale de la sante\u0301, journe\u0301e mise a\u0300 profit pour sensibiliser et mobiliser la population mondiale autour des enjeux de sante\u0301 publique. Cette anne\u0301e, le the\u0300me choisi est: \u00ab ma sante\u0301, mon droit \u00bb. A cette occasion, le ministre de la Sante\u0301 Publique, de la Population et des Affaires Sociales, le Me\u0301decin Colonel major Garba Hakimi a livre\u0301 un message.<\/p>\n<p>Cette journe\u0301e est l\u2019occasion de mettre en lumie\u0300re les de\u0301fis persistants auxquels le Niger est confronte\u0301 en matie\u0300re de sante\u0301 publique, tout en mettant l\u2019accent sur les progre\u0300s re\u0301alise\u0301s et les actions a\u0300 entreprendre pour garantir un acce\u0300s e\u0301quitable aux services de sante\u0301 pour tous les citoyens et acce\u0301le\u0301rer notre marche vers la couverture sanitaire universelle.<\/p>\n<p>Dans les efforts d\u2019ame\u0301lioration d\u2019acce\u0300s de la population aux services et soins de sante\u0301 de qualite\u0301, le me\u0301decin colonel major Garba Hakimi a dit que son de\u0301partement ministe\u0301riel a initie\u0301 et mis en \u0153uvre plusieurs re\u0301formes du syste\u0300me de sante\u0301 dans le but de garantir le droit a\u0300 la sante\u0301 pour tous. C\u2019est ainsi qu\u2019il a cite\u0301 la loi sur les principes fondamentaux de la sante\u0301 et de l\u2019hygie\u0300ne publique, l\u2019adoption et la mise en \u0153uvre d\u2019une strate\u0301gie nationale de la couverture sanitaire universelle, les gratuite\u0301s cible\u0301es des soins de sante\u0301 au profit de certains groupes spe\u0301cifiques, l\u2019ame\u0301lioration de la couverture sanitaire a\u0300 travers la construction de plusieurs centres de sante\u0301 et la mise en place de l\u2019Agence Nige\u0301rienne de Re\u0300glementation Pharmaceutique en vue d\u2019assurer un approvisionnement en produits de sante\u0301 de qualite\u0301.<\/p>\n<p>&nbsp;<\/p>\n<p><strong>Pour plus d&rsquo;informations et d&rsquo;analyses sur la <a href=\"https:\/\/www.africa-press.net\/niger\">Niger<\/a>, suivez <a href=\"https:\/\/www.africa-press.net\/\">Africa-Press<\/a><\/strong><\/p>\n","protected":false},"excerpt":{"rendered":"<p>Africa-Press &#8211; Niger. A l\u2019instar de la communaute\u0301 internationale, le Niger ce\u0301le\u0300bre ce 7 avril la 76e\u0300me e\u0301dition de la journe\u0301e mondiale de la sante\u0301, journe\u0301e mise a\u0300 profit pour sensibiliser et mobiliser la population mondiale autour des enjeux de sante\u0301 publique. Cette anne\u0301e, le the\u0300me choisi est: \u00ab ma sante\u0301, mon droit \u00bb. A [&hellip;]<\/p>\n","protected":false},"author":82,"featured_media":61176,"comment_status":"open","ping_status":"closed","sticky":false,"template":"","format":"standard","meta":{"footnotes":""},"categories":[21,10],"tags":[55,60,29],"class_list":["post-61177","post","type-post","status-publish","format-standard","has-post-thumbnail","hentry","category-communaute","category-toutes-les-actualites","tag-africa-press","tag-africa-press-niger","tag-niger"],"yoast_head":"<!-- This site is optimized with the Yoast SEO Premium plugin v26.1 (Yoast SEO v27.0) - https:\/\/yoast.com\/product\/yoast-seo-premium-wordpress\/ -->\n<title>76\u00e8me \u00e9dition de la journ\u00e9e mondiale de la sant\u00e9 : Mobilisation de la population mondiale autour des enjeux de sant\u00e9 publique - niger<\/title>\n<meta name=\"description\" content=\"A l\u2019instar de la communaute\u0301 internationale, le Niger ce\u0301le\u0300bre ce 7 avril la 76e\u0300me e\u0301dition de la journe\u0301e mondiale de ...\" \/>\n<meta name=\"robots\" content=\"index, follow, max-snippet:-1, max-image-preview:large, max-video-preview:-1\" \/>\n<link rel=\"canonical\" href=\"https:\/\/www.africa-press.net\/niger\/toutes-les-actualites\/76eme-edition-de-la-journee-mondiale-de-la-sante-mobilisation-de-la-population-mondiale-autour-des-enjeux-de-sante-publique\" \/>\n<meta property=\"og:locale\" content=\"fr_FR\" \/>\n<meta property=\"og:type\" content=\"article\" \/>\n<meta property=\"og:title\" content=\"76\u00e8me \u00e9dition de la journ\u00e9e mondiale de la sant\u00e9 : Mobilisation de la population mondiale autour des enjeux de sant\u00e9 publique\" \/>\n<meta property=\"og:description\" content=\"A l\u2019instar de la communaute\u0301 internationale, le Niger ce\u0301le\u0300bre ce 7 avril la 76e\u0300me e\u0301dition de la journe\u0301e mondiale de ...\" \/>\n<meta property=\"og:url\" content=\"https:\/\/www.africa-press.net\/niger\/toutes-les-actualites\/76eme-edition-de-la-journee-mondiale-de-la-sante-mobilisation-de-la-population-mondiale-autour-des-enjeux-de-sante-publique\" \/>\n<meta property=\"og:site_name\" content=\"niger\" \/>\n<meta property=\"article:published_time\" content=\"2024-04-06T17:31:07+00:00\" \/>\n<meta property=\"article:modified_time\" content=\"2024-04-06T18:10:04+00:00\" \/>\n<meta property=\"og:image\" content=\"https:\/\/static.africa-press.net\/niger\/sites\/40\/2024\/04\/sm_1712414302.601551.jpg\" \/>\n\t<meta property=\"og:image:width\" content=\"800\" \/>\n\t<meta property=\"og:image:height\" content=\"533\" \/>\n\t<meta property=\"og:image:type\" content=\"image\/jpeg\" \/>\n<meta name=\"author\" content=\"cfeditorfr\" \/>\n<meta name=\"twitter:card\" content=\"summary_large_image\" \/>\n<meta name=\"twitter:label1\" content=\"\u00c9crit par\" \/>\n\t<meta name=\"twitter:data1\" content=\"cfeditorfr\" \/>\n\t<meta name=\"twitter:label2\" content=\"Dur\u00e9e de lecture estim\u00e9e\" \/>\n\t<meta name=\"twitter:data2\" content=\"2 minutes\" \/>\n<script type=\"application\/ld+json\" class=\"yoast-schema-graph\">{\"@context\":\"https:\/\/schema.org\",\"@graph\":[{\"@type\":\"Article\",\"@id\":\"https:\/\/www.africa-press.net\/niger\/toutes-les-actualites\/76eme-edition-de-la-journee-mondiale-de-la-sante-mobilisation-de-la-population-mondiale-autour-des-enjeux-de-sante-publique#article\",\"isPartOf\":{\"@id\":\"https:\/\/www.africa-press.net\/niger\/toutes-les-actualites\/76eme-edition-de-la-journee-mondiale-de-la-sante-mobilisation-de-la-population-mondiale-autour-des-enjeux-de-sante-publique\"},\"author\":{\"name\":\"cfeditorfr\",\"@id\":\"https:\/\/www.africa-press.net\/niger\/#\/schema\/person\/2b1cf3cd81a31e3cd26889ca66d677f1\"},\"headline\":\"76\u00e8me \u00e9dition de la journ\u00e9e mondiale de la sant\u00e9 : Mobilisation de la population mondiale autour des enjeux de sant\u00e9 publique\",\"datePublished\":\"2024-04-06T17:31:07+00:00\",\"dateModified\":\"2024-04-06T18:10:04+00:00\",\"mainEntityOfPage\":{\"@id\":\"https:\/\/www.africa-press.net\/niger\/toutes-les-actualites\/76eme-edition-de-la-journee-mondiale-de-la-sante-mobilisation-de-la-population-mondiale-autour-des-enjeux-de-sante-publique\"},\"wordCount\":348,\"commentCount\":0,\"image\":{\"@id\":\"https:\/\/www.africa-press.net\/niger\/toutes-les-actualites\/76eme-edition-de-la-journee-mondiale-de-la-sante-mobilisation-de-la-population-mondiale-autour-des-enjeux-de-sante-publique#primaryimage\"},\"thumbnailUrl\":\"https:\/\/static.africa-press.net\/niger\/sites\/40\/2024\/04\/sm_1712414302.601551.jpg\",\"keywords\":[\"Africa Press\",\"Africa Press-Niger\",\"Niger\"],\"articleSection\":[\"Communaut\u00e9\",\"Toutes les actualit\u00e9s\"],\"inLanguage\":\"fr-FR\",\"potentialAction\":[{\"@type\":\"CommentAction\",\"name\":\"Comment\",\"target\":[\"https:\/\/www.africa-press.net\/niger\/toutes-les-actualites\/76eme-edition-de-la-journee-mondiale-de-la-sante-mobilisation-de-la-population-mondiale-autour-des-enjeux-de-sante-publique#respond\"]}]},{\"@type\":\"WebPage\",\"@id\":\"https:\/\/www.africa-press.net\/niger\/toutes-les-actualites\/76eme-edition-de-la-journee-mondiale-de-la-sante-mobilisation-de-la-population-mondiale-autour-des-enjeux-de-sante-publique\",\"url\":\"https:\/\/www.africa-press.net\/niger\/toutes-les-actualites\/76eme-edition-de-la-journee-mondiale-de-la-sante-mobilisation-de-la-population-mondiale-autour-des-enjeux-de-sante-publique\",\"name\":\"76\u00e8me \u00e9dition de la journ\u00e9e mondiale de la sant\u00e9 : Mobilisation de la population mondiale autour des enjeux de sant\u00e9 publique - niger\",\"isPartOf\":{\"@id\":\"https:\/\/www.africa-press.net\/niger\/#website\"},\"primaryImageOfPage\":{\"@id\":\"https:\/\/www.africa-press.net\/niger\/toutes-les-actualites\/76eme-edition-de-la-journee-mondiale-de-la-sante-mobilisation-de-la-population-mondiale-autour-des-enjeux-de-sante-publique#primaryimage\"},\"image\":{\"@id\":\"https:\/\/www.africa-press.net\/niger\/toutes-les-actualites\/76eme-edition-de-la-journee-mondiale-de-la-sante-mobilisation-de-la-population-mondiale-autour-des-enjeux-de-sante-publique#primaryimage\"},\"thumbnailUrl\":\"https:\/\/static.africa-press.net\/niger\/sites\/40\/2024\/04\/sm_1712414302.601551.jpg\",\"datePublished\":\"2024-04-06T17:31:07+00:00\",\"dateModified\":\"2024-04-06T18:10:04+00:00\",\"author\":{\"@id\":\"https:\/\/www.africa-press.net\/niger\/#\/schema\/person\/2b1cf3cd81a31e3cd26889ca66d677f1\"},\"description\":\"A l\u2019instar de la communaute\u0301 internationale, le Niger ce\u0301le\u0300bre ce 7 avril la 76e\u0300me e\u0301dition de la journe\u0301e mondiale de ...\",\"breadcrumb\":{\"@id\":\"https:\/\/www.africa-press.net\/niger\/toutes-les-actualites\/76eme-edition-de-la-journee-mondiale-de-la-sante-mobilisation-de-la-population-mondiale-autour-des-enjeux-de-sante-publique#breadcrumb\"},\"inLanguage\":\"fr-FR\",\"potentialAction\":[{\"@type\":\"ReadAction\",\"target\":[\"https:\/\/www.africa-press.net\/niger\/toutes-les-actualites\/76eme-edition-de-la-journee-mondiale-de-la-sante-mobilisation-de-la-population-mondiale-autour-des-enjeux-de-sante-publique\"]}]},{\"@type\":\"ImageObject\",\"inLanguage\":\"fr-FR\",\"@id\":\"https:\/\/www.africa-press.net\/niger\/toutes-les-actualites\/76eme-edition-de-la-journee-mondiale-de-la-sante-mobilisation-de-la-population-mondiale-autour-des-enjeux-de-sante-publique#primaryimage\",\"url\":\"https:\/\/static.africa-press.net\/niger\/sites\/40\/2024\/04\/sm_1712414302.601551.jpg\",\"contentUrl\":\"https:\/\/static.africa-press.net\/niger\/sites\/40\/2024\/04\/sm_1712414302.601551.jpg\",\"width\":800,\"height\":533,\"caption\":\"76\u00e8me \u00e9dition de la journ\u00e9e mondiale de la sant\u00e9 : Mobilisation de la population mondiale autour des enjeux de sant\u00e9 publique\"},{\"@type\":\"BreadcrumbList\",\"@id\":\"https:\/\/www.africa-press.net\/niger\/toutes-les-actualites\/76eme-edition-de-la-journee-mondiale-de-la-sante-mobilisation-de-la-population-mondiale-autour-des-enjeux-de-sante-publique#breadcrumb\",\"itemListElement\":[{\"@type\":\"ListItem\",\"position\":1,\"name\":\"Accueil\",\"item\":\"https:\/\/www.africa-press.net\/niger\/\"},{\"@type\":\"ListItem\",\"position\":2,\"name\":\"76\u00e8me \u00e9dition de la journ\u00e9e mondiale de la sant\u00e9 : Mobilisation de la population mondiale autour des enjeux de sant\u00e9 publique\"}]},{\"@type\":\"WebSite\",\"@id\":\"https:\/\/www.africa-press.net\/niger\/#website\",\"url\":\"https:\/\/www.africa-press.net\/niger\/\",\"name\":\"niger\",\"description\":\"Just another Africa News Agency Sites site\",\"potentialAction\":[{\"@type\":\"SearchAction\",\"target\":{\"@type\":\"EntryPoint\",\"urlTemplate\":\"https:\/\/www.africa-press.net\/niger\/?s={search_term_string}\"},\"query-input\":{\"@type\":\"PropertyValueSpecification\",\"valueRequired\":true,\"valueName\":\"search_term_string\"}}],\"inLanguage\":\"fr-FR\"},{\"@type\":\"Person\",\"@id\":\"https:\/\/www.africa-press.net\/niger\/#\/schema\/person\/2b1cf3cd81a31e3cd26889ca66d677f1\",\"name\":\"cfeditorfr\"}]}<\/script>\n<!-- \/ Yoast SEO Premium plugin. -->","yoast_head_json":{"title":"76\u00e8me \u00e9dition de la journ\u00e9e mondiale de la sant\u00e9 : Mobilisation de la population mondiale autour des enjeux de sant\u00e9 publique - niger","description":"A l\u2019instar de la communaute\u0301 internationale, le Niger ce\u0301le\u0300bre ce 7 avril la 76e\u0300me e\u0301dition de la journe\u0301e mondiale de ...","robots":{"index":"index","follow":"follow","max-snippet":"max-snippet:-1","max-image-preview":"max-image-preview:large","max-video-preview":"max-video-preview:-1"},"canonical":"https:\/\/www.africa-press.net\/niger\/toutes-les-actualites\/76eme-edition-de-la-journee-mondiale-de-la-sante-mobilisation-de-la-population-mondiale-autour-des-enjeux-de-sante-publique","og_locale":"fr_FR","og_type":"article","og_title":"76\u00e8me \u00e9dition de la journ\u00e9e mondiale de la sant\u00e9 : Mobilisation de la population mondiale autour des enjeux de sant\u00e9 publique","og_description":"A l\u2019instar de la communaute\u0301 internationale, le Niger ce\u0301le\u0300bre ce 7 avril la 76e\u0300me e\u0301dition de la journe\u0301e mondiale de ...","og_url":"https:\/\/www.africa-press.net\/niger\/toutes-les-actualites\/76eme-edition-de-la-journee-mondiale-de-la-sante-mobilisation-de-la-population-mondiale-autour-des-enjeux-de-sante-publique","og_site_name":"niger","article_published_time":"2024-04-06T17:31:07+00:00","article_modified_time":"2024-04-06T18:10:04+00:00","og_image":[{"width":800,"height":533,"url":"https:\/\/static.africa-press.net\/niger\/sites\/40\/2024\/04\/sm_1712414302.601551.jpg","type":"image\/jpeg"}],"author":"cfeditorfr","twitter_card":"summary_large_image","twitter_misc":{"\u00c9crit par":"cfeditorfr","Dur\u00e9e de lecture estim\u00e9e":"2 minutes"},"schema":{"@context":"https:\/\/schema.org","@graph":[{"@type":"Article","@id":"https:\/\/www.africa-press.net\/niger\/toutes-les-actualites\/76eme-edition-de-la-journee-mondiale-de-la-sante-mobilisation-de-la-population-mondiale-autour-des-enjeux-de-sante-publique#article","isPartOf":{"@id":"https:\/\/www.africa-press.net\/niger\/toutes-les-actualites\/76eme-edition-de-la-journee-mondiale-de-la-sante-mobilisation-de-la-population-mondiale-autour-des-enjeux-de-sante-publique"},"author":{"name":"cfeditorfr","@id":"https:\/\/www.africa-press.net\/niger\/#\/schema\/person\/2b1cf3cd81a31e3cd26889ca66d677f1"},"headline":"76\u00e8me \u00e9dition de la journ\u00e9e mondiale de la sant\u00e9 : Mobilisation de la population mondiale autour des enjeux de sant\u00e9 publique","datePublished":"2024-04-06T17:31:07+00:00","dateModified":"2024-04-06T18:10:04+00:00","mainEntityOfPage":{"@id":"https:\/\/www.africa-press.net\/niger\/toutes-les-actualites\/76eme-edition-de-la-journee-mondiale-de-la-sante-mobilisation-de-la-population-mondiale-autour-des-enjeux-de-sante-publique"},"wordCount":348,"commentCount":0,"image":{"@id":"https:\/\/www.africa-press.net\/niger\/toutes-les-actualites\/76eme-edition-de-la-journee-mondiale-de-la-sante-mobilisation-de-la-population-mondiale-autour-des-enjeux-de-sante-publique#primaryimage"},"thumbnailUrl":"https:\/\/static.africa-press.net\/niger\/sites\/40\/2024\/04\/sm_1712414302.601551.jpg","keywords":["Africa Press","Africa Press-Niger","Niger"],"articleSection":["Communaut\u00e9","Toutes les actualit\u00e9s"],"inLanguage":"fr-FR","potentialAction":[{"@type":"CommentAction","name":"Comment","target":["https:\/\/www.africa-press.net\/niger\/toutes-les-actualites\/76eme-edition-de-la-journee-mondiale-de-la-sante-mobilisation-de-la-population-mondiale-autour-des-enjeux-de-sante-publique#respond"]}]},{"@type":"WebPage","@id":"https:\/\/www.africa-press.net\/niger\/toutes-les-actualites\/76eme-edition-de-la-journee-mondiale-de-la-sante-mobilisation-de-la-population-mondiale-autour-des-enjeux-de-sante-publique","url":"https:\/\/www.africa-press.net\/niger\/toutes-les-actualites\/76eme-edition-de-la-journee-mondiale-de-la-sante-mobilisation-de-la-population-mondiale-autour-des-enjeux-de-sante-publique","name":"76\u00e8me \u00e9dition de la journ\u00e9e mondiale de la sant\u00e9 : Mobilisation de la population mondiale autour des enjeux de sant\u00e9 publique - niger","isPartOf":{"@id":"https:\/\/www.africa-press.net\/niger\/#website"},"primaryImageOfPage":{"@id":"https:\/\/www.africa-press.net\/niger\/toutes-les-actualites\/76eme-edition-de-la-journee-mondiale-de-la-sante-mobilisation-de-la-population-mondiale-autour-des-enjeux-de-sante-publique#primaryimage"},"image":{"@id":"https:\/\/www.africa-press.net\/niger\/toutes-les-actualites\/76eme-edition-de-la-journee-mondiale-de-la-sante-mobilisation-de-la-population-mondiale-autour-des-enjeux-de-sante-publique#primaryimage"},"thumbnailUrl":"https:\/\/static.africa-press.net\/niger\/sites\/40\/2024\/04\/sm_1712414302.601551.jpg","datePublished":"2024-04-06T17:31:07+00:00","dateModified":"2024-04-06T18:10:04+00:00","author":{"@id":"https:\/\/www.africa-press.net\/niger\/#\/schema\/person\/2b1cf3cd81a31e3cd26889ca66d677f1"},"description":"A l\u2019instar de la communaute\u0301 internationale, le Niger ce\u0301le\u0300bre ce 7 avril la 76e\u0300me e\u0301dition de la journe\u0301e mondiale de ...","breadcrumb":{"@id":"https:\/\/www.africa-press.net\/niger\/toutes-les-actualites\/76eme-edition-de-la-journee-mondiale-de-la-sante-mobilisation-de-la-population-mondiale-autour-des-enjeux-de-sante-publique#breadcrumb"},"inLanguage":"fr-FR","potentialAction":[{"@type":"ReadAction","target":["https:\/\/www.africa-press.net\/niger\/toutes-les-actualites\/76eme-edition-de-la-journee-mondiale-de-la-sante-mobilisation-de-la-population-mondiale-autour-des-enjeux-de-sante-publique"]}]},{"@type":"ImageObject","inLanguage":"fr-FR","@id":"https:\/\/www.africa-press.net\/niger\/toutes-les-actualites\/76eme-edition-de-la-journee-mondiale-de-la-sante-mobilisation-de-la-population-mondiale-autour-des-enjeux-de-sante-publique#primaryimage","url":"https:\/\/static.africa-press.net\/niger\/sites\/40\/2024\/04\/sm_1712414302.601551.jpg","contentUrl":"https:\/\/static.africa-press.net\/niger\/sites\/40\/2024\/04\/sm_1712414302.601551.jpg","width":800,"height":533,"caption":"76\u00e8me \u00e9dition de la journ\u00e9e mondiale de la sant\u00e9 : Mobilisation de la population mondiale autour des enjeux de sant\u00e9 publique"},{"@type":"BreadcrumbList","@id":"https:\/\/www.africa-press.net\/niger\/toutes-les-actualites\/76eme-edition-de-la-journee-mondiale-de-la-sante-mobilisation-de-la-population-mondiale-autour-des-enjeux-de-sante-publique#breadcrumb","itemListElement":[{"@type":"ListItem","position":1,"name":"Accueil","item":"https:\/\/www.africa-press.net\/niger\/"},{"@type":"ListItem","position":2,"name":"76\u00e8me \u00e9dition de la journ\u00e9e mondiale de la sant\u00e9 : Mobilisation de la population mondiale autour des enjeux de sant\u00e9 publique"}]},{"@type":"WebSite","@id":"https:\/\/www.africa-press.net\/niger\/#website","url":"https:\/\/www.africa-press.net\/niger\/","name":"niger","description":"Just another Africa News Agency Sites site","potentialAction":[{"@type":"SearchAction","target":{"@type":"EntryPoint","urlTemplate":"https:\/\/www.africa-press.net\/niger\/?s={search_term_string}"},"query-input":{"@type":"PropertyValueSpecification","valueRequired":true,"valueName":"search_term_string"}}],"inLanguage":"fr-FR"},{"@type":"Person","@id":"https:\/\/www.africa-press.net\/niger\/#\/schema\/person\/2b1cf3cd81a31e3cd26889ca66d677f1","name":"cfeditorfr"}]}},"_links":{"self":[{"href":"https:\/\/www.africa-press.net\/niger\/wp-json\/wp\/v2\/posts\/61177","targetHints":{"allow":["GET"]}}],"collection":[{"href":"https:\/\/www.africa-press.net\/niger\/wp-json\/wp\/v2\/posts"}],"about":[{"href":"https:\/\/www.africa-press.net\/niger\/wp-json\/wp\/v2\/types\/post"}],"author":[{"embeddable":true,"href":"https:\/\/www.africa-press.net\/niger\/wp-json\/wp\/v2\/users\/82"}],"replies":[{"embeddable":true,"href":"https:\/\/www.africa-press.net\/niger\/wp-json\/wp\/v2\/comments?post=61177"}],"version-history":[{"count":0,"href":"https:\/\/www.africa-press.net\/niger\/wp-json\/wp\/v2\/posts\/61177\/revisions"}],"wp:featuredmedia":[{"embeddable":true,"href":"https:\/\/www.africa-press.net\/niger\/wp-json\/wp\/v2\/media\/61176"}],"wp:attachment":[{"href":"https:\/\/www.africa-press.net\/niger\/wp-json\/wp\/v2\/media?parent=61177"}],"wp:term":[{"taxonomy":"category","embeddable":true,"href":"https:\/\/www.africa-press.net\/niger\/wp-json\/wp\/v2\/categories?post=61177"},{"taxonomy":"post_tag","embeddable":true,"href":"https:\/\/www.africa-press.net\/niger\/wp-json\/wp\/v2\/tags?post=61177"}],"curies":[{"name":"wp","href":"https:\/\/api.w.org\/{rel}","templated":true}]}}