{"id":61204,"date":"2024-04-07T17:35:06","date_gmt":"2024-04-07T17:35:06","guid":{"rendered":"https:\/\/www.africa-press.net\/niger\/politique\/lambassadeur-du-niger-en-algerie-convoque-apres-une-mesure-similaire-de-niamey"},"modified":"2024-04-07T18:03:44","modified_gmt":"2024-04-07T18:03:44","slug":"lambassadeur-du-niger-en-algerie-convoque-apres-une-mesure-similaire-de-niamey","status":"publish","type":"post","link":"https:\/\/www.africa-press.net\/niger\/politique\/lambassadeur-du-niger-en-algerie-convoque-apres-une-mesure-similaire-de-niamey","title":{"rendered":"L\u2019ambassadeur du Niger en Alg\u00e9rie convoqu\u00e9 apr\u00e8s une mesure similaire de Niamey"},"content":{"rendered":"<p><span style=\"color: #ff6600\"><strong>Africa-Press &#8211; Niger. <\/strong><\/span><b>Niamey avait convoque\u0301 mercredi l\u2019ambassadeur d\u2019Alge\u0301rie pour protester contre \u00ab le caracte\u0300re violent \u00bb des ope\u0301rations de refoulement de milliers de migrants ouest-africains par l\u2019Alge\u0301rie vers le Niger.<\/b><\/p>\n<p>Le ministe\u0300re alge\u0301rien des Affaires e\u0301trange\u0300res a annonce\u0301 samedi 6 avril avoir convoque\u0301 l\u2019ambassadeur du Niger a\u0300 Alger au sujet du \u00ab rapatriement des ressortissants nige\u0301riens se\u0301journant de manie\u0300re irre\u0301gulie\u0300re \u00bb en Alge\u0301rie, apre\u0300s la convocation par Niamey de l\u2019ambassadeur alge\u0301rien au Niger.<\/p>\n<p>L\u2019Alge\u0301rie est devenue ces dernie\u0300res anne\u0301es une destination privile\u0301gie\u0301e pour des migrants en situation irre\u0301gulie\u0300re originaires d\u2019Afrique de l\u2019Ouest et centrale. Depuis 2014, des dizaines de milliers d\u2019entre eux ont e\u0301te\u0301 expulse\u0301s d\u2019Alge\u0301rie, un point de transit vers l\u2019Europe, selon l\u2019Organisation internationale pour les migrations, certaines ONG e\u0301voquant e\u0301galement des refoulements a\u0300 la frontie\u0300re.<\/p>\n<p><b>Le brief. Les clefs de l&rsquo;actualite\u0301 africaine dans votre boite mail<\/b><\/p>\n<p>Chaque semaine, recevez un fait de l\u2019actualite\u0301 africaine de\u0301crypte\u0301 par nos journalistes.<\/p>\n<p><b>Des \u00ab traitements inhumains \u00bb inflige\u0301s aux migrants<\/b><\/p>\n<p>Mercredi, le gouvernement du re\u0301gime militaire nige\u0301rien a convoque\u0301 l\u2019ambassadeur d\u2019Alge\u0301rie pour \u00ab protester \u00bb contre \u00ab le caracte\u0300re violent \u00bb des ope\u0301rations de rapatriement et de refoulement de milliers de migrants ouest-africains par l\u2019Alge\u0301rie vers le Niger. La coope\u0301ration en matie\u0300re de \u00ab rapatriement \u00bb de ressortissants nige\u0301riens \u00ab a fait l\u2019objet de la part des autorite\u0301s nige\u0301riennes de certains jugements que la partie alge\u0301rienne estime sans fondements \u00bb, a indique\u0301 samedi le ministe\u0300re dans un communique\u0301.<\/p>\n<p>Jeudi, a\u0300 Alger, il a e\u0301te\u0301 rappele\u0301 a\u0300 l\u2019ambassadeur nige\u0301rien \u00ab l\u2019existence d\u2019un cadre bilate\u0301ral de\u0301die\u0301 a\u0300 cette proble\u0301matique \u00bb, a ajoute\u0301 la me\u0302me source, pre\u0301cisant qu\u2019il \u00ab a e\u0301te\u0301 re\u0301ite\u0301re\u0301 \u00bb a\u0300 l\u2019ambassadeur nige\u0301rien \u00ab le ferme attachement de l\u2019Alge\u0301rie aux re\u0300gles essentielles de bon voisinage et sa volonte\u0301 de poursuivre la coordination avec le Niger \u00bb.<\/p>\n<p>Des ONG, dont l\u2019organisation Me\u0301decins sans frontie\u0300res (MSF), ont de\u0301nonce\u0301 \u00ab les traitements inhumains \u00bb inflige\u0301s a\u0300 des migrants d\u2019origine ouest-africaine cherchant a\u0300 gagner l\u2019Europe et dont environ 2 000 par mois en moyenne e\u0301taient refoule\u0301s de l\u2019Alge\u0301rie et de la Libye, vers le Niger voisin. Alger a souvent de\u0301menti ces accusations, de\u0301nonc\u0327ant des campagnes \u00ab malveillantes \u00bb.<\/p>\n<p><strong>Pour plus d&rsquo;informations et d&rsquo;analyses sur la <a href=\"https:\/\/www.africa-press.net\/niger\">Niger<\/a>, suivez <a href=\"https:\/\/www.africa-press.net\/\">Africa-Press<\/a><\/strong><\/p>\n","protected":false},"excerpt":{"rendered":"<p>Africa-Press &#8211; Niger. Niamey avait convoque\u0301 mercredi l\u2019ambassadeur d\u2019Alge\u0301rie pour protester contre \u00ab le caracte\u0300re violent \u00bb des ope\u0301rations de refoulement de milliers de migrants ouest-africains par l\u2019Alge\u0301rie vers le Niger. Le ministe\u0300re alge\u0301rien des Affaires e\u0301trange\u0300res a annonce\u0301 samedi 6 avril avoir convoque\u0301 l\u2019ambassadeur du Niger a\u0300 Alger au sujet du \u00ab rapatriement des [&hellip;]<\/p>\n","protected":false},"author":82,"featured_media":61203,"comment_status":"open","ping_status":"closed","sticky":false,"template":"","format":"standard","meta":{"footnotes":""},"categories":[2,73,20,10],"tags":[55,60,29],"class_list":["post-61204","post","type-post","status-publish","format-standard","has-post-thumbnail","hentry","category-politique","category-to-homepage","category-top-nouvelles","category-toutes-les-actualites","tag-africa-press","tag-africa-press-niger","tag-niger"],"yoast_head":"<!-- This site is optimized with the Yoast SEO Premium plugin v26.1 (Yoast SEO v27.0) - https:\/\/yoast.com\/product\/yoast-seo-premium-wordpress\/ -->\n<title>L\u2019ambassadeur du Niger en Alg\u00e9rie convoqu\u00e9 apr\u00e8s une mesure similaire de Niamey - niger<\/title>\n<meta name=\"description\" content=\"Niamey avait convoque\u0301 mercredi l\u2019ambassadeur d\u2019Alge\u0301rie pour protester contre \u00ab le caracte\u0300re violent \u00bb des ope\u0301rati ...\" \/>\n<meta name=\"robots\" content=\"index, follow, max-snippet:-1, max-image-preview:large, max-video-preview:-1\" \/>\n<link rel=\"canonical\" href=\"https:\/\/www.africa-press.net\/niger\/politique\/lambassadeur-du-niger-en-algerie-convoque-apres-une-mesure-similaire-de-niamey\" \/>\n<meta property=\"og:locale\" content=\"fr_FR\" \/>\n<meta property=\"og:type\" content=\"article\" \/>\n<meta property=\"og:title\" content=\"L\u2019ambassadeur du Niger en Alg\u00e9rie convoqu\u00e9 apr\u00e8s une mesure similaire de Niamey\" \/>\n<meta property=\"og:description\" content=\"Niamey avait convoque\u0301 mercredi l\u2019ambassadeur d\u2019Alge\u0301rie pour protester contre \u00ab le caracte\u0300re violent \u00bb des ope\u0301rati ...\" \/>\n<meta property=\"og:url\" content=\"https:\/\/www.africa-press.net\/niger\/politique\/lambassadeur-du-niger-en-algerie-convoque-apres-une-mesure-similaire-de-niamey\" \/>\n<meta property=\"og:site_name\" content=\"niger\" \/>\n<meta property=\"article:published_time\" content=\"2024-04-07T17:35:06+00:00\" \/>\n<meta property=\"article:modified_time\" content=\"2024-04-07T18:03:44+00:00\" \/>\n<meta property=\"og:image\" content=\"https:\/\/static.africa-press.net\/niger\/sites\/40\/2024\/04\/sm_1712500311.111328.jpg\" \/>\n\t<meta property=\"og:image:width\" content=\"1215\" \/>\n\t<meta property=\"og:image:height\" content=\"810\" \/>\n\t<meta property=\"og:image:type\" content=\"image\/jpeg\" \/>\n<meta name=\"author\" content=\"cfeditorfr\" \/>\n<meta name=\"twitter:card\" content=\"summary_large_image\" \/>\n<meta name=\"twitter:label1\" content=\"\u00c9crit par\" \/>\n\t<meta name=\"twitter:data1\" content=\"cfeditorfr\" \/>\n\t<meta name=\"twitter:label2\" content=\"Dur\u00e9e de lecture estim\u00e9e\" \/>\n\t<meta name=\"twitter:data2\" content=\"2 minutes\" \/>\n<script type=\"application\/ld+json\" class=\"yoast-schema-graph\">{\"@context\":\"https:\/\/schema.org\",\"@graph\":[{\"@type\":\"Article\",\"@id\":\"https:\/\/www.africa-press.net\/niger\/politique\/lambassadeur-du-niger-en-algerie-convoque-apres-une-mesure-similaire-de-niamey#article\",\"isPartOf\":{\"@id\":\"https:\/\/www.africa-press.net\/niger\/politique\/lambassadeur-du-niger-en-algerie-convoque-apres-une-mesure-similaire-de-niamey\"},\"author\":{\"name\":\"cfeditorfr\",\"@id\":\"https:\/\/www.africa-press.net\/niger\/#\/schema\/person\/2b1cf3cd81a31e3cd26889ca66d677f1\"},\"headline\":\"L\u2019ambassadeur du Niger en Alg\u00e9rie convoqu\u00e9 apr\u00e8s une mesure similaire de Niamey\",\"datePublished\":\"2024-04-07T17:35:06+00:00\",\"dateModified\":\"2024-04-07T18:03:44+00:00\",\"mainEntityOfPage\":{\"@id\":\"https:\/\/www.africa-press.net\/niger\/politique\/lambassadeur-du-niger-en-algerie-convoque-apres-une-mesure-similaire-de-niamey\"},\"wordCount\":447,\"commentCount\":0,\"image\":{\"@id\":\"https:\/\/www.africa-press.net\/niger\/politique\/lambassadeur-du-niger-en-algerie-convoque-apres-une-mesure-similaire-de-niamey#primaryimage\"},\"thumbnailUrl\":\"https:\/\/static.africa-press.net\/niger\/sites\/40\/2024\/04\/sm_1712500311.111328.jpg\",\"keywords\":[\"Africa Press\",\"Africa Press-Niger\",\"Niger\"],\"articleSection\":[\"Politique\",\"to-homepage\",\"Top Nouvelles\",\"Toutes les actualit\u00e9s\"],\"inLanguage\":\"fr-FR\",\"potentialAction\":[{\"@type\":\"CommentAction\",\"name\":\"Comment\",\"target\":[\"https:\/\/www.africa-press.net\/niger\/politique\/lambassadeur-du-niger-en-algerie-convoque-apres-une-mesure-similaire-de-niamey#respond\"]}]},{\"@type\":\"WebPage\",\"@id\":\"https:\/\/www.africa-press.net\/niger\/politique\/lambassadeur-du-niger-en-algerie-convoque-apres-une-mesure-similaire-de-niamey\",\"url\":\"https:\/\/www.africa-press.net\/niger\/politique\/lambassadeur-du-niger-en-algerie-convoque-apres-une-mesure-similaire-de-niamey\",\"name\":\"L\u2019ambassadeur du Niger en Alg\u00e9rie convoqu\u00e9 apr\u00e8s une mesure similaire de Niamey - niger\",\"isPartOf\":{\"@id\":\"https:\/\/www.africa-press.net\/niger\/#website\"},\"primaryImageOfPage\":{\"@id\":\"https:\/\/www.africa-press.net\/niger\/politique\/lambassadeur-du-niger-en-algerie-convoque-apres-une-mesure-similaire-de-niamey#primaryimage\"},\"image\":{\"@id\":\"https:\/\/www.africa-press.net\/niger\/politique\/lambassadeur-du-niger-en-algerie-convoque-apres-une-mesure-similaire-de-niamey#primaryimage\"},\"thumbnailUrl\":\"https:\/\/static.africa-press.net\/niger\/sites\/40\/2024\/04\/sm_1712500311.111328.jpg\",\"datePublished\":\"2024-04-07T17:35:06+00:00\",\"dateModified\":\"2024-04-07T18:03:44+00:00\",\"author\":{\"@id\":\"https:\/\/www.africa-press.net\/niger\/#\/schema\/person\/2b1cf3cd81a31e3cd26889ca66d677f1\"},\"description\":\"Niamey avait convoque\u0301 mercredi l\u2019ambassadeur d\u2019Alge\u0301rie pour protester contre \u00ab le caracte\u0300re violent \u00bb des ope\u0301rati ...\",\"breadcrumb\":{\"@id\":\"https:\/\/www.africa-press.net\/niger\/politique\/lambassadeur-du-niger-en-algerie-convoque-apres-une-mesure-similaire-de-niamey#breadcrumb\"},\"inLanguage\":\"fr-FR\",\"potentialAction\":[{\"@type\":\"ReadAction\",\"target\":[\"https:\/\/www.africa-press.net\/niger\/politique\/lambassadeur-du-niger-en-algerie-convoque-apres-une-mesure-similaire-de-niamey\"]}]},{\"@type\":\"ImageObject\",\"inLanguage\":\"fr-FR\",\"@id\":\"https:\/\/www.africa-press.net\/niger\/politique\/lambassadeur-du-niger-en-algerie-convoque-apres-une-mesure-similaire-de-niamey#primaryimage\",\"url\":\"https:\/\/static.africa-press.net\/niger\/sites\/40\/2024\/04\/sm_1712500311.111328.jpg\",\"contentUrl\":\"https:\/\/static.africa-press.net\/niger\/sites\/40\/2024\/04\/sm_1712500311.111328.jpg\",\"width\":1215,\"height\":810,\"caption\":\"L\u2019ambassadeur du Niger en Alg\u00e9rie convoqu\u00e9 apr\u00e8s une mesure similaire de Niamey\"},{\"@type\":\"BreadcrumbList\",\"@id\":\"https:\/\/www.africa-press.net\/niger\/politique\/lambassadeur-du-niger-en-algerie-convoque-apres-une-mesure-similaire-de-niamey#breadcrumb\",\"itemListElement\":[{\"@type\":\"ListItem\",\"position\":1,\"name\":\"Accueil\",\"item\":\"https:\/\/www.africa-press.net\/niger\/\"},{\"@type\":\"ListItem\",\"position\":2,\"name\":\"L\u2019ambassadeur du Niger en Alg\u00e9rie convoqu\u00e9 apr\u00e8s une mesure similaire de Niamey\"}]},{\"@type\":\"WebSite\",\"@id\":\"https:\/\/www.africa-press.net\/niger\/#website\",\"url\":\"https:\/\/www.africa-press.net\/niger\/\",\"name\":\"niger\",\"description\":\"Just another Africa News Agency Sites site\",\"potentialAction\":[{\"@type\":\"SearchAction\",\"target\":{\"@type\":\"EntryPoint\",\"urlTemplate\":\"https:\/\/www.africa-press.net\/niger\/?s={search_term_string}\"},\"query-input\":{\"@type\":\"PropertyValueSpecification\",\"valueRequired\":true,\"valueName\":\"search_term_string\"}}],\"inLanguage\":\"fr-FR\"},{\"@type\":\"Person\",\"@id\":\"https:\/\/www.africa-press.net\/niger\/#\/schema\/person\/2b1cf3cd81a31e3cd26889ca66d677f1\",\"name\":\"cfeditorfr\"}]}<\/script>\n<!-- \/ Yoast SEO Premium plugin. -->","yoast_head_json":{"title":"L\u2019ambassadeur du Niger en Alg\u00e9rie convoqu\u00e9 apr\u00e8s une mesure similaire de Niamey - niger","description":"Niamey avait convoque\u0301 mercredi l\u2019ambassadeur d\u2019Alge\u0301rie pour protester contre \u00ab le caracte\u0300re violent \u00bb des ope\u0301rati ...","robots":{"index":"index","follow":"follow","max-snippet":"max-snippet:-1","max-image-preview":"max-image-preview:large","max-video-preview":"max-video-preview:-1"},"canonical":"https:\/\/www.africa-press.net\/niger\/politique\/lambassadeur-du-niger-en-algerie-convoque-apres-une-mesure-similaire-de-niamey","og_locale":"fr_FR","og_type":"article","og_title":"L\u2019ambassadeur du Niger en Alg\u00e9rie convoqu\u00e9 apr\u00e8s une mesure similaire de Niamey","og_description":"Niamey avait convoque\u0301 mercredi l\u2019ambassadeur d\u2019Alge\u0301rie pour protester contre \u00ab le caracte\u0300re violent \u00bb des ope\u0301rati ...","og_url":"https:\/\/www.africa-press.net\/niger\/politique\/lambassadeur-du-niger-en-algerie-convoque-apres-une-mesure-similaire-de-niamey","og_site_name":"niger","article_published_time":"2024-04-07T17:35:06+00:00","article_modified_time":"2024-04-07T18:03:44+00:00","og_image":[{"width":1215,"height":810,"url":"https:\/\/static.africa-press.net\/niger\/sites\/40\/2024\/04\/sm_1712500311.111328.jpg","type":"image\/jpeg"}],"author":"cfeditorfr","twitter_card":"summary_large_image","twitter_misc":{"\u00c9crit par":"cfeditorfr","Dur\u00e9e de lecture estim\u00e9e":"2 minutes"},"schema":{"@context":"https:\/\/schema.org","@graph":[{"@type":"Article","@id":"https:\/\/www.africa-press.net\/niger\/politique\/lambassadeur-du-niger-en-algerie-convoque-apres-une-mesure-similaire-de-niamey#article","isPartOf":{"@id":"https:\/\/www.africa-press.net\/niger\/politique\/lambassadeur-du-niger-en-algerie-convoque-apres-une-mesure-similaire-de-niamey"},"author":{"name":"cfeditorfr","@id":"https:\/\/www.africa-press.net\/niger\/#\/schema\/person\/2b1cf3cd81a31e3cd26889ca66d677f1"},"headline":"L\u2019ambassadeur du Niger en Alg\u00e9rie convoqu\u00e9 apr\u00e8s une mesure similaire de Niamey","datePublished":"2024-04-07T17:35:06+00:00","dateModified":"2024-04-07T18:03:44+00:00","mainEntityOfPage":{"@id":"https:\/\/www.africa-press.net\/niger\/politique\/lambassadeur-du-niger-en-algerie-convoque-apres-une-mesure-similaire-de-niamey"},"wordCount":447,"commentCount":0,"image":{"@id":"https:\/\/www.africa-press.net\/niger\/politique\/lambassadeur-du-niger-en-algerie-convoque-apres-une-mesure-similaire-de-niamey#primaryimage"},"thumbnailUrl":"https:\/\/static.africa-press.net\/niger\/sites\/40\/2024\/04\/sm_1712500311.111328.jpg","keywords":["Africa Press","Africa Press-Niger","Niger"],"articleSection":["Politique","to-homepage","Top Nouvelles","Toutes les actualit\u00e9s"],"inLanguage":"fr-FR","potentialAction":[{"@type":"CommentAction","name":"Comment","target":["https:\/\/www.africa-press.net\/niger\/politique\/lambassadeur-du-niger-en-algerie-convoque-apres-une-mesure-similaire-de-niamey#respond"]}]},{"@type":"WebPage","@id":"https:\/\/www.africa-press.net\/niger\/politique\/lambassadeur-du-niger-en-algerie-convoque-apres-une-mesure-similaire-de-niamey","url":"https:\/\/www.africa-press.net\/niger\/politique\/lambassadeur-du-niger-en-algerie-convoque-apres-une-mesure-similaire-de-niamey","name":"L\u2019ambassadeur du Niger en Alg\u00e9rie convoqu\u00e9 apr\u00e8s une mesure similaire de Niamey - niger","isPartOf":{"@id":"https:\/\/www.africa-press.net\/niger\/#website"},"primaryImageOfPage":{"@id":"https:\/\/www.africa-press.net\/niger\/politique\/lambassadeur-du-niger-en-algerie-convoque-apres-une-mesure-similaire-de-niamey#primaryimage"},"image":{"@id":"https:\/\/www.africa-press.net\/niger\/politique\/lambassadeur-du-niger-en-algerie-convoque-apres-une-mesure-similaire-de-niamey#primaryimage"},"thumbnailUrl":"https:\/\/static.africa-press.net\/niger\/sites\/40\/2024\/04\/sm_1712500311.111328.jpg","datePublished":"2024-04-07T17:35:06+00:00","dateModified":"2024-04-07T18:03:44+00:00","author":{"@id":"https:\/\/www.africa-press.net\/niger\/#\/schema\/person\/2b1cf3cd81a31e3cd26889ca66d677f1"},"description":"Niamey avait convoque\u0301 mercredi l\u2019ambassadeur d\u2019Alge\u0301rie pour protester contre \u00ab le caracte\u0300re violent \u00bb des ope\u0301rati ...","breadcrumb":{"@id":"https:\/\/www.africa-press.net\/niger\/politique\/lambassadeur-du-niger-en-algerie-convoque-apres-une-mesure-similaire-de-niamey#breadcrumb"},"inLanguage":"fr-FR","potentialAction":[{"@type":"ReadAction","target":["https:\/\/www.africa-press.net\/niger\/politique\/lambassadeur-du-niger-en-algerie-convoque-apres-une-mesure-similaire-de-niamey"]}]},{"@type":"ImageObject","inLanguage":"fr-FR","@id":"https:\/\/www.africa-press.net\/niger\/politique\/lambassadeur-du-niger-en-algerie-convoque-apres-une-mesure-similaire-de-niamey#primaryimage","url":"https:\/\/static.africa-press.net\/niger\/sites\/40\/2024\/04\/sm_1712500311.111328.jpg","contentUrl":"https:\/\/static.africa-press.net\/niger\/sites\/40\/2024\/04\/sm_1712500311.111328.jpg","width":1215,"height":810,"caption":"L\u2019ambassadeur du Niger en Alg\u00e9rie convoqu\u00e9 apr\u00e8s une mesure similaire de Niamey"},{"@type":"BreadcrumbList","@id":"https:\/\/www.africa-press.net\/niger\/politique\/lambassadeur-du-niger-en-algerie-convoque-apres-une-mesure-similaire-de-niamey#breadcrumb","itemListElement":[{"@type":"ListItem","position":1,"name":"Accueil","item":"https:\/\/www.africa-press.net\/niger\/"},{"@type":"ListItem","position":2,"name":"L\u2019ambassadeur du Niger en Alg\u00e9rie convoqu\u00e9 apr\u00e8s une mesure similaire de Niamey"}]},{"@type":"WebSite","@id":"https:\/\/www.africa-press.net\/niger\/#website","url":"https:\/\/www.africa-press.net\/niger\/","name":"niger","description":"Just another Africa News Agency Sites site","potentialAction":[{"@type":"SearchAction","target":{"@type":"EntryPoint","urlTemplate":"https:\/\/www.africa-press.net\/niger\/?s={search_term_string}"},"query-input":{"@type":"PropertyValueSpecification","valueRequired":true,"valueName":"search_term_string"}}],"inLanguage":"fr-FR"},{"@type":"Person","@id":"https:\/\/www.africa-press.net\/niger\/#\/schema\/person\/2b1cf3cd81a31e3cd26889ca66d677f1","name":"cfeditorfr"}]}},"_links":{"self":[{"href":"https:\/\/www.africa-press.net\/niger\/wp-json\/wp\/v2\/posts\/61204","targetHints":{"allow":["GET"]}}],"collection":[{"href":"https:\/\/www.africa-press.net\/niger\/wp-json\/wp\/v2\/posts"}],"about":[{"href":"https:\/\/www.africa-press.net\/niger\/wp-json\/wp\/v2\/types\/post"}],"author":[{"embeddable":true,"href":"https:\/\/www.africa-press.net\/niger\/wp-json\/wp\/v2\/users\/82"}],"replies":[{"embeddable":true,"href":"https:\/\/www.africa-press.net\/niger\/wp-json\/wp\/v2\/comments?post=61204"}],"version-history":[{"count":0,"href":"https:\/\/www.africa-press.net\/niger\/wp-json\/wp\/v2\/posts\/61204\/revisions"}],"wp:featuredmedia":[{"embeddable":true,"href":"https:\/\/www.africa-press.net\/niger\/wp-json\/wp\/v2\/media\/61203"}],"wp:attachment":[{"href":"https:\/\/www.africa-press.net\/niger\/wp-json\/wp\/v2\/media?parent=61204"}],"wp:term":[{"taxonomy":"category","embeddable":true,"href":"https:\/\/www.africa-press.net\/niger\/wp-json\/wp\/v2\/categories?post=61204"},{"taxonomy":"post_tag","embeddable":true,"href":"https:\/\/www.africa-press.net\/niger\/wp-json\/wp\/v2\/tags?post=61204"}],"curies":[{"name":"wp","href":"https:\/\/api.w.org\/{rel}","templated":true}]}}