{"id":61207,"date":"2024-04-07T17:43:50","date_gmt":"2024-04-07T17:43:50","guid":{"rendered":"https:\/\/www.africa-press.net\/niger\/politique\/niamey-affirme-de-sa-souverainete-nationale-et-remet-en-cause-les-accords-de-cooperation-militaire-qui-se-sont-averes-infructueux-dans-le-cadre-de-la-lutte-anti-terroriste"},"modified":"2024-04-07T18:05:56","modified_gmt":"2024-04-07T18:05:56","slug":"niamey-affirme-de-sa-souverainete-nationale-et-remet-en-cause-les-accords-de-cooperation-militaire-qui-se-sont-averes-infructueux-dans-le-cadre-de-la-lutte-anti-terroriste","status":"publish","type":"post","link":"https:\/\/www.africa-press.net\/niger\/politique\/niamey-affirme-de-sa-souverainete-nationale-et-remet-en-cause-les-accords-de-cooperation-militaire-qui-se-sont-averes-infructueux-dans-le-cadre-de-la-lutte-anti-terroriste","title":{"rendered":"Niamey affirme de sa souverainet\u00e9 nationale et remet en cause les accords de coop\u00e9ration militaire qui se sont av\u00e9r\u00e9s infructueux dans le cadre de la lutte anti-terroriste"},"content":{"rendered":"<p><span style=\"color: #ff6600\"><strong>Africa-Press &#8211; Niger. <\/strong><\/span>Cette de\u0301marche vise a\u0300 re\u0301affirmer la souverainete\u0301 nationale du Niger et a\u0300 recentrer ses priorite\u0301s strate\u0301giques en matie\u0300re de de\u0301fense et de se\u0301curite\u0301 inte\u0301rieures. Le gouvernement conside\u0300re que la pre\u0301sence militaire ame\u0301ricaine est ille\u0301gale et viole les re\u0300gles constitutionnelles et de\u0301mocratiques.<\/p>\n<p>L\u2019accord de coope\u0301ration militaire avec les E\u0301tats-Unis, e\u0301tabli en 2012, a e\u0301te\u0301 de\u0301nonce\u0301 par le re\u0301gime de Niamey, qui souhaite recouvrer la pleine mai\u0302trise de ses pre\u0301rogatives de puissance publique. Cette de\u0301cision intervient apre\u0300s une visite d\u2019une de\u0301le\u0301gation ame\u0301ricaine et marque un tournant dans les relations entre les deux pays selon Niamey.<\/p>\n<p>Le Niger, en quittant la Communaute\u0301 e\u0301conomique des E\u0301tats d\u2019Afrique de l\u2019Ouest (CEDEAO), s\u2019est rapproche\u0301 de ses voisins et a annonce\u0301 la cre\u0301ation d\u2019une force conjointe pour lutter contre les djihadistes qui menacent la re\u0301gion.<\/p>\n<p><strong>Pour plus d&rsquo;informations et d&rsquo;analyses sur la <a href=\"https:\/\/www.africa-press.net\/niger\">Niger<\/a>, suivez <a href=\"https:\/\/www.africa-press.net\/\">Africa-Press<\/a><\/strong><\/p>\n","protected":false},"excerpt":{"rendered":"<p>Africa-Press &#8211; Niger. Cette de\u0301marche vise a\u0300 re\u0301affirmer la souverainete\u0301 nationale du Niger et a\u0300 recentrer ses priorite\u0301s strate\u0301giques en matie\u0300re de de\u0301fense et de se\u0301curite\u0301 inte\u0301rieures. Le gouvernement conside\u0300re que la pre\u0301sence militaire ame\u0301ricaine est ille\u0301gale et viole les re\u0300gles constitutionnelles et de\u0301mocratiques. L\u2019accord de coope\u0301ration militaire avec les E\u0301tats-Unis, e\u0301tabli en 2012, a [&hellip;]<\/p>\n","protected":false},"author":82,"featured_media":61205,"comment_status":"open","ping_status":"closed","sticky":false,"template":"","format":"standard","meta":{"footnotes":""},"categories":[2,10],"tags":[55,60,29],"class_list":["post-61207","post","type-post","status-publish","format-standard","has-post-thumbnail","hentry","category-politique","category-toutes-les-actualites","tag-africa-press","tag-africa-press-niger","tag-niger"],"yoast_head":"<!-- This site is optimized with the Yoast SEO Premium plugin v26.1 (Yoast SEO v27.0) - https:\/\/yoast.com\/product\/yoast-seo-premium-wordpress\/ -->\n<title>Niamey affirme de sa souverainet\u00e9 nationale et remet en cause les accords de coop\u00e9ration militaire qui se sont av\u00e9r\u00e9s infructueux dans le cadre de la lutte anti-terroriste - niger<\/title>\n<meta name=\"description\" content=\"Cette de\u0301marche vise a\u0300 re\u0301affirmer la souverainete\u0301 nationale du Niger et a\u0300 recentrer ses priorite\u0301s strate\u0301giques en ...\" \/>\n<meta name=\"robots\" content=\"index, follow, max-snippet:-1, max-image-preview:large, max-video-preview:-1\" \/>\n<link rel=\"canonical\" href=\"https:\/\/www.africa-press.net\/niger\/politique\/niamey-affirme-de-sa-souverainete-nationale-et-remet-en-cause-les-accords-de-cooperation-militaire-qui-se-sont-averes-infructueux-dans-le-cadre-de-la-lutte-anti-terroriste\" \/>\n<meta property=\"og:locale\" content=\"fr_FR\" \/>\n<meta property=\"og:type\" content=\"article\" \/>\n<meta property=\"og:title\" content=\"Niamey affirme de sa souverainet\u00e9 nationale et remet en cause les accords de coop\u00e9ration militaire qui se sont av\u00e9r\u00e9s infructueux dans le cadre de la lutte anti-terroriste\" \/>\n<meta property=\"og:description\" content=\"Cette de\u0301marche vise a\u0300 re\u0301affirmer la souverainete\u0301 nationale du Niger et a\u0300 recentrer ses priorite\u0301s strate\u0301giques en ...\" \/>\n<meta property=\"og:url\" content=\"https:\/\/www.africa-press.net\/niger\/politique\/niamey-affirme-de-sa-souverainete-nationale-et-remet-en-cause-les-accords-de-cooperation-militaire-qui-se-sont-averes-infructueux-dans-le-cadre-de-la-lutte-anti-terroriste\" \/>\n<meta property=\"og:site_name\" content=\"niger\" \/>\n<meta property=\"article:published_time\" content=\"2024-04-07T17:43:50+00:00\" \/>\n<meta property=\"article:modified_time\" content=\"2024-04-07T18:05:56+00:00\" \/>\n<meta property=\"og:image\" content=\"https:\/\/static.africa-press.net\/niger\/sites\/40\/2024\/04\/sm_1712500419.961038.jpg\" \/>\n\t<meta property=\"og:image:width\" content=\"720\" \/>\n\t<meta property=\"og:image:height\" content=\"462\" \/>\n\t<meta property=\"og:image:type\" content=\"image\/jpeg\" \/>\n<meta name=\"author\" content=\"cfeditorfr\" \/>\n<meta name=\"twitter:card\" content=\"summary_large_image\" \/>\n<meta name=\"twitter:label1\" content=\"\u00c9crit par\" \/>\n\t<meta name=\"twitter:data1\" content=\"cfeditorfr\" \/>\n\t<meta name=\"twitter:label2\" content=\"Dur\u00e9e de lecture estim\u00e9e\" \/>\n\t<meta name=\"twitter:data2\" content=\"1 minute\" \/>\n<script type=\"application\/ld+json\" class=\"yoast-schema-graph\">{\"@context\":\"https:\/\/schema.org\",\"@graph\":[{\"@type\":\"Article\",\"@id\":\"https:\/\/www.africa-press.net\/niger\/politique\/niamey-affirme-de-sa-souverainete-nationale-et-remet-en-cause-les-accords-de-cooperation-militaire-qui-se-sont-averes-infructueux-dans-le-cadre-de-la-lutte-anti-terroriste#article\",\"isPartOf\":{\"@id\":\"https:\/\/www.africa-press.net\/niger\/politique\/niamey-affirme-de-sa-souverainete-nationale-et-remet-en-cause-les-accords-de-cooperation-militaire-qui-se-sont-averes-infructueux-dans-le-cadre-de-la-lutte-anti-terroriste\"},\"author\":{\"name\":\"cfeditorfr\",\"@id\":\"https:\/\/www.africa-press.net\/niger\/#\/schema\/person\/2b1cf3cd81a31e3cd26889ca66d677f1\"},\"headline\":\"Niamey affirme de sa souverainet\u00e9 nationale et remet en cause les accords de coop\u00e9ration militaire qui se sont av\u00e9r\u00e9s infructueux dans le cadre de la lutte anti-terroriste\",\"datePublished\":\"2024-04-07T17:43:50+00:00\",\"dateModified\":\"2024-04-07T18:05:56+00:00\",\"mainEntityOfPage\":{\"@id\":\"https:\/\/www.africa-press.net\/niger\/politique\/niamey-affirme-de-sa-souverainete-nationale-et-remet-en-cause-les-accords-de-cooperation-militaire-qui-se-sont-averes-infructueux-dans-le-cadre-de-la-lutte-anti-terroriste\"},\"wordCount\":209,\"commentCount\":0,\"image\":{\"@id\":\"https:\/\/www.africa-press.net\/niger\/politique\/niamey-affirme-de-sa-souverainete-nationale-et-remet-en-cause-les-accords-de-cooperation-militaire-qui-se-sont-averes-infructueux-dans-le-cadre-de-la-lutte-anti-terroriste#primaryimage\"},\"thumbnailUrl\":\"https:\/\/static.africa-press.net\/niger\/sites\/40\/2024\/04\/sm_1712500419.961038.jpg\",\"keywords\":[\"Africa Press\",\"Africa Press-Niger\",\"Niger\"],\"articleSection\":[\"Politique\",\"Toutes les actualit\u00e9s\"],\"inLanguage\":\"fr-FR\",\"potentialAction\":[{\"@type\":\"CommentAction\",\"name\":\"Comment\",\"target\":[\"https:\/\/www.africa-press.net\/niger\/politique\/niamey-affirme-de-sa-souverainete-nationale-et-remet-en-cause-les-accords-de-cooperation-militaire-qui-se-sont-averes-infructueux-dans-le-cadre-de-la-lutte-anti-terroriste#respond\"]}]},{\"@type\":\"WebPage\",\"@id\":\"https:\/\/www.africa-press.net\/niger\/politique\/niamey-affirme-de-sa-souverainete-nationale-et-remet-en-cause-les-accords-de-cooperation-militaire-qui-se-sont-averes-infructueux-dans-le-cadre-de-la-lutte-anti-terroriste\",\"url\":\"https:\/\/www.africa-press.net\/niger\/politique\/niamey-affirme-de-sa-souverainete-nationale-et-remet-en-cause-les-accords-de-cooperation-militaire-qui-se-sont-averes-infructueux-dans-le-cadre-de-la-lutte-anti-terroriste\",\"name\":\"Niamey affirme de sa souverainet\u00e9 nationale et remet en cause les accords de coop\u00e9ration militaire qui se sont av\u00e9r\u00e9s infructueux dans le cadre de la lutte anti-terroriste - niger\",\"isPartOf\":{\"@id\":\"https:\/\/www.africa-press.net\/niger\/#website\"},\"primaryImageOfPage\":{\"@id\":\"https:\/\/www.africa-press.net\/niger\/politique\/niamey-affirme-de-sa-souverainete-nationale-et-remet-en-cause-les-accords-de-cooperation-militaire-qui-se-sont-averes-infructueux-dans-le-cadre-de-la-lutte-anti-terroriste#primaryimage\"},\"image\":{\"@id\":\"https:\/\/www.africa-press.net\/niger\/politique\/niamey-affirme-de-sa-souverainete-nationale-et-remet-en-cause-les-accords-de-cooperation-militaire-qui-se-sont-averes-infructueux-dans-le-cadre-de-la-lutte-anti-terroriste#primaryimage\"},\"thumbnailUrl\":\"https:\/\/static.africa-press.net\/niger\/sites\/40\/2024\/04\/sm_1712500419.961038.jpg\",\"datePublished\":\"2024-04-07T17:43:50+00:00\",\"dateModified\":\"2024-04-07T18:05:56+00:00\",\"author\":{\"@id\":\"https:\/\/www.africa-press.net\/niger\/#\/schema\/person\/2b1cf3cd81a31e3cd26889ca66d677f1\"},\"description\":\"Cette de\u0301marche vise a\u0300 re\u0301affirmer la souverainete\u0301 nationale du Niger et a\u0300 recentrer ses priorite\u0301s strate\u0301giques en ...\",\"breadcrumb\":{\"@id\":\"https:\/\/www.africa-press.net\/niger\/politique\/niamey-affirme-de-sa-souverainete-nationale-et-remet-en-cause-les-accords-de-cooperation-militaire-qui-se-sont-averes-infructueux-dans-le-cadre-de-la-lutte-anti-terroriste#breadcrumb\"},\"inLanguage\":\"fr-FR\",\"potentialAction\":[{\"@type\":\"ReadAction\",\"target\":[\"https:\/\/www.africa-press.net\/niger\/politique\/niamey-affirme-de-sa-souverainete-nationale-et-remet-en-cause-les-accords-de-cooperation-militaire-qui-se-sont-averes-infructueux-dans-le-cadre-de-la-lutte-anti-terroriste\"]}]},{\"@type\":\"ImageObject\",\"inLanguage\":\"fr-FR\",\"@id\":\"https:\/\/www.africa-press.net\/niger\/politique\/niamey-affirme-de-sa-souverainete-nationale-et-remet-en-cause-les-accords-de-cooperation-militaire-qui-se-sont-averes-infructueux-dans-le-cadre-de-la-lutte-anti-terroriste#primaryimage\",\"url\":\"https:\/\/static.africa-press.net\/niger\/sites\/40\/2024\/04\/sm_1712500419.961038.jpg\",\"contentUrl\":\"https:\/\/static.africa-press.net\/niger\/sites\/40\/2024\/04\/sm_1712500419.961038.jpg\",\"width\":720,\"height\":462,\"caption\":\"Niamey affirme de sa souverainet\u00e9 nationale et remet en cause les accords de coop\u00e9ration militaire qui se sont av\u00e9r\u00e9s infructueux dans le cadre de la lutte anti-terroriste\"},{\"@type\":\"BreadcrumbList\",\"@id\":\"https:\/\/www.africa-press.net\/niger\/politique\/niamey-affirme-de-sa-souverainete-nationale-et-remet-en-cause-les-accords-de-cooperation-militaire-qui-se-sont-averes-infructueux-dans-le-cadre-de-la-lutte-anti-terroriste#breadcrumb\",\"itemListElement\":[{\"@type\":\"ListItem\",\"position\":1,\"name\":\"Accueil\",\"item\":\"https:\/\/www.africa-press.net\/niger\/\"},{\"@type\":\"ListItem\",\"position\":2,\"name\":\"Niamey affirme de sa souverainet\u00e9 nationale et remet en cause les accords de coop\u00e9ration militaire qui se sont av\u00e9r\u00e9s infructueux dans le cadre de la lutte anti-terroriste\"}]},{\"@type\":\"WebSite\",\"@id\":\"https:\/\/www.africa-press.net\/niger\/#website\",\"url\":\"https:\/\/www.africa-press.net\/niger\/\",\"name\":\"niger\",\"description\":\"Just another Africa News Agency Sites site\",\"potentialAction\":[{\"@type\":\"SearchAction\",\"target\":{\"@type\":\"EntryPoint\",\"urlTemplate\":\"https:\/\/www.africa-press.net\/niger\/?s={search_term_string}\"},\"query-input\":{\"@type\":\"PropertyValueSpecification\",\"valueRequired\":true,\"valueName\":\"search_term_string\"}}],\"inLanguage\":\"fr-FR\"},{\"@type\":\"Person\",\"@id\":\"https:\/\/www.africa-press.net\/niger\/#\/schema\/person\/2b1cf3cd81a31e3cd26889ca66d677f1\",\"name\":\"cfeditorfr\"}]}<\/script>\n<!-- \/ Yoast SEO Premium plugin. -->","yoast_head_json":{"title":"Niamey affirme de sa souverainet\u00e9 nationale et remet en cause les accords de coop\u00e9ration militaire qui se sont av\u00e9r\u00e9s infructueux dans le cadre de la lutte anti-terroriste - niger","description":"Cette de\u0301marche vise a\u0300 re\u0301affirmer la souverainete\u0301 nationale du Niger et a\u0300 recentrer ses priorite\u0301s strate\u0301giques en ...","robots":{"index":"index","follow":"follow","max-snippet":"max-snippet:-1","max-image-preview":"max-image-preview:large","max-video-preview":"max-video-preview:-1"},"canonical":"https:\/\/www.africa-press.net\/niger\/politique\/niamey-affirme-de-sa-souverainete-nationale-et-remet-en-cause-les-accords-de-cooperation-militaire-qui-se-sont-averes-infructueux-dans-le-cadre-de-la-lutte-anti-terroriste","og_locale":"fr_FR","og_type":"article","og_title":"Niamey affirme de sa souverainet\u00e9 nationale et remet en cause les accords de coop\u00e9ration militaire qui se sont av\u00e9r\u00e9s infructueux dans le cadre de la lutte anti-terroriste","og_description":"Cette de\u0301marche vise a\u0300 re\u0301affirmer la souverainete\u0301 nationale du Niger et a\u0300 recentrer ses priorite\u0301s strate\u0301giques en ...","og_url":"https:\/\/www.africa-press.net\/niger\/politique\/niamey-affirme-de-sa-souverainete-nationale-et-remet-en-cause-les-accords-de-cooperation-militaire-qui-se-sont-averes-infructueux-dans-le-cadre-de-la-lutte-anti-terroriste","og_site_name":"niger","article_published_time":"2024-04-07T17:43:50+00:00","article_modified_time":"2024-04-07T18:05:56+00:00","og_image":[{"width":720,"height":462,"url":"https:\/\/static.africa-press.net\/niger\/sites\/40\/2024\/04\/sm_1712500419.961038.jpg","type":"image\/jpeg"}],"author":"cfeditorfr","twitter_card":"summary_large_image","twitter_misc":{"\u00c9crit par":"cfeditorfr","Dur\u00e9e de lecture estim\u00e9e":"1 minute"},"schema":{"@context":"https:\/\/schema.org","@graph":[{"@type":"Article","@id":"https:\/\/www.africa-press.net\/niger\/politique\/niamey-affirme-de-sa-souverainete-nationale-et-remet-en-cause-les-accords-de-cooperation-militaire-qui-se-sont-averes-infructueux-dans-le-cadre-de-la-lutte-anti-terroriste#article","isPartOf":{"@id":"https:\/\/www.africa-press.net\/niger\/politique\/niamey-affirme-de-sa-souverainete-nationale-et-remet-en-cause-les-accords-de-cooperation-militaire-qui-se-sont-averes-infructueux-dans-le-cadre-de-la-lutte-anti-terroriste"},"author":{"name":"cfeditorfr","@id":"https:\/\/www.africa-press.net\/niger\/#\/schema\/person\/2b1cf3cd81a31e3cd26889ca66d677f1"},"headline":"Niamey affirme de sa souverainet\u00e9 nationale et remet en cause les accords de coop\u00e9ration militaire qui se sont av\u00e9r\u00e9s infructueux dans le cadre de la lutte anti-terroriste","datePublished":"2024-04-07T17:43:50+00:00","dateModified":"2024-04-07T18:05:56+00:00","mainEntityOfPage":{"@id":"https:\/\/www.africa-press.net\/niger\/politique\/niamey-affirme-de-sa-souverainete-nationale-et-remet-en-cause-les-accords-de-cooperation-militaire-qui-se-sont-averes-infructueux-dans-le-cadre-de-la-lutte-anti-terroriste"},"wordCount":209,"commentCount":0,"image":{"@id":"https:\/\/www.africa-press.net\/niger\/politique\/niamey-affirme-de-sa-souverainete-nationale-et-remet-en-cause-les-accords-de-cooperation-militaire-qui-se-sont-averes-infructueux-dans-le-cadre-de-la-lutte-anti-terroriste#primaryimage"},"thumbnailUrl":"https:\/\/static.africa-press.net\/niger\/sites\/40\/2024\/04\/sm_1712500419.961038.jpg","keywords":["Africa Press","Africa Press-Niger","Niger"],"articleSection":["Politique","Toutes les actualit\u00e9s"],"inLanguage":"fr-FR","potentialAction":[{"@type":"CommentAction","name":"Comment","target":["https:\/\/www.africa-press.net\/niger\/politique\/niamey-affirme-de-sa-souverainete-nationale-et-remet-en-cause-les-accords-de-cooperation-militaire-qui-se-sont-averes-infructueux-dans-le-cadre-de-la-lutte-anti-terroriste#respond"]}]},{"@type":"WebPage","@id":"https:\/\/www.africa-press.net\/niger\/politique\/niamey-affirme-de-sa-souverainete-nationale-et-remet-en-cause-les-accords-de-cooperation-militaire-qui-se-sont-averes-infructueux-dans-le-cadre-de-la-lutte-anti-terroriste","url":"https:\/\/www.africa-press.net\/niger\/politique\/niamey-affirme-de-sa-souverainete-nationale-et-remet-en-cause-les-accords-de-cooperation-militaire-qui-se-sont-averes-infructueux-dans-le-cadre-de-la-lutte-anti-terroriste","name":"Niamey affirme de sa souverainet\u00e9 nationale et remet en cause les accords de coop\u00e9ration militaire qui se sont av\u00e9r\u00e9s infructueux dans le cadre de la lutte anti-terroriste - niger","isPartOf":{"@id":"https:\/\/www.africa-press.net\/niger\/#website"},"primaryImageOfPage":{"@id":"https:\/\/www.africa-press.net\/niger\/politique\/niamey-affirme-de-sa-souverainete-nationale-et-remet-en-cause-les-accords-de-cooperation-militaire-qui-se-sont-averes-infructueux-dans-le-cadre-de-la-lutte-anti-terroriste#primaryimage"},"image":{"@id":"https:\/\/www.africa-press.net\/niger\/politique\/niamey-affirme-de-sa-souverainete-nationale-et-remet-en-cause-les-accords-de-cooperation-militaire-qui-se-sont-averes-infructueux-dans-le-cadre-de-la-lutte-anti-terroriste#primaryimage"},"thumbnailUrl":"https:\/\/static.africa-press.net\/niger\/sites\/40\/2024\/04\/sm_1712500419.961038.jpg","datePublished":"2024-04-07T17:43:50+00:00","dateModified":"2024-04-07T18:05:56+00:00","author":{"@id":"https:\/\/www.africa-press.net\/niger\/#\/schema\/person\/2b1cf3cd81a31e3cd26889ca66d677f1"},"description":"Cette de\u0301marche vise a\u0300 re\u0301affirmer la souverainete\u0301 nationale du Niger et a\u0300 recentrer ses priorite\u0301s strate\u0301giques en ...","breadcrumb":{"@id":"https:\/\/www.africa-press.net\/niger\/politique\/niamey-affirme-de-sa-souverainete-nationale-et-remet-en-cause-les-accords-de-cooperation-militaire-qui-se-sont-averes-infructueux-dans-le-cadre-de-la-lutte-anti-terroriste#breadcrumb"},"inLanguage":"fr-FR","potentialAction":[{"@type":"ReadAction","target":["https:\/\/www.africa-press.net\/niger\/politique\/niamey-affirme-de-sa-souverainete-nationale-et-remet-en-cause-les-accords-de-cooperation-militaire-qui-se-sont-averes-infructueux-dans-le-cadre-de-la-lutte-anti-terroriste"]}]},{"@type":"ImageObject","inLanguage":"fr-FR","@id":"https:\/\/www.africa-press.net\/niger\/politique\/niamey-affirme-de-sa-souverainete-nationale-et-remet-en-cause-les-accords-de-cooperation-militaire-qui-se-sont-averes-infructueux-dans-le-cadre-de-la-lutte-anti-terroriste#primaryimage","url":"https:\/\/static.africa-press.net\/niger\/sites\/40\/2024\/04\/sm_1712500419.961038.jpg","contentUrl":"https:\/\/static.africa-press.net\/niger\/sites\/40\/2024\/04\/sm_1712500419.961038.jpg","width":720,"height":462,"caption":"Niamey affirme de sa souverainet\u00e9 nationale et remet en cause les accords de coop\u00e9ration militaire qui se sont av\u00e9r\u00e9s infructueux dans le cadre de la lutte anti-terroriste"},{"@type":"BreadcrumbList","@id":"https:\/\/www.africa-press.net\/niger\/politique\/niamey-affirme-de-sa-souverainete-nationale-et-remet-en-cause-les-accords-de-cooperation-militaire-qui-se-sont-averes-infructueux-dans-le-cadre-de-la-lutte-anti-terroriste#breadcrumb","itemListElement":[{"@type":"ListItem","position":1,"name":"Accueil","item":"https:\/\/www.africa-press.net\/niger\/"},{"@type":"ListItem","position":2,"name":"Niamey affirme de sa souverainet\u00e9 nationale et remet en cause les accords de coop\u00e9ration militaire qui se sont av\u00e9r\u00e9s infructueux dans le cadre de la lutte anti-terroriste"}]},{"@type":"WebSite","@id":"https:\/\/www.africa-press.net\/niger\/#website","url":"https:\/\/www.africa-press.net\/niger\/","name":"niger","description":"Just another Africa News Agency Sites site","potentialAction":[{"@type":"SearchAction","target":{"@type":"EntryPoint","urlTemplate":"https:\/\/www.africa-press.net\/niger\/?s={search_term_string}"},"query-input":{"@type":"PropertyValueSpecification","valueRequired":true,"valueName":"search_term_string"}}],"inLanguage":"fr-FR"},{"@type":"Person","@id":"https:\/\/www.africa-press.net\/niger\/#\/schema\/person\/2b1cf3cd81a31e3cd26889ca66d677f1","name":"cfeditorfr"}]}},"_links":{"self":[{"href":"https:\/\/www.africa-press.net\/niger\/wp-json\/wp\/v2\/posts\/61207","targetHints":{"allow":["GET"]}}],"collection":[{"href":"https:\/\/www.africa-press.net\/niger\/wp-json\/wp\/v2\/posts"}],"about":[{"href":"https:\/\/www.africa-press.net\/niger\/wp-json\/wp\/v2\/types\/post"}],"author":[{"embeddable":true,"href":"https:\/\/www.africa-press.net\/niger\/wp-json\/wp\/v2\/users\/82"}],"replies":[{"embeddable":true,"href":"https:\/\/www.africa-press.net\/niger\/wp-json\/wp\/v2\/comments?post=61207"}],"version-history":[{"count":0,"href":"https:\/\/www.africa-press.net\/niger\/wp-json\/wp\/v2\/posts\/61207\/revisions"}],"wp:featuredmedia":[{"embeddable":true,"href":"https:\/\/www.africa-press.net\/niger\/wp-json\/wp\/v2\/media\/61205"}],"wp:attachment":[{"href":"https:\/\/www.africa-press.net\/niger\/wp-json\/wp\/v2\/media?parent=61207"}],"wp:term":[{"taxonomy":"category","embeddable":true,"href":"https:\/\/www.africa-press.net\/niger\/wp-json\/wp\/v2\/categories?post=61207"},{"taxonomy":"post_tag","embeddable":true,"href":"https:\/\/www.africa-press.net\/niger\/wp-json\/wp\/v2\/tags?post=61207"}],"curies":[{"name":"wp","href":"https:\/\/api.w.org\/{rel}","templated":true}]}}