{"id":74583,"date":"2024-12-09T13:56:21","date_gmt":"2024-12-09T13:56:21","guid":{"rendered":"https:\/\/www.africa-press.net\/niger\/politique\/agadez-lancement-de-la-caravane-civilo-militaire-au-titre-de-la-region"},"modified":"2024-12-09T15:15:18","modified_gmt":"2024-12-09T15:15:18","slug":"agadez-lancement-de-la-caravane-civilo-militaire-au-titre-de-la-region","status":"publish","type":"post","link":"https:\/\/www.africa-press.net\/niger\/politique\/agadez-lancement-de-la-caravane-civilo-militaire-au-titre-de-la-region","title":{"rendered":"Agadez : Lancement de la Caravane civilo-militaire au titre de la r\u00e9gion"},"content":{"rendered":"<p><span style=\"color: #ff6600\"><strong>Africa-Press &#8211; Niger. <\/strong><\/span>Le Secre\u0301taire Ge\u0301ne\u0301ral de la re\u0301gion d\u2019Agadez, M. Souleymane Seidou Boulhassan, a pre\u0301side\u0301, le jeudi 5 de\u0301cembre 2024, a\u0300 la tribune officielle de la Commune Urbaine d\u2019Agadez, la ce\u0301re\u0301monie de lancement de l\u2019e\u0301tape d\u2019Agadez de la Caravane Civilo-militaire. Conduite par M. Idrissa Mato, Coordonnateur National de l\u2019Alliance Civilo-militaire, cette caravane qui est a\u0300 sa 6e\u0300 e\u0301dition est place\u0301e sous le the\u0300me: \u00ab l\u2019inte\u0301gration passive de la population civile nige\u0301rienne pour le renforcement de la vigilance et la surveillance vaille que vaille pour la sauvegarde de la patrie, initiative noble \u00bb. Cette initiative du Projet civilo-militaire base\u0301e sur la communication, vise essentiellement a\u0300 promouvoir la vigilance et la surveillance de la population nige\u0301rienne dans un sursaut patriotique pour la refondation de la Re\u0301publique.<\/p>\n<p>Cet e\u0301ve\u0301nement a e\u0301te\u0301 l\u2019occasion d\u2019une forte mobilisation populaire de la ville d\u2019Agadez. Ainsi, to\u0302t le matin, la tribune officielle d\u2019Agadez a fait son plein avec une forte mobilisation des diffe\u0301rents corps des Forces de De\u0301fense et de Se\u0301curite\u0301, les e\u0301pouses des Forces de De\u0301fense et de Se\u0301curite\u0301, les structures des jeunes et des femmes ainsi que les scolaires.<\/p>\n<p>L\u2019arrive\u0301e des autorite\u0301s a e\u0301te\u0301 fortement ovationne\u0301e par le public. La ce\u0301re\u0301monie a de\u0301bute\u0301 par la Fatiha et l\u2019exe\u0301cution de l\u2019hymne national du Niger \u00ab l\u2019Honneur de la Patrie \u00bb et le passage en e\u0301quipe des Miss FDS de cette 6e\u0300 e\u0301dition. Sous le rythme de la musique des Forces Arme\u0301es Nige\u0301riennes, les Miss, munies du drapeau national, ont de\u0301file\u0301 devant les autorite\u0301s. Pour le respect que chacun doit au drapeau, le public s\u2019est leve\u0301 et tous les corps des FDS se sont mis en position de salut. Ainsi, tout au long de l\u2019e\u0301ve\u0301nement, le public n\u2019a eu de cesse de manifester sa satisfaction et son soutien a\u0300 travers les applaudissements et autres slogans d\u2019encouragement, \u00ab Vive les FDS ! Vive le Niger ! Vive le CNSP&#8230; \u00bb, scande le public.<\/p>\n<p>A cette occasion, le Secre\u0301taire Ge\u0301ne\u0301ral de la re\u0301gion d\u2019Agadez a salue\u0301 et encourage\u0301 la Coordination de l\u2019Alliance Civilo-Militaire du Niger qui \u0153uvre inlassablement dans la re\u0301alisation des actions qui cadrent avec la culture de la cohe\u0301sion sociale, de l\u2019unite\u0301 nationale, du patriotisme et de la solidarite\u0301 agissante. M. Souleymane Seidou Boulhassan a souligne\u0301 que cette activite\u0301 de l\u2019ACM cadre bien avec les priorite\u0301s nationales et toutes les valeurs que pro\u0302nent les plus hautes autorite\u0301s de notre pays, au premier rang desquelles le Ge\u0301ne\u0301ral de Brigade Abdourahamane Tiani, Pre\u0301sident du CNSP, Chef de l\u2019Etat, et le Premier ministre, Ministre de l\u2019Economie et des Finances, M. Ali Mahaman Lamine Zeine.<\/p>\n<p>Parlant du the\u0300me retenu pour cette 6e\u0300 e\u0301dition de la caravane, le Secre\u0301taire Ge\u0301ne\u0301ral a saisi l\u2019opportunite\u0301 pour inviter les jeunes filles et garc\u0327ons a\u0300 s\u2019approprier ces valeurs qui sont gages d\u2019un de\u0301veloppement prospe\u0300re pour le Niger. Il a e\u0301galement rassure\u0301 les initiateurs de cette action de soutien inde\u0301fectible des autorite\u0301s et de la population de la re\u0301gion d\u2019Agadez pour les accompagner dans cette noble mission de la promotion des valeurs du patriotisme, du civisme, de la citoyennete\u0301, de la de\u0301fense et la sauvegarde de la patrie, et de l\u2019union sacre\u0301e derrie\u0300re nos FDS et nos autorite\u0301s.<\/p>\n<p>Pour sa part, le Coordonnateur National de l\u2019Alliance Civilo-militaire, M. Idrissa Mato, a tenu a\u0300 exprimer sa gratitude et sa reconnaissance aux autorite\u0301s administratives, coutumie\u0300res, militaires, aux leaders religieux et aux organisations des jeunes et des femmes pour leur soutien et leur mobilisation.<\/p>\n<p>\u00ab Apre\u0300s 5 ans de lutte permanente aux co\u0302te\u0301s de nos Forces de De\u0301fense et de Se\u0301curite\u0301, cette e\u0301dition 2024 vient a\u0300 point nomme\u0301 soutenir l\u2019Etat du Niger dans ses efforts pour la se\u0301curite\u0301 du territoire national a\u0300 travers la cre\u0301ation de l\u2019Ope\u0301ration \u2018\u2019DAOURE DAMARA\u2019\u2019, qui veut dire litte\u0301ralement \u2018\u2019attachons les ceintures\u2019\u2019. Cette initiative du Projet civilo-militaire base\u0301e sur la communication, vise essentiellement a\u0300 promouvoir la vigilance de la population nige\u0301rienne dans un sursaut patriotique pour la refondation de la Re\u0301publique. Cette Ope\u0301ration est un cadre de dialogue civilo militaire et d\u2019e\u0301changes multi-acteurs mis en place, spe\u0301cialement de\u0301die\u0301 aux jeunes hommes et femmes nige\u0301riens dans le but d\u2019engager volontairement les citoyens nige\u0301riens dans le renforcement de la vigilance ; de raffermir le lien de confiance et de partage ; d\u2019encourager les FDS dans le cadre de leur mission re\u0301galienne. Elle favorise non seulement une forte collaboration entre la jeunesse civile et les FDS, mais aussi et surtout la participation active de la communaute\u0301 a\u0300 la de\u0301nonciation des actes suspects, a\u0300 la veille patriotique, pour la consolidation de la paix et de l\u2019unite\u0301 nationale \u00bb, a-t-il explique\u0301.<\/p>\n<p>Apre\u0300s cette ce\u0301re\u0301monie couronne\u0301e par le de\u0301file\u0301 des Miss FDS, repre\u0301sentant les diffe\u0301rents corps des FDS, la caravane a de\u0301cerne\u0301 des te\u0301moignages officiels de satisfaction a\u0300 l\u2019Administrateur De\u0301le\u0301gue\u0301 de la Commune Urbaine d\u2019Agadez, et au DPG du Groupe SOS. Ce dernier, repre\u0301sente\u0301 par son Directeur Ge\u0301ne\u0301ral, a invite\u0301 les caravaniers pour une visite dans les diffe\u0301rentes filie\u0300res d\u2019activite\u0301s de son groupe. C\u2019est ainsi que les membres de la caravane ont visite\u0301 l\u2019infirmerie du personnel du Groupe, la Section SOS Gaz et la Direction Ge\u0301ne\u0301rale ou\u0300 le DRH du Groupe a explique\u0301 aux caravaniers les activite\u0301s, la mission et les objectifs ambitieux du Groupe SOS.<\/p>\n<p>Pour sa part, l\u2019Administrateur De\u0301le\u0301gue\u0301 de la Commune Urbaine d\u2019Agadez a, au nom de la population, exprime\u0301 toute sa joie et sa reconnaissance pour le choix porte\u0301 a\u0300 son entite\u0301 administrative pour abriter ladite ce\u0301re\u0301monie. \u00ab Cet e\u0301ve\u0301nement qui rassemble des jeunes habille\u0301s en tenue des Forces de De\u0301fense et de Se\u0301curite\u0301 et des organisations civiles, illustre notre engagement mutuel pour la se\u0301curite\u0301, la cohe\u0301sion sociale et le de\u0301veloppement de notre pays. En effet, cette initiative est salutaire et encourageante car elle renforce la confiance entre les civils et les militaires \u00bb, a pre\u0301cise\u0301 l\u2019Administrateur De\u0301le\u0301gue\u0301.<\/p>\n\r\n                <style type=\"text\/css\">\r\n                    \r\n                    #td_uid_1_69f37a8dd68f7  .td-doubleSlider-2 .td-item1 {\r\n                        background: url(https:\/\/static.africa-press.net\/niger\/sites\/40\/2024\/12\/sm_1733744574.452889-80x60.jpg) 0 0 no-repeat;\r\n                    }\r\n                    #td_uid_1_69f37a8dd68f7  .td-doubleSlider-2 .td-item2 {\r\n                        background: url(https:\/\/static.africa-press.net\/niger\/sites\/40\/2024\/12\/sm_1733744579.94121-80x60.jpg) 0 0 no-repeat;\r\n                    }\r\n                <\/style>\r\n\r\n                <div id=\"td_uid_1_69f37a8dd68f7\" class=\"td-gallery td-slide-on-2-columns\">\r\n                    <div class=\"post_td_gallery\">\r\n                        <div class=\"td-gallery-slide-top\">\r\n                           <div class=\"td-gallery-title\"><\/div>\r\n\r\n                            <div class=\"td-gallery-controls-wrapper\">\r\n                                <div class=\"td-gallery-slide-count\"><span class=\"td-gallery-slide-item-focus\">1<\/span> de 2<\/div>\r\n                                <div class=\"td-gallery-slide-prev-next-but\">\r\n                                    <i class = \"td-icon-left doubleSliderPrevButton\"><\/i>\r\n                                    <i class = \"td-icon-right doubleSliderNextButton\"><\/i>\r\n                                <\/div>\r\n                            <\/div>\r\n                        <\/div>\r\n\r\n                        <div class = \"td-doubleSlider-1 \">\r\n                            <div class = \"td-slider\">\r\n                                \r\n                    <div class = \"td-slide-item td-item1\">\r\n                        <figure class=\"td-slide-galery-figure td-slide-popup-gallery\">\r\n                            <a class=\"slide-gallery-image-link\" href=\"https:\/\/static.africa-press.net\/niger\/sites\/40\/2024\/12\/sm_1733744574.452889.jpg\" title=\"sm_1733744574.452889\"  data-caption=\"\"  data-description=\"\">\r\n                                <img decoding=\"async\" src=\"https:\/\/static.africa-press.net\/niger\/sites\/40\/2024\/12\/sm_1733744574.452889.jpg\" srcset=\"https:\/\/static.africa-press.net\/niger\/sites\/40\/2024\/12\/sm_1733744574.452889.jpg 1575w, https:\/\/static.africa-press.net\/niger\/sites\/40\/2024\/12\/sm_1733744574.452889-300x200.jpg 300w, https:\/\/static.africa-press.net\/niger\/sites\/40\/2024\/12\/sm_1733744574.452889-1024x681.jpg 1024w, https:\/\/static.africa-press.net\/niger\/sites\/40\/2024\/12\/sm_1733744574.452889-768x511.jpg 768w, https:\/\/static.africa-press.net\/niger\/sites\/40\/2024\/12\/sm_1733744574.452889-1536x1022.jpg 1536w\" sizes=\"(max-width: 1575px) 100vw, 1575px\" alt=\"\">\r\n                            <\/a>\r\n                            \r\n                        <\/figure>\r\n                    <\/div>\r\n                    <div class = \"td-slide-item td-item2\">\r\n                        <figure class=\"td-slide-galery-figure td-slide-popup-gallery\">\r\n                            <a class=\"slide-gallery-image-link\" href=\"https:\/\/static.africa-press.net\/niger\/sites\/40\/2024\/12\/sm_1733744579.94121.jpg\" title=\"sm_1733744579.94121\"  data-caption=\"\"  data-description=\"\">\r\n                                <img decoding=\"async\" src=\"https:\/\/static.africa-press.net\/niger\/sites\/40\/2024\/12\/sm_1733744579.94121.jpg\" srcset=\"https:\/\/static.africa-press.net\/niger\/sites\/40\/2024\/12\/sm_1733744579.94121.jpg 1080w, https:\/\/static.africa-press.net\/niger\/sites\/40\/2024\/12\/sm_1733744579.94121-300x200.jpg 300w, https:\/\/static.africa-press.net\/niger\/sites\/40\/2024\/12\/sm_1733744579.94121-1024x682.jpg 1024w, https:\/\/static.africa-press.net\/niger\/sites\/40\/2024\/12\/sm_1733744579.94121-768x511.jpg 768w\" sizes=\"(max-width: 1080px) 100vw, 1080px\" alt=\"\">\r\n                            <\/a>\r\n                            \r\n                        <\/figure>\r\n                    <\/div>\r\n                            <\/div>\r\n                        <\/div>\r\n\r\n                        <div class = \"td-doubleSlider-2\">\r\n                            <div class = \"td-slider\">\r\n                                \r\n                    <div class = \"td-button td-item1\">\r\n                        <div class = \"td-border\"><\/div>\r\n                    <\/div>\r\n                    <div class = \"td-button td-item2\">\r\n                        <div class = \"td-border\"><\/div>\r\n                    <\/div>\r\n                            <\/div>\r\n                        <\/div>\r\n\r\n                    <\/div>\r\n\r\n                <\/div>\r\n                \n<p><strong>Pour plus d&rsquo;informations et d&rsquo;analyses sur la <span style=\"color: #ff6600\">Niger<\/span>, suivez <span style=\"color: #ff6600\">Africa-Press<\/span><\/strong><\/p>\n","protected":false},"excerpt":{"rendered":"<p>Africa-Press &#8211; Niger. Le Secre\u0301taire Ge\u0301ne\u0301ral de la re\u0301gion d\u2019Agadez, M. Souleymane Seidou Boulhassan, a pre\u0301side\u0301, le jeudi 5 de\u0301cembre 2024, a\u0300 la tribune officielle de la Commune Urbaine d\u2019Agadez, la ce\u0301re\u0301monie de lancement de l\u2019e\u0301tape d\u2019Agadez de la Caravane Civilo-militaire. Conduite par M. Idrissa Mato, Coordonnateur National de l\u2019Alliance Civilo-militaire, cette caravane qui est [&hellip;]<\/p>\n","protected":false},"author":82,"featured_media":74582,"comment_status":"open","ping_status":"closed","sticky":false,"template":"","format":"standard","meta":{"footnotes":""},"categories":[8,2,10],"tags":[29],"class_list":["post-74583","post","type-post","status-publish","format-standard","has-post-thumbnail","hentry","category-photo","category-politique","category-toutes-les-actualites","tag-niger"],"yoast_head":"<!-- This site is optimized with the Yoast SEO Premium plugin v26.1 (Yoast SEO v27.0) - https:\/\/yoast.com\/product\/yoast-seo-premium-wordpress\/ -->\n<title>Agadez : Lancement de la Caravane civilo-militaire au titre de la r\u00e9gion - niger<\/title>\n<meta name=\"description\" content=\"Le Secre\u0301taire Ge\u0301ne\u0301ral de la re\u0301gion d\u2019Agadez, M. Souleymane Seidou Boulhassan, a pre\u0301side\u0301, le jeudi 5 de\u0301cembre 2024 ...\" \/>\n<meta name=\"robots\" content=\"index, follow, max-snippet:-1, max-image-preview:large, max-video-preview:-1\" \/>\n<link rel=\"canonical\" href=\"https:\/\/www.africa-press.net\/niger\/politique\/agadez-lancement-de-la-caravane-civilo-militaire-au-titre-de-la-region\" \/>\n<meta property=\"og:locale\" content=\"fr_FR\" \/>\n<meta property=\"og:type\" content=\"article\" \/>\n<meta property=\"og:title\" content=\"Agadez : Lancement de la Caravane civilo-militaire au titre de la r\u00e9gion\" \/>\n<meta property=\"og:description\" content=\"Le Secre\u0301taire Ge\u0301ne\u0301ral de la re\u0301gion d\u2019Agadez, M. Souleymane Seidou Boulhassan, a pre\u0301side\u0301, le jeudi 5 de\u0301cembre 2024 ...\" \/>\n<meta property=\"og:url\" content=\"https:\/\/www.africa-press.net\/niger\/politique\/agadez-lancement-de-la-caravane-civilo-militaire-au-titre-de-la-region\" \/>\n<meta property=\"og:site_name\" content=\"niger\" \/>\n<meta property=\"article:published_time\" content=\"2024-12-09T13:56:21+00:00\" \/>\n<meta property=\"article:modified_time\" content=\"2024-12-09T15:15:18+00:00\" \/>\n<meta property=\"og:image\" content=\"https:\/\/static.africa-press.net\/niger\/sites\/40\/2024\/12\/sm_1733744583.335481.jpg\" \/>\n\t<meta property=\"og:image:width\" content=\"1024\" \/>\n\t<meta property=\"og:image:height\" content=\"682\" \/>\n\t<meta property=\"og:image:type\" content=\"image\/jpeg\" \/>\n<meta name=\"author\" content=\"cfeditorfr\" \/>\n<meta name=\"twitter:card\" content=\"summary_large_image\" \/>\n<meta name=\"twitter:label1\" content=\"\u00c9crit par\" \/>\n\t<meta name=\"twitter:data1\" content=\"cfeditorfr\" \/>\n\t<meta name=\"twitter:label2\" content=\"Dur\u00e9e de lecture estim\u00e9e\" \/>\n\t<meta name=\"twitter:data2\" content=\"6 minutes\" \/>\n<script type=\"application\/ld+json\" class=\"yoast-schema-graph\">{\"@context\":\"https:\/\/schema.org\",\"@graph\":[{\"@type\":\"Article\",\"@id\":\"https:\/\/www.africa-press.net\/niger\/politique\/agadez-lancement-de-la-caravane-civilo-militaire-au-titre-de-la-region#article\",\"isPartOf\":{\"@id\":\"https:\/\/www.africa-press.net\/niger\/politique\/agadez-lancement-de-la-caravane-civilo-militaire-au-titre-de-la-region\"},\"author\":{\"name\":\"cfeditorfr\",\"@id\":\"https:\/\/www.africa-press.net\/niger\/#\/schema\/person\/2b1cf3cd81a31e3cd26889ca66d677f1\"},\"headline\":\"Agadez : Lancement de la Caravane civilo-militaire au titre de la r\u00e9gion\",\"datePublished\":\"2024-12-09T13:56:21+00:00\",\"dateModified\":\"2024-12-09T15:15:18+00:00\",\"mainEntityOfPage\":{\"@id\":\"https:\/\/www.africa-press.net\/niger\/politique\/agadez-lancement-de-la-caravane-civilo-militaire-au-titre-de-la-region\"},\"wordCount\":1139,\"commentCount\":0,\"image\":{\"@id\":\"https:\/\/www.africa-press.net\/niger\/politique\/agadez-lancement-de-la-caravane-civilo-militaire-au-titre-de-la-region#primaryimage\"},\"thumbnailUrl\":\"https:\/\/static.africa-press.net\/niger\/sites\/40\/2024\/12\/sm_1733744583.335481.jpg\",\"keywords\":[\"Niger\"],\"articleSection\":[\"Photo\",\"Politique\",\"Toutes les actualit\u00e9s\"],\"inLanguage\":\"fr-FR\",\"potentialAction\":[{\"@type\":\"CommentAction\",\"name\":\"Comment\",\"target\":[\"https:\/\/www.africa-press.net\/niger\/politique\/agadez-lancement-de-la-caravane-civilo-militaire-au-titre-de-la-region#respond\"]}]},{\"@type\":\"WebPage\",\"@id\":\"https:\/\/www.africa-press.net\/niger\/politique\/agadez-lancement-de-la-caravane-civilo-militaire-au-titre-de-la-region\",\"url\":\"https:\/\/www.africa-press.net\/niger\/politique\/agadez-lancement-de-la-caravane-civilo-militaire-au-titre-de-la-region\",\"name\":\"Agadez : Lancement de la Caravane civilo-militaire au titre de la r\u00e9gion - niger\",\"isPartOf\":{\"@id\":\"https:\/\/www.africa-press.net\/niger\/#website\"},\"primaryImageOfPage\":{\"@id\":\"https:\/\/www.africa-press.net\/niger\/politique\/agadez-lancement-de-la-caravane-civilo-militaire-au-titre-de-la-region#primaryimage\"},\"image\":{\"@id\":\"https:\/\/www.africa-press.net\/niger\/politique\/agadez-lancement-de-la-caravane-civilo-militaire-au-titre-de-la-region#primaryimage\"},\"thumbnailUrl\":\"https:\/\/static.africa-press.net\/niger\/sites\/40\/2024\/12\/sm_1733744583.335481.jpg\",\"datePublished\":\"2024-12-09T13:56:21+00:00\",\"dateModified\":\"2024-12-09T15:15:18+00:00\",\"author\":{\"@id\":\"https:\/\/www.africa-press.net\/niger\/#\/schema\/person\/2b1cf3cd81a31e3cd26889ca66d677f1\"},\"description\":\"Le Secre\u0301taire Ge\u0301ne\u0301ral de la re\u0301gion d\u2019Agadez, M. Souleymane Seidou Boulhassan, a pre\u0301side\u0301, le jeudi 5 de\u0301cembre 2024 ...\",\"breadcrumb\":{\"@id\":\"https:\/\/www.africa-press.net\/niger\/politique\/agadez-lancement-de-la-caravane-civilo-militaire-au-titre-de-la-region#breadcrumb\"},\"inLanguage\":\"fr-FR\",\"potentialAction\":[{\"@type\":\"ReadAction\",\"target\":[\"https:\/\/www.africa-press.net\/niger\/politique\/agadez-lancement-de-la-caravane-civilo-militaire-au-titre-de-la-region\"]}]},{\"@type\":\"ImageObject\",\"inLanguage\":\"fr-FR\",\"@id\":\"https:\/\/www.africa-press.net\/niger\/politique\/agadez-lancement-de-la-caravane-civilo-militaire-au-titre-de-la-region#primaryimage\",\"url\":\"https:\/\/static.africa-press.net\/niger\/sites\/40\/2024\/12\/sm_1733744583.335481.jpg\",\"contentUrl\":\"https:\/\/static.africa-press.net\/niger\/sites\/40\/2024\/12\/sm_1733744583.335481.jpg\",\"width\":1024,\"height\":682,\"caption\":\"Agadez : Lancement de la Caravane civilo-militaire au titre de la r\u00e9gion\"},{\"@type\":\"BreadcrumbList\",\"@id\":\"https:\/\/www.africa-press.net\/niger\/politique\/agadez-lancement-de-la-caravane-civilo-militaire-au-titre-de-la-region#breadcrumb\",\"itemListElement\":[{\"@type\":\"ListItem\",\"position\":1,\"name\":\"Accueil\",\"item\":\"https:\/\/www.africa-press.net\/niger\/\"},{\"@type\":\"ListItem\",\"position\":2,\"name\":\"Agadez : Lancement de la Caravane civilo-militaire au titre de la r\u00e9gion\"}]},{\"@type\":\"WebSite\",\"@id\":\"https:\/\/www.africa-press.net\/niger\/#website\",\"url\":\"https:\/\/www.africa-press.net\/niger\/\",\"name\":\"niger\",\"description\":\"Just another Africa News Agency Sites site\",\"potentialAction\":[{\"@type\":\"SearchAction\",\"target\":{\"@type\":\"EntryPoint\",\"urlTemplate\":\"https:\/\/www.africa-press.net\/niger\/?s={search_term_string}\"},\"query-input\":{\"@type\":\"PropertyValueSpecification\",\"valueRequired\":true,\"valueName\":\"search_term_string\"}}],\"inLanguage\":\"fr-FR\"},{\"@type\":\"Person\",\"@id\":\"https:\/\/www.africa-press.net\/niger\/#\/schema\/person\/2b1cf3cd81a31e3cd26889ca66d677f1\",\"name\":\"cfeditorfr\"}]}<\/script>\n<!-- \/ Yoast SEO Premium plugin. -->","yoast_head_json":{"title":"Agadez : Lancement de la Caravane civilo-militaire au titre de la r\u00e9gion - niger","description":"Le Secre\u0301taire Ge\u0301ne\u0301ral de la re\u0301gion d\u2019Agadez, M. Souleymane Seidou Boulhassan, a pre\u0301side\u0301, le jeudi 5 de\u0301cembre 2024 ...","robots":{"index":"index","follow":"follow","max-snippet":"max-snippet:-1","max-image-preview":"max-image-preview:large","max-video-preview":"max-video-preview:-1"},"canonical":"https:\/\/www.africa-press.net\/niger\/politique\/agadez-lancement-de-la-caravane-civilo-militaire-au-titre-de-la-region","og_locale":"fr_FR","og_type":"article","og_title":"Agadez : Lancement de la Caravane civilo-militaire au titre de la r\u00e9gion","og_description":"Le Secre\u0301taire Ge\u0301ne\u0301ral de la re\u0301gion d\u2019Agadez, M. Souleymane Seidou Boulhassan, a pre\u0301side\u0301, le jeudi 5 de\u0301cembre 2024 ...","og_url":"https:\/\/www.africa-press.net\/niger\/politique\/agadez-lancement-de-la-caravane-civilo-militaire-au-titre-de-la-region","og_site_name":"niger","article_published_time":"2024-12-09T13:56:21+00:00","article_modified_time":"2024-12-09T15:15:18+00:00","og_image":[{"width":1024,"height":682,"url":"https:\/\/static.africa-press.net\/niger\/sites\/40\/2024\/12\/sm_1733744583.335481.jpg","type":"image\/jpeg"}],"author":"cfeditorfr","twitter_card":"summary_large_image","twitter_misc":{"\u00c9crit par":"cfeditorfr","Dur\u00e9e de lecture estim\u00e9e":"6 minutes"},"schema":{"@context":"https:\/\/schema.org","@graph":[{"@type":"Article","@id":"https:\/\/www.africa-press.net\/niger\/politique\/agadez-lancement-de-la-caravane-civilo-militaire-au-titre-de-la-region#article","isPartOf":{"@id":"https:\/\/www.africa-press.net\/niger\/politique\/agadez-lancement-de-la-caravane-civilo-militaire-au-titre-de-la-region"},"author":{"name":"cfeditorfr","@id":"https:\/\/www.africa-press.net\/niger\/#\/schema\/person\/2b1cf3cd81a31e3cd26889ca66d677f1"},"headline":"Agadez : Lancement de la Caravane civilo-militaire au titre de la r\u00e9gion","datePublished":"2024-12-09T13:56:21+00:00","dateModified":"2024-12-09T15:15:18+00:00","mainEntityOfPage":{"@id":"https:\/\/www.africa-press.net\/niger\/politique\/agadez-lancement-de-la-caravane-civilo-militaire-au-titre-de-la-region"},"wordCount":1139,"commentCount":0,"image":{"@id":"https:\/\/www.africa-press.net\/niger\/politique\/agadez-lancement-de-la-caravane-civilo-militaire-au-titre-de-la-region#primaryimage"},"thumbnailUrl":"https:\/\/static.africa-press.net\/niger\/sites\/40\/2024\/12\/sm_1733744583.335481.jpg","keywords":["Niger"],"articleSection":["Photo","Politique","Toutes les actualit\u00e9s"],"inLanguage":"fr-FR","potentialAction":[{"@type":"CommentAction","name":"Comment","target":["https:\/\/www.africa-press.net\/niger\/politique\/agadez-lancement-de-la-caravane-civilo-militaire-au-titre-de-la-region#respond"]}]},{"@type":"WebPage","@id":"https:\/\/www.africa-press.net\/niger\/politique\/agadez-lancement-de-la-caravane-civilo-militaire-au-titre-de-la-region","url":"https:\/\/www.africa-press.net\/niger\/politique\/agadez-lancement-de-la-caravane-civilo-militaire-au-titre-de-la-region","name":"Agadez : Lancement de la Caravane civilo-militaire au titre de la r\u00e9gion - niger","isPartOf":{"@id":"https:\/\/www.africa-press.net\/niger\/#website"},"primaryImageOfPage":{"@id":"https:\/\/www.africa-press.net\/niger\/politique\/agadez-lancement-de-la-caravane-civilo-militaire-au-titre-de-la-region#primaryimage"},"image":{"@id":"https:\/\/www.africa-press.net\/niger\/politique\/agadez-lancement-de-la-caravane-civilo-militaire-au-titre-de-la-region#primaryimage"},"thumbnailUrl":"https:\/\/static.africa-press.net\/niger\/sites\/40\/2024\/12\/sm_1733744583.335481.jpg","datePublished":"2024-12-09T13:56:21+00:00","dateModified":"2024-12-09T15:15:18+00:00","author":{"@id":"https:\/\/www.africa-press.net\/niger\/#\/schema\/person\/2b1cf3cd81a31e3cd26889ca66d677f1"},"description":"Le Secre\u0301taire Ge\u0301ne\u0301ral de la re\u0301gion d\u2019Agadez, M. Souleymane Seidou Boulhassan, a pre\u0301side\u0301, le jeudi 5 de\u0301cembre 2024 ...","breadcrumb":{"@id":"https:\/\/www.africa-press.net\/niger\/politique\/agadez-lancement-de-la-caravane-civilo-militaire-au-titre-de-la-region#breadcrumb"},"inLanguage":"fr-FR","potentialAction":[{"@type":"ReadAction","target":["https:\/\/www.africa-press.net\/niger\/politique\/agadez-lancement-de-la-caravane-civilo-militaire-au-titre-de-la-region"]}]},{"@type":"ImageObject","inLanguage":"fr-FR","@id":"https:\/\/www.africa-press.net\/niger\/politique\/agadez-lancement-de-la-caravane-civilo-militaire-au-titre-de-la-region#primaryimage","url":"https:\/\/static.africa-press.net\/niger\/sites\/40\/2024\/12\/sm_1733744583.335481.jpg","contentUrl":"https:\/\/static.africa-press.net\/niger\/sites\/40\/2024\/12\/sm_1733744583.335481.jpg","width":1024,"height":682,"caption":"Agadez : Lancement de la Caravane civilo-militaire au titre de la r\u00e9gion"},{"@type":"BreadcrumbList","@id":"https:\/\/www.africa-press.net\/niger\/politique\/agadez-lancement-de-la-caravane-civilo-militaire-au-titre-de-la-region#breadcrumb","itemListElement":[{"@type":"ListItem","position":1,"name":"Accueil","item":"https:\/\/www.africa-press.net\/niger\/"},{"@type":"ListItem","position":2,"name":"Agadez : Lancement de la Caravane civilo-militaire au titre de la r\u00e9gion"}]},{"@type":"WebSite","@id":"https:\/\/www.africa-press.net\/niger\/#website","url":"https:\/\/www.africa-press.net\/niger\/","name":"niger","description":"Just another Africa News Agency Sites site","potentialAction":[{"@type":"SearchAction","target":{"@type":"EntryPoint","urlTemplate":"https:\/\/www.africa-press.net\/niger\/?s={search_term_string}"},"query-input":{"@type":"PropertyValueSpecification","valueRequired":true,"valueName":"search_term_string"}}],"inLanguage":"fr-FR"},{"@type":"Person","@id":"https:\/\/www.africa-press.net\/niger\/#\/schema\/person\/2b1cf3cd81a31e3cd26889ca66d677f1","name":"cfeditorfr"}]}},"_links":{"self":[{"href":"https:\/\/www.africa-press.net\/niger\/wp-json\/wp\/v2\/posts\/74583","targetHints":{"allow":["GET"]}}],"collection":[{"href":"https:\/\/www.africa-press.net\/niger\/wp-json\/wp\/v2\/posts"}],"about":[{"href":"https:\/\/www.africa-press.net\/niger\/wp-json\/wp\/v2\/types\/post"}],"author":[{"embeddable":true,"href":"https:\/\/www.africa-press.net\/niger\/wp-json\/wp\/v2\/users\/82"}],"replies":[{"embeddable":true,"href":"https:\/\/www.africa-press.net\/niger\/wp-json\/wp\/v2\/comments?post=74583"}],"version-history":[{"count":0,"href":"https:\/\/www.africa-press.net\/niger\/wp-json\/wp\/v2\/posts\/74583\/revisions"}],"wp:featuredmedia":[{"embeddable":true,"href":"https:\/\/www.africa-press.net\/niger\/wp-json\/wp\/v2\/media\/74582"}],"wp:attachment":[{"href":"https:\/\/www.africa-press.net\/niger\/wp-json\/wp\/v2\/media?parent=74583"}],"wp:term":[{"taxonomy":"category","embeddable":true,"href":"https:\/\/www.africa-press.net\/niger\/wp-json\/wp\/v2\/categories?post=74583"},{"taxonomy":"post_tag","embeddable":true,"href":"https:\/\/www.africa-press.net\/niger\/wp-json\/wp\/v2\/tags?post=74583"}],"curies":[{"name":"wp","href":"https:\/\/api.w.org\/{rel}","templated":true}]}}