{"id":77392,"date":"2025-02-03T16:00:06","date_gmt":"2025-02-03T16:00:06","guid":{"rendered":"https:\/\/www.africa-press.net\/niger\/politique\/can-2025-le-calendrier-complet-de-la-competition-devoile"},"modified":"2025-02-04T19:03:23","modified_gmt":"2025-02-04T19:03:23","slug":"can-2025-le-calendrier-complet-de-la-competition-devoile","status":"publish","type":"post","link":"https:\/\/www.africa-press.net\/niger\/sports\/can-2025-le-calendrier-complet-de-la-competition-devoile","title":{"rendered":"CAN 2025 : Le calendrier complet de la comp\u00e9tition d\u00e9voil\u00e9 !"},"content":{"rendered":"<p><span style=\"color: #ff6600\"><strong>Africa-Press &#8211; Niger. <\/strong><\/span>La Confe\u0301de\u0301ration africaine de football a de\u0301voile\u0301 le calendrier complet de la 35e\u0300 coupe d\u2019Afrique des Nations. Le match d\u2019ouverture entre le Maroc et les Comores aura lieu le 21 de\u0301cembre au complexe sportif Prince Moulay Abdellah de Rabat. La phase de groupes se de\u0301roulera ainsi jusqu\u2019au 31 de\u0301cembre avec les dernie\u0300res confrontations des groupes E et F. La compe\u0301tition marquera une pause les 1er et 2 janvier 2026.<\/p>\n<p>Les phases a\u0300 e\u0301limination directe commencent le 3 janvier avec les 8e\u0300 de finale. Les matchs de classement et de la finale auront lieu respectivement les 17 et 18 janvier 2026.<\/p>\n<p>Voici le programme complet de la compe\u0301tition<\/p>\n<p><img loading=\"lazy\" decoding=\"async\" width=\"1323\" height=\"837\" class=\"alignnone wp-image-77390 size-full\" src=\"https:\/\/static.africa-press.net\/niger\/sites\/40\/2025\/02\/sm_1738587391.223263.jpg\" srcset=\"https:\/\/static.africa-press.net\/niger\/sites\/40\/2025\/02\/sm_1738587391.223263.jpg 1323w, https:\/\/static.africa-press.net\/niger\/sites\/40\/2025\/02\/sm_1738587391.223263-300x190.jpg 300w, https:\/\/static.africa-press.net\/niger\/sites\/40\/2025\/02\/sm_1738587391.223263-1024x648.jpg 1024w, https:\/\/static.africa-press.net\/niger\/sites\/40\/2025\/02\/sm_1738587391.223263-768x486.jpg 768w\" sizes=\"auto, (max-width: 1323px) 100vw, 1323px\" \/><\/p>\n<p><strong>Pour plus d&rsquo;informations et d&rsquo;analyses sur la <span style=\"color: #ff6600\">Niger<\/span>, suivez <span style=\"color: #ff6600\">Africa-Press<\/span><\/strong><\/p>\n","protected":false},"excerpt":{"rendered":"<p>Africa-Press &#8211; Niger. La Confe\u0301de\u0301ration africaine de football a de\u0301voile\u0301 le calendrier complet de la 35e\u0300 coupe d\u2019Afrique des Nations. Le match d\u2019ouverture entre le Maroc et les Comores aura lieu le 21 de\u0301cembre au complexe sportif Prince Moulay Abdellah de Rabat. La phase de groupes se de\u0301roulera ainsi jusqu\u2019au 31 de\u0301cembre avec les dernie\u0300res [&hellip;]<\/p>\n","protected":false},"author":82,"featured_media":77391,"comment_status":"open","ping_status":"closed","sticky":false,"template":"","format":"standard","meta":{"footnotes":""},"categories":[6,10],"tags":[29],"class_list":["post-77392","post","type-post","status-publish","format-standard","has-post-thumbnail","hentry","category-sports","category-toutes-les-actualites","tag-niger"],"yoast_head":"<!-- This site is optimized with the Yoast SEO Premium plugin v26.1 (Yoast SEO v27.0) - https:\/\/yoast.com\/product\/yoast-seo-premium-wordpress\/ -->\n<title>CAN 2025 : Le calendrier complet de la comp\u00e9tition d\u00e9voil\u00e9 ! - niger<\/title>\n<meta name=\"description\" content=\"La Confe\u0301de\u0301ration africaine de football a de\u0301voile\u0301 le calendrier complet de la 35e\u0300 coupe d\u2019Afrique des Nations. Le ma ...\" \/>\n<meta name=\"robots\" content=\"index, follow, max-snippet:-1, max-image-preview:large, max-video-preview:-1\" \/>\n<link rel=\"canonical\" href=\"https:\/\/www.africa-press.net\/niger\/sports\/can-2025-le-calendrier-complet-de-la-competition-devoile\" \/>\n<meta property=\"og:locale\" content=\"fr_FR\" \/>\n<meta property=\"og:type\" content=\"article\" \/>\n<meta property=\"og:title\" content=\"CAN 2025 : Le calendrier complet de la comp\u00e9tition d\u00e9voil\u00e9 !\" \/>\n<meta property=\"og:description\" content=\"La Confe\u0301de\u0301ration africaine de football a de\u0301voile\u0301 le calendrier complet de la 35e\u0300 coupe d\u2019Afrique des Nations. Le ma ...\" \/>\n<meta property=\"og:url\" content=\"https:\/\/www.africa-press.net\/niger\/sports\/can-2025-le-calendrier-complet-de-la-competition-devoile\" \/>\n<meta property=\"og:site_name\" content=\"niger\" \/>\n<meta property=\"article:published_time\" content=\"2025-02-03T16:00:06+00:00\" \/>\n<meta property=\"article:modified_time\" content=\"2025-02-04T19:03:23+00:00\" \/>\n<meta property=\"og:image\" content=\"https:\/\/static.africa-press.net\/niger\/sites\/40\/2025\/02\/sm_1738587395.577122.jpg\" \/>\n\t<meta property=\"og:image:width\" content=\"1200\" \/>\n\t<meta property=\"og:image:height\" content=\"800\" \/>\n\t<meta property=\"og:image:type\" content=\"image\/jpeg\" \/>\n<meta name=\"author\" content=\"cfeditorfr\" \/>\n<meta name=\"twitter:card\" content=\"summary_large_image\" \/>\n<meta name=\"twitter:label1\" content=\"\u00c9crit par\" \/>\n\t<meta name=\"twitter:data1\" content=\"cfeditorfr\" \/>\n\t<meta name=\"twitter:label2\" content=\"Dur\u00e9e de lecture estim\u00e9e\" \/>\n\t<meta name=\"twitter:data2\" content=\"2 minutes\" \/>\n<script type=\"application\/ld+json\" class=\"yoast-schema-graph\">{\"@context\":\"https:\/\/schema.org\",\"@graph\":[{\"@type\":\"Article\",\"@id\":\"https:\/\/www.africa-press.net\/niger\/sports\/can-2025-le-calendrier-complet-de-la-competition-devoile#article\",\"isPartOf\":{\"@id\":\"https:\/\/www.africa-press.net\/niger\/sports\/can-2025-le-calendrier-complet-de-la-competition-devoile\"},\"author\":{\"name\":\"cfeditorfr\",\"@id\":\"https:\/\/www.africa-press.net\/niger\/#\/schema\/person\/2b1cf3cd81a31e3cd26889ca66d677f1\"},\"headline\":\"CAN 2025 : Le calendrier complet de la comp\u00e9tition d\u00e9voil\u00e9 !\",\"datePublished\":\"2025-02-03T16:00:06+00:00\",\"dateModified\":\"2025-02-04T19:03:23+00:00\",\"mainEntityOfPage\":{\"@id\":\"https:\/\/www.africa-press.net\/niger\/sports\/can-2025-le-calendrier-complet-de-la-competition-devoile\"},\"wordCount\":137,\"commentCount\":0,\"image\":{\"@id\":\"https:\/\/www.africa-press.net\/niger\/sports\/can-2025-le-calendrier-complet-de-la-competition-devoile#primaryimage\"},\"thumbnailUrl\":\"https:\/\/static.africa-press.net\/niger\/sites\/40\/2025\/02\/sm_1738587395.577122.jpg\",\"keywords\":[\"Niger\"],\"articleSection\":[\"Sports\",\"Toutes les actualit\u00e9s\"],\"inLanguage\":\"fr-FR\",\"potentialAction\":[{\"@type\":\"CommentAction\",\"name\":\"Comment\",\"target\":[\"https:\/\/www.africa-press.net\/niger\/sports\/can-2025-le-calendrier-complet-de-la-competition-devoile#respond\"]}]},{\"@type\":\"WebPage\",\"@id\":\"https:\/\/www.africa-press.net\/niger\/sports\/can-2025-le-calendrier-complet-de-la-competition-devoile\",\"url\":\"https:\/\/www.africa-press.net\/niger\/sports\/can-2025-le-calendrier-complet-de-la-competition-devoile\",\"name\":\"CAN 2025 : Le calendrier complet de la comp\u00e9tition d\u00e9voil\u00e9 ! - niger\",\"isPartOf\":{\"@id\":\"https:\/\/www.africa-press.net\/niger\/#website\"},\"primaryImageOfPage\":{\"@id\":\"https:\/\/www.africa-press.net\/niger\/sports\/can-2025-le-calendrier-complet-de-la-competition-devoile#primaryimage\"},\"image\":{\"@id\":\"https:\/\/www.africa-press.net\/niger\/sports\/can-2025-le-calendrier-complet-de-la-competition-devoile#primaryimage\"},\"thumbnailUrl\":\"https:\/\/static.africa-press.net\/niger\/sites\/40\/2025\/02\/sm_1738587395.577122.jpg\",\"datePublished\":\"2025-02-03T16:00:06+00:00\",\"dateModified\":\"2025-02-04T19:03:23+00:00\",\"author\":{\"@id\":\"https:\/\/www.africa-press.net\/niger\/#\/schema\/person\/2b1cf3cd81a31e3cd26889ca66d677f1\"},\"description\":\"La Confe\u0301de\u0301ration africaine de football a de\u0301voile\u0301 le calendrier complet de la 35e\u0300 coupe d\u2019Afrique des Nations. Le ma ...\",\"breadcrumb\":{\"@id\":\"https:\/\/www.africa-press.net\/niger\/sports\/can-2025-le-calendrier-complet-de-la-competition-devoile#breadcrumb\"},\"inLanguage\":\"fr-FR\",\"potentialAction\":[{\"@type\":\"ReadAction\",\"target\":[\"https:\/\/www.africa-press.net\/niger\/sports\/can-2025-le-calendrier-complet-de-la-competition-devoile\"]}]},{\"@type\":\"ImageObject\",\"inLanguage\":\"fr-FR\",\"@id\":\"https:\/\/www.africa-press.net\/niger\/sports\/can-2025-le-calendrier-complet-de-la-competition-devoile#primaryimage\",\"url\":\"https:\/\/static.africa-press.net\/niger\/sites\/40\/2025\/02\/sm_1738587395.577122.jpg\",\"contentUrl\":\"https:\/\/static.africa-press.net\/niger\/sites\/40\/2025\/02\/sm_1738587395.577122.jpg\",\"width\":1200,\"height\":800,\"caption\":\"CAN 2025 : Le calendrier complet de la comp\u00e9tition d\u00e9voil\u00e9 !\"},{\"@type\":\"BreadcrumbList\",\"@id\":\"https:\/\/www.africa-press.net\/niger\/sports\/can-2025-le-calendrier-complet-de-la-competition-devoile#breadcrumb\",\"itemListElement\":[{\"@type\":\"ListItem\",\"position\":1,\"name\":\"Accueil\",\"item\":\"https:\/\/www.africa-press.net\/niger\/\"},{\"@type\":\"ListItem\",\"position\":2,\"name\":\"CAN 2025 : Le calendrier complet de la comp\u00e9tition d\u00e9voil\u00e9 !\"}]},{\"@type\":\"WebSite\",\"@id\":\"https:\/\/www.africa-press.net\/niger\/#website\",\"url\":\"https:\/\/www.africa-press.net\/niger\/\",\"name\":\"niger\",\"description\":\"Just another Africa News Agency Sites site\",\"potentialAction\":[{\"@type\":\"SearchAction\",\"target\":{\"@type\":\"EntryPoint\",\"urlTemplate\":\"https:\/\/www.africa-press.net\/niger\/?s={search_term_string}\"},\"query-input\":{\"@type\":\"PropertyValueSpecification\",\"valueRequired\":true,\"valueName\":\"search_term_string\"}}],\"inLanguage\":\"fr-FR\"},{\"@type\":\"Person\",\"@id\":\"https:\/\/www.africa-press.net\/niger\/#\/schema\/person\/2b1cf3cd81a31e3cd26889ca66d677f1\",\"name\":\"cfeditorfr\"}]}<\/script>\n<!-- \/ Yoast SEO Premium plugin. -->","yoast_head_json":{"title":"CAN 2025 : Le calendrier complet de la comp\u00e9tition d\u00e9voil\u00e9 ! - niger","description":"La Confe\u0301de\u0301ration africaine de football a de\u0301voile\u0301 le calendrier complet de la 35e\u0300 coupe d\u2019Afrique des Nations. Le ma ...","robots":{"index":"index","follow":"follow","max-snippet":"max-snippet:-1","max-image-preview":"max-image-preview:large","max-video-preview":"max-video-preview:-1"},"canonical":"https:\/\/www.africa-press.net\/niger\/sports\/can-2025-le-calendrier-complet-de-la-competition-devoile","og_locale":"fr_FR","og_type":"article","og_title":"CAN 2025 : Le calendrier complet de la comp\u00e9tition d\u00e9voil\u00e9 !","og_description":"La Confe\u0301de\u0301ration africaine de football a de\u0301voile\u0301 le calendrier complet de la 35e\u0300 coupe d\u2019Afrique des Nations. Le ma ...","og_url":"https:\/\/www.africa-press.net\/niger\/sports\/can-2025-le-calendrier-complet-de-la-competition-devoile","og_site_name":"niger","article_published_time":"2025-02-03T16:00:06+00:00","article_modified_time":"2025-02-04T19:03:23+00:00","og_image":[{"width":1200,"height":800,"url":"https:\/\/static.africa-press.net\/niger\/sites\/40\/2025\/02\/sm_1738587395.577122.jpg","type":"image\/jpeg"}],"author":"cfeditorfr","twitter_card":"summary_large_image","twitter_misc":{"\u00c9crit par":"cfeditorfr","Dur\u00e9e de lecture estim\u00e9e":"2 minutes"},"schema":{"@context":"https:\/\/schema.org","@graph":[{"@type":"Article","@id":"https:\/\/www.africa-press.net\/niger\/sports\/can-2025-le-calendrier-complet-de-la-competition-devoile#article","isPartOf":{"@id":"https:\/\/www.africa-press.net\/niger\/sports\/can-2025-le-calendrier-complet-de-la-competition-devoile"},"author":{"name":"cfeditorfr","@id":"https:\/\/www.africa-press.net\/niger\/#\/schema\/person\/2b1cf3cd81a31e3cd26889ca66d677f1"},"headline":"CAN 2025 : Le calendrier complet de la comp\u00e9tition d\u00e9voil\u00e9 !","datePublished":"2025-02-03T16:00:06+00:00","dateModified":"2025-02-04T19:03:23+00:00","mainEntityOfPage":{"@id":"https:\/\/www.africa-press.net\/niger\/sports\/can-2025-le-calendrier-complet-de-la-competition-devoile"},"wordCount":137,"commentCount":0,"image":{"@id":"https:\/\/www.africa-press.net\/niger\/sports\/can-2025-le-calendrier-complet-de-la-competition-devoile#primaryimage"},"thumbnailUrl":"https:\/\/static.africa-press.net\/niger\/sites\/40\/2025\/02\/sm_1738587395.577122.jpg","keywords":["Niger"],"articleSection":["Sports","Toutes les actualit\u00e9s"],"inLanguage":"fr-FR","potentialAction":[{"@type":"CommentAction","name":"Comment","target":["https:\/\/www.africa-press.net\/niger\/sports\/can-2025-le-calendrier-complet-de-la-competition-devoile#respond"]}]},{"@type":"WebPage","@id":"https:\/\/www.africa-press.net\/niger\/sports\/can-2025-le-calendrier-complet-de-la-competition-devoile","url":"https:\/\/www.africa-press.net\/niger\/sports\/can-2025-le-calendrier-complet-de-la-competition-devoile","name":"CAN 2025 : Le calendrier complet de la comp\u00e9tition d\u00e9voil\u00e9 ! - niger","isPartOf":{"@id":"https:\/\/www.africa-press.net\/niger\/#website"},"primaryImageOfPage":{"@id":"https:\/\/www.africa-press.net\/niger\/sports\/can-2025-le-calendrier-complet-de-la-competition-devoile#primaryimage"},"image":{"@id":"https:\/\/www.africa-press.net\/niger\/sports\/can-2025-le-calendrier-complet-de-la-competition-devoile#primaryimage"},"thumbnailUrl":"https:\/\/static.africa-press.net\/niger\/sites\/40\/2025\/02\/sm_1738587395.577122.jpg","datePublished":"2025-02-03T16:00:06+00:00","dateModified":"2025-02-04T19:03:23+00:00","author":{"@id":"https:\/\/www.africa-press.net\/niger\/#\/schema\/person\/2b1cf3cd81a31e3cd26889ca66d677f1"},"description":"La Confe\u0301de\u0301ration africaine de football a de\u0301voile\u0301 le calendrier complet de la 35e\u0300 coupe d\u2019Afrique des Nations. Le ma ...","breadcrumb":{"@id":"https:\/\/www.africa-press.net\/niger\/sports\/can-2025-le-calendrier-complet-de-la-competition-devoile#breadcrumb"},"inLanguage":"fr-FR","potentialAction":[{"@type":"ReadAction","target":["https:\/\/www.africa-press.net\/niger\/sports\/can-2025-le-calendrier-complet-de-la-competition-devoile"]}]},{"@type":"ImageObject","inLanguage":"fr-FR","@id":"https:\/\/www.africa-press.net\/niger\/sports\/can-2025-le-calendrier-complet-de-la-competition-devoile#primaryimage","url":"https:\/\/static.africa-press.net\/niger\/sites\/40\/2025\/02\/sm_1738587395.577122.jpg","contentUrl":"https:\/\/static.africa-press.net\/niger\/sites\/40\/2025\/02\/sm_1738587395.577122.jpg","width":1200,"height":800,"caption":"CAN 2025 : Le calendrier complet de la comp\u00e9tition d\u00e9voil\u00e9 !"},{"@type":"BreadcrumbList","@id":"https:\/\/www.africa-press.net\/niger\/sports\/can-2025-le-calendrier-complet-de-la-competition-devoile#breadcrumb","itemListElement":[{"@type":"ListItem","position":1,"name":"Accueil","item":"https:\/\/www.africa-press.net\/niger\/"},{"@type":"ListItem","position":2,"name":"CAN 2025 : Le calendrier complet de la comp\u00e9tition d\u00e9voil\u00e9 !"}]},{"@type":"WebSite","@id":"https:\/\/www.africa-press.net\/niger\/#website","url":"https:\/\/www.africa-press.net\/niger\/","name":"niger","description":"Just another Africa News Agency Sites site","potentialAction":[{"@type":"SearchAction","target":{"@type":"EntryPoint","urlTemplate":"https:\/\/www.africa-press.net\/niger\/?s={search_term_string}"},"query-input":{"@type":"PropertyValueSpecification","valueRequired":true,"valueName":"search_term_string"}}],"inLanguage":"fr-FR"},{"@type":"Person","@id":"https:\/\/www.africa-press.net\/niger\/#\/schema\/person\/2b1cf3cd81a31e3cd26889ca66d677f1","name":"cfeditorfr"}]}},"_links":{"self":[{"href":"https:\/\/www.africa-press.net\/niger\/wp-json\/wp\/v2\/posts\/77392","targetHints":{"allow":["GET"]}}],"collection":[{"href":"https:\/\/www.africa-press.net\/niger\/wp-json\/wp\/v2\/posts"}],"about":[{"href":"https:\/\/www.africa-press.net\/niger\/wp-json\/wp\/v2\/types\/post"}],"author":[{"embeddable":true,"href":"https:\/\/www.africa-press.net\/niger\/wp-json\/wp\/v2\/users\/82"}],"replies":[{"embeddable":true,"href":"https:\/\/www.africa-press.net\/niger\/wp-json\/wp\/v2\/comments?post=77392"}],"version-history":[{"count":0,"href":"https:\/\/www.africa-press.net\/niger\/wp-json\/wp\/v2\/posts\/77392\/revisions"}],"wp:featuredmedia":[{"embeddable":true,"href":"https:\/\/www.africa-press.net\/niger\/wp-json\/wp\/v2\/media\/77391"}],"wp:attachment":[{"href":"https:\/\/www.africa-press.net\/niger\/wp-json\/wp\/v2\/media?parent=77392"}],"wp:term":[{"taxonomy":"category","embeddable":true,"href":"https:\/\/www.africa-press.net\/niger\/wp-json\/wp\/v2\/categories?post=77392"},{"taxonomy":"post_tag","embeddable":true,"href":"https:\/\/www.africa-press.net\/niger\/wp-json\/wp\/v2\/tags?post=77392"}],"curies":[{"name":"wp","href":"https:\/\/api.w.org\/{rel}","templated":true}]}}