{"id":8000,"date":"2021-06-22T10:01:15","date_gmt":"2021-06-22T10:01:15","guid":{"rendered":"https:\/\/www.africa-press.net\/niger\/?p=8000"},"modified":"2021-06-22T19:28:25","modified_gmt":"2021-06-22T19:28:25","slug":"retour-des-refugies-dans-leurs-localites-respectives-a-diffa-pres-de-6000-personnes-dont-2000-menages-concernes-pour-la-premiere-phase","status":"publish","type":"post","link":"https:\/\/www.africa-press.net\/niger\/toutes-les-actualites\/retour-des-refugies-dans-leurs-localites-respectives-a-diffa-pres-de-6000-personnes-dont-2000-menages-concernes-pour-la-premiere-phase","title":{"rendered":"Retour des r\u00e9fugi\u00e9s dans leurs localit\u00e9s\u00a0respectives : A Diffa\u00a0pr\u00e8s de 6000 personnes dont 2000 m\u00e9nages concern\u00e9s pour la premi\u00e8re phase"},"content":{"rendered":"<p><span style=\"color: #ff6600\"><strong><a href=\"https:\/\/www.africa-press.net\/\">Africa-Press<\/a> &#8211; <a href=\"https:\/\/www.africa-press.net\/niger\">Niger<\/a>. <\/strong><\/span>Le Gouverneur de la r\u00e9gion de Diffa, M. Issa lemine a lanc\u00e9, hier dimanche 20 juin 2021, l\u2019op\u00e9ration de retour des refugies dans leurs localit\u00e9s abandonn\u00e9es depuis 2015 pour fuir les attaques terroristes de boko haram dans la r\u00e9gion.<\/p>\n<p>A Diffa, ils sont pr\u00e8s de 6000 personnes dont 2000 m\u00e9nages concern\u00e9s par cette premi\u00e8re phase de l\u2019op\u00e9ration de retour des r\u00e9fugi\u00e9s dans leurs villages.<\/p>\n<p>En lan\u00e7ant l\u2019op\u00e9ration le gouverneur, M. Issa Lemine a rappel\u00e9 que \u2018\u2019depuis le 05 f\u00e9vrier 2015, les populations de la r\u00e9gion de Diffa sont en perp\u00e9tuel d\u00e9placement de villages en villages et de sites en sites. Ils sont pr\u00e8s de 300 villages et Hameaux d\u00e9guerpis, et pr\u00e8s de 130.000 personnes d\u00e9plac\u00e9es\u2019\u2019.<\/p>\n<p>\u2018\u2019La vie dans la r\u00e9gion de Diffa avait bouscul\u00e9 voire sombr\u00e9, le paysage r\u00e9gional avait chang\u00e9 avec l\u2019apparition des centres de r\u00e9fugi\u00e9s multicolores ou les conditions de vie sont tristes\u2019\u2019 a-t-il poursuivi tout en indiquant que \u2018\u2019six ans durant, le souffle ne tient que gr\u00e2ce au courage, \u00e0 la foi religieuse et gr\u00e2ce aux valeurs culturelles bas\u00e9es sur le respect, l\u2019honneur et la dignit\u00e9\u2019\u2019.<\/p>\n<p>Durant toutes ces ann\u00e9es a, encore, soulign\u00e9, le gouverneur Issa Lemine \u2018\u2019les populations n\u2019avaient cess\u00e9 de r\u00e9clamer leur retour dans leurs villages d\u2019origine\u2019\u2019.<\/p>\n<p>Selon le gouverneur \u2018\u2019le gouvernement d\u00e9cide de donner le feu vert pour le retour, cet engagement fait suite \u00e0 la volont\u00e9 du peuple, car des instructions ont \u00e9t\u00e9 fermement donn\u00e9es pour prendre les dispositions mat\u00e9rielles et s\u00e9curitaires afin de concr\u00e9tiser ce r\u00eave de nos populations d\u00e9plac\u00e9es\u2019\u2019.<\/p>\n<p>\u2018\u2019Ce premier retour concerne, un village historique, village de grande renomm\u00e9e, j\u2019ai nomm\u00e9 Baroua et 18 autres villages sont concern\u00e9s par la premi\u00e8re phase de retour au bercail. Trois sites de d\u00e9part sont identifi\u00e9s dans la ville de Diffa o\u00f9 vont embarquer 5935 personnes et 1987 m\u00e9nages \u00e0 destination de Baroua, et les dispositions prises doivent \u00eatre renforc\u00e9es quotidiennement et les risques doivent \u00eatre \u00e9valu\u00e9s\u2019\u2019 a annonc\u00e9 le gouverneur Issa Lemine.<\/p>\n<p>\u2018\u2019Nous avons attendu 6 ans pour accepter cette op\u00e9ration de retour, nous ne devons plus reculer\u2019\u2019 a-t-il conclu.<\/p>\n<p>La r\u00e9gion de Diffa est confront\u00e9e depuis 2015 \u00e0 une ins\u00e9curit\u00e9 due aux attaques terroristes perp\u00e9tr\u00e9es par le n\u00e9buleuse boko haram et autres bandits, rappelle-t-on.<\/p>\n","protected":false},"excerpt":{"rendered":"<p>Africa-Press &#8211; Niger. Le Gouverneur de la r\u00e9gion de Diffa, M. Issa lemine a lanc\u00e9, hier dimanche 20 juin 2021, l\u2019op\u00e9ration de retour des refugies dans leurs localit\u00e9s abandonn\u00e9es depuis 2015 pour fuir les attaques terroristes de boko haram dans la r\u00e9gion. A Diffa, ils sont pr\u00e8s de 6000 personnes dont 2000 m\u00e9nages concern\u00e9s par [&hellip;]<\/p>\n","protected":false},"author":82,"featured_media":7999,"comment_status":"open","ping_status":"closed","sticky":false,"template":"","format":"standard","meta":{"footnotes":""},"categories":[21,11,10],"tags":[55,60,29],"class_list":["post-8000","post","type-post","status-publish","format-standard","has-post-thumbnail","hentry","category-communaute","category-homepage-french","category-toutes-les-actualites","tag-africa-press","tag-africa-press-niger","tag-niger"],"yoast_head":"<!-- This site is optimized with the Yoast SEO Premium plugin v26.1 (Yoast SEO v27.0) - https:\/\/yoast.com\/product\/yoast-seo-premium-wordpress\/ -->\n<title>Retour des r\u00e9fugi\u00e9s dans leurs localit\u00e9s\u00a0respectives : A Diffa\u00a0pr\u00e8s de 6000 personnes dont 2000 m\u00e9nages concern\u00e9s pour la premi\u00e8re phase - niger<\/title>\n<meta name=\"description\" content=\",21 juin(ANP)-Le Gouverneur de la r\u00e9gion de Diffa, M. Issa lemine a lanc\u00e9, hier dimanche 20 juin 2021, l\u2019op\u00e9ration de re ...\" \/>\n<meta name=\"robots\" content=\"index, follow, max-snippet:-1, max-image-preview:large, max-video-preview:-1\" \/>\n<link rel=\"canonical\" href=\"https:\/\/www.africa-press.net\/niger\/toutes-les-actualites\/retour-des-refugies-dans-leurs-localites-respectives-a-diffa-pres-de-6000-personnes-dont-2000-menages-concernes-pour-la-premiere-phase\" \/>\n<meta property=\"og:locale\" content=\"fr_FR\" \/>\n<meta property=\"og:type\" content=\"article\" \/>\n<meta property=\"og:title\" content=\"Retour des r\u00e9fugi\u00e9s dans leurs localit\u00e9s\u00a0respectives : A Diffa\u00a0pr\u00e8s de 6000 personnes dont 2000 m\u00e9nages concern\u00e9s pour la premi\u00e8re phase\" \/>\n<meta property=\"og:description\" content=\",21 juin(ANP)-Le Gouverneur de la r\u00e9gion de Diffa, M. Issa lemine a lanc\u00e9, hier dimanche 20 juin 2021, l\u2019op\u00e9ration de re ...\" \/>\n<meta property=\"og:url\" content=\"https:\/\/www.africa-press.net\/niger\/toutes-les-actualites\/retour-des-refugies-dans-leurs-localites-respectives-a-diffa-pres-de-6000-personnes-dont-2000-menages-concernes-pour-la-premiere-phase\" \/>\n<meta property=\"og:site_name\" content=\"niger\" \/>\n<meta property=\"article:published_time\" content=\"2021-06-22T10:01:15+00:00\" \/>\n<meta property=\"article:modified_time\" content=\"2021-06-22T19:28:25+00:00\" \/>\n<meta property=\"og:image\" content=\"https:\/\/static.africa-press.net\/niger\/sites\/40\/2021\/06\/img-60d1b11d4a2c6.jpg\" \/>\n\t<meta property=\"og:image:width\" content=\"1280\" \/>\n\t<meta property=\"og:image:height\" content=\"644\" \/>\n\t<meta property=\"og:image:type\" content=\"image\/jpeg\" \/>\n<meta name=\"author\" content=\"cfeditorfr\" \/>\n<meta name=\"twitter:card\" content=\"summary_large_image\" \/>\n<meta name=\"twitter:label1\" content=\"\u00c9crit par\" \/>\n\t<meta name=\"twitter:data1\" content=\"cfeditorfr\" \/>\n\t<meta name=\"twitter:label2\" content=\"Dur\u00e9e de lecture estim\u00e9e\" \/>\n\t<meta name=\"twitter:data2\" content=\"2 minutes\" \/>\n<script type=\"application\/ld+json\" class=\"yoast-schema-graph\">{\"@context\":\"https:\/\/schema.org\",\"@graph\":[{\"@type\":\"Article\",\"@id\":\"https:\/\/www.africa-press.net\/niger\/toutes-les-actualites\/retour-des-refugies-dans-leurs-localites-respectives-a-diffa-pres-de-6000-personnes-dont-2000-menages-concernes-pour-la-premiere-phase#article\",\"isPartOf\":{\"@id\":\"https:\/\/www.africa-press.net\/niger\/toutes-les-actualites\/retour-des-refugies-dans-leurs-localites-respectives-a-diffa-pres-de-6000-personnes-dont-2000-menages-concernes-pour-la-premiere-phase\"},\"author\":{\"name\":\"cfeditorfr\",\"@id\":\"https:\/\/www.africa-press.net\/niger\/#\/schema\/person\/2b1cf3cd81a31e3cd26889ca66d677f1\"},\"headline\":\"Retour des r\u00e9fugi\u00e9s dans leurs localit\u00e9s\u00a0respectives : A Diffa\u00a0pr\u00e8s de 6000 personnes dont 2000 m\u00e9nages concern\u00e9s pour la premi\u00e8re phase\",\"datePublished\":\"2021-06-22T10:01:15+00:00\",\"dateModified\":\"2021-06-22T19:28:25+00:00\",\"mainEntityOfPage\":{\"@id\":\"https:\/\/www.africa-press.net\/niger\/toutes-les-actualites\/retour-des-refugies-dans-leurs-localites-respectives-a-diffa-pres-de-6000-personnes-dont-2000-menages-concernes-pour-la-premiere-phase\"},\"wordCount\":436,\"commentCount\":0,\"image\":{\"@id\":\"https:\/\/www.africa-press.net\/niger\/toutes-les-actualites\/retour-des-refugies-dans-leurs-localites-respectives-a-diffa-pres-de-6000-personnes-dont-2000-menages-concernes-pour-la-premiere-phase#primaryimage\"},\"thumbnailUrl\":\"https:\/\/static.africa-press.net\/niger\/sites\/40\/2021\/06\/img-60d1b11d4a2c6.jpg\",\"keywords\":[\"Africa Press\",\"Africa Press-Niger\",\"Niger\"],\"articleSection\":[\"Communaut\u00e9\",\"homepage-french\",\"Toutes les actualit\u00e9s\"],\"inLanguage\":\"fr-FR\",\"potentialAction\":[{\"@type\":\"CommentAction\",\"name\":\"Comment\",\"target\":[\"https:\/\/www.africa-press.net\/niger\/toutes-les-actualites\/retour-des-refugies-dans-leurs-localites-respectives-a-diffa-pres-de-6000-personnes-dont-2000-menages-concernes-pour-la-premiere-phase#respond\"]}]},{\"@type\":\"WebPage\",\"@id\":\"https:\/\/www.africa-press.net\/niger\/toutes-les-actualites\/retour-des-refugies-dans-leurs-localites-respectives-a-diffa-pres-de-6000-personnes-dont-2000-menages-concernes-pour-la-premiere-phase\",\"url\":\"https:\/\/www.africa-press.net\/niger\/toutes-les-actualites\/retour-des-refugies-dans-leurs-localites-respectives-a-diffa-pres-de-6000-personnes-dont-2000-menages-concernes-pour-la-premiere-phase\",\"name\":\"Retour des r\u00e9fugi\u00e9s dans leurs localit\u00e9s\u00a0respectives : A Diffa\u00a0pr\u00e8s de 6000 personnes dont 2000 m\u00e9nages concern\u00e9s pour la premi\u00e8re phase - niger\",\"isPartOf\":{\"@id\":\"https:\/\/www.africa-press.net\/niger\/#website\"},\"primaryImageOfPage\":{\"@id\":\"https:\/\/www.africa-press.net\/niger\/toutes-les-actualites\/retour-des-refugies-dans-leurs-localites-respectives-a-diffa-pres-de-6000-personnes-dont-2000-menages-concernes-pour-la-premiere-phase#primaryimage\"},\"image\":{\"@id\":\"https:\/\/www.africa-press.net\/niger\/toutes-les-actualites\/retour-des-refugies-dans-leurs-localites-respectives-a-diffa-pres-de-6000-personnes-dont-2000-menages-concernes-pour-la-premiere-phase#primaryimage\"},\"thumbnailUrl\":\"https:\/\/static.africa-press.net\/niger\/sites\/40\/2021\/06\/img-60d1b11d4a2c6.jpg\",\"datePublished\":\"2021-06-22T10:01:15+00:00\",\"dateModified\":\"2021-06-22T19:28:25+00:00\",\"author\":{\"@id\":\"https:\/\/www.africa-press.net\/niger\/#\/schema\/person\/2b1cf3cd81a31e3cd26889ca66d677f1\"},\"description\":\",21 juin(ANP)-Le Gouverneur de la r\u00e9gion de Diffa, M. Issa lemine a lanc\u00e9, hier dimanche 20 juin 2021, l\u2019op\u00e9ration de re ...\",\"breadcrumb\":{\"@id\":\"https:\/\/www.africa-press.net\/niger\/toutes-les-actualites\/retour-des-refugies-dans-leurs-localites-respectives-a-diffa-pres-de-6000-personnes-dont-2000-menages-concernes-pour-la-premiere-phase#breadcrumb\"},\"inLanguage\":\"fr-FR\",\"potentialAction\":[{\"@type\":\"ReadAction\",\"target\":[\"https:\/\/www.africa-press.net\/niger\/toutes-les-actualites\/retour-des-refugies-dans-leurs-localites-respectives-a-diffa-pres-de-6000-personnes-dont-2000-menages-concernes-pour-la-premiere-phase\"]}]},{\"@type\":\"ImageObject\",\"inLanguage\":\"fr-FR\",\"@id\":\"https:\/\/www.africa-press.net\/niger\/toutes-les-actualites\/retour-des-refugies-dans-leurs-localites-respectives-a-diffa-pres-de-6000-personnes-dont-2000-menages-concernes-pour-la-premiere-phase#primaryimage\",\"url\":\"https:\/\/static.africa-press.net\/niger\/sites\/40\/2021\/06\/img-60d1b11d4a2c6.jpg\",\"contentUrl\":\"https:\/\/static.africa-press.net\/niger\/sites\/40\/2021\/06\/img-60d1b11d4a2c6.jpg\",\"width\":1280,\"height\":644,\"caption\":\"Retour des r\u00e9fugi\u00e9s dans leurs localit\u00e9s\u00a0respectives : A Diffa\u00a0pr\u00e8s de 6000 personnes dont 2000 m\u00e9nages concern\u00e9s pour la premi\u00e8re phase\"},{\"@type\":\"BreadcrumbList\",\"@id\":\"https:\/\/www.africa-press.net\/niger\/toutes-les-actualites\/retour-des-refugies-dans-leurs-localites-respectives-a-diffa-pres-de-6000-personnes-dont-2000-menages-concernes-pour-la-premiere-phase#breadcrumb\",\"itemListElement\":[{\"@type\":\"ListItem\",\"position\":1,\"name\":\"Accueil\",\"item\":\"https:\/\/www.africa-press.net\/niger\/\"},{\"@type\":\"ListItem\",\"position\":2,\"name\":\"Retour des r\u00e9fugi\u00e9s dans leurs localit\u00e9s\u00a0respectives : A Diffa\u00a0pr\u00e8s de 6000 personnes dont 2000 m\u00e9nages concern\u00e9s pour la premi\u00e8re phase\"}]},{\"@type\":\"WebSite\",\"@id\":\"https:\/\/www.africa-press.net\/niger\/#website\",\"url\":\"https:\/\/www.africa-press.net\/niger\/\",\"name\":\"niger\",\"description\":\"Just another Africa News Agency Sites site\",\"potentialAction\":[{\"@type\":\"SearchAction\",\"target\":{\"@type\":\"EntryPoint\",\"urlTemplate\":\"https:\/\/www.africa-press.net\/niger\/?s={search_term_string}\"},\"query-input\":{\"@type\":\"PropertyValueSpecification\",\"valueRequired\":true,\"valueName\":\"search_term_string\"}}],\"inLanguage\":\"fr-FR\"},{\"@type\":\"Person\",\"@id\":\"https:\/\/www.africa-press.net\/niger\/#\/schema\/person\/2b1cf3cd81a31e3cd26889ca66d677f1\",\"name\":\"cfeditorfr\"}]}<\/script>\n<!-- \/ Yoast SEO Premium plugin. -->","yoast_head_json":{"title":"Retour des r\u00e9fugi\u00e9s dans leurs localit\u00e9s\u00a0respectives : A Diffa\u00a0pr\u00e8s de 6000 personnes dont 2000 m\u00e9nages concern\u00e9s pour la premi\u00e8re phase - niger","description":",21 juin(ANP)-Le Gouverneur de la r\u00e9gion de Diffa, M. Issa lemine a lanc\u00e9, hier dimanche 20 juin 2021, l\u2019op\u00e9ration de re ...","robots":{"index":"index","follow":"follow","max-snippet":"max-snippet:-1","max-image-preview":"max-image-preview:large","max-video-preview":"max-video-preview:-1"},"canonical":"https:\/\/www.africa-press.net\/niger\/toutes-les-actualites\/retour-des-refugies-dans-leurs-localites-respectives-a-diffa-pres-de-6000-personnes-dont-2000-menages-concernes-pour-la-premiere-phase","og_locale":"fr_FR","og_type":"article","og_title":"Retour des r\u00e9fugi\u00e9s dans leurs localit\u00e9s\u00a0respectives : A Diffa\u00a0pr\u00e8s de 6000 personnes dont 2000 m\u00e9nages concern\u00e9s pour la premi\u00e8re phase","og_description":",21 juin(ANP)-Le Gouverneur de la r\u00e9gion de Diffa, M. Issa lemine a lanc\u00e9, hier dimanche 20 juin 2021, l\u2019op\u00e9ration de re ...","og_url":"https:\/\/www.africa-press.net\/niger\/toutes-les-actualites\/retour-des-refugies-dans-leurs-localites-respectives-a-diffa-pres-de-6000-personnes-dont-2000-menages-concernes-pour-la-premiere-phase","og_site_name":"niger","article_published_time":"2021-06-22T10:01:15+00:00","article_modified_time":"2021-06-22T19:28:25+00:00","og_image":[{"width":1280,"height":644,"url":"https:\/\/static.africa-press.net\/niger\/sites\/40\/2021\/06\/img-60d1b11d4a2c6.jpg","type":"image\/jpeg"}],"author":"cfeditorfr","twitter_card":"summary_large_image","twitter_misc":{"\u00c9crit par":"cfeditorfr","Dur\u00e9e de lecture estim\u00e9e":"2 minutes"},"schema":{"@context":"https:\/\/schema.org","@graph":[{"@type":"Article","@id":"https:\/\/www.africa-press.net\/niger\/toutes-les-actualites\/retour-des-refugies-dans-leurs-localites-respectives-a-diffa-pres-de-6000-personnes-dont-2000-menages-concernes-pour-la-premiere-phase#article","isPartOf":{"@id":"https:\/\/www.africa-press.net\/niger\/toutes-les-actualites\/retour-des-refugies-dans-leurs-localites-respectives-a-diffa-pres-de-6000-personnes-dont-2000-menages-concernes-pour-la-premiere-phase"},"author":{"name":"cfeditorfr","@id":"https:\/\/www.africa-press.net\/niger\/#\/schema\/person\/2b1cf3cd81a31e3cd26889ca66d677f1"},"headline":"Retour des r\u00e9fugi\u00e9s dans leurs localit\u00e9s\u00a0respectives : A Diffa\u00a0pr\u00e8s de 6000 personnes dont 2000 m\u00e9nages concern\u00e9s pour la premi\u00e8re phase","datePublished":"2021-06-22T10:01:15+00:00","dateModified":"2021-06-22T19:28:25+00:00","mainEntityOfPage":{"@id":"https:\/\/www.africa-press.net\/niger\/toutes-les-actualites\/retour-des-refugies-dans-leurs-localites-respectives-a-diffa-pres-de-6000-personnes-dont-2000-menages-concernes-pour-la-premiere-phase"},"wordCount":436,"commentCount":0,"image":{"@id":"https:\/\/www.africa-press.net\/niger\/toutes-les-actualites\/retour-des-refugies-dans-leurs-localites-respectives-a-diffa-pres-de-6000-personnes-dont-2000-menages-concernes-pour-la-premiere-phase#primaryimage"},"thumbnailUrl":"https:\/\/static.africa-press.net\/niger\/sites\/40\/2021\/06\/img-60d1b11d4a2c6.jpg","keywords":["Africa Press","Africa Press-Niger","Niger"],"articleSection":["Communaut\u00e9","homepage-french","Toutes les actualit\u00e9s"],"inLanguage":"fr-FR","potentialAction":[{"@type":"CommentAction","name":"Comment","target":["https:\/\/www.africa-press.net\/niger\/toutes-les-actualites\/retour-des-refugies-dans-leurs-localites-respectives-a-diffa-pres-de-6000-personnes-dont-2000-menages-concernes-pour-la-premiere-phase#respond"]}]},{"@type":"WebPage","@id":"https:\/\/www.africa-press.net\/niger\/toutes-les-actualites\/retour-des-refugies-dans-leurs-localites-respectives-a-diffa-pres-de-6000-personnes-dont-2000-menages-concernes-pour-la-premiere-phase","url":"https:\/\/www.africa-press.net\/niger\/toutes-les-actualites\/retour-des-refugies-dans-leurs-localites-respectives-a-diffa-pres-de-6000-personnes-dont-2000-menages-concernes-pour-la-premiere-phase","name":"Retour des r\u00e9fugi\u00e9s dans leurs localit\u00e9s\u00a0respectives : A Diffa\u00a0pr\u00e8s de 6000 personnes dont 2000 m\u00e9nages concern\u00e9s pour la premi\u00e8re phase - niger","isPartOf":{"@id":"https:\/\/www.africa-press.net\/niger\/#website"},"primaryImageOfPage":{"@id":"https:\/\/www.africa-press.net\/niger\/toutes-les-actualites\/retour-des-refugies-dans-leurs-localites-respectives-a-diffa-pres-de-6000-personnes-dont-2000-menages-concernes-pour-la-premiere-phase#primaryimage"},"image":{"@id":"https:\/\/www.africa-press.net\/niger\/toutes-les-actualites\/retour-des-refugies-dans-leurs-localites-respectives-a-diffa-pres-de-6000-personnes-dont-2000-menages-concernes-pour-la-premiere-phase#primaryimage"},"thumbnailUrl":"https:\/\/static.africa-press.net\/niger\/sites\/40\/2021\/06\/img-60d1b11d4a2c6.jpg","datePublished":"2021-06-22T10:01:15+00:00","dateModified":"2021-06-22T19:28:25+00:00","author":{"@id":"https:\/\/www.africa-press.net\/niger\/#\/schema\/person\/2b1cf3cd81a31e3cd26889ca66d677f1"},"description":",21 juin(ANP)-Le Gouverneur de la r\u00e9gion de Diffa, M. Issa lemine a lanc\u00e9, hier dimanche 20 juin 2021, l\u2019op\u00e9ration de re ...","breadcrumb":{"@id":"https:\/\/www.africa-press.net\/niger\/toutes-les-actualites\/retour-des-refugies-dans-leurs-localites-respectives-a-diffa-pres-de-6000-personnes-dont-2000-menages-concernes-pour-la-premiere-phase#breadcrumb"},"inLanguage":"fr-FR","potentialAction":[{"@type":"ReadAction","target":["https:\/\/www.africa-press.net\/niger\/toutes-les-actualites\/retour-des-refugies-dans-leurs-localites-respectives-a-diffa-pres-de-6000-personnes-dont-2000-menages-concernes-pour-la-premiere-phase"]}]},{"@type":"ImageObject","inLanguage":"fr-FR","@id":"https:\/\/www.africa-press.net\/niger\/toutes-les-actualites\/retour-des-refugies-dans-leurs-localites-respectives-a-diffa-pres-de-6000-personnes-dont-2000-menages-concernes-pour-la-premiere-phase#primaryimage","url":"https:\/\/static.africa-press.net\/niger\/sites\/40\/2021\/06\/img-60d1b11d4a2c6.jpg","contentUrl":"https:\/\/static.africa-press.net\/niger\/sites\/40\/2021\/06\/img-60d1b11d4a2c6.jpg","width":1280,"height":644,"caption":"Retour des r\u00e9fugi\u00e9s dans leurs localit\u00e9s\u00a0respectives : A Diffa\u00a0pr\u00e8s de 6000 personnes dont 2000 m\u00e9nages concern\u00e9s pour la premi\u00e8re phase"},{"@type":"BreadcrumbList","@id":"https:\/\/www.africa-press.net\/niger\/toutes-les-actualites\/retour-des-refugies-dans-leurs-localites-respectives-a-diffa-pres-de-6000-personnes-dont-2000-menages-concernes-pour-la-premiere-phase#breadcrumb","itemListElement":[{"@type":"ListItem","position":1,"name":"Accueil","item":"https:\/\/www.africa-press.net\/niger\/"},{"@type":"ListItem","position":2,"name":"Retour des r\u00e9fugi\u00e9s dans leurs localit\u00e9s\u00a0respectives : A Diffa\u00a0pr\u00e8s de 6000 personnes dont 2000 m\u00e9nages concern\u00e9s pour la premi\u00e8re phase"}]},{"@type":"WebSite","@id":"https:\/\/www.africa-press.net\/niger\/#website","url":"https:\/\/www.africa-press.net\/niger\/","name":"niger","description":"Just another Africa News Agency Sites site","potentialAction":[{"@type":"SearchAction","target":{"@type":"EntryPoint","urlTemplate":"https:\/\/www.africa-press.net\/niger\/?s={search_term_string}"},"query-input":{"@type":"PropertyValueSpecification","valueRequired":true,"valueName":"search_term_string"}}],"inLanguage":"fr-FR"},{"@type":"Person","@id":"https:\/\/www.africa-press.net\/niger\/#\/schema\/person\/2b1cf3cd81a31e3cd26889ca66d677f1","name":"cfeditorfr"}]}},"_links":{"self":[{"href":"https:\/\/www.africa-press.net\/niger\/wp-json\/wp\/v2\/posts\/8000","targetHints":{"allow":["GET"]}}],"collection":[{"href":"https:\/\/www.africa-press.net\/niger\/wp-json\/wp\/v2\/posts"}],"about":[{"href":"https:\/\/www.africa-press.net\/niger\/wp-json\/wp\/v2\/types\/post"}],"author":[{"embeddable":true,"href":"https:\/\/www.africa-press.net\/niger\/wp-json\/wp\/v2\/users\/82"}],"replies":[{"embeddable":true,"href":"https:\/\/www.africa-press.net\/niger\/wp-json\/wp\/v2\/comments?post=8000"}],"version-history":[{"count":0,"href":"https:\/\/www.africa-press.net\/niger\/wp-json\/wp\/v2\/posts\/8000\/revisions"}],"wp:featuredmedia":[{"embeddable":true,"href":"https:\/\/www.africa-press.net\/niger\/wp-json\/wp\/v2\/media\/7999"}],"wp:attachment":[{"href":"https:\/\/www.africa-press.net\/niger\/wp-json\/wp\/v2\/media?parent=8000"}],"wp:term":[{"taxonomy":"category","embeddable":true,"href":"https:\/\/www.africa-press.net\/niger\/wp-json\/wp\/v2\/categories?post=8000"},{"taxonomy":"post_tag","embeddable":true,"href":"https:\/\/www.africa-press.net\/niger\/wp-json\/wp\/v2\/tags?post=8000"}],"curies":[{"name":"wp","href":"https:\/\/api.w.org\/{rel}","templated":true}]}}