{"id":85749,"date":"2025-07-30T18:37:13","date_gmt":"2025-07-30T18:37:13","guid":{"rendered":"https:\/\/www.africa-press.net\/niger\/politique\/institutions-de-la-refondation-pour-des-bases-solides"},"modified":"2025-07-30T18:52:34","modified_gmt":"2025-07-30T18:52:34","slug":"institutions-de-la-refondation-pour-des-bases-solides","status":"publish","type":"post","link":"https:\/\/www.africa-press.net\/niger\/politique\/institutions-de-la-refondation-pour-des-bases-solides","title":{"rendered":"Institutions De La Refondation Pour Des Bases Solides"},"content":{"rendered":"<p><span style=\"color: #ff6600\"><strong>Africa-Press &#8211; Niger. <\/strong><\/span>Conforme\u0301ment aux engagements qu\u2019il a pris de doter le pays d\u2019institutions a\u0300 me\u0302me de re\u0301pondre aux exigences de la refondation et cela dans la droite ligne de la re\u0301affirmation de la souverainete\u0301 et de l\u2019inde\u0301pendance du Niger, le Pre\u0301sident de la Re\u0301publique, Chef de l\u2019Etat le Ge\u0301ne\u0301ral d\u2019Arme\u0301e Abdourahamane Tiani, a tenu le cap, en de\u0301pit des velle\u0301ite\u0301s de de\u0301stabilisation tous azimuts des puissances e\u0301trange\u0300res et leurs valets locaux tapis dans l\u2019ombre, dont l\u2019action principale sur le terrain est de propager sur le sol nige\u0301rien les activite\u0301s terroristes qui e\u0301cument de\u0301ja\u0300 dans l\u2019espace AES. C\u2019est ainsi que des institutions, non des moindres, ont e\u0301te\u0301 installe\u0301es pour permettre a\u0300 l\u2019appareil de l\u2019Etat de continuer a\u0300 fonctionner et cela conforme\u0301ment aux aspirations du peuple nige\u0301rien: l\u2019installation des membres de la Cour d\u2019Etat, la tenue des assises nationales de la refondation et installation du Conseil Consultatif de la Refondation, ainsi que des membres de la Cour des Comptes.<\/p>\n<p>Apre\u0300s les e\u0301ve\u0300nements du 26 juillet 2023, il fallait doter a\u0300 nouveau le Niger d\u2019institutions devant accompagner la vision du Pre\u0301sident de la Re\u0301publique, Chef de l\u2019Etat, le Ge\u0301ne\u0301ral d\u2019Arme\u0301e Abdourahamane Tiani. C\u2019est ainsi que quatre mois apre\u0300s l\u2019ave\u0300nement du Conseil National pour la Sauvegarde de la Patrie, les membres de la Cour d\u2019Etat ont e\u0301te\u0301 officiellement installe\u0301s. C\u2019e\u0301tait le 15 novembre 2023. Dans la foule\u0301e, les nouvelles autorite\u0301s ont pre\u0301pare\u0301 et re\u0301ussi en fe\u0301vrier 2025, l\u2019organisation des assises nationales devant aboutir a\u0300 l\u2019installation du Conseil Consultatif de la Refondation, une institution extre\u0302mement importante eu e\u0301gard aux de\u0301fis du moment. En effet, les assises Nationales de la Refondation du Niger ont ouvert leurs travaux le samedi 15 fe\u0301vrier 2025 au Centre international des Confe\u0301rences Mahatma Gandhi de Niamey, sous la pre\u0301sidence du Pre\u0301sident du Conseil National pour la Sauvegarde de la Patrie, Chef de l\u2019Etat, le Ge\u0301ne\u0301ral Abdourahamane Tiani. Ce sont environ 716 de\u0301le\u0301gue\u0301s qui ont e\u0301te\u0301 de\u0301signe\u0301s pour participer a\u0300 ce grand rendez-vous de la Nation. Ces de\u0301le\u0301gue\u0301s ont e\u0301change\u0301 et discute\u0301 du 15 au 19 fe\u0301vrier 2025 autour des questions d\u2019inte\u0301re\u0302t commun en vue de faire des propositions concre\u0300tes contenues dans une feuille de route. Les re\u0301flexions issues des assises tiennent compte bien e\u0301videmment des re\u0301alite\u0301s historiques, socio-e\u0301conomiques politiques et culturelles du Niger, et surtout du chemin qui vient d\u2019e\u0302tre emprunte\u0301. Ce chemin est celui de la souverainete\u0301 et de l\u2019inde\u0301pendance ve\u0301ritable de notre pays. C\u2019est dire que l\u2019objectif est d\u2019assoir une gouvernance solide, ba\u0302tie sur la paix, la se\u0301curite\u0301 et la stabilite\u0301 durable ainsi que l\u2019e\u0301mergence et le de\u0301veloppement du Niger. Les travaux des assises nationales ont e\u0301te\u0301 dirige\u0301s par Dr Mamoudou Harouna Djingarey, le chef de canton de Sinder.<\/p>\n<p><b>Les assises nationales: un rendez-vous historique<\/b><\/p>\n<p>Cette volonte\u0301 du Pre\u0301sident de la Re\u0301publique, Chef de l\u2019Etat, le Ge\u0301ne\u0301ral d\u2019Arme\u0301e Abdourahamane Tiani, par rapport a\u0300 l\u2019organisation des assises nationales, s\u2019est mate\u0301rialise\u0301e par la signature du de\u0301cret du 8 fe\u0301vrier 2025 portant cre\u0301ation, missions et composition de la Commission Nationale charge\u0301e de la conduite des travaux des assises. En outre, la tenue des assises de la refondation a e\u0301te\u0301 pre\u0301ce\u0301de\u0301e d\u2019e\u0301changes et consultations a\u0300 l\u2019e\u0301chelle re\u0301gionale, de\u0301partementale et communale en vue de choisir les repre\u0301sentants de chaque localite\u0301 devant participer a\u0300 ces re\u0301flexions d\u2019envergure nationale. La de\u0301marche est de faire en sorte que toutes les sensibilite\u0301s du pays, a\u0300 l\u2019interne comme a\u0300 l\u2019externe, puissent s\u2019exprimer et faire des propositions concre\u0300tes lors de ce grand rendez-vous national. Ces hommes et femmes ont eu la charge de re\u0301fle\u0301chir sur le destin du pays. Une responsabilite\u0301 certes lourde, mais exaltante parce qu\u2019elle requiert un don de soi, la loyaute\u0301, le courage, l\u2019inte\u0301grite\u0301 et le sens du respect de l\u2019inte\u0301re\u0302t ge\u0301ne\u0301ral.<\/p>\n<p>C\u2019est ainsi qu\u2019a\u0300 l\u2019ouverture des assises, le Pre\u0301sident de la Re\u0301publique, Chef de l\u2019Etat, le Ge\u0301ne\u0301ral d\u2019Arme\u0301e Abdourahamane Tiani, a explique\u0301 ce qui justifie la tenue de ce forum. \u00abCe dialogue que nous avions voulu tenir au lendemain de la prise du pouvoir par le Conseil National pour la Sauvegarde de la Patrie s\u2019ouvre finalement en ce jour, 15 fe\u0301vrier 2025, par la volonte\u0301 d\u2019Allah de nous avoir permis de faire tenir la promesse faite au peuple nige\u0301rien\u00bb. Le Chef de l\u2019Etat a poursuivi: \u00absi cette rencontre se tient seulement aujourd\u2019hui, c\u2019est parce que depuis la prise de pouvoir par le CNSP, soutenu par le peuple nige\u0301rien dans sa volonte\u0301 re\u0301solue d\u2019affirmer la souverainete\u0301 du Niger sur son territoire et ses ressources, notre pays fait face a\u0300 l\u2019animosite\u0301 de certaines puissances occidentales et leurs complices africains, et pire encore complices locaux \u00bb, a-t-il explique\u0301.<\/p>\n<p><b>La refondation: un espoir pour le peuple nige\u0301rien<\/b><\/p>\n<p>A chaque fois que l\u2019occasion se pre\u0301sente, le Pre\u0301sident de la Re\u0301publique, Chef de l\u2019Etat, n\u2019a cesse\u0301 de re\u0301affirmer sa volonte\u0301 et sa de\u0301termination d\u2019organiser les assises nationales qui devaient statuer sur la dure\u0301e de la transition, ainsi que l\u2019e\u0301laboration de la charte de la transition qui doit faire office de constitution, de document de re\u0301fe\u0301rence dans la conduite des affaires de l\u2019Etat.<\/p>\n<p>Ainsi, il y a lieu de relever que les assises nationales de la refondation se sont de\u0301roule\u0301es dans un contexte marque\u0301 par une prise de conscience collective et un engagement patriotique sans pre\u0301ce\u0301dent. Selon le pre\u0301sident de la commission nationale des assises de la refondation, Dr Mamoudou Harouna Djingarey, ni les sanctions ille\u0301gales et inhumaines prises par la CEDEAO a\u0300 l\u2019encontre du Niger, encore moins les menaces de la communaute\u0301 internationale n\u2019ont e\u0301branle\u0301 l\u2019engagement et surtout la de\u0301termination du peuple nige\u0301rien a\u0300 re\u0301affirmer sa souverainete\u0301 et son inde\u0301pendance face a\u0300 une organisation sous ordre des puissances impe\u0301rialistes.<\/p>\n<p>Le succe\u0300s e\u0301clatant des assises nationales de la refondation a abouti, de fac\u0327on syste\u0301matique, a\u0300 l\u2019installation du Conseil Consultatif de la Refondation (CCR), une autre institution e\u0301minemment strate\u0301gique dans l\u2019architecture de la marche du pays. Dans cette optique, en installant officiellement le CCR le 28 juin 2025 au Centre International des Confe\u0301rences Mahatma Gandhi de Niamey, le Premier ministre dira \u00ab l\u2019installation du Conseil Consultatif de la Refondation consacre l\u2019harmonisation des institutions politiques du Niger au sein de la Confe\u0301de\u0301ration de l\u2019Alliance des E\u0301tats du Sahel \u00bb. Par ailleurs, il a rappele\u0301 a\u0300 juste titre que cet e\u0301ve\u0301nement se de\u0301roule apre\u0300s la mise en place de structures similaires au Mali et au Burkina Faso, les deux autres pays membres de la Confe\u0301de\u0301ration de l\u2019AES. En effet, l\u2019une des missions des conseillers du CCR consiste a\u0300 donner des avis sur toute question relative a\u0300 la situation nationale. \u00ab Vous devez, en synergie avec les institutions similaires de notre Confe\u0301de\u0301ration, promouvoir dans notre re\u0301gion, en Afrique et dans le reste du monde, notre vision qui consiste a\u0300 e\u0301tablir des rapports de coope\u0301ration base\u0301s sur le respect mutuel, dans la paix et pour le be\u0301ne\u0301fice de chacun. Le ro\u0302le du conseiller de la Refondation ne doit donc pas e\u0302tre une sine\u0301cure. Le patriotisme dont vous faites preuve, qui a guide\u0301 votre de\u0301signation, est un gage de se\u0301rieux dans l\u2019accomplissement de votre exaltante mission \u00bb, a explique\u0301 le Premier ministre.<\/p>\n<p>A travers l\u2019installation de cet organe, le Niger se dote d\u2019une institution consultative permettant au peuple de participer a\u0300 la gestion des affaires de l\u2019E\u0301tat, a\u0300 l\u2019instar du Mali et du Burkina Faso. C\u2019est dire que cet e\u0301ve\u0301nement repre\u0301sente une approche endoge\u0300ne que la situation nationale impose, conforme\u0301ment aux valeurs de civilisation du Niger. Il devait par la suite relever qu\u2019a\u0300 l\u2019instar des pays fre\u0300res de la Confe\u0301de\u0301ration des E\u0301tats du Sahel, le Niger s\u2019achemine vers son inde\u0301pendance et sa ve\u0301ritable souverainete\u0301 pour s\u2019affirmer comme un pays digne et libre. \u00ab Le chemin trace\u0301 est difficile et seme\u0301 d\u2019embu\u0302ches multiples et multiformes, au regard de la violence gratuite et sauvage que connai\u0302t le Sahel central depuis plus d\u2019une de\u0301cennie, un chaos entretenu a\u0300 dessein dans notre sous-re\u0301gion par ceux qui espe\u0300rent nous maintenir dans des rapports ne\u0301ocoloniaux. Ce constat a e\u0301te\u0301 le de\u0301clencheur de notre action \u00bb, a ajoute\u0301 le Premier ministre lors de l\u2019installation du CCR.<\/p>\n<p>Dans la perspective d\u2019une gouvernance vertueuse, le Pre\u0301sident de la Re\u0301publique, Chef de l\u2019Etat, le Ge\u0301ne\u0301ral d\u2019Arme\u0301e Abdourahamane Tiani, a proce\u0301de\u0301, en de\u0301but du mois de juillet 2025, a\u0300 l\u2019installation officielle des membres du bureau de la Cour des Comptes a\u0300 travers une ce\u0301re\u0301monie empreinte de solennite\u0301. Avec la mise en place de cet organe, le gouvernement entend privile\u0301gier une gestion financie\u0300re efficace et efficiente des ressources de l\u2019Etat. Le bureau de la Cour des Comptes, pre\u0301side\u0301 par Mme Laminou Tchiroma Saade\u0301, est anime\u0301 par des personnalite\u0301s ayant fait leur preuve dans leur carrie\u0300re. La Cour des Comptes est une institution de la Re\u0301publique dont la mission principale est de contro\u0302ler la gestion des finances publiques. Elle est juge des comptes de l\u2019E\u0301tat, des collectivite\u0301s territoriales, des e\u0301tablissements et entreprises publics, des autorite\u0301s administratives inde\u0301pendantes et de tout organisme be\u0301ne\u0301ficiant du concours financier de l\u2019E\u0301tat et de ses de\u0301membrements.<br \/>\n<b> <\/b><\/p>\n<p><strong>Pour plus d&rsquo;informations et d&rsquo;analyses sur la <span style=\"color: #ff6600\">Niger<\/span>, suivez <span style=\"color: #ff6600\">Africa-Press<\/span><\/strong><\/p>\n","protected":false},"excerpt":{"rendered":"<p>Africa-Press &#8211; Niger. Conforme\u0301ment aux engagements qu\u2019il a pris de doter le pays d\u2019institutions a\u0300 me\u0302me de re\u0301pondre aux exigences de la refondation et cela dans la droite ligne de la re\u0301affirmation de la souverainete\u0301 et de l\u2019inde\u0301pendance du Niger, le Pre\u0301sident de la Re\u0301publique, Chef de l\u2019Etat le Ge\u0301ne\u0301ral d\u2019Arme\u0301e Abdourahamane Tiani, a tenu [&hellip;]<\/p>\n","protected":false},"author":82,"featured_media":85748,"comment_status":"open","ping_status":"closed","sticky":false,"template":"","format":"standard","meta":{"footnotes":""},"categories":[2,10],"tags":[29],"class_list":["post-85749","post","type-post","status-publish","format-standard","has-post-thumbnail","hentry","category-politique","category-toutes-les-actualites","tag-niger"],"yoast_head":"<!-- This site is optimized with the Yoast SEO Premium plugin v26.1 (Yoast SEO v27.0) - https:\/\/yoast.com\/product\/yoast-seo-premium-wordpress\/ -->\n<title>Institutions De La Refondation Pour Des Bases Solides - niger<\/title>\n<meta name=\"description\" content=\"Conforme\u0301ment aux engagements qu\u2019il a pris de doter le pays d\u2019institutions a\u0300 me\u0302me de re\u0301pondre aux exigences de la ref ...\" \/>\n<meta name=\"robots\" content=\"index, follow, max-snippet:-1, max-image-preview:large, max-video-preview:-1\" \/>\n<link rel=\"canonical\" href=\"https:\/\/www.africa-press.net\/niger\/politique\/institutions-de-la-refondation-pour-des-bases-solides\" \/>\n<meta property=\"og:locale\" content=\"fr_FR\" \/>\n<meta property=\"og:type\" content=\"article\" \/>\n<meta property=\"og:title\" content=\"Institutions De La Refondation Pour Des Bases Solides\" \/>\n<meta property=\"og:description\" content=\"Conforme\u0301ment aux engagements qu\u2019il a pris de doter le pays d\u2019institutions a\u0300 me\u0302me de re\u0301pondre aux exigences de la ref ...\" \/>\n<meta property=\"og:url\" content=\"https:\/\/www.africa-press.net\/niger\/politique\/institutions-de-la-refondation-pour-des-bases-solides\" \/>\n<meta property=\"og:site_name\" content=\"niger\" \/>\n<meta property=\"article:published_time\" content=\"2025-07-30T18:37:13+00:00\" \/>\n<meta property=\"article:modified_time\" content=\"2025-07-30T18:52:34+00:00\" \/>\n<meta property=\"og:image\" content=\"https:\/\/static.africa-press.net\/niger\/sites\/40\/2025\/07\/sm_1753888856.364095.jpg\" \/>\n\t<meta property=\"og:image:width\" content=\"1024\" \/>\n\t<meta property=\"og:image:height\" content=\"683\" \/>\n\t<meta property=\"og:image:type\" content=\"image\/jpeg\" \/>\n<meta name=\"author\" content=\"cfeditorfr\" \/>\n<meta name=\"twitter:card\" content=\"summary_large_image\" \/>\n<meta name=\"twitter:label1\" content=\"\u00c9crit par\" \/>\n\t<meta name=\"twitter:data1\" content=\"cfeditorfr\" \/>\n\t<meta name=\"twitter:label2\" content=\"Dur\u00e9e de lecture estim\u00e9e\" \/>\n\t<meta name=\"twitter:data2\" content=\"8 minutes\" \/>\n<script type=\"application\/ld+json\" class=\"yoast-schema-graph\">{\"@context\":\"https:\/\/schema.org\",\"@graph\":[{\"@type\":\"Article\",\"@id\":\"https:\/\/www.africa-press.net\/niger\/politique\/institutions-de-la-refondation-pour-des-bases-solides#article\",\"isPartOf\":{\"@id\":\"https:\/\/www.africa-press.net\/niger\/politique\/institutions-de-la-refondation-pour-des-bases-solides\"},\"author\":{\"name\":\"cfeditorfr\",\"@id\":\"https:\/\/www.africa-press.net\/niger\/#\/schema\/person\/2b1cf3cd81a31e3cd26889ca66d677f1\"},\"headline\":\"Institutions De La Refondation Pour Des Bases Solides\",\"datePublished\":\"2025-07-30T18:37:13+00:00\",\"dateModified\":\"2025-07-30T18:52:34+00:00\",\"mainEntityOfPage\":{\"@id\":\"https:\/\/www.africa-press.net\/niger\/politique\/institutions-de-la-refondation-pour-des-bases-solides\"},\"wordCount\":1761,\"commentCount\":0,\"image\":{\"@id\":\"https:\/\/www.africa-press.net\/niger\/politique\/institutions-de-la-refondation-pour-des-bases-solides#primaryimage\"},\"thumbnailUrl\":\"https:\/\/static.africa-press.net\/niger\/sites\/40\/2025\/07\/sm_1753888856.364095.jpg\",\"keywords\":[\"Niger\"],\"articleSection\":[\"Politique\",\"Toutes les actualit\u00e9s\"],\"inLanguage\":\"fr-FR\",\"potentialAction\":[{\"@type\":\"CommentAction\",\"name\":\"Comment\",\"target\":[\"https:\/\/www.africa-press.net\/niger\/politique\/institutions-de-la-refondation-pour-des-bases-solides#respond\"]}]},{\"@type\":\"WebPage\",\"@id\":\"https:\/\/www.africa-press.net\/niger\/politique\/institutions-de-la-refondation-pour-des-bases-solides\",\"url\":\"https:\/\/www.africa-press.net\/niger\/politique\/institutions-de-la-refondation-pour-des-bases-solides\",\"name\":\"Institutions De La Refondation Pour Des Bases Solides - niger\",\"isPartOf\":{\"@id\":\"https:\/\/www.africa-press.net\/niger\/#website\"},\"primaryImageOfPage\":{\"@id\":\"https:\/\/www.africa-press.net\/niger\/politique\/institutions-de-la-refondation-pour-des-bases-solides#primaryimage\"},\"image\":{\"@id\":\"https:\/\/www.africa-press.net\/niger\/politique\/institutions-de-la-refondation-pour-des-bases-solides#primaryimage\"},\"thumbnailUrl\":\"https:\/\/static.africa-press.net\/niger\/sites\/40\/2025\/07\/sm_1753888856.364095.jpg\",\"datePublished\":\"2025-07-30T18:37:13+00:00\",\"dateModified\":\"2025-07-30T18:52:34+00:00\",\"author\":{\"@id\":\"https:\/\/www.africa-press.net\/niger\/#\/schema\/person\/2b1cf3cd81a31e3cd26889ca66d677f1\"},\"description\":\"Conforme\u0301ment aux engagements qu\u2019il a pris de doter le pays d\u2019institutions a\u0300 me\u0302me de re\u0301pondre aux exigences de la ref ...\",\"breadcrumb\":{\"@id\":\"https:\/\/www.africa-press.net\/niger\/politique\/institutions-de-la-refondation-pour-des-bases-solides#breadcrumb\"},\"inLanguage\":\"fr-FR\",\"potentialAction\":[{\"@type\":\"ReadAction\",\"target\":[\"https:\/\/www.africa-press.net\/niger\/politique\/institutions-de-la-refondation-pour-des-bases-solides\"]}]},{\"@type\":\"ImageObject\",\"inLanguage\":\"fr-FR\",\"@id\":\"https:\/\/www.africa-press.net\/niger\/politique\/institutions-de-la-refondation-pour-des-bases-solides#primaryimage\",\"url\":\"https:\/\/static.africa-press.net\/niger\/sites\/40\/2025\/07\/sm_1753888856.364095.jpg\",\"contentUrl\":\"https:\/\/static.africa-press.net\/niger\/sites\/40\/2025\/07\/sm_1753888856.364095.jpg\",\"width\":1024,\"height\":683,\"caption\":\"Institutions De La Refondation Pour Des Bases Solides\"},{\"@type\":\"BreadcrumbList\",\"@id\":\"https:\/\/www.africa-press.net\/niger\/politique\/institutions-de-la-refondation-pour-des-bases-solides#breadcrumb\",\"itemListElement\":[{\"@type\":\"ListItem\",\"position\":1,\"name\":\"Accueil\",\"item\":\"https:\/\/www.africa-press.net\/niger\/\"},{\"@type\":\"ListItem\",\"position\":2,\"name\":\"Institutions De La Refondation Pour Des Bases Solides\"}]},{\"@type\":\"WebSite\",\"@id\":\"https:\/\/www.africa-press.net\/niger\/#website\",\"url\":\"https:\/\/www.africa-press.net\/niger\/\",\"name\":\"niger\",\"description\":\"Just another Africa News Agency Sites site\",\"potentialAction\":[{\"@type\":\"SearchAction\",\"target\":{\"@type\":\"EntryPoint\",\"urlTemplate\":\"https:\/\/www.africa-press.net\/niger\/?s={search_term_string}\"},\"query-input\":{\"@type\":\"PropertyValueSpecification\",\"valueRequired\":true,\"valueName\":\"search_term_string\"}}],\"inLanguage\":\"fr-FR\"},{\"@type\":\"Person\",\"@id\":\"https:\/\/www.africa-press.net\/niger\/#\/schema\/person\/2b1cf3cd81a31e3cd26889ca66d677f1\",\"name\":\"cfeditorfr\"}]}<\/script>\n<!-- \/ Yoast SEO Premium plugin. -->","yoast_head_json":{"title":"Institutions De La Refondation Pour Des Bases Solides - niger","description":"Conforme\u0301ment aux engagements qu\u2019il a pris de doter le pays d\u2019institutions a\u0300 me\u0302me de re\u0301pondre aux exigences de la ref ...","robots":{"index":"index","follow":"follow","max-snippet":"max-snippet:-1","max-image-preview":"max-image-preview:large","max-video-preview":"max-video-preview:-1"},"canonical":"https:\/\/www.africa-press.net\/niger\/politique\/institutions-de-la-refondation-pour-des-bases-solides","og_locale":"fr_FR","og_type":"article","og_title":"Institutions De La Refondation Pour Des Bases Solides","og_description":"Conforme\u0301ment aux engagements qu\u2019il a pris de doter le pays d\u2019institutions a\u0300 me\u0302me de re\u0301pondre aux exigences de la ref ...","og_url":"https:\/\/www.africa-press.net\/niger\/politique\/institutions-de-la-refondation-pour-des-bases-solides","og_site_name":"niger","article_published_time":"2025-07-30T18:37:13+00:00","article_modified_time":"2025-07-30T18:52:34+00:00","og_image":[{"width":1024,"height":683,"url":"https:\/\/static.africa-press.net\/niger\/sites\/40\/2025\/07\/sm_1753888856.364095.jpg","type":"image\/jpeg"}],"author":"cfeditorfr","twitter_card":"summary_large_image","twitter_misc":{"\u00c9crit par":"cfeditorfr","Dur\u00e9e de lecture estim\u00e9e":"8 minutes"},"schema":{"@context":"https:\/\/schema.org","@graph":[{"@type":"Article","@id":"https:\/\/www.africa-press.net\/niger\/politique\/institutions-de-la-refondation-pour-des-bases-solides#article","isPartOf":{"@id":"https:\/\/www.africa-press.net\/niger\/politique\/institutions-de-la-refondation-pour-des-bases-solides"},"author":{"name":"cfeditorfr","@id":"https:\/\/www.africa-press.net\/niger\/#\/schema\/person\/2b1cf3cd81a31e3cd26889ca66d677f1"},"headline":"Institutions De La Refondation Pour Des Bases Solides","datePublished":"2025-07-30T18:37:13+00:00","dateModified":"2025-07-30T18:52:34+00:00","mainEntityOfPage":{"@id":"https:\/\/www.africa-press.net\/niger\/politique\/institutions-de-la-refondation-pour-des-bases-solides"},"wordCount":1761,"commentCount":0,"image":{"@id":"https:\/\/www.africa-press.net\/niger\/politique\/institutions-de-la-refondation-pour-des-bases-solides#primaryimage"},"thumbnailUrl":"https:\/\/static.africa-press.net\/niger\/sites\/40\/2025\/07\/sm_1753888856.364095.jpg","keywords":["Niger"],"articleSection":["Politique","Toutes les actualit\u00e9s"],"inLanguage":"fr-FR","potentialAction":[{"@type":"CommentAction","name":"Comment","target":["https:\/\/www.africa-press.net\/niger\/politique\/institutions-de-la-refondation-pour-des-bases-solides#respond"]}]},{"@type":"WebPage","@id":"https:\/\/www.africa-press.net\/niger\/politique\/institutions-de-la-refondation-pour-des-bases-solides","url":"https:\/\/www.africa-press.net\/niger\/politique\/institutions-de-la-refondation-pour-des-bases-solides","name":"Institutions De La Refondation Pour Des Bases Solides - niger","isPartOf":{"@id":"https:\/\/www.africa-press.net\/niger\/#website"},"primaryImageOfPage":{"@id":"https:\/\/www.africa-press.net\/niger\/politique\/institutions-de-la-refondation-pour-des-bases-solides#primaryimage"},"image":{"@id":"https:\/\/www.africa-press.net\/niger\/politique\/institutions-de-la-refondation-pour-des-bases-solides#primaryimage"},"thumbnailUrl":"https:\/\/static.africa-press.net\/niger\/sites\/40\/2025\/07\/sm_1753888856.364095.jpg","datePublished":"2025-07-30T18:37:13+00:00","dateModified":"2025-07-30T18:52:34+00:00","author":{"@id":"https:\/\/www.africa-press.net\/niger\/#\/schema\/person\/2b1cf3cd81a31e3cd26889ca66d677f1"},"description":"Conforme\u0301ment aux engagements qu\u2019il a pris de doter le pays d\u2019institutions a\u0300 me\u0302me de re\u0301pondre aux exigences de la ref ...","breadcrumb":{"@id":"https:\/\/www.africa-press.net\/niger\/politique\/institutions-de-la-refondation-pour-des-bases-solides#breadcrumb"},"inLanguage":"fr-FR","potentialAction":[{"@type":"ReadAction","target":["https:\/\/www.africa-press.net\/niger\/politique\/institutions-de-la-refondation-pour-des-bases-solides"]}]},{"@type":"ImageObject","inLanguage":"fr-FR","@id":"https:\/\/www.africa-press.net\/niger\/politique\/institutions-de-la-refondation-pour-des-bases-solides#primaryimage","url":"https:\/\/static.africa-press.net\/niger\/sites\/40\/2025\/07\/sm_1753888856.364095.jpg","contentUrl":"https:\/\/static.africa-press.net\/niger\/sites\/40\/2025\/07\/sm_1753888856.364095.jpg","width":1024,"height":683,"caption":"Institutions De La Refondation Pour Des Bases Solides"},{"@type":"BreadcrumbList","@id":"https:\/\/www.africa-press.net\/niger\/politique\/institutions-de-la-refondation-pour-des-bases-solides#breadcrumb","itemListElement":[{"@type":"ListItem","position":1,"name":"Accueil","item":"https:\/\/www.africa-press.net\/niger\/"},{"@type":"ListItem","position":2,"name":"Institutions De La Refondation Pour Des Bases Solides"}]},{"@type":"WebSite","@id":"https:\/\/www.africa-press.net\/niger\/#website","url":"https:\/\/www.africa-press.net\/niger\/","name":"niger","description":"Just another Africa News Agency Sites site","potentialAction":[{"@type":"SearchAction","target":{"@type":"EntryPoint","urlTemplate":"https:\/\/www.africa-press.net\/niger\/?s={search_term_string}"},"query-input":{"@type":"PropertyValueSpecification","valueRequired":true,"valueName":"search_term_string"}}],"inLanguage":"fr-FR"},{"@type":"Person","@id":"https:\/\/www.africa-press.net\/niger\/#\/schema\/person\/2b1cf3cd81a31e3cd26889ca66d677f1","name":"cfeditorfr"}]}},"_links":{"self":[{"href":"https:\/\/www.africa-press.net\/niger\/wp-json\/wp\/v2\/posts\/85749","targetHints":{"allow":["GET"]}}],"collection":[{"href":"https:\/\/www.africa-press.net\/niger\/wp-json\/wp\/v2\/posts"}],"about":[{"href":"https:\/\/www.africa-press.net\/niger\/wp-json\/wp\/v2\/types\/post"}],"author":[{"embeddable":true,"href":"https:\/\/www.africa-press.net\/niger\/wp-json\/wp\/v2\/users\/82"}],"replies":[{"embeddable":true,"href":"https:\/\/www.africa-press.net\/niger\/wp-json\/wp\/v2\/comments?post=85749"}],"version-history":[{"count":0,"href":"https:\/\/www.africa-press.net\/niger\/wp-json\/wp\/v2\/posts\/85749\/revisions"}],"wp:featuredmedia":[{"embeddable":true,"href":"https:\/\/www.africa-press.net\/niger\/wp-json\/wp\/v2\/media\/85748"}],"wp:attachment":[{"href":"https:\/\/www.africa-press.net\/niger\/wp-json\/wp\/v2\/media?parent=85749"}],"wp:term":[{"taxonomy":"category","embeddable":true,"href":"https:\/\/www.africa-press.net\/niger\/wp-json\/wp\/v2\/categories?post=85749"},{"taxonomy":"post_tag","embeddable":true,"href":"https:\/\/www.africa-press.net\/niger\/wp-json\/wp\/v2\/tags?post=85749"}],"curies":[{"name":"wp","href":"https:\/\/api.w.org\/{rel}","templated":true}]}}