{"id":8616,"date":"2021-07-09T17:09:25","date_gmt":"2021-07-09T17:09:25","guid":{"rendered":"https:\/\/www.africa-press.net\/niger\/?p=8616"},"modified":"2021-07-14T16:37:03","modified_gmt":"2021-07-14T16:37:03","slug":"le-president-bazoum-participe-a-paris-a-un-sommet-sur-la-securite-et-la-lutte-contre-le-terrorisme-au-sahel","status":"publish","type":"post","link":"https:\/\/www.africa-press.net\/niger\/politique\/le-president-bazoum-participe-a-paris-a-un-sommet-sur-la-securite-et-la-lutte-contre-le-terrorisme-au-sahel","title":{"rendered":"Le Pr\u00e9sident Bazoum participe \u00e0 Paris \u00e0 un sommet sur la s\u00e9curit\u00e9 et la lutte contre le terrorisme au Sahel"},"content":{"rendered":"<p><span style=\"color: #ff6600\"><strong><a href=\"https:\/\/www.africa-press.net\/\">Africa-Press<\/a> &#8211; <a href=\"https:\/\/www.africa-press.net\/niger\">Niger<\/a>. <\/strong><\/span>Le Pr\u00e9sident de la R\u00e9publique Mohamed Bazoum a particip\u00e9, ce vendredi 9 juillet 2021, \u00e0 un sommet sur la s\u00e9curit\u00e9 et la lutte contre le terrorisme dans le Sahel.<\/p>\n<p>Le sommet du G5 Sahel, qui se tient en pr\u00e9sentiel pour le Pr\u00e9sident Bazoum Mohamed puisqu\u2019\u00e9tant en France et en virtuel pour les autres chefs d\u2019Etat des pays membres, portera sur la situation s\u00e9curitaire et la lutte coordonn\u00e9e contre le terrorisme.<\/p>\n<p>Cette rencontre qui se tient suivant deux s\u00e9ances : le sommet inclusif des chefs d\u2019Etat de la r\u00e9gion qui ent\u00e9rinera la d\u00e9signation d\u2019un nouveau Secr\u00e9taire ex\u00e9cutif du G5 Sahel, puis le sommet G5 plus la France avec la participation du pr\u00e9sident Emmanuel Macron.<\/p>\n<p>La position stable du Niger, pays incontournable dans le fuseau central sah\u00e9lien, est essentielle et d\u00e9note de l\u2019engagement pris par le Niger dans le combat contre le terrorisme et le crime organis\u00e9.<\/p>\n<p>Le Pr\u00e9sident Mohamed BAZOUM a fait de la s\u00e9curit\u00e9, une priorit\u00e9 des priorit\u00e9s de son action politique. Les effectifs militaires qui ont d\u00e9j\u00e0 doubl\u00e9 depuis 2010 poursuivront leur progression durant les cinq prochaines ann\u00e9es dans le but de renforcer le maillage de notre territoire.<\/p>\n<p>Cette cr\u00e9dibilit\u00e9 est \u00e9galement \u00e0 mettre \u00e0 l\u2019actif de SE M. Issoufou MAHAMADOU qui a \u0153uvr\u00e9 avec d\u00e9termination, d\u00e8s sa nomination en tant Pr\u00e9sident en exercice de la Conf\u00e9rence des Chefs d\u2019Etat du G5 Sahel en f\u00e9vrier 2018, \u00e0 la \u2018\u2019dynamique de mobilisation\u2019\u2019 afin de lutter contre les Forces du Mal.<\/p>\n<p>La rencontre devrait aussi pr\u00e9ciser le futur engagement fran\u00e7ais dans la r\u00e9gion sah\u00e9lienne.<\/p>\n<p>Au cours de cette rencontre au sommet, le Pr\u00e9sident fran\u00e7ais Emmanuel Macron pourrait apporter de nouveaux d\u00e9tails sur le r\u00e9ajustement annonc\u00e9 du dispositif militaire de Paris dans le Sahel. L\u2019id\u00e9e envisag\u00e9e par l\u2019Elys\u00e9e est de diviser par deux, d\u2019ici \u00e0 janvier 2023, le nombre de soldats fran\u00e7ais pr\u00e9sents dans la r\u00e9gion pour une meilleure efficacit\u00e9 op\u00e9rationnelle.<\/p>\n<p>La r\u00e9union virtuelle permettra ainsi de promouvoir la Task Force internationale Takouba, forte aujourd\u2019hui de 600 soldats et qui doit accompagner les forces arm\u00e9es maliennes au combat.<\/p>\n<p>La lutte contre le terrorisme se fera d\u00e9sormais avec des forces sp\u00e9ciales structur\u00e9es autour de (l\u2019op\u00e9ration) Takouba, alliance internationale associant les \u00c9tats de la r\u00e9gion.<\/p>\n<p>Le G5 Sahel est un regroupement de cinq pays du Sahel qui mutualisent leurs efforts, avec l\u2019appui des partenaires, pour lutter contre le terrorisme dans cette zone, rappelle-t-on.<\/p>\n","protected":false},"excerpt":{"rendered":"<p>Africa-Press &#8211; Niger. Le Pr\u00e9sident de la R\u00e9publique Mohamed Bazoum a particip\u00e9, ce vendredi 9 juillet 2021, \u00e0 un sommet sur la s\u00e9curit\u00e9 et la lutte contre le terrorisme dans le Sahel. Le sommet du G5 Sahel, qui se tient en pr\u00e9sentiel pour le Pr\u00e9sident Bazoum Mohamed puisqu\u2019\u00e9tant en France et en virtuel pour les [&hellip;]<\/p>\n","protected":false},"author":82,"featured_media":8615,"comment_status":"open","ping_status":"closed","sticky":false,"template":"","format":"standard","meta":{"footnotes":""},"categories":[11,2,20,10],"tags":[55,60,29],"class_list":["post-8616","post","type-post","status-publish","format-standard","has-post-thumbnail","hentry","category-homepage-french","category-politique","category-top-nouvelles","category-toutes-les-actualites","tag-africa-press","tag-africa-press-niger","tag-niger"],"yoast_head":"<!-- This site is optimized with the Yoast SEO Premium plugin v26.1 (Yoast SEO v27.0) - https:\/\/yoast.com\/product\/yoast-seo-premium-wordpress\/ -->\n<title>Le Pr\u00e9sident Bazoum participe \u00e0 Paris \u00e0 un sommet sur la s\u00e9curit\u00e9 et la lutte contre le terrorisme au Sahel - niger<\/title>\n<meta name=\"description\" content=\"Le Pr\u00e9sident de la R\u00e9publique Mohamed Bazoum a particip\u00e9, ce vendredi 9 juillet 2021, \u00e0 un sommet sur la s\u00e9curit\u00e9 et la ...\" \/>\n<meta name=\"robots\" content=\"index, follow, max-snippet:-1, max-image-preview:large, max-video-preview:-1\" \/>\n<link rel=\"canonical\" href=\"https:\/\/www.africa-press.net\/niger\/politique\/le-president-bazoum-participe-a-paris-a-un-sommet-sur-la-securite-et-la-lutte-contre-le-terrorisme-au-sahel\" \/>\n<meta property=\"og:locale\" content=\"fr_FR\" \/>\n<meta property=\"og:type\" content=\"article\" \/>\n<meta property=\"og:title\" content=\"Le Pr\u00e9sident Bazoum participe \u00e0 Paris \u00e0 un sommet sur la s\u00e9curit\u00e9 et la lutte contre le terrorisme au Sahel\" \/>\n<meta property=\"og:description\" content=\"Le Pr\u00e9sident de la R\u00e9publique Mohamed Bazoum a particip\u00e9, ce vendredi 9 juillet 2021, \u00e0 un sommet sur la s\u00e9curit\u00e9 et la ...\" \/>\n<meta property=\"og:url\" content=\"https:\/\/www.africa-press.net\/niger\/politique\/le-president-bazoum-participe-a-paris-a-un-sommet-sur-la-securite-et-la-lutte-contre-le-terrorisme-au-sahel\" \/>\n<meta property=\"og:site_name\" content=\"niger\" \/>\n<meta property=\"article:published_time\" content=\"2021-07-09T17:09:25+00:00\" \/>\n<meta property=\"article:modified_time\" content=\"2021-07-14T16:37:03+00:00\" \/>\n<meta property=\"og:image\" content=\"https:\/\/static.africa-press.net\/niger\/sites\/40\/2021\/07\/img-60e8780d013a2.jpg\" \/>\n\t<meta property=\"og:image:width\" content=\"720\" \/>\n\t<meta property=\"og:image:height\" content=\"404\" \/>\n\t<meta property=\"og:image:type\" content=\"image\/jpeg\" \/>\n<meta name=\"author\" content=\"cfeditorfr\" \/>\n<meta name=\"twitter:card\" content=\"summary_large_image\" \/>\n<meta name=\"twitter:label1\" content=\"\u00c9crit par\" \/>\n\t<meta name=\"twitter:data1\" content=\"cfeditorfr\" \/>\n\t<meta name=\"twitter:label2\" content=\"Dur\u00e9e de lecture estim\u00e9e\" \/>\n\t<meta name=\"twitter:data2\" content=\"2 minutes\" \/>\n<script type=\"application\/ld+json\" class=\"yoast-schema-graph\">{\"@context\":\"https:\/\/schema.org\",\"@graph\":[{\"@type\":\"Article\",\"@id\":\"https:\/\/www.africa-press.net\/niger\/politique\/le-president-bazoum-participe-a-paris-a-un-sommet-sur-la-securite-et-la-lutte-contre-le-terrorisme-au-sahel#article\",\"isPartOf\":{\"@id\":\"https:\/\/www.africa-press.net\/niger\/politique\/le-president-bazoum-participe-a-paris-a-un-sommet-sur-la-securite-et-la-lutte-contre-le-terrorisme-au-sahel\"},\"author\":{\"name\":\"cfeditorfr\",\"@id\":\"https:\/\/www.africa-press.net\/niger\/#\/schema\/person\/2b1cf3cd81a31e3cd26889ca66d677f1\"},\"headline\":\"Le Pr\u00e9sident Bazoum participe \u00e0 Paris \u00e0 un sommet sur la s\u00e9curit\u00e9 et la lutte contre le terrorisme au Sahel\",\"datePublished\":\"2021-07-09T17:09:25+00:00\",\"dateModified\":\"2021-07-14T16:37:03+00:00\",\"mainEntityOfPage\":{\"@id\":\"https:\/\/www.africa-press.net\/niger\/politique\/le-president-bazoum-participe-a-paris-a-un-sommet-sur-la-securite-et-la-lutte-contre-le-terrorisme-au-sahel\"},\"wordCount\":462,\"commentCount\":0,\"image\":{\"@id\":\"https:\/\/www.africa-press.net\/niger\/politique\/le-president-bazoum-participe-a-paris-a-un-sommet-sur-la-securite-et-la-lutte-contre-le-terrorisme-au-sahel#primaryimage\"},\"thumbnailUrl\":\"https:\/\/static.africa-press.net\/niger\/sites\/40\/2021\/07\/img-60e8780d013a2.jpg\",\"keywords\":[\"Africa Press\",\"Africa Press-Niger\",\"Niger\"],\"articleSection\":[\"homepage-french\",\"Politique\",\"Top Nouvelles\",\"Toutes les actualit\u00e9s\"],\"inLanguage\":\"fr-FR\",\"potentialAction\":[{\"@type\":\"CommentAction\",\"name\":\"Comment\",\"target\":[\"https:\/\/www.africa-press.net\/niger\/politique\/le-president-bazoum-participe-a-paris-a-un-sommet-sur-la-securite-et-la-lutte-contre-le-terrorisme-au-sahel#respond\"]}]},{\"@type\":\"WebPage\",\"@id\":\"https:\/\/www.africa-press.net\/niger\/politique\/le-president-bazoum-participe-a-paris-a-un-sommet-sur-la-securite-et-la-lutte-contre-le-terrorisme-au-sahel\",\"url\":\"https:\/\/www.africa-press.net\/niger\/politique\/le-president-bazoum-participe-a-paris-a-un-sommet-sur-la-securite-et-la-lutte-contre-le-terrorisme-au-sahel\",\"name\":\"Le Pr\u00e9sident Bazoum participe \u00e0 Paris \u00e0 un sommet sur la s\u00e9curit\u00e9 et la lutte contre le terrorisme au Sahel - niger\",\"isPartOf\":{\"@id\":\"https:\/\/www.africa-press.net\/niger\/#website\"},\"primaryImageOfPage\":{\"@id\":\"https:\/\/www.africa-press.net\/niger\/politique\/le-president-bazoum-participe-a-paris-a-un-sommet-sur-la-securite-et-la-lutte-contre-le-terrorisme-au-sahel#primaryimage\"},\"image\":{\"@id\":\"https:\/\/www.africa-press.net\/niger\/politique\/le-president-bazoum-participe-a-paris-a-un-sommet-sur-la-securite-et-la-lutte-contre-le-terrorisme-au-sahel#primaryimage\"},\"thumbnailUrl\":\"https:\/\/static.africa-press.net\/niger\/sites\/40\/2021\/07\/img-60e8780d013a2.jpg\",\"datePublished\":\"2021-07-09T17:09:25+00:00\",\"dateModified\":\"2021-07-14T16:37:03+00:00\",\"author\":{\"@id\":\"https:\/\/www.africa-press.net\/niger\/#\/schema\/person\/2b1cf3cd81a31e3cd26889ca66d677f1\"},\"description\":\"Le Pr\u00e9sident de la R\u00e9publique Mohamed Bazoum a particip\u00e9, ce vendredi 9 juillet 2021, \u00e0 un sommet sur la s\u00e9curit\u00e9 et la ...\",\"breadcrumb\":{\"@id\":\"https:\/\/www.africa-press.net\/niger\/politique\/le-president-bazoum-participe-a-paris-a-un-sommet-sur-la-securite-et-la-lutte-contre-le-terrorisme-au-sahel#breadcrumb\"},\"inLanguage\":\"fr-FR\",\"potentialAction\":[{\"@type\":\"ReadAction\",\"target\":[\"https:\/\/www.africa-press.net\/niger\/politique\/le-president-bazoum-participe-a-paris-a-un-sommet-sur-la-securite-et-la-lutte-contre-le-terrorisme-au-sahel\"]}]},{\"@type\":\"ImageObject\",\"inLanguage\":\"fr-FR\",\"@id\":\"https:\/\/www.africa-press.net\/niger\/politique\/le-president-bazoum-participe-a-paris-a-un-sommet-sur-la-securite-et-la-lutte-contre-le-terrorisme-au-sahel#primaryimage\",\"url\":\"https:\/\/static.africa-press.net\/niger\/sites\/40\/2021\/07\/img-60e8780d013a2.jpg\",\"contentUrl\":\"https:\/\/static.africa-press.net\/niger\/sites\/40\/2021\/07\/img-60e8780d013a2.jpg\",\"width\":720,\"height\":404,\"caption\":\"Le Pr\u00e9sident Bazoum participe \u00e0 Paris \u00e0 un sommet sur la s\u00e9curit\u00e9 et la lutte contre le terrorisme au Sahel\"},{\"@type\":\"BreadcrumbList\",\"@id\":\"https:\/\/www.africa-press.net\/niger\/politique\/le-president-bazoum-participe-a-paris-a-un-sommet-sur-la-securite-et-la-lutte-contre-le-terrorisme-au-sahel#breadcrumb\",\"itemListElement\":[{\"@type\":\"ListItem\",\"position\":1,\"name\":\"Accueil\",\"item\":\"https:\/\/www.africa-press.net\/niger\/\"},{\"@type\":\"ListItem\",\"position\":2,\"name\":\"Le Pr\u00e9sident Bazoum participe \u00e0 Paris \u00e0 un sommet sur la s\u00e9curit\u00e9 et la lutte contre le terrorisme au Sahel\"}]},{\"@type\":\"WebSite\",\"@id\":\"https:\/\/www.africa-press.net\/niger\/#website\",\"url\":\"https:\/\/www.africa-press.net\/niger\/\",\"name\":\"niger\",\"description\":\"Just another Africa News Agency Sites site\",\"potentialAction\":[{\"@type\":\"SearchAction\",\"target\":{\"@type\":\"EntryPoint\",\"urlTemplate\":\"https:\/\/www.africa-press.net\/niger\/?s={search_term_string}\"},\"query-input\":{\"@type\":\"PropertyValueSpecification\",\"valueRequired\":true,\"valueName\":\"search_term_string\"}}],\"inLanguage\":\"fr-FR\"},{\"@type\":\"Person\",\"@id\":\"https:\/\/www.africa-press.net\/niger\/#\/schema\/person\/2b1cf3cd81a31e3cd26889ca66d677f1\",\"name\":\"cfeditorfr\"}]}<\/script>\n<!-- \/ Yoast SEO Premium plugin. -->","yoast_head_json":{"title":"Le Pr\u00e9sident Bazoum participe \u00e0 Paris \u00e0 un sommet sur la s\u00e9curit\u00e9 et la lutte contre le terrorisme au Sahel - niger","description":"Le Pr\u00e9sident de la R\u00e9publique Mohamed Bazoum a particip\u00e9, ce vendredi 9 juillet 2021, \u00e0 un sommet sur la s\u00e9curit\u00e9 et la ...","robots":{"index":"index","follow":"follow","max-snippet":"max-snippet:-1","max-image-preview":"max-image-preview:large","max-video-preview":"max-video-preview:-1"},"canonical":"https:\/\/www.africa-press.net\/niger\/politique\/le-president-bazoum-participe-a-paris-a-un-sommet-sur-la-securite-et-la-lutte-contre-le-terrorisme-au-sahel","og_locale":"fr_FR","og_type":"article","og_title":"Le Pr\u00e9sident Bazoum participe \u00e0 Paris \u00e0 un sommet sur la s\u00e9curit\u00e9 et la lutte contre le terrorisme au Sahel","og_description":"Le Pr\u00e9sident de la R\u00e9publique Mohamed Bazoum a particip\u00e9, ce vendredi 9 juillet 2021, \u00e0 un sommet sur la s\u00e9curit\u00e9 et la ...","og_url":"https:\/\/www.africa-press.net\/niger\/politique\/le-president-bazoum-participe-a-paris-a-un-sommet-sur-la-securite-et-la-lutte-contre-le-terrorisme-au-sahel","og_site_name":"niger","article_published_time":"2021-07-09T17:09:25+00:00","article_modified_time":"2021-07-14T16:37:03+00:00","og_image":[{"width":720,"height":404,"url":"https:\/\/static.africa-press.net\/niger\/sites\/40\/2021\/07\/img-60e8780d013a2.jpg","type":"image\/jpeg"}],"author":"cfeditorfr","twitter_card":"summary_large_image","twitter_misc":{"\u00c9crit par":"cfeditorfr","Dur\u00e9e de lecture estim\u00e9e":"2 minutes"},"schema":{"@context":"https:\/\/schema.org","@graph":[{"@type":"Article","@id":"https:\/\/www.africa-press.net\/niger\/politique\/le-president-bazoum-participe-a-paris-a-un-sommet-sur-la-securite-et-la-lutte-contre-le-terrorisme-au-sahel#article","isPartOf":{"@id":"https:\/\/www.africa-press.net\/niger\/politique\/le-president-bazoum-participe-a-paris-a-un-sommet-sur-la-securite-et-la-lutte-contre-le-terrorisme-au-sahel"},"author":{"name":"cfeditorfr","@id":"https:\/\/www.africa-press.net\/niger\/#\/schema\/person\/2b1cf3cd81a31e3cd26889ca66d677f1"},"headline":"Le Pr\u00e9sident Bazoum participe \u00e0 Paris \u00e0 un sommet sur la s\u00e9curit\u00e9 et la lutte contre le terrorisme au Sahel","datePublished":"2021-07-09T17:09:25+00:00","dateModified":"2021-07-14T16:37:03+00:00","mainEntityOfPage":{"@id":"https:\/\/www.africa-press.net\/niger\/politique\/le-president-bazoum-participe-a-paris-a-un-sommet-sur-la-securite-et-la-lutte-contre-le-terrorisme-au-sahel"},"wordCount":462,"commentCount":0,"image":{"@id":"https:\/\/www.africa-press.net\/niger\/politique\/le-president-bazoum-participe-a-paris-a-un-sommet-sur-la-securite-et-la-lutte-contre-le-terrorisme-au-sahel#primaryimage"},"thumbnailUrl":"https:\/\/static.africa-press.net\/niger\/sites\/40\/2021\/07\/img-60e8780d013a2.jpg","keywords":["Africa Press","Africa Press-Niger","Niger"],"articleSection":["homepage-french","Politique","Top Nouvelles","Toutes les actualit\u00e9s"],"inLanguage":"fr-FR","potentialAction":[{"@type":"CommentAction","name":"Comment","target":["https:\/\/www.africa-press.net\/niger\/politique\/le-president-bazoum-participe-a-paris-a-un-sommet-sur-la-securite-et-la-lutte-contre-le-terrorisme-au-sahel#respond"]}]},{"@type":"WebPage","@id":"https:\/\/www.africa-press.net\/niger\/politique\/le-president-bazoum-participe-a-paris-a-un-sommet-sur-la-securite-et-la-lutte-contre-le-terrorisme-au-sahel","url":"https:\/\/www.africa-press.net\/niger\/politique\/le-president-bazoum-participe-a-paris-a-un-sommet-sur-la-securite-et-la-lutte-contre-le-terrorisme-au-sahel","name":"Le Pr\u00e9sident Bazoum participe \u00e0 Paris \u00e0 un sommet sur la s\u00e9curit\u00e9 et la lutte contre le terrorisme au Sahel - niger","isPartOf":{"@id":"https:\/\/www.africa-press.net\/niger\/#website"},"primaryImageOfPage":{"@id":"https:\/\/www.africa-press.net\/niger\/politique\/le-president-bazoum-participe-a-paris-a-un-sommet-sur-la-securite-et-la-lutte-contre-le-terrorisme-au-sahel#primaryimage"},"image":{"@id":"https:\/\/www.africa-press.net\/niger\/politique\/le-president-bazoum-participe-a-paris-a-un-sommet-sur-la-securite-et-la-lutte-contre-le-terrorisme-au-sahel#primaryimage"},"thumbnailUrl":"https:\/\/static.africa-press.net\/niger\/sites\/40\/2021\/07\/img-60e8780d013a2.jpg","datePublished":"2021-07-09T17:09:25+00:00","dateModified":"2021-07-14T16:37:03+00:00","author":{"@id":"https:\/\/www.africa-press.net\/niger\/#\/schema\/person\/2b1cf3cd81a31e3cd26889ca66d677f1"},"description":"Le Pr\u00e9sident de la R\u00e9publique Mohamed Bazoum a particip\u00e9, ce vendredi 9 juillet 2021, \u00e0 un sommet sur la s\u00e9curit\u00e9 et la ...","breadcrumb":{"@id":"https:\/\/www.africa-press.net\/niger\/politique\/le-president-bazoum-participe-a-paris-a-un-sommet-sur-la-securite-et-la-lutte-contre-le-terrorisme-au-sahel#breadcrumb"},"inLanguage":"fr-FR","potentialAction":[{"@type":"ReadAction","target":["https:\/\/www.africa-press.net\/niger\/politique\/le-president-bazoum-participe-a-paris-a-un-sommet-sur-la-securite-et-la-lutte-contre-le-terrorisme-au-sahel"]}]},{"@type":"ImageObject","inLanguage":"fr-FR","@id":"https:\/\/www.africa-press.net\/niger\/politique\/le-president-bazoum-participe-a-paris-a-un-sommet-sur-la-securite-et-la-lutte-contre-le-terrorisme-au-sahel#primaryimage","url":"https:\/\/static.africa-press.net\/niger\/sites\/40\/2021\/07\/img-60e8780d013a2.jpg","contentUrl":"https:\/\/static.africa-press.net\/niger\/sites\/40\/2021\/07\/img-60e8780d013a2.jpg","width":720,"height":404,"caption":"Le Pr\u00e9sident Bazoum participe \u00e0 Paris \u00e0 un sommet sur la s\u00e9curit\u00e9 et la lutte contre le terrorisme au Sahel"},{"@type":"BreadcrumbList","@id":"https:\/\/www.africa-press.net\/niger\/politique\/le-president-bazoum-participe-a-paris-a-un-sommet-sur-la-securite-et-la-lutte-contre-le-terrorisme-au-sahel#breadcrumb","itemListElement":[{"@type":"ListItem","position":1,"name":"Accueil","item":"https:\/\/www.africa-press.net\/niger\/"},{"@type":"ListItem","position":2,"name":"Le Pr\u00e9sident Bazoum participe \u00e0 Paris \u00e0 un sommet sur la s\u00e9curit\u00e9 et la lutte contre le terrorisme au Sahel"}]},{"@type":"WebSite","@id":"https:\/\/www.africa-press.net\/niger\/#website","url":"https:\/\/www.africa-press.net\/niger\/","name":"niger","description":"Just another Africa News Agency Sites site","potentialAction":[{"@type":"SearchAction","target":{"@type":"EntryPoint","urlTemplate":"https:\/\/www.africa-press.net\/niger\/?s={search_term_string}"},"query-input":{"@type":"PropertyValueSpecification","valueRequired":true,"valueName":"search_term_string"}}],"inLanguage":"fr-FR"},{"@type":"Person","@id":"https:\/\/www.africa-press.net\/niger\/#\/schema\/person\/2b1cf3cd81a31e3cd26889ca66d677f1","name":"cfeditorfr"}]}},"_links":{"self":[{"href":"https:\/\/www.africa-press.net\/niger\/wp-json\/wp\/v2\/posts\/8616","targetHints":{"allow":["GET"]}}],"collection":[{"href":"https:\/\/www.africa-press.net\/niger\/wp-json\/wp\/v2\/posts"}],"about":[{"href":"https:\/\/www.africa-press.net\/niger\/wp-json\/wp\/v2\/types\/post"}],"author":[{"embeddable":true,"href":"https:\/\/www.africa-press.net\/niger\/wp-json\/wp\/v2\/users\/82"}],"replies":[{"embeddable":true,"href":"https:\/\/www.africa-press.net\/niger\/wp-json\/wp\/v2\/comments?post=8616"}],"version-history":[{"count":0,"href":"https:\/\/www.africa-press.net\/niger\/wp-json\/wp\/v2\/posts\/8616\/revisions"}],"wp:featuredmedia":[{"embeddable":true,"href":"https:\/\/www.africa-press.net\/niger\/wp-json\/wp\/v2\/media\/8615"}],"wp:attachment":[{"href":"https:\/\/www.africa-press.net\/niger\/wp-json\/wp\/v2\/media?parent=8616"}],"wp:term":[{"taxonomy":"category","embeddable":true,"href":"https:\/\/www.africa-press.net\/niger\/wp-json\/wp\/v2\/categories?post=8616"},{"taxonomy":"post_tag","embeddable":true,"href":"https:\/\/www.africa-press.net\/niger\/wp-json\/wp\/v2\/tags?post=8616"}],"curies":[{"name":"wp","href":"https:\/\/api.w.org\/{rel}","templated":true}]}}