{"id":8664,"date":"2021-07-14T14:29:23","date_gmt":"2021-07-14T14:29:23","guid":{"rendered":"https:\/\/www.africa-press.net\/niger\/?p=8664"},"modified":"2021-07-14T14:27:23","modified_gmt":"2021-07-14T14:27:23","slug":"securite-au-sahel-le-niger-decline-les-grands-axes-de-son-intervention-dans-la-feuille-de-route-de-ndjamena","status":"publish","type":"post","link":"https:\/\/www.africa-press.net\/niger\/politique\/securite-au-sahel-le-niger-decline-les-grands-axes-de-son-intervention-dans-la-feuille-de-route-de-ndjamena","title":{"rendered":"S\u00e9curit\u00e9 au Sahel : Le Niger d\u00e9cline les grands axes de son intervention dans la feuille de route de N\u2019Djamena"},"content":{"rendered":"<p><span style=\"color: #ff6600\"><strong><a href=\"https:\/\/www.africa-press.net\/\">Africa-Press<\/a> &#8211; <a href=\"https:\/\/www.africa-press.net\/niger\">Niger<\/a>.\u00a0 <\/strong><\/span>\u00a0Le Ministre d\u00e9l\u00e9gu\u00e9 aupr\u00e8s du Ministre d\u2019Etat, Ministre des affaires \u00e9trang\u00e8res et de la coop\u00e9ration, charg\u00e9 de l\u2019int\u00e9gration africaine de la R\u00e9publique du Niger, M. Youssouf Mohamed Elmouctar a d\u00e9clin\u00e9, ce lundi 12 juillet 2021, les grands axes de l\u2019intervention du Niger dans le cadre de l\u2019ex\u00e9cution de la feuille de route de N\u2019Djamena du f\u00e9vrier 2021 concernant la s\u00e9curit\u00e9 au Sahel.<\/p>\n<p>Le membre du Gouvernement nig\u00e9rien a dress\u00e9 ce bilan, non exhaustif, alors qu\u2019il participait \u00e0 la 3\u00e8me r\u00e9union minist\u00e9rielle de la \u2018\u2019Coalition Internationale pour le Sahel, destin\u00e9e essentiellement \u00e0 faire l\u2019\u00e9tat des lieux de la mise en \u0153uvre des engagements contenus dans la feuille de route de N\u2019Djamena.<\/p>\n<p>Cette feuille de route, faut-il le rappeler, avait fix\u00e9 des jalons clairs pour chacun des 4 piliers de la Coalition Internationale pour le Sahel en vue notamment d\u2019assurer la redevabilit\u00e9 mutuelle des acteurs, \u00e0 travers notamment la mise en place de dispositifs de suivi.<\/p>\n<p>\u2018\u2019L\u2019op\u00e9ration conjointe \u2018\u2019Taanli\u2019\u2019 lanc\u00e9e le 10 juin 2021 qui a r\u00e9uni les forces nig\u00e9riennes et burkinab\u00e8 et qui s\u2019est sold\u00e9e par la neutralisation de plusieurs centaines de terroristes dans la zone dite des \u2018\u2019trois fronti\u00e8res\u2019\u2019, est un exemple d\u2019actions concr\u00e8tes \u00e0 p\u00e9renniser, d\u2019autant plus qu\u2019elles entrent dans le cadre de l\u2019op\u00e9rationnalisation du pilier 1 de la coalition Sahel\u2019\u2019 a expliqu\u00e9 le Ministre charg\u00e9 de l\u2019int\u00e9gration africaine du Niger.<\/p>\n<p>En outre, a-t-il poursuivi, la mont\u00e9e en puissance de la Task Force europ\u00e9enne Takuba, symbolis\u00e9e par des missions d\u2019accompagnement sur le terrain, ainsi que la R\u00e9-articulation du dispositif militaire fran\u00e7ais dans la r\u00e9gion, act\u00e9e officiellement lors de la 5\u00e8me Session Extraordinaire de la Conf\u00e9rence des Chefs d\u2019Etats du G-5 Sahel du vendredi dernier, peuvent grandement contribuer, \u00e0 terme, \u00e0 l\u2019atteinte des objectifs du pilier 2, c\u2019est-\u00e0-dire l\u2019autonomisation et l\u2019appropriation strat\u00e9gique de la lutte contre le terrorisme par les arm\u00e9es sah\u00e9liennes ; \u00e0 condition, toutefois, que dans le m\u00eame temps, certaines capacit\u00e9s \u2018\u2019rares\u2019\u2019 telles que l\u2019appui a\u00e9rien et le renseignement \u00e9lectromagn\u00e9tique soient maintenues et consolid\u00e9es au profit de nos arm\u00e9es.<\/p>\n<p>Selon le Ministre Elmouctar, depuis la derni\u00e8re r\u00e9union minist\u00e9rielle tenue en mars 2021, le Niger a enregistr\u00e9 \u2018\u2019des avanc\u00e9es significatives dans le cadre de l\u2019op\u00e9rationnalisation du pilier 3 de la coalition pour le Sahel dont, entre autres, la r\u00e9installation des r\u00e9fugi\u00e9s du canton d\u2019Anzourou, dans la r\u00e9gion de Tillab\u00e9ry, en mai 2021\u2019\u2019.<\/p>\n<p>Il a aussi soulign\u00e9 qu\u2019en \u2018\u2019juin dernier, environ 5935 personnes ressortissantes de la localit\u00e9 de Baroua, \u00e0 Diffa, et de 19 autres villages environnants ont rejoint leurs localit\u00e9s gr\u00e2ce \u00e0 un programme pilote qui visera aussi, \u00e0 terme, le rapatriement d\u2019environ 130.000 d\u00e9plac\u00e9s de la R\u00e9gion de Diffa vers l\u2019Etat de Borno au Nigeria\u2019\u2019.<\/p>\n<p>Au Niger, indique-t-on, pour assurer le suivi des engagements concernant cette feuille de route, un dispositif national de pilotage a \u00e9t\u00e9 mis en place et est pr\u00e9sid\u00e9 par le Premier Ministre, Chef du Gouvernement Ouhoumoudou Mahamadou.<\/p>\n","protected":false},"excerpt":{"rendered":"<p>Africa-Press &#8211; Niger.\u00a0 \u00a0Le Ministre d\u00e9l\u00e9gu\u00e9 aupr\u00e8s du Ministre d\u2019Etat, Ministre des affaires \u00e9trang\u00e8res et de la coop\u00e9ration, charg\u00e9 de l\u2019int\u00e9gration africaine de la R\u00e9publique du Niger, M. Youssouf Mohamed Elmouctar a d\u00e9clin\u00e9, ce lundi 12 juillet 2021, les grands axes de l\u2019intervention du Niger dans le cadre de l\u2019ex\u00e9cution de la feuille de route [&hellip;]<\/p>\n","protected":false},"author":82,"featured_media":8663,"comment_status":"open","ping_status":"closed","sticky":false,"template":"","format":"standard","meta":{"footnotes":""},"categories":[11,2,10],"tags":[55,60,29],"class_list":["post-8664","post","type-post","status-publish","format-standard","has-post-thumbnail","hentry","category-homepage-french","category-politique","category-toutes-les-actualites","tag-africa-press","tag-africa-press-niger","tag-niger"],"yoast_head":"<!-- This site is optimized with the Yoast SEO Premium plugin v26.1 (Yoast SEO v27.0) - https:\/\/yoast.com\/product\/yoast-seo-premium-wordpress\/ -->\n<title>S\u00e9curit\u00e9 au Sahel : Le Niger d\u00e9cline les grands axes de son intervention dans la feuille de route de N\u2019Djamena - niger<\/title>\n<meta name=\"description\" content=\", 12 Juillet (ANP) \u2013 Le Ministre d\u00e9l\u00e9gu\u00e9 aupr\u00e8s du Ministre d\u2019Etat, Ministre des affaires \u00e9trang\u00e8res et de la coop\u00e9ratio ...\" \/>\n<meta name=\"robots\" content=\"index, follow, max-snippet:-1, max-image-preview:large, max-video-preview:-1\" \/>\n<link rel=\"canonical\" href=\"https:\/\/www.africa-press.net\/niger\/politique\/securite-au-sahel-le-niger-decline-les-grands-axes-de-son-intervention-dans-la-feuille-de-route-de-ndjamena\" \/>\n<meta property=\"og:locale\" content=\"fr_FR\" \/>\n<meta property=\"og:type\" content=\"article\" \/>\n<meta property=\"og:title\" content=\"S\u00e9curit\u00e9 au Sahel : Le Niger d\u00e9cline les grands axes de son intervention dans la feuille de route de N\u2019Djamena\" \/>\n<meta property=\"og:description\" content=\", 12 Juillet (ANP) \u2013 Le Ministre d\u00e9l\u00e9gu\u00e9 aupr\u00e8s du Ministre d\u2019Etat, Ministre des affaires \u00e9trang\u00e8res et de la coop\u00e9ratio ...\" \/>\n<meta property=\"og:url\" content=\"https:\/\/www.africa-press.net\/niger\/politique\/securite-au-sahel-le-niger-decline-les-grands-axes-de-son-intervention-dans-la-feuille-de-route-de-ndjamena\" \/>\n<meta property=\"og:site_name\" content=\"niger\" \/>\n<meta property=\"article:published_time\" content=\"2021-07-14T14:29:23+00:00\" \/>\n<meta property=\"og:image\" content=\"https:\/\/static.africa-press.net\/niger\/sites\/40\/2021\/07\/img-60eee00f2cef3.jpg\" \/>\n\t<meta property=\"og:image:width\" content=\"1080\" \/>\n\t<meta property=\"og:image:height\" content=\"720\" \/>\n\t<meta property=\"og:image:type\" content=\"image\/jpeg\" \/>\n<meta name=\"author\" content=\"cfeditorfr\" \/>\n<meta name=\"twitter:card\" content=\"summary_large_image\" \/>\n<meta name=\"twitter:label1\" content=\"\u00c9crit par\" \/>\n\t<meta name=\"twitter:data1\" content=\"cfeditorfr\" \/>\n\t<meta name=\"twitter:label2\" content=\"Dur\u00e9e de lecture estim\u00e9e\" \/>\n\t<meta name=\"twitter:data2\" content=\"3 minutes\" \/>\n<script type=\"application\/ld+json\" class=\"yoast-schema-graph\">{\"@context\":\"https:\/\/schema.org\",\"@graph\":[{\"@type\":\"Article\",\"@id\":\"https:\/\/www.africa-press.net\/niger\/politique\/securite-au-sahel-le-niger-decline-les-grands-axes-de-son-intervention-dans-la-feuille-de-route-de-ndjamena#article\",\"isPartOf\":{\"@id\":\"https:\/\/www.africa-press.net\/niger\/politique\/securite-au-sahel-le-niger-decline-les-grands-axes-de-son-intervention-dans-la-feuille-de-route-de-ndjamena\"},\"author\":{\"name\":\"cfeditorfr\",\"@id\":\"https:\/\/www.africa-press.net\/niger\/#\/schema\/person\/2b1cf3cd81a31e3cd26889ca66d677f1\"},\"headline\":\"S\u00e9curit\u00e9 au Sahel : Le Niger d\u00e9cline les grands axes de son intervention dans la feuille de route de N\u2019Djamena\",\"datePublished\":\"2021-07-14T14:29:23+00:00\",\"mainEntityOfPage\":{\"@id\":\"https:\/\/www.africa-press.net\/niger\/politique\/securite-au-sahel-le-niger-decline-les-grands-axes-de-son-intervention-dans-la-feuille-de-route-de-ndjamena\"},\"wordCount\":560,\"commentCount\":0,\"image\":{\"@id\":\"https:\/\/www.africa-press.net\/niger\/politique\/securite-au-sahel-le-niger-decline-les-grands-axes-de-son-intervention-dans-la-feuille-de-route-de-ndjamena#primaryimage\"},\"thumbnailUrl\":\"https:\/\/static.africa-press.net\/niger\/sites\/40\/2021\/07\/img-60eee00f2cef3.jpg\",\"keywords\":[\"Africa Press\",\"Africa Press-Niger\",\"Niger\"],\"articleSection\":[\"homepage-french\",\"Politique\",\"Toutes les actualit\u00e9s\"],\"inLanguage\":\"fr-FR\",\"potentialAction\":[{\"@type\":\"CommentAction\",\"name\":\"Comment\",\"target\":[\"https:\/\/www.africa-press.net\/niger\/politique\/securite-au-sahel-le-niger-decline-les-grands-axes-de-son-intervention-dans-la-feuille-de-route-de-ndjamena#respond\"]}]},{\"@type\":\"WebPage\",\"@id\":\"https:\/\/www.africa-press.net\/niger\/politique\/securite-au-sahel-le-niger-decline-les-grands-axes-de-son-intervention-dans-la-feuille-de-route-de-ndjamena\",\"url\":\"https:\/\/www.africa-press.net\/niger\/politique\/securite-au-sahel-le-niger-decline-les-grands-axes-de-son-intervention-dans-la-feuille-de-route-de-ndjamena\",\"name\":\"S\u00e9curit\u00e9 au Sahel : Le Niger d\u00e9cline les grands axes de son intervention dans la feuille de route de N\u2019Djamena - niger\",\"isPartOf\":{\"@id\":\"https:\/\/www.africa-press.net\/niger\/#website\"},\"primaryImageOfPage\":{\"@id\":\"https:\/\/www.africa-press.net\/niger\/politique\/securite-au-sahel-le-niger-decline-les-grands-axes-de-son-intervention-dans-la-feuille-de-route-de-ndjamena#primaryimage\"},\"image\":{\"@id\":\"https:\/\/www.africa-press.net\/niger\/politique\/securite-au-sahel-le-niger-decline-les-grands-axes-de-son-intervention-dans-la-feuille-de-route-de-ndjamena#primaryimage\"},\"thumbnailUrl\":\"https:\/\/static.africa-press.net\/niger\/sites\/40\/2021\/07\/img-60eee00f2cef3.jpg\",\"datePublished\":\"2021-07-14T14:29:23+00:00\",\"author\":{\"@id\":\"https:\/\/www.africa-press.net\/niger\/#\/schema\/person\/2b1cf3cd81a31e3cd26889ca66d677f1\"},\"description\":\", 12 Juillet (ANP) \u2013 Le Ministre d\u00e9l\u00e9gu\u00e9 aupr\u00e8s du Ministre d\u2019Etat, Ministre des affaires \u00e9trang\u00e8res et de la coop\u00e9ratio ...\",\"breadcrumb\":{\"@id\":\"https:\/\/www.africa-press.net\/niger\/politique\/securite-au-sahel-le-niger-decline-les-grands-axes-de-son-intervention-dans-la-feuille-de-route-de-ndjamena#breadcrumb\"},\"inLanguage\":\"fr-FR\",\"potentialAction\":[{\"@type\":\"ReadAction\",\"target\":[\"https:\/\/www.africa-press.net\/niger\/politique\/securite-au-sahel-le-niger-decline-les-grands-axes-de-son-intervention-dans-la-feuille-de-route-de-ndjamena\"]}]},{\"@type\":\"ImageObject\",\"inLanguage\":\"fr-FR\",\"@id\":\"https:\/\/www.africa-press.net\/niger\/politique\/securite-au-sahel-le-niger-decline-les-grands-axes-de-son-intervention-dans-la-feuille-de-route-de-ndjamena#primaryimage\",\"url\":\"https:\/\/static.africa-press.net\/niger\/sites\/40\/2021\/07\/img-60eee00f2cef3.jpg\",\"contentUrl\":\"https:\/\/static.africa-press.net\/niger\/sites\/40\/2021\/07\/img-60eee00f2cef3.jpg\",\"width\":1080,\"height\":720,\"caption\":\"S\u00e9curit\u00e9 au Sahel : Le Niger d\u00e9cline les grands axes de son intervention dans la feuille de route de N\u2019Djamena\"},{\"@type\":\"BreadcrumbList\",\"@id\":\"https:\/\/www.africa-press.net\/niger\/politique\/securite-au-sahel-le-niger-decline-les-grands-axes-de-son-intervention-dans-la-feuille-de-route-de-ndjamena#breadcrumb\",\"itemListElement\":[{\"@type\":\"ListItem\",\"position\":1,\"name\":\"Accueil\",\"item\":\"https:\/\/www.africa-press.net\/niger\/\"},{\"@type\":\"ListItem\",\"position\":2,\"name\":\"S\u00e9curit\u00e9 au Sahel : Le Niger d\u00e9cline les grands axes de son intervention dans la feuille de route de N\u2019Djamena\"}]},{\"@type\":\"WebSite\",\"@id\":\"https:\/\/www.africa-press.net\/niger\/#website\",\"url\":\"https:\/\/www.africa-press.net\/niger\/\",\"name\":\"niger\",\"description\":\"Just another Africa News Agency Sites site\",\"potentialAction\":[{\"@type\":\"SearchAction\",\"target\":{\"@type\":\"EntryPoint\",\"urlTemplate\":\"https:\/\/www.africa-press.net\/niger\/?s={search_term_string}\"},\"query-input\":{\"@type\":\"PropertyValueSpecification\",\"valueRequired\":true,\"valueName\":\"search_term_string\"}}],\"inLanguage\":\"fr-FR\"},{\"@type\":\"Person\",\"@id\":\"https:\/\/www.africa-press.net\/niger\/#\/schema\/person\/2b1cf3cd81a31e3cd26889ca66d677f1\",\"name\":\"cfeditorfr\"}]}<\/script>\n<!-- \/ Yoast SEO Premium plugin. -->","yoast_head_json":{"title":"S\u00e9curit\u00e9 au Sahel : Le Niger d\u00e9cline les grands axes de son intervention dans la feuille de route de N\u2019Djamena - niger","description":", 12 Juillet (ANP) \u2013 Le Ministre d\u00e9l\u00e9gu\u00e9 aupr\u00e8s du Ministre d\u2019Etat, Ministre des affaires \u00e9trang\u00e8res et de la coop\u00e9ratio ...","robots":{"index":"index","follow":"follow","max-snippet":"max-snippet:-1","max-image-preview":"max-image-preview:large","max-video-preview":"max-video-preview:-1"},"canonical":"https:\/\/www.africa-press.net\/niger\/politique\/securite-au-sahel-le-niger-decline-les-grands-axes-de-son-intervention-dans-la-feuille-de-route-de-ndjamena","og_locale":"fr_FR","og_type":"article","og_title":"S\u00e9curit\u00e9 au Sahel : Le Niger d\u00e9cline les grands axes de son intervention dans la feuille de route de N\u2019Djamena","og_description":", 12 Juillet (ANP) \u2013 Le Ministre d\u00e9l\u00e9gu\u00e9 aupr\u00e8s du Ministre d\u2019Etat, Ministre des affaires \u00e9trang\u00e8res et de la coop\u00e9ratio ...","og_url":"https:\/\/www.africa-press.net\/niger\/politique\/securite-au-sahel-le-niger-decline-les-grands-axes-de-son-intervention-dans-la-feuille-de-route-de-ndjamena","og_site_name":"niger","article_published_time":"2021-07-14T14:29:23+00:00","og_image":[{"width":1080,"height":720,"url":"https:\/\/static.africa-press.net\/niger\/sites\/40\/2021\/07\/img-60eee00f2cef3.jpg","type":"image\/jpeg"}],"author":"cfeditorfr","twitter_card":"summary_large_image","twitter_misc":{"\u00c9crit par":"cfeditorfr","Dur\u00e9e de lecture estim\u00e9e":"3 minutes"},"schema":{"@context":"https:\/\/schema.org","@graph":[{"@type":"Article","@id":"https:\/\/www.africa-press.net\/niger\/politique\/securite-au-sahel-le-niger-decline-les-grands-axes-de-son-intervention-dans-la-feuille-de-route-de-ndjamena#article","isPartOf":{"@id":"https:\/\/www.africa-press.net\/niger\/politique\/securite-au-sahel-le-niger-decline-les-grands-axes-de-son-intervention-dans-la-feuille-de-route-de-ndjamena"},"author":{"name":"cfeditorfr","@id":"https:\/\/www.africa-press.net\/niger\/#\/schema\/person\/2b1cf3cd81a31e3cd26889ca66d677f1"},"headline":"S\u00e9curit\u00e9 au Sahel : Le Niger d\u00e9cline les grands axes de son intervention dans la feuille de route de N\u2019Djamena","datePublished":"2021-07-14T14:29:23+00:00","mainEntityOfPage":{"@id":"https:\/\/www.africa-press.net\/niger\/politique\/securite-au-sahel-le-niger-decline-les-grands-axes-de-son-intervention-dans-la-feuille-de-route-de-ndjamena"},"wordCount":560,"commentCount":0,"image":{"@id":"https:\/\/www.africa-press.net\/niger\/politique\/securite-au-sahel-le-niger-decline-les-grands-axes-de-son-intervention-dans-la-feuille-de-route-de-ndjamena#primaryimage"},"thumbnailUrl":"https:\/\/static.africa-press.net\/niger\/sites\/40\/2021\/07\/img-60eee00f2cef3.jpg","keywords":["Africa Press","Africa Press-Niger","Niger"],"articleSection":["homepage-french","Politique","Toutes les actualit\u00e9s"],"inLanguage":"fr-FR","potentialAction":[{"@type":"CommentAction","name":"Comment","target":["https:\/\/www.africa-press.net\/niger\/politique\/securite-au-sahel-le-niger-decline-les-grands-axes-de-son-intervention-dans-la-feuille-de-route-de-ndjamena#respond"]}]},{"@type":"WebPage","@id":"https:\/\/www.africa-press.net\/niger\/politique\/securite-au-sahel-le-niger-decline-les-grands-axes-de-son-intervention-dans-la-feuille-de-route-de-ndjamena","url":"https:\/\/www.africa-press.net\/niger\/politique\/securite-au-sahel-le-niger-decline-les-grands-axes-de-son-intervention-dans-la-feuille-de-route-de-ndjamena","name":"S\u00e9curit\u00e9 au Sahel : Le Niger d\u00e9cline les grands axes de son intervention dans la feuille de route de N\u2019Djamena - niger","isPartOf":{"@id":"https:\/\/www.africa-press.net\/niger\/#website"},"primaryImageOfPage":{"@id":"https:\/\/www.africa-press.net\/niger\/politique\/securite-au-sahel-le-niger-decline-les-grands-axes-de-son-intervention-dans-la-feuille-de-route-de-ndjamena#primaryimage"},"image":{"@id":"https:\/\/www.africa-press.net\/niger\/politique\/securite-au-sahel-le-niger-decline-les-grands-axes-de-son-intervention-dans-la-feuille-de-route-de-ndjamena#primaryimage"},"thumbnailUrl":"https:\/\/static.africa-press.net\/niger\/sites\/40\/2021\/07\/img-60eee00f2cef3.jpg","datePublished":"2021-07-14T14:29:23+00:00","author":{"@id":"https:\/\/www.africa-press.net\/niger\/#\/schema\/person\/2b1cf3cd81a31e3cd26889ca66d677f1"},"description":", 12 Juillet (ANP) \u2013 Le Ministre d\u00e9l\u00e9gu\u00e9 aupr\u00e8s du Ministre d\u2019Etat, Ministre des affaires \u00e9trang\u00e8res et de la coop\u00e9ratio ...","breadcrumb":{"@id":"https:\/\/www.africa-press.net\/niger\/politique\/securite-au-sahel-le-niger-decline-les-grands-axes-de-son-intervention-dans-la-feuille-de-route-de-ndjamena#breadcrumb"},"inLanguage":"fr-FR","potentialAction":[{"@type":"ReadAction","target":["https:\/\/www.africa-press.net\/niger\/politique\/securite-au-sahel-le-niger-decline-les-grands-axes-de-son-intervention-dans-la-feuille-de-route-de-ndjamena"]}]},{"@type":"ImageObject","inLanguage":"fr-FR","@id":"https:\/\/www.africa-press.net\/niger\/politique\/securite-au-sahel-le-niger-decline-les-grands-axes-de-son-intervention-dans-la-feuille-de-route-de-ndjamena#primaryimage","url":"https:\/\/static.africa-press.net\/niger\/sites\/40\/2021\/07\/img-60eee00f2cef3.jpg","contentUrl":"https:\/\/static.africa-press.net\/niger\/sites\/40\/2021\/07\/img-60eee00f2cef3.jpg","width":1080,"height":720,"caption":"S\u00e9curit\u00e9 au Sahel : Le Niger d\u00e9cline les grands axes de son intervention dans la feuille de route de N\u2019Djamena"},{"@type":"BreadcrumbList","@id":"https:\/\/www.africa-press.net\/niger\/politique\/securite-au-sahel-le-niger-decline-les-grands-axes-de-son-intervention-dans-la-feuille-de-route-de-ndjamena#breadcrumb","itemListElement":[{"@type":"ListItem","position":1,"name":"Accueil","item":"https:\/\/www.africa-press.net\/niger\/"},{"@type":"ListItem","position":2,"name":"S\u00e9curit\u00e9 au Sahel : Le Niger d\u00e9cline les grands axes de son intervention dans la feuille de route de N\u2019Djamena"}]},{"@type":"WebSite","@id":"https:\/\/www.africa-press.net\/niger\/#website","url":"https:\/\/www.africa-press.net\/niger\/","name":"niger","description":"Just another Africa News Agency Sites site","potentialAction":[{"@type":"SearchAction","target":{"@type":"EntryPoint","urlTemplate":"https:\/\/www.africa-press.net\/niger\/?s={search_term_string}"},"query-input":{"@type":"PropertyValueSpecification","valueRequired":true,"valueName":"search_term_string"}}],"inLanguage":"fr-FR"},{"@type":"Person","@id":"https:\/\/www.africa-press.net\/niger\/#\/schema\/person\/2b1cf3cd81a31e3cd26889ca66d677f1","name":"cfeditorfr"}]}},"_links":{"self":[{"href":"https:\/\/www.africa-press.net\/niger\/wp-json\/wp\/v2\/posts\/8664","targetHints":{"allow":["GET"]}}],"collection":[{"href":"https:\/\/www.africa-press.net\/niger\/wp-json\/wp\/v2\/posts"}],"about":[{"href":"https:\/\/www.africa-press.net\/niger\/wp-json\/wp\/v2\/types\/post"}],"author":[{"embeddable":true,"href":"https:\/\/www.africa-press.net\/niger\/wp-json\/wp\/v2\/users\/82"}],"replies":[{"embeddable":true,"href":"https:\/\/www.africa-press.net\/niger\/wp-json\/wp\/v2\/comments?post=8664"}],"version-history":[{"count":0,"href":"https:\/\/www.africa-press.net\/niger\/wp-json\/wp\/v2\/posts\/8664\/revisions"}],"wp:featuredmedia":[{"embeddable":true,"href":"https:\/\/www.africa-press.net\/niger\/wp-json\/wp\/v2\/media\/8663"}],"wp:attachment":[{"href":"https:\/\/www.africa-press.net\/niger\/wp-json\/wp\/v2\/media?parent=8664"}],"wp:term":[{"taxonomy":"category","embeddable":true,"href":"https:\/\/www.africa-press.net\/niger\/wp-json\/wp\/v2\/categories?post=8664"},{"taxonomy":"post_tag","embeddable":true,"href":"https:\/\/www.africa-press.net\/niger\/wp-json\/wp\/v2\/tags?post=8664"}],"curies":[{"name":"wp","href":"https:\/\/api.w.org\/{rel}","templated":true}]}}