{"id":8673,"date":"2021-07-14T14:55:28","date_gmt":"2021-07-14T14:55:28","guid":{"rendered":"https:\/\/www.africa-press.net\/niger\/?p=8673"},"modified":"2021-07-14T16:32:43","modified_gmt":"2021-07-14T16:32:43","slug":"100-jours-a-la-tete-du-niger-le-president-bazoum-repond-a-la-presse-nigerienne-sur-letat-du-pays","status":"publish","type":"post","link":"https:\/\/www.africa-press.net\/niger\/politique\/100-jours-a-la-tete-du-niger-le-president-bazoum-repond-a-la-presse-nigerienne-sur-letat-du-pays","title":{"rendered":"100 jours \u00e0 la t\u00eate du Niger : Le Pr\u00e9sident Bazoum r\u00e9pond \u00e0 la presse nig\u00e9rienne sur l\u2019\u00e9tat du pays"},"content":{"rendered":"<p><span style=\"color: #ff6600\"><strong><a href=\"https:\/\/www.africa-press.net\/\">Africa-Press<\/a> &#8211; <a href=\"https:\/\/www.africa-press.net\/niger\">Niger<\/a>. <\/strong><\/span>Le Pr\u00e9sident de la R\u00e9publique du Niger, M. Mohamed Bazoum a accord\u00e9 une interview ax\u00e9e sur l\u2019\u00e9tat du pays \u00e0 l\u2019occasion de ses cent (100) premiers jours \u00e0 la t\u00eate du Niger.<\/p>\n<p>Cette interview \u00e9tait anim\u00e9e par trois journalistes nig\u00e9riens dont un de la t\u00e9l\u00e9vision nationale T\u00e9l\u00e9 Sahel, un journaliste du groupe de presse priv\u00e9 Anfani et un autre du groupe priv\u00e9 de presse Bonferey.<\/p>\n<p>Dans cette interview diffus\u00e9e en diff\u00e9r\u00e9 notamment sur T\u00e9l\u00e9 Sahel, et qui a dur\u00e9 42 minutes, le Chef de l\u2019Etat a r\u00e9pondu \u00e0 des questions qui ont port\u00e9 sur sa politique int\u00e9rieure et \u00e9trang\u00e8re.<\/p>\n<p>Ainsi, le Pr\u00e9sident de la R\u00e9publique a r\u00e9pondu \u00e0 des questions relatives \u00e0 la situation s\u00e9curitaire au Niger et dans l\u2019espace sah\u00e9lien, \u00e0 la question de retour des d\u00e9plac\u00e9s internes nig\u00e9riens dans les R\u00e9gions de Diffa et Tillab\u00e9ry, en passant par l\u2019actualit\u00e9 socio-politique au Mali.<\/p>\n<p>A ce dernier point, le Pr\u00e9sident Bazoum a donn\u00e9 des clarifications sur ses propos tenus, la semaine derni\u00e8re lors de sa visite en France, lesquels propos font objet de pol\u00e9mique notamment sur les r\u00e9seaux sociaux.<\/p>\n<p>Sur le plan social, le Chef de l\u2019Ex\u00e9cutif nig\u00e9rien est largement revenu sur la construction des \u00e9coles \u00e0 internat, la gestion de la pand\u00e9mie de Covid-19 par son administration, l\u2019emploi des jeunes et ses r\u00e9centes rencontres avec les centrales syndicales du pays.<\/p>\n<p>Sur le plan infrastructurel, le dirigeant nig\u00e9rien s\u2019est exprim\u00e9 en donnant des pr\u00e9cisions sur le chantier du \u2018\u2019Barrage de Kandadji\u2019\u2019.<\/p>\n<p>Durant ce face-\u00e0-face avec la presse, le Pr\u00e9sident de la 7\u00e8me R\u00e9publique a \u00e9voqu\u00e9 la gestion de la coalition gouvernementale et ses rapports avec l\u2019opposition politique.<\/p>\n<p>Le Pr\u00e9sident de la R\u00e9publique a donn\u00e9 des \u00e9l\u00e9ments de r\u00e9ponse aux journalistes sur les comparaisons qui sont faites, ces derniers temps, entre lui et son processeur, son compagnon politique, l\u2019ancien Pr\u00e9sident de la R\u00e9publique Issoufou Mahamadou.<\/p>\n<p>Telle est la quintessence de cette sortie m\u00e9diatique du Chef de l\u2019Etat nig\u00e9rien de ce lundi 12 juillet 2021.<\/p>\n<p>Mohamed Bazoum, rappelle-t-on, est investi \u00e0 ce poste le 2 avril 2021.<\/p>\n<p>Alors candidat \u00e0 la pr\u00e9sidence de la R\u00e9publique du Niger, le nouveau locataire du Palais de la Pr\u00e9sidence a battu campagne avec son programme de gouvernance dit \u2018\u2019Programme de la Renaissance du Niger Acte III sous le slogan \u2018\u2019Consolider et Avancer\u2019\u2019.<\/p>\n","protected":false},"excerpt":{"rendered":"<p>Africa-Press &#8211; Niger. Le Pr\u00e9sident de la R\u00e9publique du Niger, M. Mohamed Bazoum a accord\u00e9 une interview ax\u00e9e sur l\u2019\u00e9tat du pays \u00e0 l\u2019occasion de ses cent (100) premiers jours \u00e0 la t\u00eate du Niger. Cette interview \u00e9tait anim\u00e9e par trois journalistes nig\u00e9riens dont un de la t\u00e9l\u00e9vision nationale T\u00e9l\u00e9 Sahel, un journaliste du groupe [&hellip;]<\/p>\n","protected":false},"author":82,"featured_media":8672,"comment_status":"open","ping_status":"closed","sticky":false,"template":"","format":"standard","meta":{"footnotes":""},"categories":[11,2,10],"tags":[55,60,29],"class_list":["post-8673","post","type-post","status-publish","format-standard","has-post-thumbnail","hentry","category-homepage-french","category-politique","category-toutes-les-actualites","tag-africa-press","tag-africa-press-niger","tag-niger"],"yoast_head":"<!-- This site is optimized with the Yoast SEO Premium plugin v26.1 (Yoast SEO v27.0) - https:\/\/yoast.com\/product\/yoast-seo-premium-wordpress\/ -->\n<title>100 jours \u00e0 la t\u00eate du Niger : Le Pr\u00e9sident Bazoum r\u00e9pond \u00e0 la presse nig\u00e9rienne sur l\u2019\u00e9tat du pays - niger<\/title>\n<meta name=\"description\" content=\"Le Pr\u00e9sident de la R\u00e9publique du Niger, M. Mohamed Bazoum a accord\u00e9 une interview ax\u00e9e sur l\u2019\u00e9tat du pays \u00e0 l\u2019occasion d ...\" \/>\n<meta name=\"robots\" content=\"index, follow, max-snippet:-1, max-image-preview:large, max-video-preview:-1\" \/>\n<link rel=\"canonical\" href=\"https:\/\/www.africa-press.net\/niger\/politique\/100-jours-a-la-tete-du-niger-le-president-bazoum-repond-a-la-presse-nigerienne-sur-letat-du-pays\" \/>\n<meta property=\"og:locale\" content=\"fr_FR\" \/>\n<meta property=\"og:type\" content=\"article\" \/>\n<meta property=\"og:title\" content=\"100 jours \u00e0 la t\u00eate du Niger : Le Pr\u00e9sident Bazoum r\u00e9pond \u00e0 la presse nig\u00e9rienne sur l\u2019\u00e9tat du pays\" \/>\n<meta property=\"og:description\" content=\"Le Pr\u00e9sident de la R\u00e9publique du Niger, M. Mohamed Bazoum a accord\u00e9 une interview ax\u00e9e sur l\u2019\u00e9tat du pays \u00e0 l\u2019occasion d ...\" \/>\n<meta property=\"og:url\" content=\"https:\/\/www.africa-press.net\/niger\/politique\/100-jours-a-la-tete-du-niger-le-president-bazoum-repond-a-la-presse-nigerienne-sur-letat-du-pays\" \/>\n<meta property=\"og:site_name\" content=\"niger\" \/>\n<meta property=\"article:published_time\" content=\"2021-07-14T14:55:28+00:00\" \/>\n<meta property=\"article:modified_time\" content=\"2021-07-14T16:32:43+00:00\" \/>\n<meta property=\"og:image\" content=\"https:\/\/static.africa-press.net\/niger\/sites\/40\/2021\/07\/img-60eee10878b69.jpg\" \/>\n\t<meta property=\"og:image:width\" content=\"960\" \/>\n\t<meta property=\"og:image:height\" content=\"540\" \/>\n\t<meta property=\"og:image:type\" content=\"image\/jpeg\" \/>\n<meta name=\"author\" content=\"cfeditorfr\" \/>\n<meta name=\"twitter:card\" content=\"summary_large_image\" \/>\n<meta name=\"twitter:label1\" content=\"\u00c9crit par\" \/>\n\t<meta name=\"twitter:data1\" content=\"cfeditorfr\" \/>\n\t<meta name=\"twitter:label2\" content=\"Dur\u00e9e de lecture estim\u00e9e\" \/>\n\t<meta name=\"twitter:data2\" content=\"2 minutes\" \/>\n<script type=\"application\/ld+json\" class=\"yoast-schema-graph\">{\"@context\":\"https:\/\/schema.org\",\"@graph\":[{\"@type\":\"Article\",\"@id\":\"https:\/\/www.africa-press.net\/niger\/politique\/100-jours-a-la-tete-du-niger-le-president-bazoum-repond-a-la-presse-nigerienne-sur-letat-du-pays#article\",\"isPartOf\":{\"@id\":\"https:\/\/www.africa-press.net\/niger\/politique\/100-jours-a-la-tete-du-niger-le-president-bazoum-repond-a-la-presse-nigerienne-sur-letat-du-pays\"},\"author\":{\"name\":\"cfeditorfr\",\"@id\":\"https:\/\/www.africa-press.net\/niger\/#\/schema\/person\/2b1cf3cd81a31e3cd26889ca66d677f1\"},\"headline\":\"100 jours \u00e0 la t\u00eate du Niger : Le Pr\u00e9sident Bazoum r\u00e9pond \u00e0 la presse nig\u00e9rienne sur l\u2019\u00e9tat du pays\",\"datePublished\":\"2021-07-14T14:55:28+00:00\",\"dateModified\":\"2021-07-14T16:32:43+00:00\",\"mainEntityOfPage\":{\"@id\":\"https:\/\/www.africa-press.net\/niger\/politique\/100-jours-a-la-tete-du-niger-le-president-bazoum-repond-a-la-presse-nigerienne-sur-letat-du-pays\"},\"wordCount\":445,\"commentCount\":0,\"image\":{\"@id\":\"https:\/\/www.africa-press.net\/niger\/politique\/100-jours-a-la-tete-du-niger-le-president-bazoum-repond-a-la-presse-nigerienne-sur-letat-du-pays#primaryimage\"},\"thumbnailUrl\":\"https:\/\/static.africa-press.net\/niger\/sites\/40\/2021\/07\/img-60eee10878b69.jpg\",\"keywords\":[\"Africa Press\",\"Africa Press-Niger\",\"Niger\"],\"articleSection\":[\"homepage-french\",\"Politique\",\"Toutes les actualit\u00e9s\"],\"inLanguage\":\"fr-FR\",\"potentialAction\":[{\"@type\":\"CommentAction\",\"name\":\"Comment\",\"target\":[\"https:\/\/www.africa-press.net\/niger\/politique\/100-jours-a-la-tete-du-niger-le-president-bazoum-repond-a-la-presse-nigerienne-sur-letat-du-pays#respond\"]}]},{\"@type\":\"WebPage\",\"@id\":\"https:\/\/www.africa-press.net\/niger\/politique\/100-jours-a-la-tete-du-niger-le-president-bazoum-repond-a-la-presse-nigerienne-sur-letat-du-pays\",\"url\":\"https:\/\/www.africa-press.net\/niger\/politique\/100-jours-a-la-tete-du-niger-le-president-bazoum-repond-a-la-presse-nigerienne-sur-letat-du-pays\",\"name\":\"100 jours \u00e0 la t\u00eate du Niger : Le Pr\u00e9sident Bazoum r\u00e9pond \u00e0 la presse nig\u00e9rienne sur l\u2019\u00e9tat du pays - niger\",\"isPartOf\":{\"@id\":\"https:\/\/www.africa-press.net\/niger\/#website\"},\"primaryImageOfPage\":{\"@id\":\"https:\/\/www.africa-press.net\/niger\/politique\/100-jours-a-la-tete-du-niger-le-president-bazoum-repond-a-la-presse-nigerienne-sur-letat-du-pays#primaryimage\"},\"image\":{\"@id\":\"https:\/\/www.africa-press.net\/niger\/politique\/100-jours-a-la-tete-du-niger-le-president-bazoum-repond-a-la-presse-nigerienne-sur-letat-du-pays#primaryimage\"},\"thumbnailUrl\":\"https:\/\/static.africa-press.net\/niger\/sites\/40\/2021\/07\/img-60eee10878b69.jpg\",\"datePublished\":\"2021-07-14T14:55:28+00:00\",\"dateModified\":\"2021-07-14T16:32:43+00:00\",\"author\":{\"@id\":\"https:\/\/www.africa-press.net\/niger\/#\/schema\/person\/2b1cf3cd81a31e3cd26889ca66d677f1\"},\"description\":\"Le Pr\u00e9sident de la R\u00e9publique du Niger, M. Mohamed Bazoum a accord\u00e9 une interview ax\u00e9e sur l\u2019\u00e9tat du pays \u00e0 l\u2019occasion d ...\",\"breadcrumb\":{\"@id\":\"https:\/\/www.africa-press.net\/niger\/politique\/100-jours-a-la-tete-du-niger-le-president-bazoum-repond-a-la-presse-nigerienne-sur-letat-du-pays#breadcrumb\"},\"inLanguage\":\"fr-FR\",\"potentialAction\":[{\"@type\":\"ReadAction\",\"target\":[\"https:\/\/www.africa-press.net\/niger\/politique\/100-jours-a-la-tete-du-niger-le-president-bazoum-repond-a-la-presse-nigerienne-sur-letat-du-pays\"]}]},{\"@type\":\"ImageObject\",\"inLanguage\":\"fr-FR\",\"@id\":\"https:\/\/www.africa-press.net\/niger\/politique\/100-jours-a-la-tete-du-niger-le-president-bazoum-repond-a-la-presse-nigerienne-sur-letat-du-pays#primaryimage\",\"url\":\"https:\/\/static.africa-press.net\/niger\/sites\/40\/2021\/07\/img-60eee10878b69.jpg\",\"contentUrl\":\"https:\/\/static.africa-press.net\/niger\/sites\/40\/2021\/07\/img-60eee10878b69.jpg\",\"width\":960,\"height\":540,\"caption\":\"100 jours \u00e0 la t\u00eate du Niger : Le Pr\u00e9sident Bazoum r\u00e9pond \u00e0 la presse nig\u00e9rienne sur l\u2019\u00e9tat du pays\"},{\"@type\":\"BreadcrumbList\",\"@id\":\"https:\/\/www.africa-press.net\/niger\/politique\/100-jours-a-la-tete-du-niger-le-president-bazoum-repond-a-la-presse-nigerienne-sur-letat-du-pays#breadcrumb\",\"itemListElement\":[{\"@type\":\"ListItem\",\"position\":1,\"name\":\"Accueil\",\"item\":\"https:\/\/www.africa-press.net\/niger\/\"},{\"@type\":\"ListItem\",\"position\":2,\"name\":\"100 jours \u00e0 la t\u00eate du Niger : Le Pr\u00e9sident Bazoum r\u00e9pond \u00e0 la presse nig\u00e9rienne sur l\u2019\u00e9tat du pays\"}]},{\"@type\":\"WebSite\",\"@id\":\"https:\/\/www.africa-press.net\/niger\/#website\",\"url\":\"https:\/\/www.africa-press.net\/niger\/\",\"name\":\"niger\",\"description\":\"Just another Africa News Agency Sites site\",\"potentialAction\":[{\"@type\":\"SearchAction\",\"target\":{\"@type\":\"EntryPoint\",\"urlTemplate\":\"https:\/\/www.africa-press.net\/niger\/?s={search_term_string}\"},\"query-input\":{\"@type\":\"PropertyValueSpecification\",\"valueRequired\":true,\"valueName\":\"search_term_string\"}}],\"inLanguage\":\"fr-FR\"},{\"@type\":\"Person\",\"@id\":\"https:\/\/www.africa-press.net\/niger\/#\/schema\/person\/2b1cf3cd81a31e3cd26889ca66d677f1\",\"name\":\"cfeditorfr\"}]}<\/script>\n<!-- \/ Yoast SEO Premium plugin. -->","yoast_head_json":{"title":"100 jours \u00e0 la t\u00eate du Niger : Le Pr\u00e9sident Bazoum r\u00e9pond \u00e0 la presse nig\u00e9rienne sur l\u2019\u00e9tat du pays - niger","description":"Le Pr\u00e9sident de la R\u00e9publique du Niger, M. Mohamed Bazoum a accord\u00e9 une interview ax\u00e9e sur l\u2019\u00e9tat du pays \u00e0 l\u2019occasion d ...","robots":{"index":"index","follow":"follow","max-snippet":"max-snippet:-1","max-image-preview":"max-image-preview:large","max-video-preview":"max-video-preview:-1"},"canonical":"https:\/\/www.africa-press.net\/niger\/politique\/100-jours-a-la-tete-du-niger-le-president-bazoum-repond-a-la-presse-nigerienne-sur-letat-du-pays","og_locale":"fr_FR","og_type":"article","og_title":"100 jours \u00e0 la t\u00eate du Niger : Le Pr\u00e9sident Bazoum r\u00e9pond \u00e0 la presse nig\u00e9rienne sur l\u2019\u00e9tat du pays","og_description":"Le Pr\u00e9sident de la R\u00e9publique du Niger, M. Mohamed Bazoum a accord\u00e9 une interview ax\u00e9e sur l\u2019\u00e9tat du pays \u00e0 l\u2019occasion d ...","og_url":"https:\/\/www.africa-press.net\/niger\/politique\/100-jours-a-la-tete-du-niger-le-president-bazoum-repond-a-la-presse-nigerienne-sur-letat-du-pays","og_site_name":"niger","article_published_time":"2021-07-14T14:55:28+00:00","article_modified_time":"2021-07-14T16:32:43+00:00","og_image":[{"width":960,"height":540,"url":"https:\/\/static.africa-press.net\/niger\/sites\/40\/2021\/07\/img-60eee10878b69.jpg","type":"image\/jpeg"}],"author":"cfeditorfr","twitter_card":"summary_large_image","twitter_misc":{"\u00c9crit par":"cfeditorfr","Dur\u00e9e de lecture estim\u00e9e":"2 minutes"},"schema":{"@context":"https:\/\/schema.org","@graph":[{"@type":"Article","@id":"https:\/\/www.africa-press.net\/niger\/politique\/100-jours-a-la-tete-du-niger-le-president-bazoum-repond-a-la-presse-nigerienne-sur-letat-du-pays#article","isPartOf":{"@id":"https:\/\/www.africa-press.net\/niger\/politique\/100-jours-a-la-tete-du-niger-le-president-bazoum-repond-a-la-presse-nigerienne-sur-letat-du-pays"},"author":{"name":"cfeditorfr","@id":"https:\/\/www.africa-press.net\/niger\/#\/schema\/person\/2b1cf3cd81a31e3cd26889ca66d677f1"},"headline":"100 jours \u00e0 la t\u00eate du Niger : Le Pr\u00e9sident Bazoum r\u00e9pond \u00e0 la presse nig\u00e9rienne sur l\u2019\u00e9tat du pays","datePublished":"2021-07-14T14:55:28+00:00","dateModified":"2021-07-14T16:32:43+00:00","mainEntityOfPage":{"@id":"https:\/\/www.africa-press.net\/niger\/politique\/100-jours-a-la-tete-du-niger-le-president-bazoum-repond-a-la-presse-nigerienne-sur-letat-du-pays"},"wordCount":445,"commentCount":0,"image":{"@id":"https:\/\/www.africa-press.net\/niger\/politique\/100-jours-a-la-tete-du-niger-le-president-bazoum-repond-a-la-presse-nigerienne-sur-letat-du-pays#primaryimage"},"thumbnailUrl":"https:\/\/static.africa-press.net\/niger\/sites\/40\/2021\/07\/img-60eee10878b69.jpg","keywords":["Africa Press","Africa Press-Niger","Niger"],"articleSection":["homepage-french","Politique","Toutes les actualit\u00e9s"],"inLanguage":"fr-FR","potentialAction":[{"@type":"CommentAction","name":"Comment","target":["https:\/\/www.africa-press.net\/niger\/politique\/100-jours-a-la-tete-du-niger-le-president-bazoum-repond-a-la-presse-nigerienne-sur-letat-du-pays#respond"]}]},{"@type":"WebPage","@id":"https:\/\/www.africa-press.net\/niger\/politique\/100-jours-a-la-tete-du-niger-le-president-bazoum-repond-a-la-presse-nigerienne-sur-letat-du-pays","url":"https:\/\/www.africa-press.net\/niger\/politique\/100-jours-a-la-tete-du-niger-le-president-bazoum-repond-a-la-presse-nigerienne-sur-letat-du-pays","name":"100 jours \u00e0 la t\u00eate du Niger : Le Pr\u00e9sident Bazoum r\u00e9pond \u00e0 la presse nig\u00e9rienne sur l\u2019\u00e9tat du pays - niger","isPartOf":{"@id":"https:\/\/www.africa-press.net\/niger\/#website"},"primaryImageOfPage":{"@id":"https:\/\/www.africa-press.net\/niger\/politique\/100-jours-a-la-tete-du-niger-le-president-bazoum-repond-a-la-presse-nigerienne-sur-letat-du-pays#primaryimage"},"image":{"@id":"https:\/\/www.africa-press.net\/niger\/politique\/100-jours-a-la-tete-du-niger-le-president-bazoum-repond-a-la-presse-nigerienne-sur-letat-du-pays#primaryimage"},"thumbnailUrl":"https:\/\/static.africa-press.net\/niger\/sites\/40\/2021\/07\/img-60eee10878b69.jpg","datePublished":"2021-07-14T14:55:28+00:00","dateModified":"2021-07-14T16:32:43+00:00","author":{"@id":"https:\/\/www.africa-press.net\/niger\/#\/schema\/person\/2b1cf3cd81a31e3cd26889ca66d677f1"},"description":"Le Pr\u00e9sident de la R\u00e9publique du Niger, M. Mohamed Bazoum a accord\u00e9 une interview ax\u00e9e sur l\u2019\u00e9tat du pays \u00e0 l\u2019occasion d ...","breadcrumb":{"@id":"https:\/\/www.africa-press.net\/niger\/politique\/100-jours-a-la-tete-du-niger-le-president-bazoum-repond-a-la-presse-nigerienne-sur-letat-du-pays#breadcrumb"},"inLanguage":"fr-FR","potentialAction":[{"@type":"ReadAction","target":["https:\/\/www.africa-press.net\/niger\/politique\/100-jours-a-la-tete-du-niger-le-president-bazoum-repond-a-la-presse-nigerienne-sur-letat-du-pays"]}]},{"@type":"ImageObject","inLanguage":"fr-FR","@id":"https:\/\/www.africa-press.net\/niger\/politique\/100-jours-a-la-tete-du-niger-le-president-bazoum-repond-a-la-presse-nigerienne-sur-letat-du-pays#primaryimage","url":"https:\/\/static.africa-press.net\/niger\/sites\/40\/2021\/07\/img-60eee10878b69.jpg","contentUrl":"https:\/\/static.africa-press.net\/niger\/sites\/40\/2021\/07\/img-60eee10878b69.jpg","width":960,"height":540,"caption":"100 jours \u00e0 la t\u00eate du Niger : Le Pr\u00e9sident Bazoum r\u00e9pond \u00e0 la presse nig\u00e9rienne sur l\u2019\u00e9tat du pays"},{"@type":"BreadcrumbList","@id":"https:\/\/www.africa-press.net\/niger\/politique\/100-jours-a-la-tete-du-niger-le-president-bazoum-repond-a-la-presse-nigerienne-sur-letat-du-pays#breadcrumb","itemListElement":[{"@type":"ListItem","position":1,"name":"Accueil","item":"https:\/\/www.africa-press.net\/niger\/"},{"@type":"ListItem","position":2,"name":"100 jours \u00e0 la t\u00eate du Niger : Le Pr\u00e9sident Bazoum r\u00e9pond \u00e0 la presse nig\u00e9rienne sur l\u2019\u00e9tat du pays"}]},{"@type":"WebSite","@id":"https:\/\/www.africa-press.net\/niger\/#website","url":"https:\/\/www.africa-press.net\/niger\/","name":"niger","description":"Just another Africa News Agency Sites site","potentialAction":[{"@type":"SearchAction","target":{"@type":"EntryPoint","urlTemplate":"https:\/\/www.africa-press.net\/niger\/?s={search_term_string}"},"query-input":{"@type":"PropertyValueSpecification","valueRequired":true,"valueName":"search_term_string"}}],"inLanguage":"fr-FR"},{"@type":"Person","@id":"https:\/\/www.africa-press.net\/niger\/#\/schema\/person\/2b1cf3cd81a31e3cd26889ca66d677f1","name":"cfeditorfr"}]}},"_links":{"self":[{"href":"https:\/\/www.africa-press.net\/niger\/wp-json\/wp\/v2\/posts\/8673","targetHints":{"allow":["GET"]}}],"collection":[{"href":"https:\/\/www.africa-press.net\/niger\/wp-json\/wp\/v2\/posts"}],"about":[{"href":"https:\/\/www.africa-press.net\/niger\/wp-json\/wp\/v2\/types\/post"}],"author":[{"embeddable":true,"href":"https:\/\/www.africa-press.net\/niger\/wp-json\/wp\/v2\/users\/82"}],"replies":[{"embeddable":true,"href":"https:\/\/www.africa-press.net\/niger\/wp-json\/wp\/v2\/comments?post=8673"}],"version-history":[{"count":0,"href":"https:\/\/www.africa-press.net\/niger\/wp-json\/wp\/v2\/posts\/8673\/revisions"}],"wp:featuredmedia":[{"embeddable":true,"href":"https:\/\/www.africa-press.net\/niger\/wp-json\/wp\/v2\/media\/8672"}],"wp:attachment":[{"href":"https:\/\/www.africa-press.net\/niger\/wp-json\/wp\/v2\/media?parent=8673"}],"wp:term":[{"taxonomy":"category","embeddable":true,"href":"https:\/\/www.africa-press.net\/niger\/wp-json\/wp\/v2\/categories?post=8673"},{"taxonomy":"post_tag","embeddable":true,"href":"https:\/\/www.africa-press.net\/niger\/wp-json\/wp\/v2\/tags?post=8673"}],"curies":[{"name":"wp","href":"https:\/\/api.w.org\/{rel}","templated":true}]}}