{"id":8676,"date":"2021-07-14T15:01:09","date_gmt":"2021-07-14T15:01:09","guid":{"rendered":"https:\/\/www.africa-press.net\/niger\/?p=8676"},"modified":"2021-07-14T16:32:54","modified_gmt":"2021-07-14T16:32:54","slug":"niger-ouverture-dun-atelier-de-formulation-du-plan-de-developpement-economique-et-social-2022-2026","status":"publish","type":"post","link":"https:\/\/www.africa-press.net\/niger\/economie\/niger-ouverture-dun-atelier-de-formulation-du-plan-de-developpement-economique-et-social-2022-2026","title":{"rendered":"Ouverture d\u2019un atelier de formulation du Plan de D\u00e9veloppement Economique et Social 2022-2026"},"content":{"rendered":"<p><span style=\"color: #ff6600\"><strong><a href=\"https:\/\/www.africa-press.net\/\">Africa-Press<\/a> &#8211; <a href=\"https:\/\/www.africa-press.net\/niger\">Niger<\/a>.<\/strong><\/span>\u00a0Un atelier national de lancement du processus d\u2019\u00e9laboration du Plan de D\u00e9veloppement Economique et Social du Niger (PDES 2022-2026) s\u2019est ouvert le lundi 12 juillet 2021 \u00e0 Niamey.<\/p>\n<p>L\u2019objectif de cette rencontre organis\u00e9e par le Minist\u00e8re du Plan vise \u00e0 rendre op\u00e9rationnels la D\u00e9claration de Politique G\u00e9n\u00e9rale du Gouvernement (DPG) et le Programme de Renaissance Acte 3.<\/p>\n<p>Le nouveau plan de d\u00e9veloppement du Niger consolide les actions engag\u00e9es dans le cadre du PDES 2017-2021 sur diff\u00e9rents aspects et s\u2019inscrit dans la poursuite des Objectifs de D\u00e9veloppement Durable (ODD) de l\u2019ONU, de l\u2019Agenda 2063 de l\u2019Union Africaine et les autres engagements internationaux auxquels le Niger a souscrits.<\/p>\n<p>Selon le Ministre du Plan, M. Abdou Rabiou, pour conduire le processus de formulation du PDES 2022-2026, une Note d\u2019orientation a \u00e9t\u00e9 \u00e9labor\u00e9e, enrichie par les diff\u00e9rentes instances et examin\u00e9e par le Gouvernement le 5 juillet 2021. Cette note pr\u00e9cise la m\u00e9thodologie qui sera utilis\u00e9e tout au long du processus.<\/p>\n<p>M. Abdou Rabiou a ensuite annonc\u00e9 que la formulation du PDES 2022-2026 s\u2019articule autour de cinq principales phases, notamment la r\u00e9alisation d\u2019un diagnostic strat\u00e9gique (th\u00e9matique, sectoriel et r\u00e9gional) ; la d\u00e9finition des orientations g\u00e9n\u00e9rales et sectorielles ; l\u2019\u00e9laboration du Plan d\u2019Actions Prioritaires (PAP); la r\u00e9daction du PDES 2022-2026 et l\u2019adoption et la vulgarisation du PDES.<\/p>\n<p>Avant de faire savoir que les autorit\u00e9s voudraient disposer, d\u2019ici la fin de l\u2019ann\u00e9e 2021, de ce cadre strat\u00e9gique sur lequel reposera l\u2019action gouvernementale, le Ministre du Plan a inform\u00e9 que ces phases sus-\u00e9num\u00e9r\u00e9es ont \u00e9t\u00e9 pr\u00e9c\u00e9d\u00e9es d\u2019une phase pr\u00e9paratoire et chacune d\u2019entre elles est d\u00e9clin\u00e9e en plusieurs \u00e9tapes.<\/p>\n<p>Ainsi, a-t-il expliqu\u00e9, le Niger s\u2019est dot\u00e9 d\u2019une Strat\u00e9gie de D\u00e9veloppement Durable et de Croissance Inclusive (SDDCI) Niger 2035, dont le PDES 2017-2021 est la premi\u00e8re d\u00e9clinaison. \u00ab Cette option traduit incontestablement la volont\u00e9 du Gouvernement de concilier les imp\u00e9ratifs de la gestion \u00e9conomique et financi\u00e8re ax\u00e9e sur la recherche des solutions aux pr\u00e9occupations de court terme, avec ceux d\u2019une d\u00e9finition des strat\u00e9gies coh\u00e9rentes de d\u00e9veloppement \u00e0 long terme, mieux aptes \u00e0 valoriser les ressources naturelles et humaines pour assurer l\u2019\u00e9panouissement des g\u00e9n\u00e9rations pr\u00e9sentes et futures \u00bb.<\/p>\n<p>Pr\u00e9sent \u00e0 cette rencontre, le Repr\u00e9sentant de la Coordinatrice r\u00e9sidente du Syst\u00e8me des Nations Unies au Niger, M. Attaher Maiga, a rappel\u00e9 que depuis l\u2019adoption de l\u2019Agenda 2030 en 2015, le Niger s\u2019est appropri\u00e9 l\u2019ensemble des Objectifs de D\u00e9veloppement Durable \u00e0 travers le Plan de D\u00e9veloppement Economique et Social 2017-2021, premi\u00e8re d\u00e9clinaison quinquennale de la vision pour le Niger \u00e0 l\u2019horizon 2035 articul\u00e9e dans la Strat\u00e9gie de D\u00e9veloppement Durable et de Croissance Inclusive (SDDCI).<\/p>\n<p>Pour le repr\u00e9sentant onusien, le PDES traduit l\u2019ambition du Niger d\u2019acc\u00e9l\u00e9rer les transformations structurelles permettant l\u2019am\u00e9lioration du bien-\u00eatre des populations, la consolidation de la s\u00e9curit\u00e9 et de la paix, la progression vers une soci\u00e9t\u00e9 plus juste et plus \u00e9quitable et le renforcement de l\u2019Etat de droit.<\/p>\n<p>\u00ab Le PDES du Niger est une formidable opportunit\u00e9 de r\u00e9engager le partenariat avec l\u2019ensemble des partenaires externes et internes et repenser la coordination sectorielle \u00bb, a-t-il d\u00e9clar\u00e9 avant de souligner que les axes du nouveau Plan permettront de maximiser l\u2019impact des ressources par un dialogue rapproch\u00e9 avec les partenaires techniques et financiers dans une perspective d\u2019un d\u00e9veloppement durable et inclusif au Niger au b\u00e9n\u00e9fice des populations.<\/p>\n<p>Cette rencontre qui durera deux jours a \u00e9galement enregistr\u00e9 la pr\u00e9sence de la Repr\u00e9sentante de la Banque Mondiale au Niger, Mme Jo\u00eblle Dehasse, et de plusieurs autres partenaires techniques et financiers du Niger.<\/p>\n<p>&nbsp;<\/p>\n","protected":false},"excerpt":{"rendered":"<p>Africa-Press &#8211; Niger.\u00a0Un atelier national de lancement du processus d\u2019\u00e9laboration du Plan de D\u00e9veloppement Economique et Social du Niger (PDES 2022-2026) s\u2019est ouvert le lundi 12 juillet 2021 \u00e0 Niamey. L\u2019objectif de cette rencontre organis\u00e9e par le Minist\u00e8re du Plan vise \u00e0 rendre op\u00e9rationnels la D\u00e9claration de Politique G\u00e9n\u00e9rale du Gouvernement (DPG) et le Programme [&hellip;]<\/p>\n","protected":false},"author":82,"featured_media":8675,"comment_status":"open","ping_status":"closed","sticky":false,"template":"","format":"standard","meta":{"footnotes":""},"categories":[3,11,10],"tags":[55,60,29],"class_list":["post-8676","post","type-post","status-publish","format-standard","has-post-thumbnail","hentry","category-economie","category-homepage-french","category-toutes-les-actualites","tag-africa-press","tag-africa-press-niger","tag-niger"],"yoast_head":"<!-- This site is optimized with the Yoast SEO Premium plugin v26.1 (Yoast SEO v27.0) - https:\/\/yoast.com\/product\/yoast-seo-premium-wordpress\/ -->\n<title>Ouverture d\u2019un atelier de formulation du Plan de D\u00e9veloppement Economique et Social 2022-2026 - niger<\/title>\n<meta name=\"description\" content=\", 13 Juillet (ANP) - Un atelier national de lancement du processus d\u2019\u00e9laboration du Plan de D\u00e9veloppement Economique et ...\" \/>\n<meta name=\"robots\" content=\"index, follow, max-snippet:-1, max-image-preview:large, max-video-preview:-1\" \/>\n<link rel=\"canonical\" href=\"https:\/\/www.africa-press.net\/niger\/economie\/niger-ouverture-dun-atelier-de-formulation-du-plan-de-developpement-economique-et-social-2022-2026\" \/>\n<meta property=\"og:locale\" content=\"fr_FR\" \/>\n<meta property=\"og:type\" content=\"article\" \/>\n<meta property=\"og:title\" content=\"Ouverture d\u2019un atelier de formulation du Plan de D\u00e9veloppement Economique et Social 2022-2026\" \/>\n<meta property=\"og:description\" content=\", 13 Juillet (ANP) - Un atelier national de lancement du processus d\u2019\u00e9laboration du Plan de D\u00e9veloppement Economique et ...\" \/>\n<meta property=\"og:url\" content=\"https:\/\/www.africa-press.net\/niger\/economie\/niger-ouverture-dun-atelier-de-formulation-du-plan-de-developpement-economique-et-social-2022-2026\" \/>\n<meta property=\"og:site_name\" content=\"niger\" \/>\n<meta property=\"article:published_time\" content=\"2021-07-14T15:01:09+00:00\" \/>\n<meta property=\"article:modified_time\" content=\"2021-07-14T16:32:54+00:00\" \/>\n<meta property=\"og:image\" content=\"https:\/\/static.africa-press.net\/niger\/sites\/40\/2021\/07\/img-60eee132c5ff3.jpg\" \/>\n\t<meta property=\"og:image:width\" content=\"720\" \/>\n\t<meta property=\"og:image:height\" content=\"387\" \/>\n\t<meta property=\"og:image:type\" content=\"image\/jpeg\" \/>\n<meta name=\"author\" content=\"cfeditorfr\" \/>\n<meta name=\"twitter:card\" content=\"summary_large_image\" \/>\n<meta name=\"twitter:label1\" content=\"\u00c9crit par\" \/>\n\t<meta name=\"twitter:data1\" content=\"cfeditorfr\" \/>\n\t<meta name=\"twitter:label2\" content=\"Dur\u00e9e de lecture estim\u00e9e\" \/>\n\t<meta name=\"twitter:data2\" content=\"3 minutes\" \/>\n<script type=\"application\/ld+json\" class=\"yoast-schema-graph\">{\"@context\":\"https:\/\/schema.org\",\"@graph\":[{\"@type\":\"Article\",\"@id\":\"https:\/\/www.africa-press.net\/niger\/economie\/niger-ouverture-dun-atelier-de-formulation-du-plan-de-developpement-economique-et-social-2022-2026#article\",\"isPartOf\":{\"@id\":\"https:\/\/www.africa-press.net\/niger\/economie\/niger-ouverture-dun-atelier-de-formulation-du-plan-de-developpement-economique-et-social-2022-2026\"},\"author\":{\"name\":\"cfeditorfr\",\"@id\":\"https:\/\/www.africa-press.net\/niger\/#\/schema\/person\/2b1cf3cd81a31e3cd26889ca66d677f1\"},\"headline\":\"Ouverture d\u2019un atelier de formulation du Plan de D\u00e9veloppement Economique et Social 2022-2026\",\"datePublished\":\"2021-07-14T15:01:09+00:00\",\"dateModified\":\"2021-07-14T16:32:54+00:00\",\"mainEntityOfPage\":{\"@id\":\"https:\/\/www.africa-press.net\/niger\/economie\/niger-ouverture-dun-atelier-de-formulation-du-plan-de-developpement-economique-et-social-2022-2026\"},\"wordCount\":674,\"commentCount\":0,\"image\":{\"@id\":\"https:\/\/www.africa-press.net\/niger\/economie\/niger-ouverture-dun-atelier-de-formulation-du-plan-de-developpement-economique-et-social-2022-2026#primaryimage\"},\"thumbnailUrl\":\"https:\/\/static.africa-press.net\/niger\/sites\/40\/2021\/07\/img-60eee132c5ff3.jpg\",\"keywords\":[\"Africa Press\",\"Africa Press-Niger\",\"Niger\"],\"articleSection\":[\"\u00c9conomie\",\"homepage-french\",\"Toutes les actualit\u00e9s\"],\"inLanguage\":\"fr-FR\",\"potentialAction\":[{\"@type\":\"CommentAction\",\"name\":\"Comment\",\"target\":[\"https:\/\/www.africa-press.net\/niger\/economie\/niger-ouverture-dun-atelier-de-formulation-du-plan-de-developpement-economique-et-social-2022-2026#respond\"]}]},{\"@type\":\"WebPage\",\"@id\":\"https:\/\/www.africa-press.net\/niger\/economie\/niger-ouverture-dun-atelier-de-formulation-du-plan-de-developpement-economique-et-social-2022-2026\",\"url\":\"https:\/\/www.africa-press.net\/niger\/economie\/niger-ouverture-dun-atelier-de-formulation-du-plan-de-developpement-economique-et-social-2022-2026\",\"name\":\"Ouverture d\u2019un atelier de formulation du Plan de D\u00e9veloppement Economique et Social 2022-2026 - niger\",\"isPartOf\":{\"@id\":\"https:\/\/www.africa-press.net\/niger\/#website\"},\"primaryImageOfPage\":{\"@id\":\"https:\/\/www.africa-press.net\/niger\/economie\/niger-ouverture-dun-atelier-de-formulation-du-plan-de-developpement-economique-et-social-2022-2026#primaryimage\"},\"image\":{\"@id\":\"https:\/\/www.africa-press.net\/niger\/economie\/niger-ouverture-dun-atelier-de-formulation-du-plan-de-developpement-economique-et-social-2022-2026#primaryimage\"},\"thumbnailUrl\":\"https:\/\/static.africa-press.net\/niger\/sites\/40\/2021\/07\/img-60eee132c5ff3.jpg\",\"datePublished\":\"2021-07-14T15:01:09+00:00\",\"dateModified\":\"2021-07-14T16:32:54+00:00\",\"author\":{\"@id\":\"https:\/\/www.africa-press.net\/niger\/#\/schema\/person\/2b1cf3cd81a31e3cd26889ca66d677f1\"},\"description\":\", 13 Juillet (ANP) - Un atelier national de lancement du processus d\u2019\u00e9laboration du Plan de D\u00e9veloppement Economique et ...\",\"breadcrumb\":{\"@id\":\"https:\/\/www.africa-press.net\/niger\/economie\/niger-ouverture-dun-atelier-de-formulation-du-plan-de-developpement-economique-et-social-2022-2026#breadcrumb\"},\"inLanguage\":\"fr-FR\",\"potentialAction\":[{\"@type\":\"ReadAction\",\"target\":[\"https:\/\/www.africa-press.net\/niger\/economie\/niger-ouverture-dun-atelier-de-formulation-du-plan-de-developpement-economique-et-social-2022-2026\"]}]},{\"@type\":\"ImageObject\",\"inLanguage\":\"fr-FR\",\"@id\":\"https:\/\/www.africa-press.net\/niger\/economie\/niger-ouverture-dun-atelier-de-formulation-du-plan-de-developpement-economique-et-social-2022-2026#primaryimage\",\"url\":\"https:\/\/static.africa-press.net\/niger\/sites\/40\/2021\/07\/img-60eee132c5ff3.jpg\",\"contentUrl\":\"https:\/\/static.africa-press.net\/niger\/sites\/40\/2021\/07\/img-60eee132c5ff3.jpg\",\"width\":720,\"height\":387,\"caption\":\"Niger\u00a0: Ouverture d\u2019un atelier de formulation du Plan de D\u00e9veloppement Economique et Social 2022-2026\"},{\"@type\":\"BreadcrumbList\",\"@id\":\"https:\/\/www.africa-press.net\/niger\/economie\/niger-ouverture-dun-atelier-de-formulation-du-plan-de-developpement-economique-et-social-2022-2026#breadcrumb\",\"itemListElement\":[{\"@type\":\"ListItem\",\"position\":1,\"name\":\"Accueil\",\"item\":\"https:\/\/www.africa-press.net\/niger\/\"},{\"@type\":\"ListItem\",\"position\":2,\"name\":\"Ouverture d\u2019un atelier de formulation du Plan de D\u00e9veloppement Economique et Social 2022-2026\"}]},{\"@type\":\"WebSite\",\"@id\":\"https:\/\/www.africa-press.net\/niger\/#website\",\"url\":\"https:\/\/www.africa-press.net\/niger\/\",\"name\":\"niger\",\"description\":\"Just another Africa News Agency Sites site\",\"potentialAction\":[{\"@type\":\"SearchAction\",\"target\":{\"@type\":\"EntryPoint\",\"urlTemplate\":\"https:\/\/www.africa-press.net\/niger\/?s={search_term_string}\"},\"query-input\":{\"@type\":\"PropertyValueSpecification\",\"valueRequired\":true,\"valueName\":\"search_term_string\"}}],\"inLanguage\":\"fr-FR\"},{\"@type\":\"Person\",\"@id\":\"https:\/\/www.africa-press.net\/niger\/#\/schema\/person\/2b1cf3cd81a31e3cd26889ca66d677f1\",\"name\":\"cfeditorfr\"}]}<\/script>\n<!-- \/ Yoast SEO Premium plugin. -->","yoast_head_json":{"title":"Ouverture d\u2019un atelier de formulation du Plan de D\u00e9veloppement Economique et Social 2022-2026 - niger","description":", 13 Juillet (ANP) - Un atelier national de lancement du processus d\u2019\u00e9laboration du Plan de D\u00e9veloppement Economique et ...","robots":{"index":"index","follow":"follow","max-snippet":"max-snippet:-1","max-image-preview":"max-image-preview:large","max-video-preview":"max-video-preview:-1"},"canonical":"https:\/\/www.africa-press.net\/niger\/economie\/niger-ouverture-dun-atelier-de-formulation-du-plan-de-developpement-economique-et-social-2022-2026","og_locale":"fr_FR","og_type":"article","og_title":"Ouverture d\u2019un atelier de formulation du Plan de D\u00e9veloppement Economique et Social 2022-2026","og_description":", 13 Juillet (ANP) - Un atelier national de lancement du processus d\u2019\u00e9laboration du Plan de D\u00e9veloppement Economique et ...","og_url":"https:\/\/www.africa-press.net\/niger\/economie\/niger-ouverture-dun-atelier-de-formulation-du-plan-de-developpement-economique-et-social-2022-2026","og_site_name":"niger","article_published_time":"2021-07-14T15:01:09+00:00","article_modified_time":"2021-07-14T16:32:54+00:00","og_image":[{"width":720,"height":387,"url":"https:\/\/static.africa-press.net\/niger\/sites\/40\/2021\/07\/img-60eee132c5ff3.jpg","type":"image\/jpeg"}],"author":"cfeditorfr","twitter_card":"summary_large_image","twitter_misc":{"\u00c9crit par":"cfeditorfr","Dur\u00e9e de lecture estim\u00e9e":"3 minutes"},"schema":{"@context":"https:\/\/schema.org","@graph":[{"@type":"Article","@id":"https:\/\/www.africa-press.net\/niger\/economie\/niger-ouverture-dun-atelier-de-formulation-du-plan-de-developpement-economique-et-social-2022-2026#article","isPartOf":{"@id":"https:\/\/www.africa-press.net\/niger\/economie\/niger-ouverture-dun-atelier-de-formulation-du-plan-de-developpement-economique-et-social-2022-2026"},"author":{"name":"cfeditorfr","@id":"https:\/\/www.africa-press.net\/niger\/#\/schema\/person\/2b1cf3cd81a31e3cd26889ca66d677f1"},"headline":"Ouverture d\u2019un atelier de formulation du Plan de D\u00e9veloppement Economique et Social 2022-2026","datePublished":"2021-07-14T15:01:09+00:00","dateModified":"2021-07-14T16:32:54+00:00","mainEntityOfPage":{"@id":"https:\/\/www.africa-press.net\/niger\/economie\/niger-ouverture-dun-atelier-de-formulation-du-plan-de-developpement-economique-et-social-2022-2026"},"wordCount":674,"commentCount":0,"image":{"@id":"https:\/\/www.africa-press.net\/niger\/economie\/niger-ouverture-dun-atelier-de-formulation-du-plan-de-developpement-economique-et-social-2022-2026#primaryimage"},"thumbnailUrl":"https:\/\/static.africa-press.net\/niger\/sites\/40\/2021\/07\/img-60eee132c5ff3.jpg","keywords":["Africa Press","Africa Press-Niger","Niger"],"articleSection":["\u00c9conomie","homepage-french","Toutes les actualit\u00e9s"],"inLanguage":"fr-FR","potentialAction":[{"@type":"CommentAction","name":"Comment","target":["https:\/\/www.africa-press.net\/niger\/economie\/niger-ouverture-dun-atelier-de-formulation-du-plan-de-developpement-economique-et-social-2022-2026#respond"]}]},{"@type":"WebPage","@id":"https:\/\/www.africa-press.net\/niger\/economie\/niger-ouverture-dun-atelier-de-formulation-du-plan-de-developpement-economique-et-social-2022-2026","url":"https:\/\/www.africa-press.net\/niger\/economie\/niger-ouverture-dun-atelier-de-formulation-du-plan-de-developpement-economique-et-social-2022-2026","name":"Ouverture d\u2019un atelier de formulation du Plan de D\u00e9veloppement Economique et Social 2022-2026 - niger","isPartOf":{"@id":"https:\/\/www.africa-press.net\/niger\/#website"},"primaryImageOfPage":{"@id":"https:\/\/www.africa-press.net\/niger\/economie\/niger-ouverture-dun-atelier-de-formulation-du-plan-de-developpement-economique-et-social-2022-2026#primaryimage"},"image":{"@id":"https:\/\/www.africa-press.net\/niger\/economie\/niger-ouverture-dun-atelier-de-formulation-du-plan-de-developpement-economique-et-social-2022-2026#primaryimage"},"thumbnailUrl":"https:\/\/static.africa-press.net\/niger\/sites\/40\/2021\/07\/img-60eee132c5ff3.jpg","datePublished":"2021-07-14T15:01:09+00:00","dateModified":"2021-07-14T16:32:54+00:00","author":{"@id":"https:\/\/www.africa-press.net\/niger\/#\/schema\/person\/2b1cf3cd81a31e3cd26889ca66d677f1"},"description":", 13 Juillet (ANP) - Un atelier national de lancement du processus d\u2019\u00e9laboration du Plan de D\u00e9veloppement Economique et ...","breadcrumb":{"@id":"https:\/\/www.africa-press.net\/niger\/economie\/niger-ouverture-dun-atelier-de-formulation-du-plan-de-developpement-economique-et-social-2022-2026#breadcrumb"},"inLanguage":"fr-FR","potentialAction":[{"@type":"ReadAction","target":["https:\/\/www.africa-press.net\/niger\/economie\/niger-ouverture-dun-atelier-de-formulation-du-plan-de-developpement-economique-et-social-2022-2026"]}]},{"@type":"ImageObject","inLanguage":"fr-FR","@id":"https:\/\/www.africa-press.net\/niger\/economie\/niger-ouverture-dun-atelier-de-formulation-du-plan-de-developpement-economique-et-social-2022-2026#primaryimage","url":"https:\/\/static.africa-press.net\/niger\/sites\/40\/2021\/07\/img-60eee132c5ff3.jpg","contentUrl":"https:\/\/static.africa-press.net\/niger\/sites\/40\/2021\/07\/img-60eee132c5ff3.jpg","width":720,"height":387,"caption":"Niger\u00a0: Ouverture d\u2019un atelier de formulation du Plan de D\u00e9veloppement Economique et Social 2022-2026"},{"@type":"BreadcrumbList","@id":"https:\/\/www.africa-press.net\/niger\/economie\/niger-ouverture-dun-atelier-de-formulation-du-plan-de-developpement-economique-et-social-2022-2026#breadcrumb","itemListElement":[{"@type":"ListItem","position":1,"name":"Accueil","item":"https:\/\/www.africa-press.net\/niger\/"},{"@type":"ListItem","position":2,"name":"Ouverture d\u2019un atelier de formulation du Plan de D\u00e9veloppement Economique et Social 2022-2026"}]},{"@type":"WebSite","@id":"https:\/\/www.africa-press.net\/niger\/#website","url":"https:\/\/www.africa-press.net\/niger\/","name":"niger","description":"Just another Africa News Agency Sites site","potentialAction":[{"@type":"SearchAction","target":{"@type":"EntryPoint","urlTemplate":"https:\/\/www.africa-press.net\/niger\/?s={search_term_string}"},"query-input":{"@type":"PropertyValueSpecification","valueRequired":true,"valueName":"search_term_string"}}],"inLanguage":"fr-FR"},{"@type":"Person","@id":"https:\/\/www.africa-press.net\/niger\/#\/schema\/person\/2b1cf3cd81a31e3cd26889ca66d677f1","name":"cfeditorfr"}]}},"_links":{"self":[{"href":"https:\/\/www.africa-press.net\/niger\/wp-json\/wp\/v2\/posts\/8676","targetHints":{"allow":["GET"]}}],"collection":[{"href":"https:\/\/www.africa-press.net\/niger\/wp-json\/wp\/v2\/posts"}],"about":[{"href":"https:\/\/www.africa-press.net\/niger\/wp-json\/wp\/v2\/types\/post"}],"author":[{"embeddable":true,"href":"https:\/\/www.africa-press.net\/niger\/wp-json\/wp\/v2\/users\/82"}],"replies":[{"embeddable":true,"href":"https:\/\/www.africa-press.net\/niger\/wp-json\/wp\/v2\/comments?post=8676"}],"version-history":[{"count":0,"href":"https:\/\/www.africa-press.net\/niger\/wp-json\/wp\/v2\/posts\/8676\/revisions"}],"wp:featuredmedia":[{"embeddable":true,"href":"https:\/\/www.africa-press.net\/niger\/wp-json\/wp\/v2\/media\/8675"}],"wp:attachment":[{"href":"https:\/\/www.africa-press.net\/niger\/wp-json\/wp\/v2\/media?parent=8676"}],"wp:term":[{"taxonomy":"category","embeddable":true,"href":"https:\/\/www.africa-press.net\/niger\/wp-json\/wp\/v2\/categories?post=8676"},{"taxonomy":"post_tag","embeddable":true,"href":"https:\/\/www.africa-press.net\/niger\/wp-json\/wp\/v2\/tags?post=8676"}],"curies":[{"name":"wp","href":"https:\/\/api.w.org\/{rel}","templated":true}]}}