{"id":8679,"date":"2021-07-14T15:06:53","date_gmt":"2021-07-14T15:06:53","guid":{"rendered":"https:\/\/www.africa-press.net\/niger\/?p=8679"},"modified":"2021-07-14T16:33:28","modified_gmt":"2021-07-14T16:33:28","slug":"ouverture-a-diffa-de-la-1ere-session-ordinaire-du-conseil-regional-au-titre-de-lannee-2021","status":"publish","type":"post","link":"https:\/\/www.africa-press.net\/niger\/politique\/ouverture-a-diffa-de-la-1ere-session-ordinaire-du-conseil-regional-au-titre-de-lannee-2021","title":{"rendered":"Ouverture \u00e0 Diffa de la  1\u00e9re Session ordinaire du conseil r\u00e9gional au titre de l\u2019ann\u00e9e 2021"},"content":{"rendered":"<p><span style=\"color: #ff6600\"><strong><a href=\"https:\/\/www.africa-press.net\/\">Africa-Press<\/a> &#8211; <a href=\"https:\/\/www.africa-press.net\/niger\">Niger<\/a>. <\/strong><\/span>Le pr\u00e9sident du conseil r\u00e9gional de Diffa M.Korodji Dalla a pr\u00e9sid\u00e9, ce mardi 13 juillet 2021, la c\u00e9r\u00e9monie d\u2019ouverture de la 1ere session ordinaire du conseil r\u00e9gional au titre de l\u2019ann\u00e9e 2021 dans la salle de r\u00e9union du conseil.<\/p>\n<p>Cette premi\u00e8re session aura \u00e0 examiner les points portant sur la lecture et l\u2019adoption du proc\u00e8s-verbal de la session pr\u00e9c\u00e9dente, l\u2019adoption du r\u00e8glement int\u00e9rieur du conseil r\u00e9gional, la mise en place des commissions sp\u00e9cialis\u00e9es, la mobilisation des ressources, le remaniement budg\u00e9taire et des questions diverses.<\/p>\n<p>Dans son discours d\u2019ouverture le pr\u00e9sident du conseil r\u00e9gional de Diffa indiqu\u00e9 que \u2018\u2019la d\u00e9centralisation est un outil fondamental de l\u2019apprentissage et de l\u2019exercice de la d\u00e9mocratie, de l\u2019engagement de la responsabilit\u00e9 et de la gestion d\u00e9mocratique du d\u00e9veloppement \u00e0 la base, et elle traduit ainsi dans les faits la mat\u00e9rialisation du transfert de responsabilit\u00e9 de l\u2019Etat central aux populations en mati\u00e8re de gestion des affaires locales\u2019\u2019.<\/p>\n<p>\u2018\u2019Nous retiendrons aussi que notre r\u00e9gion fait preuve de r\u00e9silience et constitue un exemple dans la gestion des questions de paix et de s\u00e9curit\u00e9\u2019\u2019 a-t-il fait savoir avant d\u2018ajouter que \u2018\u2019la paix, sans laquelle tout d\u00e9veloppement reste compromis, doit \u00eatre consolid\u00e9e et entretenue dans notre r\u00e9gion, malgr\u00e9 un environnement sah\u00e9lo-saharien assez complexe, et le d\u00e9fis majeur du moment qu\u2019est le retour des populations dans leurs villages\u2019\u2019.<\/p>\n<p>\u2018\u2019La population de la r\u00e9gion de Diffa nous observe\u2019\u2019 a fait observer le pr\u00e9sident du conseil r\u00e9gional pour qui les \u2018\u2019attentes, de celle-ci, sont nombreuses, pr\u00e9cises, l\u00e9gitimes et urgentes\u2019\u2019.<\/p>\n<p>Le gouverneur de la r\u00e9gion de Diffa, M. Issa Lemine a tenu, \u00e0 cette occasion, \u00e0 f\u00e9liciter et encourager le pr\u00e9sident du conseil r\u00e9gional et leur rappeler aussi leurs r\u00f4les pour la population de Diffa surtout dans \u2018\u2019cette situation d\u2019ins\u00e9curit\u00e9 et de retour de d\u00e9plac\u00e9s\u2019\u2019.<\/p>\n","protected":false},"excerpt":{"rendered":"<p>Africa-Press &#8211; Niger. Le pr\u00e9sident du conseil r\u00e9gional de Diffa M.Korodji Dalla a pr\u00e9sid\u00e9, ce mardi 13 juillet 2021, la c\u00e9r\u00e9monie d\u2019ouverture de la 1ere session ordinaire du conseil r\u00e9gional au titre de l\u2019ann\u00e9e 2021 dans la salle de r\u00e9union du conseil. Cette premi\u00e8re session aura \u00e0 examiner les points portant sur la lecture et [&hellip;]<\/p>\n","protected":false},"author":82,"featured_media":8678,"comment_status":"open","ping_status":"closed","sticky":false,"template":"","format":"standard","meta":{"footnotes":""},"categories":[11,2,10],"tags":[55,60,29],"class_list":["post-8679","post","type-post","status-publish","format-standard","has-post-thumbnail","hentry","category-homepage-french","category-politique","category-toutes-les-actualites","tag-africa-press","tag-africa-press-niger","tag-niger"],"yoast_head":"<!-- This site is optimized with the Yoast SEO Premium plugin v26.1 (Yoast SEO v27.0) - https:\/\/yoast.com\/product\/yoast-seo-premium-wordpress\/ -->\n<title>Ouverture \u00e0 Diffa de la 1\u00e9re Session ordinaire du conseil r\u00e9gional au titre de l\u2019ann\u00e9e 2021 - niger<\/title>\n<meta name=\"description\" content=\"13 juillet(ANP)-Le pr\u00e9sident du conseil r\u00e9gional de Diffa M.Korodji Dalla a pr\u00e9sid\u00e9, ce mardi 13 juillet 2021, la c\u00e9r\u00e9mo ...\" \/>\n<meta name=\"robots\" content=\"index, follow, max-snippet:-1, max-image-preview:large, max-video-preview:-1\" \/>\n<link rel=\"canonical\" href=\"https:\/\/www.africa-press.net\/niger\/politique\/ouverture-a-diffa-de-la-1ere-session-ordinaire-du-conseil-regional-au-titre-de-lannee-2021\" \/>\n<meta property=\"og:locale\" content=\"fr_FR\" \/>\n<meta property=\"og:type\" content=\"article\" \/>\n<meta property=\"og:title\" content=\"Ouverture \u00e0 Diffa de la 1\u00e9re Session ordinaire du conseil r\u00e9gional au titre de l\u2019ann\u00e9e 2021\" \/>\n<meta property=\"og:description\" content=\"13 juillet(ANP)-Le pr\u00e9sident du conseil r\u00e9gional de Diffa M.Korodji Dalla a pr\u00e9sid\u00e9, ce mardi 13 juillet 2021, la c\u00e9r\u00e9mo ...\" \/>\n<meta property=\"og:url\" content=\"https:\/\/www.africa-press.net\/niger\/politique\/ouverture-a-diffa-de-la-1ere-session-ordinaire-du-conseil-regional-au-titre-de-lannee-2021\" \/>\n<meta property=\"og:site_name\" content=\"niger\" \/>\n<meta property=\"article:published_time\" content=\"2021-07-14T15:06:53+00:00\" \/>\n<meta property=\"article:modified_time\" content=\"2021-07-14T16:33:28+00:00\" \/>\n<meta property=\"og:image\" content=\"https:\/\/static.africa-press.net\/niger\/sites\/40\/2021\/07\/img-60eee15ec016a.jpg\" \/>\n\t<meta property=\"og:image:width\" content=\"720\" \/>\n\t<meta property=\"og:image:height\" content=\"540\" \/>\n\t<meta property=\"og:image:type\" content=\"image\/jpeg\" \/>\n<meta name=\"author\" content=\"cfeditorfr\" \/>\n<meta name=\"twitter:card\" content=\"summary_large_image\" \/>\n<meta name=\"twitter:label1\" content=\"\u00c9crit par\" \/>\n\t<meta name=\"twitter:data1\" content=\"cfeditorfr\" \/>\n\t<meta name=\"twitter:label2\" content=\"Dur\u00e9e de lecture estim\u00e9e\" \/>\n\t<meta name=\"twitter:data2\" content=\"2 minutes\" \/>\n<script type=\"application\/ld+json\" class=\"yoast-schema-graph\">{\"@context\":\"https:\/\/schema.org\",\"@graph\":[{\"@type\":\"Article\",\"@id\":\"https:\/\/www.africa-press.net\/niger\/politique\/ouverture-a-diffa-de-la-1ere-session-ordinaire-du-conseil-regional-au-titre-de-lannee-2021#article\",\"isPartOf\":{\"@id\":\"https:\/\/www.africa-press.net\/niger\/politique\/ouverture-a-diffa-de-la-1ere-session-ordinaire-du-conseil-regional-au-titre-de-lannee-2021\"},\"author\":{\"name\":\"cfeditorfr\",\"@id\":\"https:\/\/www.africa-press.net\/niger\/#\/schema\/person\/2b1cf3cd81a31e3cd26889ca66d677f1\"},\"headline\":\"Ouverture \u00e0 Diffa de la 1\u00e9re Session ordinaire du conseil r\u00e9gional au titre de l\u2019ann\u00e9e 2021\",\"datePublished\":\"2021-07-14T15:06:53+00:00\",\"dateModified\":\"2021-07-14T16:33:28+00:00\",\"mainEntityOfPage\":{\"@id\":\"https:\/\/www.africa-press.net\/niger\/politique\/ouverture-a-diffa-de-la-1ere-session-ordinaire-du-conseil-regional-au-titre-de-lannee-2021\"},\"wordCount\":364,\"commentCount\":0,\"image\":{\"@id\":\"https:\/\/www.africa-press.net\/niger\/politique\/ouverture-a-diffa-de-la-1ere-session-ordinaire-du-conseil-regional-au-titre-de-lannee-2021#primaryimage\"},\"thumbnailUrl\":\"https:\/\/static.africa-press.net\/niger\/sites\/40\/2021\/07\/img-60eee15ec016a.jpg\",\"keywords\":[\"Africa Press\",\"Africa Press-Niger\",\"Niger\"],\"articleSection\":[\"homepage-french\",\"Politique\",\"Toutes les actualit\u00e9s\"],\"inLanguage\":\"fr-FR\",\"potentialAction\":[{\"@type\":\"CommentAction\",\"name\":\"Comment\",\"target\":[\"https:\/\/www.africa-press.net\/niger\/politique\/ouverture-a-diffa-de-la-1ere-session-ordinaire-du-conseil-regional-au-titre-de-lannee-2021#respond\"]}]},{\"@type\":\"WebPage\",\"@id\":\"https:\/\/www.africa-press.net\/niger\/politique\/ouverture-a-diffa-de-la-1ere-session-ordinaire-du-conseil-regional-au-titre-de-lannee-2021\",\"url\":\"https:\/\/www.africa-press.net\/niger\/politique\/ouverture-a-diffa-de-la-1ere-session-ordinaire-du-conseil-regional-au-titre-de-lannee-2021\",\"name\":\"Ouverture \u00e0 Diffa de la 1\u00e9re Session ordinaire du conseil r\u00e9gional au titre de l\u2019ann\u00e9e 2021 - niger\",\"isPartOf\":{\"@id\":\"https:\/\/www.africa-press.net\/niger\/#website\"},\"primaryImageOfPage\":{\"@id\":\"https:\/\/www.africa-press.net\/niger\/politique\/ouverture-a-diffa-de-la-1ere-session-ordinaire-du-conseil-regional-au-titre-de-lannee-2021#primaryimage\"},\"image\":{\"@id\":\"https:\/\/www.africa-press.net\/niger\/politique\/ouverture-a-diffa-de-la-1ere-session-ordinaire-du-conseil-regional-au-titre-de-lannee-2021#primaryimage\"},\"thumbnailUrl\":\"https:\/\/static.africa-press.net\/niger\/sites\/40\/2021\/07\/img-60eee15ec016a.jpg\",\"datePublished\":\"2021-07-14T15:06:53+00:00\",\"dateModified\":\"2021-07-14T16:33:28+00:00\",\"author\":{\"@id\":\"https:\/\/www.africa-press.net\/niger\/#\/schema\/person\/2b1cf3cd81a31e3cd26889ca66d677f1\"},\"description\":\"13 juillet(ANP)-Le pr\u00e9sident du conseil r\u00e9gional de Diffa M.Korodji Dalla a pr\u00e9sid\u00e9, ce mardi 13 juillet 2021, la c\u00e9r\u00e9mo ...\",\"breadcrumb\":{\"@id\":\"https:\/\/www.africa-press.net\/niger\/politique\/ouverture-a-diffa-de-la-1ere-session-ordinaire-du-conseil-regional-au-titre-de-lannee-2021#breadcrumb\"},\"inLanguage\":\"fr-FR\",\"potentialAction\":[{\"@type\":\"ReadAction\",\"target\":[\"https:\/\/www.africa-press.net\/niger\/politique\/ouverture-a-diffa-de-la-1ere-session-ordinaire-du-conseil-regional-au-titre-de-lannee-2021\"]}]},{\"@type\":\"ImageObject\",\"inLanguage\":\"fr-FR\",\"@id\":\"https:\/\/www.africa-press.net\/niger\/politique\/ouverture-a-diffa-de-la-1ere-session-ordinaire-du-conseil-regional-au-titre-de-lannee-2021#primaryimage\",\"url\":\"https:\/\/static.africa-press.net\/niger\/sites\/40\/2021\/07\/img-60eee15ec016a.jpg\",\"contentUrl\":\"https:\/\/static.africa-press.net\/niger\/sites\/40\/2021\/07\/img-60eee15ec016a.jpg\",\"width\":720,\"height\":540,\"caption\":\"Ouverture \u00e0 Diffa de la 1\u00e9re Session ordinaire du conseil r\u00e9gional au titre de l\u2019ann\u00e9e 2021\"},{\"@type\":\"BreadcrumbList\",\"@id\":\"https:\/\/www.africa-press.net\/niger\/politique\/ouverture-a-diffa-de-la-1ere-session-ordinaire-du-conseil-regional-au-titre-de-lannee-2021#breadcrumb\",\"itemListElement\":[{\"@type\":\"ListItem\",\"position\":1,\"name\":\"Accueil\",\"item\":\"https:\/\/www.africa-press.net\/niger\/\"},{\"@type\":\"ListItem\",\"position\":2,\"name\":\"Ouverture \u00e0 Diffa de la 1\u00e9re Session ordinaire du conseil r\u00e9gional au titre de l\u2019ann\u00e9e 2021\"}]},{\"@type\":\"WebSite\",\"@id\":\"https:\/\/www.africa-press.net\/niger\/#website\",\"url\":\"https:\/\/www.africa-press.net\/niger\/\",\"name\":\"niger\",\"description\":\"Just another Africa News Agency Sites site\",\"potentialAction\":[{\"@type\":\"SearchAction\",\"target\":{\"@type\":\"EntryPoint\",\"urlTemplate\":\"https:\/\/www.africa-press.net\/niger\/?s={search_term_string}\"},\"query-input\":{\"@type\":\"PropertyValueSpecification\",\"valueRequired\":true,\"valueName\":\"search_term_string\"}}],\"inLanguage\":\"fr-FR\"},{\"@type\":\"Person\",\"@id\":\"https:\/\/www.africa-press.net\/niger\/#\/schema\/person\/2b1cf3cd81a31e3cd26889ca66d677f1\",\"name\":\"cfeditorfr\"}]}<\/script>\n<!-- \/ Yoast SEO Premium plugin. -->","yoast_head_json":{"title":"Ouverture \u00e0 Diffa de la 1\u00e9re Session ordinaire du conseil r\u00e9gional au titre de l\u2019ann\u00e9e 2021 - niger","description":"13 juillet(ANP)-Le pr\u00e9sident du conseil r\u00e9gional de Diffa M.Korodji Dalla a pr\u00e9sid\u00e9, ce mardi 13 juillet 2021, la c\u00e9r\u00e9mo ...","robots":{"index":"index","follow":"follow","max-snippet":"max-snippet:-1","max-image-preview":"max-image-preview:large","max-video-preview":"max-video-preview:-1"},"canonical":"https:\/\/www.africa-press.net\/niger\/politique\/ouverture-a-diffa-de-la-1ere-session-ordinaire-du-conseil-regional-au-titre-de-lannee-2021","og_locale":"fr_FR","og_type":"article","og_title":"Ouverture \u00e0 Diffa de la 1\u00e9re Session ordinaire du conseil r\u00e9gional au titre de l\u2019ann\u00e9e 2021","og_description":"13 juillet(ANP)-Le pr\u00e9sident du conseil r\u00e9gional de Diffa M.Korodji Dalla a pr\u00e9sid\u00e9, ce mardi 13 juillet 2021, la c\u00e9r\u00e9mo ...","og_url":"https:\/\/www.africa-press.net\/niger\/politique\/ouverture-a-diffa-de-la-1ere-session-ordinaire-du-conseil-regional-au-titre-de-lannee-2021","og_site_name":"niger","article_published_time":"2021-07-14T15:06:53+00:00","article_modified_time":"2021-07-14T16:33:28+00:00","og_image":[{"width":720,"height":540,"url":"https:\/\/static.africa-press.net\/niger\/sites\/40\/2021\/07\/img-60eee15ec016a.jpg","type":"image\/jpeg"}],"author":"cfeditorfr","twitter_card":"summary_large_image","twitter_misc":{"\u00c9crit par":"cfeditorfr","Dur\u00e9e de lecture estim\u00e9e":"2 minutes"},"schema":{"@context":"https:\/\/schema.org","@graph":[{"@type":"Article","@id":"https:\/\/www.africa-press.net\/niger\/politique\/ouverture-a-diffa-de-la-1ere-session-ordinaire-du-conseil-regional-au-titre-de-lannee-2021#article","isPartOf":{"@id":"https:\/\/www.africa-press.net\/niger\/politique\/ouverture-a-diffa-de-la-1ere-session-ordinaire-du-conseil-regional-au-titre-de-lannee-2021"},"author":{"name":"cfeditorfr","@id":"https:\/\/www.africa-press.net\/niger\/#\/schema\/person\/2b1cf3cd81a31e3cd26889ca66d677f1"},"headline":"Ouverture \u00e0 Diffa de la 1\u00e9re Session ordinaire du conseil r\u00e9gional au titre de l\u2019ann\u00e9e 2021","datePublished":"2021-07-14T15:06:53+00:00","dateModified":"2021-07-14T16:33:28+00:00","mainEntityOfPage":{"@id":"https:\/\/www.africa-press.net\/niger\/politique\/ouverture-a-diffa-de-la-1ere-session-ordinaire-du-conseil-regional-au-titre-de-lannee-2021"},"wordCount":364,"commentCount":0,"image":{"@id":"https:\/\/www.africa-press.net\/niger\/politique\/ouverture-a-diffa-de-la-1ere-session-ordinaire-du-conseil-regional-au-titre-de-lannee-2021#primaryimage"},"thumbnailUrl":"https:\/\/static.africa-press.net\/niger\/sites\/40\/2021\/07\/img-60eee15ec016a.jpg","keywords":["Africa Press","Africa Press-Niger","Niger"],"articleSection":["homepage-french","Politique","Toutes les actualit\u00e9s"],"inLanguage":"fr-FR","potentialAction":[{"@type":"CommentAction","name":"Comment","target":["https:\/\/www.africa-press.net\/niger\/politique\/ouverture-a-diffa-de-la-1ere-session-ordinaire-du-conseil-regional-au-titre-de-lannee-2021#respond"]}]},{"@type":"WebPage","@id":"https:\/\/www.africa-press.net\/niger\/politique\/ouverture-a-diffa-de-la-1ere-session-ordinaire-du-conseil-regional-au-titre-de-lannee-2021","url":"https:\/\/www.africa-press.net\/niger\/politique\/ouverture-a-diffa-de-la-1ere-session-ordinaire-du-conseil-regional-au-titre-de-lannee-2021","name":"Ouverture \u00e0 Diffa de la 1\u00e9re Session ordinaire du conseil r\u00e9gional au titre de l\u2019ann\u00e9e 2021 - niger","isPartOf":{"@id":"https:\/\/www.africa-press.net\/niger\/#website"},"primaryImageOfPage":{"@id":"https:\/\/www.africa-press.net\/niger\/politique\/ouverture-a-diffa-de-la-1ere-session-ordinaire-du-conseil-regional-au-titre-de-lannee-2021#primaryimage"},"image":{"@id":"https:\/\/www.africa-press.net\/niger\/politique\/ouverture-a-diffa-de-la-1ere-session-ordinaire-du-conseil-regional-au-titre-de-lannee-2021#primaryimage"},"thumbnailUrl":"https:\/\/static.africa-press.net\/niger\/sites\/40\/2021\/07\/img-60eee15ec016a.jpg","datePublished":"2021-07-14T15:06:53+00:00","dateModified":"2021-07-14T16:33:28+00:00","author":{"@id":"https:\/\/www.africa-press.net\/niger\/#\/schema\/person\/2b1cf3cd81a31e3cd26889ca66d677f1"},"description":"13 juillet(ANP)-Le pr\u00e9sident du conseil r\u00e9gional de Diffa M.Korodji Dalla a pr\u00e9sid\u00e9, ce mardi 13 juillet 2021, la c\u00e9r\u00e9mo ...","breadcrumb":{"@id":"https:\/\/www.africa-press.net\/niger\/politique\/ouverture-a-diffa-de-la-1ere-session-ordinaire-du-conseil-regional-au-titre-de-lannee-2021#breadcrumb"},"inLanguage":"fr-FR","potentialAction":[{"@type":"ReadAction","target":["https:\/\/www.africa-press.net\/niger\/politique\/ouverture-a-diffa-de-la-1ere-session-ordinaire-du-conseil-regional-au-titre-de-lannee-2021"]}]},{"@type":"ImageObject","inLanguage":"fr-FR","@id":"https:\/\/www.africa-press.net\/niger\/politique\/ouverture-a-diffa-de-la-1ere-session-ordinaire-du-conseil-regional-au-titre-de-lannee-2021#primaryimage","url":"https:\/\/static.africa-press.net\/niger\/sites\/40\/2021\/07\/img-60eee15ec016a.jpg","contentUrl":"https:\/\/static.africa-press.net\/niger\/sites\/40\/2021\/07\/img-60eee15ec016a.jpg","width":720,"height":540,"caption":"Ouverture \u00e0 Diffa de la 1\u00e9re Session ordinaire du conseil r\u00e9gional au titre de l\u2019ann\u00e9e 2021"},{"@type":"BreadcrumbList","@id":"https:\/\/www.africa-press.net\/niger\/politique\/ouverture-a-diffa-de-la-1ere-session-ordinaire-du-conseil-regional-au-titre-de-lannee-2021#breadcrumb","itemListElement":[{"@type":"ListItem","position":1,"name":"Accueil","item":"https:\/\/www.africa-press.net\/niger\/"},{"@type":"ListItem","position":2,"name":"Ouverture \u00e0 Diffa de la 1\u00e9re Session ordinaire du conseil r\u00e9gional au titre de l\u2019ann\u00e9e 2021"}]},{"@type":"WebSite","@id":"https:\/\/www.africa-press.net\/niger\/#website","url":"https:\/\/www.africa-press.net\/niger\/","name":"niger","description":"Just another Africa News Agency Sites site","potentialAction":[{"@type":"SearchAction","target":{"@type":"EntryPoint","urlTemplate":"https:\/\/www.africa-press.net\/niger\/?s={search_term_string}"},"query-input":{"@type":"PropertyValueSpecification","valueRequired":true,"valueName":"search_term_string"}}],"inLanguage":"fr-FR"},{"@type":"Person","@id":"https:\/\/www.africa-press.net\/niger\/#\/schema\/person\/2b1cf3cd81a31e3cd26889ca66d677f1","name":"cfeditorfr"}]}},"_links":{"self":[{"href":"https:\/\/www.africa-press.net\/niger\/wp-json\/wp\/v2\/posts\/8679","targetHints":{"allow":["GET"]}}],"collection":[{"href":"https:\/\/www.africa-press.net\/niger\/wp-json\/wp\/v2\/posts"}],"about":[{"href":"https:\/\/www.africa-press.net\/niger\/wp-json\/wp\/v2\/types\/post"}],"author":[{"embeddable":true,"href":"https:\/\/www.africa-press.net\/niger\/wp-json\/wp\/v2\/users\/82"}],"replies":[{"embeddable":true,"href":"https:\/\/www.africa-press.net\/niger\/wp-json\/wp\/v2\/comments?post=8679"}],"version-history":[{"count":0,"href":"https:\/\/www.africa-press.net\/niger\/wp-json\/wp\/v2\/posts\/8679\/revisions"}],"wp:featuredmedia":[{"embeddable":true,"href":"https:\/\/www.africa-press.net\/niger\/wp-json\/wp\/v2\/media\/8678"}],"wp:attachment":[{"href":"https:\/\/www.africa-press.net\/niger\/wp-json\/wp\/v2\/media?parent=8679"}],"wp:term":[{"taxonomy":"category","embeddable":true,"href":"https:\/\/www.africa-press.net\/niger\/wp-json\/wp\/v2\/categories?post=8679"},{"taxonomy":"post_tag","embeddable":true,"href":"https:\/\/www.africa-press.net\/niger\/wp-json\/wp\/v2\/tags?post=8679"}],"curies":[{"name":"wp","href":"https:\/\/api.w.org\/{rel}","templated":true}]}}