{"id":8682,"date":"2021-07-14T15:14:35","date_gmt":"2021-07-14T15:14:35","guid":{"rendered":"https:\/\/www.africa-press.net\/niger\/?p=8682"},"modified":"2021-07-14T16:33:46","modified_gmt":"2021-07-14T16:33:46","slug":"insecurite-au-sahel-le-president-mohamed-bazoum-regrette-la-faiblesse-des-armees-locales-pour-faire-face-a-la-situation","status":"publish","type":"post","link":"https:\/\/www.africa-press.net\/niger\/politique\/insecurite-au-sahel-le-president-mohamed-bazoum-regrette-la-faiblesse-des-armees-locales-pour-faire-face-a-la-situation","title":{"rendered":"Ins\u00e9curit\u00e9 au Sahel : Le Pr\u00e9sident Mohamed Bazoum regrette \u00ab\u00a0la faiblesse des arm\u00e9es locales pour faire face \u00e0 la situation\u00a0\u00bb"},"content":{"rendered":"<p><span style=\"color: #ff6600\"><strong><a href=\"https:\/\/www.africa-press.net\/\">Africa-Press<\/a> &#8211; <a href=\"https:\/\/www.africa-press.net\/niger\">Niger<\/a>. <\/strong><\/span>Dans une interview qu\u2019il a accord\u00e9e \u00e0 la presse nationale, \u00e0 l\u2019occasion de ses premiers 100 jours \u00e0 la t\u00eate de l\u2019Etat, le Pr\u00e9sident de la R\u00e9publique du Niger Mohamed Bazoum s\u2019est largement \u00e9tal\u00e9 sur les questions s\u00e9curitaires concernant aussi bien son pays que ceux de la R\u00e9gion Sah\u00e9lienne.<\/p>\n<p>L\u2019une des questions auxquelles le Chef de l\u2019Etat nig\u00e9rien a r\u00e9pondu au sujet de la s\u00e9curit\u00e9 est relative \u00e0 la pr\u00e9sence des forces militaires \u00e9trang\u00e8res dans plusieurs pays du Sahel, et notamment au Niger.<\/p>\n<p>En effet, rappelle-ton, pour faire face \u00e0 la menace terroriste \u00e0 laquelle il est confront\u00e9, le Niger a nou\u00e9 des partenariats avec plusieurs pays occidentaux comme la France, les Etats Unis d\u2019Am\u00e9rique, l\u2019Allemagne et l\u2019Italie, qui ont d\u00e9ploy\u00e9 d\u2019importants effectifs militaires sur son vaste territoire de 1.267. 000 km2.<\/p>\n<p>A ce sujet, le Pr\u00e9sident Mohamed Bazoum parle d\u2019une \u00ab\u00a0n\u00e9cessit\u00e9\u00a0\u00bb face \u00e0 la \u00ab\u00a0faiblesse de notre arm\u00e9e\u00a0\u00bb. \u00ab Moi, je suis s\u00fbr que si nous \u00e9tions dans une situation o\u00f9, par nos propres forces, on \u00e9tait \u00e0 mesure de faire face efficacement au d\u00e9fi du terrorisme, nous n\u2019aurions pas song\u00e9 \u00e0 faire recours \u00e0 qui que ce soit. Certainement que personne ne nous aurait propos\u00e9 ses services \u00bb, a-t-il lanc\u00e9.<\/p>\n<p>\u00ab C\u2019est parce que tr\u00e8s objectivement nous avons compris que notre syst\u00e8me de d\u00e9fense est lacunaire \u00e0 certains de ses aspects que nous avons eu besoin de concours des partenaires. Aujourd\u2019hui, nos capacit\u00e9s a\u00e9riennes sont faibles, ainsi que nos capacit\u00e9s de renseignement. \u00c7a a besoin d\u2019une technologie qui n\u2019est pas, pour le moment, \u00e0 notre port\u00e9e parce que son co\u00fbt financier est tr\u00e8s \u00e9lev\u00e9 \u00bb, a-t-il expliqu\u00e9.<\/p>\n<p>\u00ab Et pour cette raison, nous avons, au nom de la responsabilit\u00e9 qui est la n\u00f4tre, d\u2019assurer de fa\u00e7on optimale la s\u00e9curit\u00e9 de nos populations, accept\u00e9 la contribution des partenaires (\u2026) lorsqu\u2019ils nous l\u2019ont offerte. Voil\u00e0 terre-\u00e0-terre de quoi il est question \u00bb, a-t-il poursuivi.<\/p>\n<p>Le Niger, rappelle-t-on, abrite plusieurs foyers d\u2019ins\u00e9curit\u00e9 caus\u00e9e par les r\u00e9currentes attaques des groupes terroristes, notamment \u00e0 Diffa et \u00e0 Tillab\u00e9ry. Cette situation d\u2019ins\u00e9curit\u00e9, indique-t-on, a fait des centaines de morts et des milliers de d\u00e9plac\u00e9s. Selon des sources humanitaires, le Niger compte, \u00e0 la fin f\u00e9vrier 2021, quelque 234 000 r\u00e9fugi\u00e9s repartis dans les r\u00e9gions de Diffa, Maradi, Tahoua et Tillab\u00e9ry.<\/p>\n<p>Interrog\u00e9 sur le retour de ces populations d\u00e9plac\u00e9es dans leurs localit\u00e9s respectives, un projet qu\u2019il a entrepris il y a tout juste quelques semaines, le Pr\u00e9sident de la R\u00e9publique indique que la situation dans la R\u00e9gion de Diffa est, \u00e0 maints niveaux, diff\u00e9rente de celle de la R\u00e9gion de Tillab\u00e9ry.<\/p>\n<p>\u00ab Nous avons des situations sensiblement diff\u00e9rentes \u00e0 Diffa et \u00e0 Tillab\u00e9ry \u00bb, a d\u00e9clar\u00e9 Mohamed Bazoum, pr\u00e9cisant qu\u2019\u00e0 \u00ab Diffa, il y a eu des populations tr\u00e8s nombreuses, plus de 100. 000 d\u00e9plac\u00e9s internes, install\u00e9es hors de chez elles, et ce depuis 2015, pour certaines, 2016 pour la plupart, 2017 par la suite et ainsi de suite \u00bb.<\/p>\n<p>\u00ab A Tillab\u00e9ry, nous n\u2019avons pas eu un mouvement de d\u00e9placement et de fixation d\u00e9finitifs de populations sur des sites hors de leurs terroirs, sauf les nombreuses populations de la commune d\u2019Inat\u00e8s qui se sont bas\u00e9es \u00e0 Ay\u00e9rou. Nous en estimons le nombre \u00e0 15.000 \u00e0 peu pr\u00e8s. Toutes les autres populations, elles ont connu des d\u00e9placements, mais qui n\u2019ont pas dur\u00e9, et en particulier cette ann\u00e9e. Dans l\u2019Anzourou, nous avons r\u00e9agi rapidement pour les ramener et les s\u00e9curiser \u00bb, a d\u00e9clar\u00e9 le Chef de l\u2019Etat nig\u00e9rien. \u00ab Elles sont s\u00e9curis\u00e9es \u00bb, a-t-il insist\u00e9.<\/p>\n<p>Cependant, a-t-il reconnu, \u00ab il y a eu beaucoup de tentatives d\u2019agressions et de violences contre elles, mais qui ont \u00e9t\u00e9 mises \u00e0 l\u2019\u00e9chec gr\u00e2ce aux dispositifs mis en place de fa\u00e7on durable \u00bb.<\/p>\n<p>Parlant toujours de la situation de retour des populations dans la R\u00e9gion de Tillab\u00e9ry, le Chef de l\u2019Etat souligne que dans certaines communes du Zarmaganda, comme Tondi Kiwindi et Banibangou, des populations se sont d\u00e9plac\u00e9es, mais ont \u00e9t\u00e9 ramen\u00e9es \u00e9galement. \u00ab Nous les avons ramen\u00e9es, parce qu\u2019il y a la saison des pluies qui approche. Il fallait que ces populations retournent chez elles pour s\u2019adonner \u00e0 leur activit\u00e9 \u00e9conomique principale qu\u2019est la culture \u00bb, a fait savoir le Pr\u00e9sident de la R\u00e9publique.<\/p>\n<p>Le Pr\u00e9sident de la R\u00e9publique souligne qu\u2019il \u00ab ne nous reste que la population d\u2019Inat\u00e8s que nous n\u2019avons pas ramen\u00e9e et pour laquelle nous n\u2019avons pas encore de calendrier, simplement parce que nous estimons que nous n\u2019avons pas un rapport de force suffisant pour s\u00e9curiser cette zone qui est extr\u00eamement dangereuse \u00bb, a martel\u00e9 le Chef de l\u2019Ex\u00e9cutif nig\u00e9rien.<\/p>\n<p>\u00ab Nous ne ramenons les populations que dans la mesure o\u00f9 nous pouvons les prot\u00e9ger. C\u2019est ce qui s\u2019est pass\u00e9 \u00e0 Diffa, parce que nous avons cr\u00e9\u00e9 un rapport de force militaire qui nous permet de le faire. Mais dans la zone d\u2019Inat\u00e8s, le rapport de force n\u2019est pas encore favorable \u00bb, a accentu\u00e9 le Pr\u00e9sident de la R\u00e9publique.<\/p>\n<p>Il ajoute, en outre, \u00ab nous avons des populations d\u00e9plac\u00e9es aussi dans la commune de Diagourou \u00e0 T\u00e9ra, des populations dans les communes de Torodi et de Makalondi, qui ne sont pas tr\u00e8s nombreuses. Malheureusement, c\u2019est une zone dont la forme de pr\u00e9valence terroriste est telle que nous ne sont pas en mesure l\u00e0 \u00e9galement d\u2019assurer la s\u00e9curit\u00e9 dans tous les villages. Et nous avons accept\u00e9 par cons\u00e9quent, pour le moment, que ces populations restent sur les sites o\u00f9 elles se sont install\u00e9es par la force \u00bb, a poursuivi Mohamed Bazoum.<\/p>\n<p>Le Pr\u00e9sident de la R\u00e9publique a aussi r\u00e9agi \u00e0 une question des journalistes sur ses r\u00e9cents propos tenus lors de sa visite, la semaine derni\u00e8re \u00e0 Paris, o\u00f9 il d\u00e9clarait \u00ab au Mali, en 2012, les militaires avaient \u00e9chou\u00e9, ils sont venus faire un coup d&rsquo;\u00c9tat. Cette ann\u00e9e encore, en 2021, ils ont fait la m\u00eame chose. Ce ne sont pas des choses acceptables \u00bb.<\/p>\n<p>Ces propos du Chef de l\u2019Etat ont suscit\u00e9 beaucoup de d\u00e9bats notamment sur les r\u00e9seaux sociaux. Et face \u00e0 cette pol\u00e9mique, Mohamed Bazoum s\u2019explique. \u00ab J\u2019ai relat\u00e9 ce qui s\u2019est pass\u00e9. Je disais qu\u2019il y a eu un coup d\u2019Etat. Et il y a quand m\u00eame une co\u00efncidence pour le moins troublante entre les difficult\u00e9s de l\u2019arm\u00e9e sur le front de la guerre et le coup d\u2019Etat. Et j\u2019ai \u00e9tabli une relation de cause \u00e0 effet \u00bb, a d\u00e9clar\u00e9 le dirigeant nig\u00e9rien, pr\u00e9cisant que \u00ab mon id\u00e9e \u00e0 moi, c\u2019est que les militaires ont vocation \u00e0 d\u00e9fendre leur patrie \u00bb.<\/p>\n<p>\u00ab Au demeurant, si je me le suis permis, je l\u2019ai fait avec la conscience qui est la mienne d\u2019\u00eatre un grand ami du Mali, parce le Mali pour nous, ce n\u2019est pas un autre pays de l\u2019Afrique australe, ni m\u00eame de l\u2019Afrique centrale ou de l\u2019Afrique de l\u2019Est. Ce sont nos fr\u00e8res \u00bb, a-t-il avanc\u00e9.<\/p>\n<p>&nbsp;<\/p>\n","protected":false},"excerpt":{"rendered":"<p>Africa-Press &#8211; Niger. Dans une interview qu\u2019il a accord\u00e9e \u00e0 la presse nationale, \u00e0 l\u2019occasion de ses premiers 100 jours \u00e0 la t\u00eate de l\u2019Etat, le Pr\u00e9sident de la R\u00e9publique du Niger Mohamed Bazoum s\u2019est largement \u00e9tal\u00e9 sur les questions s\u00e9curitaires concernant aussi bien son pays que ceux de la R\u00e9gion Sah\u00e9lienne. L\u2019une des questions [&hellip;]<\/p>\n","protected":false},"author":82,"featured_media":8681,"comment_status":"open","ping_status":"closed","sticky":false,"template":"","format":"standard","meta":{"footnotes":""},"categories":[11,2,20,10],"tags":[55,60,29],"class_list":["post-8682","post","type-post","status-publish","format-standard","has-post-thumbnail","hentry","category-homepage-french","category-politique","category-top-nouvelles","category-toutes-les-actualites","tag-africa-press","tag-africa-press-niger","tag-niger"],"yoast_head":"<!-- This site is optimized with the Yoast SEO Premium plugin v26.1 (Yoast SEO v27.0) - https:\/\/yoast.com\/product\/yoast-seo-premium-wordpress\/ -->\n<title>Ins\u00e9curit\u00e9 au Sahel : Le Pr\u00e9sident Mohamed Bazoum regrette &quot;la faiblesse des arm\u00e9es locales pour faire face \u00e0 la situation&quot; - niger<\/title>\n<meta name=\"description\" content=\", 13 juillet (ANP) - Dans une interview qu\u2019il a accord\u00e9e \u00e0 la presse nationale, \u00e0 l\u2019occasion de ses premiers 100 jours \u00e0 ...\" \/>\n<meta name=\"robots\" content=\"index, follow, max-snippet:-1, max-image-preview:large, max-video-preview:-1\" \/>\n<link rel=\"canonical\" href=\"https:\/\/www.africa-press.net\/niger\/politique\/insecurite-au-sahel-le-president-mohamed-bazoum-regrette-la-faiblesse-des-armees-locales-pour-faire-face-a-la-situation\" \/>\n<meta property=\"og:locale\" content=\"fr_FR\" \/>\n<meta property=\"og:type\" content=\"article\" \/>\n<meta property=\"og:title\" content=\"Ins\u00e9curit\u00e9 au Sahel : Le Pr\u00e9sident Mohamed Bazoum regrette &quot;la faiblesse des arm\u00e9es locales pour faire face \u00e0 la situation&quot;\" \/>\n<meta property=\"og:description\" content=\", 13 juillet (ANP) - Dans une interview qu\u2019il a accord\u00e9e \u00e0 la presse nationale, \u00e0 l\u2019occasion de ses premiers 100 jours \u00e0 ...\" \/>\n<meta property=\"og:url\" content=\"https:\/\/www.africa-press.net\/niger\/politique\/insecurite-au-sahel-le-president-mohamed-bazoum-regrette-la-faiblesse-des-armees-locales-pour-faire-face-a-la-situation\" \/>\n<meta property=\"og:site_name\" content=\"niger\" \/>\n<meta property=\"article:published_time\" content=\"2021-07-14T15:14:35+00:00\" \/>\n<meta property=\"article:modified_time\" content=\"2021-07-14T16:33:46+00:00\" \/>\n<meta property=\"og:image\" content=\"https:\/\/static.africa-press.net\/niger\/sites\/40\/2021\/07\/img-60eee187ed9a9.jpg\" \/>\n\t<meta property=\"og:image:width\" content=\"960\" \/>\n\t<meta property=\"og:image:height\" content=\"540\" \/>\n\t<meta property=\"og:image:type\" content=\"image\/jpeg\" \/>\n<meta name=\"author\" content=\"cfeditorfr\" \/>\n<meta name=\"twitter:card\" content=\"summary_large_image\" \/>\n<meta name=\"twitter:label1\" content=\"\u00c9crit par\" \/>\n\t<meta name=\"twitter:data1\" content=\"cfeditorfr\" \/>\n\t<meta name=\"twitter:label2\" content=\"Dur\u00e9e de lecture estim\u00e9e\" \/>\n\t<meta name=\"twitter:data2\" content=\"5 minutes\" \/>\n<script type=\"application\/ld+json\" class=\"yoast-schema-graph\">{\"@context\":\"https:\/\/schema.org\",\"@graph\":[{\"@type\":\"Article\",\"@id\":\"https:\/\/www.africa-press.net\/niger\/politique\/insecurite-au-sahel-le-president-mohamed-bazoum-regrette-la-faiblesse-des-armees-locales-pour-faire-face-a-la-situation#article\",\"isPartOf\":{\"@id\":\"https:\/\/www.africa-press.net\/niger\/politique\/insecurite-au-sahel-le-president-mohamed-bazoum-regrette-la-faiblesse-des-armees-locales-pour-faire-face-a-la-situation\"},\"author\":{\"name\":\"cfeditorfr\",\"@id\":\"https:\/\/www.africa-press.net\/niger\/#\/schema\/person\/2b1cf3cd81a31e3cd26889ca66d677f1\"},\"headline\":\"Ins\u00e9curit\u00e9 au Sahel : Le Pr\u00e9sident Mohamed Bazoum regrette \u00ab\u00a0la faiblesse des arm\u00e9es locales pour faire face \u00e0 la situation\u00a0\u00bb\",\"datePublished\":\"2021-07-14T15:14:35+00:00\",\"dateModified\":\"2021-07-14T16:33:46+00:00\",\"mainEntityOfPage\":{\"@id\":\"https:\/\/www.africa-press.net\/niger\/politique\/insecurite-au-sahel-le-president-mohamed-bazoum-regrette-la-faiblesse-des-armees-locales-pour-faire-face-a-la-situation\"},\"wordCount\":1263,\"commentCount\":0,\"image\":{\"@id\":\"https:\/\/www.africa-press.net\/niger\/politique\/insecurite-au-sahel-le-president-mohamed-bazoum-regrette-la-faiblesse-des-armees-locales-pour-faire-face-a-la-situation#primaryimage\"},\"thumbnailUrl\":\"https:\/\/static.africa-press.net\/niger\/sites\/40\/2021\/07\/img-60eee187ed9a9.jpg\",\"keywords\":[\"Africa Press\",\"Africa Press-Niger\",\"Niger\"],\"articleSection\":[\"homepage-french\",\"Politique\",\"Top Nouvelles\",\"Toutes les actualit\u00e9s\"],\"inLanguage\":\"fr-FR\",\"potentialAction\":[{\"@type\":\"CommentAction\",\"name\":\"Comment\",\"target\":[\"https:\/\/www.africa-press.net\/niger\/politique\/insecurite-au-sahel-le-president-mohamed-bazoum-regrette-la-faiblesse-des-armees-locales-pour-faire-face-a-la-situation#respond\"]}]},{\"@type\":\"WebPage\",\"@id\":\"https:\/\/www.africa-press.net\/niger\/politique\/insecurite-au-sahel-le-president-mohamed-bazoum-regrette-la-faiblesse-des-armees-locales-pour-faire-face-a-la-situation\",\"url\":\"https:\/\/www.africa-press.net\/niger\/politique\/insecurite-au-sahel-le-president-mohamed-bazoum-regrette-la-faiblesse-des-armees-locales-pour-faire-face-a-la-situation\",\"name\":\"Ins\u00e9curit\u00e9 au Sahel : Le Pr\u00e9sident Mohamed Bazoum regrette \\\"la faiblesse des arm\u00e9es locales pour faire face \u00e0 la situation\\\" - niger\",\"isPartOf\":{\"@id\":\"https:\/\/www.africa-press.net\/niger\/#website\"},\"primaryImageOfPage\":{\"@id\":\"https:\/\/www.africa-press.net\/niger\/politique\/insecurite-au-sahel-le-president-mohamed-bazoum-regrette-la-faiblesse-des-armees-locales-pour-faire-face-a-la-situation#primaryimage\"},\"image\":{\"@id\":\"https:\/\/www.africa-press.net\/niger\/politique\/insecurite-au-sahel-le-president-mohamed-bazoum-regrette-la-faiblesse-des-armees-locales-pour-faire-face-a-la-situation#primaryimage\"},\"thumbnailUrl\":\"https:\/\/static.africa-press.net\/niger\/sites\/40\/2021\/07\/img-60eee187ed9a9.jpg\",\"datePublished\":\"2021-07-14T15:14:35+00:00\",\"dateModified\":\"2021-07-14T16:33:46+00:00\",\"author\":{\"@id\":\"https:\/\/www.africa-press.net\/niger\/#\/schema\/person\/2b1cf3cd81a31e3cd26889ca66d677f1\"},\"description\":\", 13 juillet (ANP) - Dans une interview qu\u2019il a accord\u00e9e \u00e0 la presse nationale, \u00e0 l\u2019occasion de ses premiers 100 jours \u00e0 ...\",\"breadcrumb\":{\"@id\":\"https:\/\/www.africa-press.net\/niger\/politique\/insecurite-au-sahel-le-president-mohamed-bazoum-regrette-la-faiblesse-des-armees-locales-pour-faire-face-a-la-situation#breadcrumb\"},\"inLanguage\":\"fr-FR\",\"potentialAction\":[{\"@type\":\"ReadAction\",\"target\":[\"https:\/\/www.africa-press.net\/niger\/politique\/insecurite-au-sahel-le-president-mohamed-bazoum-regrette-la-faiblesse-des-armees-locales-pour-faire-face-a-la-situation\"]}]},{\"@type\":\"ImageObject\",\"inLanguage\":\"fr-FR\",\"@id\":\"https:\/\/www.africa-press.net\/niger\/politique\/insecurite-au-sahel-le-president-mohamed-bazoum-regrette-la-faiblesse-des-armees-locales-pour-faire-face-a-la-situation#primaryimage\",\"url\":\"https:\/\/static.africa-press.net\/niger\/sites\/40\/2021\/07\/img-60eee187ed9a9.jpg\",\"contentUrl\":\"https:\/\/static.africa-press.net\/niger\/sites\/40\/2021\/07\/img-60eee187ed9a9.jpg\",\"width\":960,\"height\":540,\"caption\":\"\"},{\"@type\":\"BreadcrumbList\",\"@id\":\"https:\/\/www.africa-press.net\/niger\/politique\/insecurite-au-sahel-le-president-mohamed-bazoum-regrette-la-faiblesse-des-armees-locales-pour-faire-face-a-la-situation#breadcrumb\",\"itemListElement\":[{\"@type\":\"ListItem\",\"position\":1,\"name\":\"Accueil\",\"item\":\"https:\/\/www.africa-press.net\/niger\/\"},{\"@type\":\"ListItem\",\"position\":2,\"name\":\"Ins\u00e9curit\u00e9 au Sahel : Le Pr\u00e9sident Mohamed Bazoum regrette &#8220;la faiblesse des arm\u00e9es locales pour faire face \u00e0 la situation&#8221;\"}]},{\"@type\":\"WebSite\",\"@id\":\"https:\/\/www.africa-press.net\/niger\/#website\",\"url\":\"https:\/\/www.africa-press.net\/niger\/\",\"name\":\"niger\",\"description\":\"Just another Africa News Agency Sites site\",\"potentialAction\":[{\"@type\":\"SearchAction\",\"target\":{\"@type\":\"EntryPoint\",\"urlTemplate\":\"https:\/\/www.africa-press.net\/niger\/?s={search_term_string}\"},\"query-input\":{\"@type\":\"PropertyValueSpecification\",\"valueRequired\":true,\"valueName\":\"search_term_string\"}}],\"inLanguage\":\"fr-FR\"},{\"@type\":\"Person\",\"@id\":\"https:\/\/www.africa-press.net\/niger\/#\/schema\/person\/2b1cf3cd81a31e3cd26889ca66d677f1\",\"name\":\"cfeditorfr\"}]}<\/script>\n<!-- \/ Yoast SEO Premium plugin. -->","yoast_head_json":{"title":"Ins\u00e9curit\u00e9 au Sahel : Le Pr\u00e9sident Mohamed Bazoum regrette \"la faiblesse des arm\u00e9es locales pour faire face \u00e0 la situation\" - niger","description":", 13 juillet (ANP) - Dans une interview qu\u2019il a accord\u00e9e \u00e0 la presse nationale, \u00e0 l\u2019occasion de ses premiers 100 jours \u00e0 ...","robots":{"index":"index","follow":"follow","max-snippet":"max-snippet:-1","max-image-preview":"max-image-preview:large","max-video-preview":"max-video-preview:-1"},"canonical":"https:\/\/www.africa-press.net\/niger\/politique\/insecurite-au-sahel-le-president-mohamed-bazoum-regrette-la-faiblesse-des-armees-locales-pour-faire-face-a-la-situation","og_locale":"fr_FR","og_type":"article","og_title":"Ins\u00e9curit\u00e9 au Sahel : Le Pr\u00e9sident Mohamed Bazoum regrette \"la faiblesse des arm\u00e9es locales pour faire face \u00e0 la situation\"","og_description":", 13 juillet (ANP) - Dans une interview qu\u2019il a accord\u00e9e \u00e0 la presse nationale, \u00e0 l\u2019occasion de ses premiers 100 jours \u00e0 ...","og_url":"https:\/\/www.africa-press.net\/niger\/politique\/insecurite-au-sahel-le-president-mohamed-bazoum-regrette-la-faiblesse-des-armees-locales-pour-faire-face-a-la-situation","og_site_name":"niger","article_published_time":"2021-07-14T15:14:35+00:00","article_modified_time":"2021-07-14T16:33:46+00:00","og_image":[{"width":960,"height":540,"url":"https:\/\/static.africa-press.net\/niger\/sites\/40\/2021\/07\/img-60eee187ed9a9.jpg","type":"image\/jpeg"}],"author":"cfeditorfr","twitter_card":"summary_large_image","twitter_misc":{"\u00c9crit par":"cfeditorfr","Dur\u00e9e de lecture estim\u00e9e":"5 minutes"},"schema":{"@context":"https:\/\/schema.org","@graph":[{"@type":"Article","@id":"https:\/\/www.africa-press.net\/niger\/politique\/insecurite-au-sahel-le-president-mohamed-bazoum-regrette-la-faiblesse-des-armees-locales-pour-faire-face-a-la-situation#article","isPartOf":{"@id":"https:\/\/www.africa-press.net\/niger\/politique\/insecurite-au-sahel-le-president-mohamed-bazoum-regrette-la-faiblesse-des-armees-locales-pour-faire-face-a-la-situation"},"author":{"name":"cfeditorfr","@id":"https:\/\/www.africa-press.net\/niger\/#\/schema\/person\/2b1cf3cd81a31e3cd26889ca66d677f1"},"headline":"Ins\u00e9curit\u00e9 au Sahel : Le Pr\u00e9sident Mohamed Bazoum regrette \u00ab\u00a0la faiblesse des arm\u00e9es locales pour faire face \u00e0 la situation\u00a0\u00bb","datePublished":"2021-07-14T15:14:35+00:00","dateModified":"2021-07-14T16:33:46+00:00","mainEntityOfPage":{"@id":"https:\/\/www.africa-press.net\/niger\/politique\/insecurite-au-sahel-le-president-mohamed-bazoum-regrette-la-faiblesse-des-armees-locales-pour-faire-face-a-la-situation"},"wordCount":1263,"commentCount":0,"image":{"@id":"https:\/\/www.africa-press.net\/niger\/politique\/insecurite-au-sahel-le-president-mohamed-bazoum-regrette-la-faiblesse-des-armees-locales-pour-faire-face-a-la-situation#primaryimage"},"thumbnailUrl":"https:\/\/static.africa-press.net\/niger\/sites\/40\/2021\/07\/img-60eee187ed9a9.jpg","keywords":["Africa Press","Africa Press-Niger","Niger"],"articleSection":["homepage-french","Politique","Top Nouvelles","Toutes les actualit\u00e9s"],"inLanguage":"fr-FR","potentialAction":[{"@type":"CommentAction","name":"Comment","target":["https:\/\/www.africa-press.net\/niger\/politique\/insecurite-au-sahel-le-president-mohamed-bazoum-regrette-la-faiblesse-des-armees-locales-pour-faire-face-a-la-situation#respond"]}]},{"@type":"WebPage","@id":"https:\/\/www.africa-press.net\/niger\/politique\/insecurite-au-sahel-le-president-mohamed-bazoum-regrette-la-faiblesse-des-armees-locales-pour-faire-face-a-la-situation","url":"https:\/\/www.africa-press.net\/niger\/politique\/insecurite-au-sahel-le-president-mohamed-bazoum-regrette-la-faiblesse-des-armees-locales-pour-faire-face-a-la-situation","name":"Ins\u00e9curit\u00e9 au Sahel : Le Pr\u00e9sident Mohamed Bazoum regrette \"la faiblesse des arm\u00e9es locales pour faire face \u00e0 la situation\" - niger","isPartOf":{"@id":"https:\/\/www.africa-press.net\/niger\/#website"},"primaryImageOfPage":{"@id":"https:\/\/www.africa-press.net\/niger\/politique\/insecurite-au-sahel-le-president-mohamed-bazoum-regrette-la-faiblesse-des-armees-locales-pour-faire-face-a-la-situation#primaryimage"},"image":{"@id":"https:\/\/www.africa-press.net\/niger\/politique\/insecurite-au-sahel-le-president-mohamed-bazoum-regrette-la-faiblesse-des-armees-locales-pour-faire-face-a-la-situation#primaryimage"},"thumbnailUrl":"https:\/\/static.africa-press.net\/niger\/sites\/40\/2021\/07\/img-60eee187ed9a9.jpg","datePublished":"2021-07-14T15:14:35+00:00","dateModified":"2021-07-14T16:33:46+00:00","author":{"@id":"https:\/\/www.africa-press.net\/niger\/#\/schema\/person\/2b1cf3cd81a31e3cd26889ca66d677f1"},"description":", 13 juillet (ANP) - Dans une interview qu\u2019il a accord\u00e9e \u00e0 la presse nationale, \u00e0 l\u2019occasion de ses premiers 100 jours \u00e0 ...","breadcrumb":{"@id":"https:\/\/www.africa-press.net\/niger\/politique\/insecurite-au-sahel-le-president-mohamed-bazoum-regrette-la-faiblesse-des-armees-locales-pour-faire-face-a-la-situation#breadcrumb"},"inLanguage":"fr-FR","potentialAction":[{"@type":"ReadAction","target":["https:\/\/www.africa-press.net\/niger\/politique\/insecurite-au-sahel-le-president-mohamed-bazoum-regrette-la-faiblesse-des-armees-locales-pour-faire-face-a-la-situation"]}]},{"@type":"ImageObject","inLanguage":"fr-FR","@id":"https:\/\/www.africa-press.net\/niger\/politique\/insecurite-au-sahel-le-president-mohamed-bazoum-regrette-la-faiblesse-des-armees-locales-pour-faire-face-a-la-situation#primaryimage","url":"https:\/\/static.africa-press.net\/niger\/sites\/40\/2021\/07\/img-60eee187ed9a9.jpg","contentUrl":"https:\/\/static.africa-press.net\/niger\/sites\/40\/2021\/07\/img-60eee187ed9a9.jpg","width":960,"height":540,"caption":""},{"@type":"BreadcrumbList","@id":"https:\/\/www.africa-press.net\/niger\/politique\/insecurite-au-sahel-le-president-mohamed-bazoum-regrette-la-faiblesse-des-armees-locales-pour-faire-face-a-la-situation#breadcrumb","itemListElement":[{"@type":"ListItem","position":1,"name":"Accueil","item":"https:\/\/www.africa-press.net\/niger\/"},{"@type":"ListItem","position":2,"name":"Ins\u00e9curit\u00e9 au Sahel : Le Pr\u00e9sident Mohamed Bazoum regrette &#8220;la faiblesse des arm\u00e9es locales pour faire face \u00e0 la situation&#8221;"}]},{"@type":"WebSite","@id":"https:\/\/www.africa-press.net\/niger\/#website","url":"https:\/\/www.africa-press.net\/niger\/","name":"niger","description":"Just another Africa News Agency Sites site","potentialAction":[{"@type":"SearchAction","target":{"@type":"EntryPoint","urlTemplate":"https:\/\/www.africa-press.net\/niger\/?s={search_term_string}"},"query-input":{"@type":"PropertyValueSpecification","valueRequired":true,"valueName":"search_term_string"}}],"inLanguage":"fr-FR"},{"@type":"Person","@id":"https:\/\/www.africa-press.net\/niger\/#\/schema\/person\/2b1cf3cd81a31e3cd26889ca66d677f1","name":"cfeditorfr"}]}},"_links":{"self":[{"href":"https:\/\/www.africa-press.net\/niger\/wp-json\/wp\/v2\/posts\/8682","targetHints":{"allow":["GET"]}}],"collection":[{"href":"https:\/\/www.africa-press.net\/niger\/wp-json\/wp\/v2\/posts"}],"about":[{"href":"https:\/\/www.africa-press.net\/niger\/wp-json\/wp\/v2\/types\/post"}],"author":[{"embeddable":true,"href":"https:\/\/www.africa-press.net\/niger\/wp-json\/wp\/v2\/users\/82"}],"replies":[{"embeddable":true,"href":"https:\/\/www.africa-press.net\/niger\/wp-json\/wp\/v2\/comments?post=8682"}],"version-history":[{"count":0,"href":"https:\/\/www.africa-press.net\/niger\/wp-json\/wp\/v2\/posts\/8682\/revisions"}],"wp:featuredmedia":[{"embeddable":true,"href":"https:\/\/www.africa-press.net\/niger\/wp-json\/wp\/v2\/media\/8681"}],"wp:attachment":[{"href":"https:\/\/www.africa-press.net\/niger\/wp-json\/wp\/v2\/media?parent=8682"}],"wp:term":[{"taxonomy":"category","embeddable":true,"href":"https:\/\/www.africa-press.net\/niger\/wp-json\/wp\/v2\/categories?post=8682"},{"taxonomy":"post_tag","embeddable":true,"href":"https:\/\/www.africa-press.net\/niger\/wp-json\/wp\/v2\/tags?post=8682"}],"curies":[{"name":"wp","href":"https:\/\/api.w.org\/{rel}","templated":true}]}}