{"id":8689,"date":"2021-07-14T15:33:01","date_gmt":"2021-07-14T15:33:01","guid":{"rendered":"https:\/\/www.africa-press.net\/niger\/?p=8689"},"modified":"2021-07-14T16:34:37","modified_gmt":"2021-07-14T16:34:37","slug":"premiere-session-du-conseil-national-du-travail-du-niger-plusieurs-questions-dordre-socioeconomique-a-lordre-du-jour","status":"publish","type":"post","link":"https:\/\/www.africa-press.net\/niger\/politique\/premiere-session-du-conseil-national-du-travail-du-niger-plusieurs-questions-dordre-socioeconomique-a-lordre-du-jour","title":{"rendered":"Premi\u00e8re session du Conseil National du Travail du Niger : Plusieurs questions d\u2019ordre socio\u00e9conomique \u00e0 l\u2019ordre du jour"},"content":{"rendered":"<p><span style=\"color: #ff6600\"><strong><a href=\"https:\/\/www.africa-press.net\/\">Africa-Press<\/a> &#8211; <a href=\"https:\/\/www.africa-press.net\/niger\">Niger<\/a>. <\/strong><\/span>\u00a0Le Premier Ministre Ouhoumoudou Mahamadou a pr\u00e9sid\u00e9, ce mardi 13 juillet 2021 dans la Salle des Banquets de la Primature, la premi\u00e8re session du Conseil national du travail (CNT) au titre de l\u2019ann\u00e9e 2021.<\/p>\n<p>Cette rencontre, qui se veut un cadre de concertation entre les membres du Gouvernement, les acteurs des syndicats des travailleurs du Niger et ceux du patronat, avait \u00e0 son ordre du jour \u00ab\u00a0l\u2019examen et l\u2019adoption du compte rendu de la derni\u00e8re session ordinaire ; l\u2019examen et l\u2019adoption de l\u2019\u00e9tat de mise en \u0153uvre des recommandations de la derni\u00e8re session du Conseil ; l\u2019examen de l\u2019\u00e9tat de mise en \u0153uvre du projet d\u2019acquisition de 15.000 parcelles ; ainsi que Discussion sur la revalorisation du SMIG, des salaires minima et de la pension et l\u2019Examen de l\u2019impact de la pand\u00e9mie de COVID-19 sur les entreprises au Niger ; Et enfin l\u2019examen de la probl\u00e9matique d\u2019acc\u00e8s aux march\u00e9s publics par les entreprises nig\u00e9riennes\u00a0\u00bb.<\/p>\n<p>Dans son intervention, le Premier Ministre Ouhoumoudou Mahamadou a d\u2019abord tenu \u00e0 faire observer que cette session intervient au lendemain du 100\u00e8me jour d\u2019une transition d\u00e9mocratique salu\u00e9e par le monde entier, une transition qui a consacr\u00e9 le passage de pouvoir entre deux Pr\u00e9sidents d\u00e9mocratiquement \u00e9lus, qui a permis de conforter la maturit\u00e9 politique du peuple nig\u00e9rien et la stabilit\u00e9 politique et sociale entretenue ces 10 derni\u00e8res ann\u00e9es.<\/p>\n<p>Le Chef du Gouvernement nig\u00e9rien a rappel\u00e9 ensuite qu\u2019un des engagements majeurs du nouveau Pr\u00e9sident de la R\u00e9publique, MOHAMED BAZOUM, est de consolider cet acquis dont le socle est le dialogue et la concertation avec l\u2019ensemble des partenaires, en particulier les partenaires sociaux.<\/p>\n<p>\u00ab C\u2019est le sens de sa rencontre avec notamment les Centrales syndicales, les syndicats d\u2019enseignants et des magistrats, et les Organisations de la soci\u00e9t\u00e9 civile, quelques semaines seulement apr\u00e8s son av\u00e8nement au pouvoir \u00bb, a-t-il d\u00e9clar\u00e9, avant d\u2019ajouter que \u00ab nous nous devons de suivre son exemple et d\u2019entretenir un dialogue constructif entre le Gouvernement et les couches socio-professionnelles comme c\u2019est le cas avec la tenue de la pr\u00e9sente session du Conseil National du Travail \u00bb.<\/p>\n<p>Apr\u00e8s avoir soulign\u00e9 le r\u00f4le du CNT, qui est un organe tripartite de consultation et de concertation permanentes dans le domaine du travail et des pr\u00e9occupations qui s\u2019y rattachent, M. Ouhoumoudou Mahamadou a par la suite soulign\u00e9 que la mission dudit Conseil est de cr\u00e9er les conditions d\u2019une paix sociale indispensable \u00e0 la consolidation des Institutions d\u00e9mocratiques et r\u00e9publicaines et au d\u00e9veloppement socio-\u00e9conomique du Niger.<\/p>\n<p>C\u2019est pourquoi, il a voulu interpeller les membres du Conseil sur les responsabilit\u00e9s qui sont les leurs et les inviter, en cons\u00e9quence, \u00e0 \u00eatre des forces de propositions sur toutes les questions relevant de leurs comp\u00e9tences.<\/p>\n<p>Sur le point relatif au projet d\u2019acquisition de 15.000 parcelles qui seront mises gratuitement \u00e0 la disposition des travailleurs nig\u00e9riens, le Chef du Gouvernement nig\u00e9rien a annonc\u00e9 qu\u2019au cours de cette rencontre il sera question de v\u00e9rifier l\u2019effectivit\u00e9 de la mise en \u0153uvre des recommandations formul\u00e9es \u00e0 cet effet et de rechercher, si besoin est, d\u2019autres mesures pouvant assurer la r\u00e9ussite dudit projet.<\/p>\n<p>Concernant le point sur la possibilit\u00e9 d\u2019une \u00e9ventuelle revalorisation du SMIG, des salaires minima et des pensions, M. Ouhoumoudou Mahamadou de dire qu\u2019il s\u2019agit l\u00e0 d\u2019une dol\u00e9ance \u00e9mise par les partenaires sociaux et qu\u2019il en appelle \u00e0 la sagesse de tous pour mener des d\u00e9bats en tenant compte des d\u00e9fis actuels auxquels notre pays fait face et en jugeant de l\u2019opportunit\u00e9 de cette demande.<\/p>\n<p>\u00ab Nos \u00e9changes se pencheront, aujourd\u2019hui, sur l\u2019impact de ces mesures sur la r\u00e9silience de nos entreprises, de v\u00e9rifier leur efficacit\u00e9 et de rechercher, au besoin, d\u2019autres mesures susceptibles de relancer l\u2019\u00e9conomie de notre pays \u00bb, a-t-il poursuivi.<\/p>\n<p>Parlant de la probl\u00e9matique d\u2019acc\u00e8s aux march\u00e9s publics par les entreprises nig\u00e9riennes, le Premier Ministre a rassur\u00e9 que le Gouvernement est et restera aux c\u00f4t\u00e9s des entreprises du secteur priv\u00e9 pour qu\u2019elles soient plus performantes surtout dans le contexte d\u2019int\u00e9gration sous r\u00e9gionale et r\u00e9gionale, o\u00f9 elles doivent prendre toute leur part.<\/p>\n<p>Le Conseil National du Travail (CNT), note-t-on, est charg\u00e9 de privil\u00e9gier la concertation en amont pour pr\u00e9venir les conflits ; promouvoir la recherche du consensus autour des questions d\u2019int\u00e9r\u00eat national ; contribuer au renforcement des activit\u00e9s \u00e9conomiques par une am\u00e9lioration sensible de l\u2019environnement \u00e9conomique.<\/p>\n<p>&nbsp;<\/p>\n","protected":false},"excerpt":{"rendered":"<p>Africa-Press &#8211; Niger. \u00a0Le Premier Ministre Ouhoumoudou Mahamadou a pr\u00e9sid\u00e9, ce mardi 13 juillet 2021 dans la Salle des Banquets de la Primature, la premi\u00e8re session du Conseil national du travail (CNT) au titre de l\u2019ann\u00e9e 2021. Cette rencontre, qui se veut un cadre de concertation entre les membres du Gouvernement, les acteurs des syndicats [&hellip;]<\/p>\n","protected":false},"author":82,"featured_media":8688,"comment_status":"open","ping_status":"closed","sticky":false,"template":"","format":"standard","meta":{"footnotes":""},"categories":[11,2,10],"tags":[55,60,29],"class_list":["post-8689","post","type-post","status-publish","format-standard","has-post-thumbnail","hentry","category-homepage-french","category-politique","category-toutes-les-actualites","tag-africa-press","tag-africa-press-niger","tag-niger"],"yoast_head":"<!-- This site is optimized with the Yoast SEO Premium plugin v26.1 (Yoast SEO v27.0) - https:\/\/yoast.com\/product\/yoast-seo-premium-wordpress\/ -->\n<title>Premi\u00e8re session du Conseil National du Travail du Niger : Plusieurs questions d\u2019ordre socio\u00e9conomique \u00e0 l\u2019ordre du jour - niger<\/title>\n<meta name=\"description\" content=\", 13 Juillet (ANP) - Le Premier Ministre Ouhoumoudou Mahamadou a pr\u00e9sid\u00e9, ce mardi 13 juillet 2021 dans la Salle des Ban ...\" \/>\n<meta name=\"robots\" content=\"index, follow, max-snippet:-1, max-image-preview:large, max-video-preview:-1\" \/>\n<link rel=\"canonical\" href=\"https:\/\/www.africa-press.net\/niger\/politique\/premiere-session-du-conseil-national-du-travail-du-niger-plusieurs-questions-dordre-socioeconomique-a-lordre-du-jour\" \/>\n<meta property=\"og:locale\" content=\"fr_FR\" \/>\n<meta property=\"og:type\" content=\"article\" \/>\n<meta property=\"og:title\" content=\"Premi\u00e8re session du Conseil National du Travail du Niger : Plusieurs questions d\u2019ordre socio\u00e9conomique \u00e0 l\u2019ordre du jour\" \/>\n<meta property=\"og:description\" content=\", 13 Juillet (ANP) - Le Premier Ministre Ouhoumoudou Mahamadou a pr\u00e9sid\u00e9, ce mardi 13 juillet 2021 dans la Salle des Ban ...\" \/>\n<meta property=\"og:url\" content=\"https:\/\/www.africa-press.net\/niger\/politique\/premiere-session-du-conseil-national-du-travail-du-niger-plusieurs-questions-dordre-socioeconomique-a-lordre-du-jour\" \/>\n<meta property=\"og:site_name\" content=\"niger\" \/>\n<meta property=\"article:published_time\" content=\"2021-07-14T15:33:01+00:00\" \/>\n<meta property=\"article:modified_time\" content=\"2021-07-14T16:34:37+00:00\" \/>\n<meta property=\"og:image\" content=\"https:\/\/static.africa-press.net\/niger\/sites\/40\/2021\/07\/img-60eee252f257b.jpg\" \/>\n\t<meta property=\"og:image:width\" content=\"1080\" \/>\n\t<meta property=\"og:image:height\" content=\"720\" \/>\n\t<meta property=\"og:image:type\" content=\"image\/jpeg\" \/>\n<meta name=\"author\" content=\"cfeditorfr\" \/>\n<meta name=\"twitter:card\" content=\"summary_large_image\" \/>\n<meta name=\"twitter:label1\" content=\"\u00c9crit par\" \/>\n\t<meta name=\"twitter:data1\" content=\"cfeditorfr\" \/>\n\t<meta name=\"twitter:label2\" content=\"Dur\u00e9e de lecture estim\u00e9e\" \/>\n\t<meta name=\"twitter:data2\" content=\"4 minutes\" \/>\n<script type=\"application\/ld+json\" class=\"yoast-schema-graph\">{\"@context\":\"https:\/\/schema.org\",\"@graph\":[{\"@type\":\"Article\",\"@id\":\"https:\/\/www.africa-press.net\/niger\/politique\/premiere-session-du-conseil-national-du-travail-du-niger-plusieurs-questions-dordre-socioeconomique-a-lordre-du-jour#article\",\"isPartOf\":{\"@id\":\"https:\/\/www.africa-press.net\/niger\/politique\/premiere-session-du-conseil-national-du-travail-du-niger-plusieurs-questions-dordre-socioeconomique-a-lordre-du-jour\"},\"author\":{\"name\":\"cfeditorfr\",\"@id\":\"https:\/\/www.africa-press.net\/niger\/#\/schema\/person\/2b1cf3cd81a31e3cd26889ca66d677f1\"},\"headline\":\"Premi\u00e8re session du Conseil National du Travail du Niger : Plusieurs questions d\u2019ordre socio\u00e9conomique \u00e0 l\u2019ordre du jour\",\"datePublished\":\"2021-07-14T15:33:01+00:00\",\"dateModified\":\"2021-07-14T16:34:37+00:00\",\"mainEntityOfPage\":{\"@id\":\"https:\/\/www.africa-press.net\/niger\/politique\/premiere-session-du-conseil-national-du-travail-du-niger-plusieurs-questions-dordre-socioeconomique-a-lordre-du-jour\"},\"wordCount\":805,\"commentCount\":0,\"image\":{\"@id\":\"https:\/\/www.africa-press.net\/niger\/politique\/premiere-session-du-conseil-national-du-travail-du-niger-plusieurs-questions-dordre-socioeconomique-a-lordre-du-jour#primaryimage\"},\"thumbnailUrl\":\"https:\/\/static.africa-press.net\/niger\/sites\/40\/2021\/07\/img-60eee252f257b.jpg\",\"keywords\":[\"Africa Press\",\"Africa Press-Niger\",\"Niger\"],\"articleSection\":[\"homepage-french\",\"Politique\",\"Toutes les actualit\u00e9s\"],\"inLanguage\":\"fr-FR\",\"potentialAction\":[{\"@type\":\"CommentAction\",\"name\":\"Comment\",\"target\":[\"https:\/\/www.africa-press.net\/niger\/politique\/premiere-session-du-conseil-national-du-travail-du-niger-plusieurs-questions-dordre-socioeconomique-a-lordre-du-jour#respond\"]}]},{\"@type\":\"WebPage\",\"@id\":\"https:\/\/www.africa-press.net\/niger\/politique\/premiere-session-du-conseil-national-du-travail-du-niger-plusieurs-questions-dordre-socioeconomique-a-lordre-du-jour\",\"url\":\"https:\/\/www.africa-press.net\/niger\/politique\/premiere-session-du-conseil-national-du-travail-du-niger-plusieurs-questions-dordre-socioeconomique-a-lordre-du-jour\",\"name\":\"Premi\u00e8re session du Conseil National du Travail du Niger : Plusieurs questions d\u2019ordre socio\u00e9conomique \u00e0 l\u2019ordre du jour - niger\",\"isPartOf\":{\"@id\":\"https:\/\/www.africa-press.net\/niger\/#website\"},\"primaryImageOfPage\":{\"@id\":\"https:\/\/www.africa-press.net\/niger\/politique\/premiere-session-du-conseil-national-du-travail-du-niger-plusieurs-questions-dordre-socioeconomique-a-lordre-du-jour#primaryimage\"},\"image\":{\"@id\":\"https:\/\/www.africa-press.net\/niger\/politique\/premiere-session-du-conseil-national-du-travail-du-niger-plusieurs-questions-dordre-socioeconomique-a-lordre-du-jour#primaryimage\"},\"thumbnailUrl\":\"https:\/\/static.africa-press.net\/niger\/sites\/40\/2021\/07\/img-60eee252f257b.jpg\",\"datePublished\":\"2021-07-14T15:33:01+00:00\",\"dateModified\":\"2021-07-14T16:34:37+00:00\",\"author\":{\"@id\":\"https:\/\/www.africa-press.net\/niger\/#\/schema\/person\/2b1cf3cd81a31e3cd26889ca66d677f1\"},\"description\":\", 13 Juillet (ANP) - Le Premier Ministre Ouhoumoudou Mahamadou a pr\u00e9sid\u00e9, ce mardi 13 juillet 2021 dans la Salle des Ban ...\",\"breadcrumb\":{\"@id\":\"https:\/\/www.africa-press.net\/niger\/politique\/premiere-session-du-conseil-national-du-travail-du-niger-plusieurs-questions-dordre-socioeconomique-a-lordre-du-jour#breadcrumb\"},\"inLanguage\":\"fr-FR\",\"potentialAction\":[{\"@type\":\"ReadAction\",\"target\":[\"https:\/\/www.africa-press.net\/niger\/politique\/premiere-session-du-conseil-national-du-travail-du-niger-plusieurs-questions-dordre-socioeconomique-a-lordre-du-jour\"]}]},{\"@type\":\"ImageObject\",\"inLanguage\":\"fr-FR\",\"@id\":\"https:\/\/www.africa-press.net\/niger\/politique\/premiere-session-du-conseil-national-du-travail-du-niger-plusieurs-questions-dordre-socioeconomique-a-lordre-du-jour#primaryimage\",\"url\":\"https:\/\/static.africa-press.net\/niger\/sites\/40\/2021\/07\/img-60eee252f257b.jpg\",\"contentUrl\":\"https:\/\/static.africa-press.net\/niger\/sites\/40\/2021\/07\/img-60eee252f257b.jpg\",\"width\":1080,\"height\":720,\"caption\":\"Premi\u00e8re session du Conseil National du Travail du Niger : Plusieurs questions d\u2019ordre socio\u00e9conomique \u00e0 l\u2019ordre du jour\"},{\"@type\":\"BreadcrumbList\",\"@id\":\"https:\/\/www.africa-press.net\/niger\/politique\/premiere-session-du-conseil-national-du-travail-du-niger-plusieurs-questions-dordre-socioeconomique-a-lordre-du-jour#breadcrumb\",\"itemListElement\":[{\"@type\":\"ListItem\",\"position\":1,\"name\":\"Accueil\",\"item\":\"https:\/\/www.africa-press.net\/niger\/\"},{\"@type\":\"ListItem\",\"position\":2,\"name\":\"Premi\u00e8re session du Conseil National du Travail du Niger : Plusieurs questions d\u2019ordre socio\u00e9conomique \u00e0 l\u2019ordre du jour\"}]},{\"@type\":\"WebSite\",\"@id\":\"https:\/\/www.africa-press.net\/niger\/#website\",\"url\":\"https:\/\/www.africa-press.net\/niger\/\",\"name\":\"niger\",\"description\":\"Just another Africa News Agency Sites site\",\"potentialAction\":[{\"@type\":\"SearchAction\",\"target\":{\"@type\":\"EntryPoint\",\"urlTemplate\":\"https:\/\/www.africa-press.net\/niger\/?s={search_term_string}\"},\"query-input\":{\"@type\":\"PropertyValueSpecification\",\"valueRequired\":true,\"valueName\":\"search_term_string\"}}],\"inLanguage\":\"fr-FR\"},{\"@type\":\"Person\",\"@id\":\"https:\/\/www.africa-press.net\/niger\/#\/schema\/person\/2b1cf3cd81a31e3cd26889ca66d677f1\",\"name\":\"cfeditorfr\"}]}<\/script>\n<!-- \/ Yoast SEO Premium plugin. -->","yoast_head_json":{"title":"Premi\u00e8re session du Conseil National du Travail du Niger : Plusieurs questions d\u2019ordre socio\u00e9conomique \u00e0 l\u2019ordre du jour - niger","description":", 13 Juillet (ANP) - Le Premier Ministre Ouhoumoudou Mahamadou a pr\u00e9sid\u00e9, ce mardi 13 juillet 2021 dans la Salle des Ban ...","robots":{"index":"index","follow":"follow","max-snippet":"max-snippet:-1","max-image-preview":"max-image-preview:large","max-video-preview":"max-video-preview:-1"},"canonical":"https:\/\/www.africa-press.net\/niger\/politique\/premiere-session-du-conseil-national-du-travail-du-niger-plusieurs-questions-dordre-socioeconomique-a-lordre-du-jour","og_locale":"fr_FR","og_type":"article","og_title":"Premi\u00e8re session du Conseil National du Travail du Niger : Plusieurs questions d\u2019ordre socio\u00e9conomique \u00e0 l\u2019ordre du jour","og_description":", 13 Juillet (ANP) - Le Premier Ministre Ouhoumoudou Mahamadou a pr\u00e9sid\u00e9, ce mardi 13 juillet 2021 dans la Salle des Ban ...","og_url":"https:\/\/www.africa-press.net\/niger\/politique\/premiere-session-du-conseil-national-du-travail-du-niger-plusieurs-questions-dordre-socioeconomique-a-lordre-du-jour","og_site_name":"niger","article_published_time":"2021-07-14T15:33:01+00:00","article_modified_time":"2021-07-14T16:34:37+00:00","og_image":[{"width":1080,"height":720,"url":"https:\/\/static.africa-press.net\/niger\/sites\/40\/2021\/07\/img-60eee252f257b.jpg","type":"image\/jpeg"}],"author":"cfeditorfr","twitter_card":"summary_large_image","twitter_misc":{"\u00c9crit par":"cfeditorfr","Dur\u00e9e de lecture estim\u00e9e":"4 minutes"},"schema":{"@context":"https:\/\/schema.org","@graph":[{"@type":"Article","@id":"https:\/\/www.africa-press.net\/niger\/politique\/premiere-session-du-conseil-national-du-travail-du-niger-plusieurs-questions-dordre-socioeconomique-a-lordre-du-jour#article","isPartOf":{"@id":"https:\/\/www.africa-press.net\/niger\/politique\/premiere-session-du-conseil-national-du-travail-du-niger-plusieurs-questions-dordre-socioeconomique-a-lordre-du-jour"},"author":{"name":"cfeditorfr","@id":"https:\/\/www.africa-press.net\/niger\/#\/schema\/person\/2b1cf3cd81a31e3cd26889ca66d677f1"},"headline":"Premi\u00e8re session du Conseil National du Travail du Niger : Plusieurs questions d\u2019ordre socio\u00e9conomique \u00e0 l\u2019ordre du jour","datePublished":"2021-07-14T15:33:01+00:00","dateModified":"2021-07-14T16:34:37+00:00","mainEntityOfPage":{"@id":"https:\/\/www.africa-press.net\/niger\/politique\/premiere-session-du-conseil-national-du-travail-du-niger-plusieurs-questions-dordre-socioeconomique-a-lordre-du-jour"},"wordCount":805,"commentCount":0,"image":{"@id":"https:\/\/www.africa-press.net\/niger\/politique\/premiere-session-du-conseil-national-du-travail-du-niger-plusieurs-questions-dordre-socioeconomique-a-lordre-du-jour#primaryimage"},"thumbnailUrl":"https:\/\/static.africa-press.net\/niger\/sites\/40\/2021\/07\/img-60eee252f257b.jpg","keywords":["Africa Press","Africa Press-Niger","Niger"],"articleSection":["homepage-french","Politique","Toutes les actualit\u00e9s"],"inLanguage":"fr-FR","potentialAction":[{"@type":"CommentAction","name":"Comment","target":["https:\/\/www.africa-press.net\/niger\/politique\/premiere-session-du-conseil-national-du-travail-du-niger-plusieurs-questions-dordre-socioeconomique-a-lordre-du-jour#respond"]}]},{"@type":"WebPage","@id":"https:\/\/www.africa-press.net\/niger\/politique\/premiere-session-du-conseil-national-du-travail-du-niger-plusieurs-questions-dordre-socioeconomique-a-lordre-du-jour","url":"https:\/\/www.africa-press.net\/niger\/politique\/premiere-session-du-conseil-national-du-travail-du-niger-plusieurs-questions-dordre-socioeconomique-a-lordre-du-jour","name":"Premi\u00e8re session du Conseil National du Travail du Niger : Plusieurs questions d\u2019ordre socio\u00e9conomique \u00e0 l\u2019ordre du jour - niger","isPartOf":{"@id":"https:\/\/www.africa-press.net\/niger\/#website"},"primaryImageOfPage":{"@id":"https:\/\/www.africa-press.net\/niger\/politique\/premiere-session-du-conseil-national-du-travail-du-niger-plusieurs-questions-dordre-socioeconomique-a-lordre-du-jour#primaryimage"},"image":{"@id":"https:\/\/www.africa-press.net\/niger\/politique\/premiere-session-du-conseil-national-du-travail-du-niger-plusieurs-questions-dordre-socioeconomique-a-lordre-du-jour#primaryimage"},"thumbnailUrl":"https:\/\/static.africa-press.net\/niger\/sites\/40\/2021\/07\/img-60eee252f257b.jpg","datePublished":"2021-07-14T15:33:01+00:00","dateModified":"2021-07-14T16:34:37+00:00","author":{"@id":"https:\/\/www.africa-press.net\/niger\/#\/schema\/person\/2b1cf3cd81a31e3cd26889ca66d677f1"},"description":", 13 Juillet (ANP) - Le Premier Ministre Ouhoumoudou Mahamadou a pr\u00e9sid\u00e9, ce mardi 13 juillet 2021 dans la Salle des Ban ...","breadcrumb":{"@id":"https:\/\/www.africa-press.net\/niger\/politique\/premiere-session-du-conseil-national-du-travail-du-niger-plusieurs-questions-dordre-socioeconomique-a-lordre-du-jour#breadcrumb"},"inLanguage":"fr-FR","potentialAction":[{"@type":"ReadAction","target":["https:\/\/www.africa-press.net\/niger\/politique\/premiere-session-du-conseil-national-du-travail-du-niger-plusieurs-questions-dordre-socioeconomique-a-lordre-du-jour"]}]},{"@type":"ImageObject","inLanguage":"fr-FR","@id":"https:\/\/www.africa-press.net\/niger\/politique\/premiere-session-du-conseil-national-du-travail-du-niger-plusieurs-questions-dordre-socioeconomique-a-lordre-du-jour#primaryimage","url":"https:\/\/static.africa-press.net\/niger\/sites\/40\/2021\/07\/img-60eee252f257b.jpg","contentUrl":"https:\/\/static.africa-press.net\/niger\/sites\/40\/2021\/07\/img-60eee252f257b.jpg","width":1080,"height":720,"caption":"Premi\u00e8re session du Conseil National du Travail du Niger : Plusieurs questions d\u2019ordre socio\u00e9conomique \u00e0 l\u2019ordre du jour"},{"@type":"BreadcrumbList","@id":"https:\/\/www.africa-press.net\/niger\/politique\/premiere-session-du-conseil-national-du-travail-du-niger-plusieurs-questions-dordre-socioeconomique-a-lordre-du-jour#breadcrumb","itemListElement":[{"@type":"ListItem","position":1,"name":"Accueil","item":"https:\/\/www.africa-press.net\/niger\/"},{"@type":"ListItem","position":2,"name":"Premi\u00e8re session du Conseil National du Travail du Niger : Plusieurs questions d\u2019ordre socio\u00e9conomique \u00e0 l\u2019ordre du jour"}]},{"@type":"WebSite","@id":"https:\/\/www.africa-press.net\/niger\/#website","url":"https:\/\/www.africa-press.net\/niger\/","name":"niger","description":"Just another Africa News Agency Sites site","potentialAction":[{"@type":"SearchAction","target":{"@type":"EntryPoint","urlTemplate":"https:\/\/www.africa-press.net\/niger\/?s={search_term_string}"},"query-input":{"@type":"PropertyValueSpecification","valueRequired":true,"valueName":"search_term_string"}}],"inLanguage":"fr-FR"},{"@type":"Person","@id":"https:\/\/www.africa-press.net\/niger\/#\/schema\/person\/2b1cf3cd81a31e3cd26889ca66d677f1","name":"cfeditorfr"}]}},"_links":{"self":[{"href":"https:\/\/www.africa-press.net\/niger\/wp-json\/wp\/v2\/posts\/8689","targetHints":{"allow":["GET"]}}],"collection":[{"href":"https:\/\/www.africa-press.net\/niger\/wp-json\/wp\/v2\/posts"}],"about":[{"href":"https:\/\/www.africa-press.net\/niger\/wp-json\/wp\/v2\/types\/post"}],"author":[{"embeddable":true,"href":"https:\/\/www.africa-press.net\/niger\/wp-json\/wp\/v2\/users\/82"}],"replies":[{"embeddable":true,"href":"https:\/\/www.africa-press.net\/niger\/wp-json\/wp\/v2\/comments?post=8689"}],"version-history":[{"count":0,"href":"https:\/\/www.africa-press.net\/niger\/wp-json\/wp\/v2\/posts\/8689\/revisions"}],"wp:featuredmedia":[{"embeddable":true,"href":"https:\/\/www.africa-press.net\/niger\/wp-json\/wp\/v2\/media\/8688"}],"wp:attachment":[{"href":"https:\/\/www.africa-press.net\/niger\/wp-json\/wp\/v2\/media?parent=8689"}],"wp:term":[{"taxonomy":"category","embeddable":true,"href":"https:\/\/www.africa-press.net\/niger\/wp-json\/wp\/v2\/categories?post=8689"},{"taxonomy":"post_tag","embeddable":true,"href":"https:\/\/www.africa-press.net\/niger\/wp-json\/wp\/v2\/tags?post=8689"}],"curies":[{"name":"wp","href":"https:\/\/api.w.org\/{rel}","templated":true}]}}