{"id":8692,"date":"2021-07-14T15:41:08","date_gmt":"2021-07-14T15:41:08","guid":{"rendered":"https:\/\/www.africa-press.net\/niger\/?p=8692"},"modified":"2021-07-14T16:34:37","modified_gmt":"2021-07-14T16:34:37","slug":"region-de-maradi-des-pluies-diluviennes-font-deux-morts-un-blesse-et-dimportants-degats-materiels-a-dan-issa","status":"publish","type":"post","link":"https:\/\/www.africa-press.net\/niger\/toutes-les-actualites\/region-de-maradi-des-pluies-diluviennes-font-deux-morts-un-blesse-et-dimportants-degats-materiels-a-dan-issa","title":{"rendered":"R\u00e9gion de Maradi\u00a0: Des pluies diluviennes font deux morts, un bless\u00e9 et d\u2019importants \u00a0d\u00e9g\u00e2ts mat\u00e9riels \u00e0 Dan Issa"},"content":{"rendered":"<p><span style=\"color: #ff6600\"><strong><a href=\"https:\/\/www.africa-press.net\/\">Africa-Press<\/a> &#8211; <a href=\"https:\/\/www.africa-press.net\/niger\">Niger<\/a>. <\/strong><\/span>Suite \u00e0 la pluie tomb\u00e9e, le lundi 012 juillet 2021 dans la commune de Dan issa (Madarounfa), deux personnes ont perdu la vie, un habitant bless\u00e9 et d\u2019importants d\u00e9g\u00e2ts mat\u00e9riels ont \u00e9t\u00e9 enregistr\u00e9s dans cette localit\u00e9.<\/p>\n<p>En effet, la ville a enregistr\u00e9 37,7 mm, et c\u2019est surtout le torrent en provenance du d\u00e9partement de Tessaoua (o\u00f9 il a plu abondement) qui a aggrav\u00e9 les d\u00e9g\u00e2ts, d\u00e9truisant \u00e0 l\u2019entr\u00e9e de la ville de Dan Issa toutes les infrastructures de la Nigelec, de la SEEN et la fibre optique.<\/p>\n<p>Aussi, le pont situ\u00e9 \u00e0 l\u2019entr\u00e9e de la ville a c\u00e9d\u00e9 sur la pression de l\u2019eau provoquant un accident de circulation. Deux bless\u00e9s et un mort ont \u00e9t\u00e9 enregistr\u00e9s. Le second d\u00e9c\u00e8s est enregistr\u00e9 dans la ville de Dan Issa suite \u00e0 l\u2019effondrement d\u2019une maison.<\/p>\n<p>Pour l\u2019heure, treize villages (13) dont Dan Issa sont priv\u00e9s de la fourniture d\u2019eau, et la ville de Dan Issa coup\u00e9e de la ligne \u00e9lectrique.<\/p>\n<p>La rupture du pont a provoqu\u00e9 l\u2019arr\u00eat du trafic routier en partance ou en provenance du Nig\u00e9ria.<\/p>\n<p>Selon les techniciens, l\u2019eau et l\u2019\u00e9lectricit\u00e9 seront r\u00e9tablis dans les 72 heures.<\/p>\n<p>Quant au trafic routier il ne peut reprendre que dans deux (2) jours, indique-t-on.<\/p>\n","protected":false},"excerpt":{"rendered":"<p>Africa-Press &#8211; Niger. Suite \u00e0 la pluie tomb\u00e9e, le lundi 012 juillet 2021 dans la commune de Dan issa (Madarounfa), deux personnes ont perdu la vie, un habitant bless\u00e9 et d\u2019importants d\u00e9g\u00e2ts mat\u00e9riels ont \u00e9t\u00e9 enregistr\u00e9s dans cette localit\u00e9. En effet, la ville a enregistr\u00e9 37,7 mm, et c\u2019est surtout le torrent en provenance du [&hellip;]<\/p>\n","protected":false},"author":82,"featured_media":8691,"comment_status":"open","ping_status":"closed","sticky":false,"template":"","format":"standard","meta":{"footnotes":""},"categories":[21,11,10],"tags":[55,60,29],"class_list":["post-8692","post","type-post","status-publish","format-standard","has-post-thumbnail","hentry","category-communaute","category-homepage-french","category-toutes-les-actualites","tag-africa-press","tag-africa-press-niger","tag-niger"],"yoast_head":"<!-- This site is optimized with the Yoast SEO Premium plugin v26.1 (Yoast SEO v27.0) - https:\/\/yoast.com\/product\/yoast-seo-premium-wordpress\/ -->\n<title>R\u00e9gion de Maradi\u00a0: Des pluies diluviennes font deux morts, un bless\u00e9 et d\u2019importants \u00a0d\u00e9g\u00e2ts mat\u00e9riels \u00e0 Dan Issa - niger<\/title>\n<meta name=\"description\" content=\"Suite \u00e0 la pluie tomb\u00e9e, le lundi 012 juillet 2021 dans la commune de Dan issa (Madarounfa), deux personnes ont perdu la ...\" \/>\n<meta name=\"robots\" content=\"index, follow, max-snippet:-1, max-image-preview:large, max-video-preview:-1\" \/>\n<link rel=\"canonical\" href=\"https:\/\/www.africa-press.net\/niger\/toutes-les-actualites\/region-de-maradi-des-pluies-diluviennes-font-deux-morts-un-blesse-et-dimportants-degats-materiels-a-dan-issa\" \/>\n<meta property=\"og:locale\" content=\"fr_FR\" \/>\n<meta property=\"og:type\" content=\"article\" \/>\n<meta property=\"og:title\" content=\"R\u00e9gion de Maradi\u00a0: Des pluies diluviennes font deux morts, un bless\u00e9 et d\u2019importants \u00a0d\u00e9g\u00e2ts mat\u00e9riels \u00e0 Dan Issa\" \/>\n<meta property=\"og:description\" content=\"Suite \u00e0 la pluie tomb\u00e9e, le lundi 012 juillet 2021 dans la commune de Dan issa (Madarounfa), deux personnes ont perdu la ...\" \/>\n<meta property=\"og:url\" content=\"https:\/\/www.africa-press.net\/niger\/toutes-les-actualites\/region-de-maradi-des-pluies-diluviennes-font-deux-morts-un-blesse-et-dimportants-degats-materiels-a-dan-issa\" \/>\n<meta property=\"og:site_name\" content=\"niger\" \/>\n<meta property=\"article:published_time\" content=\"2021-07-14T15:41:08+00:00\" \/>\n<meta property=\"article:modified_time\" content=\"2021-07-14T16:34:37+00:00\" \/>\n<meta property=\"og:image\" content=\"https:\/\/static.africa-press.net\/niger\/sites\/40\/2021\/07\/img-60eee2d4f416c.jpg\" \/>\n\t<meta property=\"og:image:width\" content=\"720\" \/>\n\t<meta property=\"og:image:height\" content=\"406\" \/>\n\t<meta property=\"og:image:type\" content=\"image\/jpeg\" \/>\n<meta name=\"author\" content=\"cfeditorfr\" \/>\n<meta name=\"twitter:card\" content=\"summary_large_image\" \/>\n<meta name=\"twitter:label1\" content=\"\u00c9crit par\" \/>\n\t<meta name=\"twitter:data1\" content=\"cfeditorfr\" \/>\n\t<meta name=\"twitter:label2\" content=\"Dur\u00e9e de lecture estim\u00e9e\" \/>\n\t<meta name=\"twitter:data2\" content=\"1 minute\" \/>\n<script type=\"application\/ld+json\" class=\"yoast-schema-graph\">{\"@context\":\"https:\/\/schema.org\",\"@graph\":[{\"@type\":\"Article\",\"@id\":\"https:\/\/www.africa-press.net\/niger\/toutes-les-actualites\/region-de-maradi-des-pluies-diluviennes-font-deux-morts-un-blesse-et-dimportants-degats-materiels-a-dan-issa#article\",\"isPartOf\":{\"@id\":\"https:\/\/www.africa-press.net\/niger\/toutes-les-actualites\/region-de-maradi-des-pluies-diluviennes-font-deux-morts-un-blesse-et-dimportants-degats-materiels-a-dan-issa\"},\"author\":{\"name\":\"cfeditorfr\",\"@id\":\"https:\/\/www.africa-press.net\/niger\/#\/schema\/person\/2b1cf3cd81a31e3cd26889ca66d677f1\"},\"headline\":\"R\u00e9gion de Maradi\u00a0: Des pluies diluviennes font deux morts, un bless\u00e9 et d\u2019importants \u00a0d\u00e9g\u00e2ts mat\u00e9riels \u00e0 Dan Issa\",\"datePublished\":\"2021-07-14T15:41:08+00:00\",\"dateModified\":\"2021-07-14T16:34:37+00:00\",\"mainEntityOfPage\":{\"@id\":\"https:\/\/www.africa-press.net\/niger\/toutes-les-actualites\/region-de-maradi-des-pluies-diluviennes-font-deux-morts-un-blesse-et-dimportants-degats-materiels-a-dan-issa\"},\"wordCount\":248,\"commentCount\":0,\"image\":{\"@id\":\"https:\/\/www.africa-press.net\/niger\/toutes-les-actualites\/region-de-maradi-des-pluies-diluviennes-font-deux-morts-un-blesse-et-dimportants-degats-materiels-a-dan-issa#primaryimage\"},\"thumbnailUrl\":\"https:\/\/static.africa-press.net\/niger\/sites\/40\/2021\/07\/img-60eee2d4f416c.jpg\",\"keywords\":[\"Africa Press\",\"Africa Press-Niger\",\"Niger\"],\"articleSection\":[\"Communaut\u00e9\",\"homepage-french\",\"Toutes les actualit\u00e9s\"],\"inLanguage\":\"fr-FR\",\"potentialAction\":[{\"@type\":\"CommentAction\",\"name\":\"Comment\",\"target\":[\"https:\/\/www.africa-press.net\/niger\/toutes-les-actualites\/region-de-maradi-des-pluies-diluviennes-font-deux-morts-un-blesse-et-dimportants-degats-materiels-a-dan-issa#respond\"]}]},{\"@type\":\"WebPage\",\"@id\":\"https:\/\/www.africa-press.net\/niger\/toutes-les-actualites\/region-de-maradi-des-pluies-diluviennes-font-deux-morts-un-blesse-et-dimportants-degats-materiels-a-dan-issa\",\"url\":\"https:\/\/www.africa-press.net\/niger\/toutes-les-actualites\/region-de-maradi-des-pluies-diluviennes-font-deux-morts-un-blesse-et-dimportants-degats-materiels-a-dan-issa\",\"name\":\"R\u00e9gion de Maradi\u00a0: Des pluies diluviennes font deux morts, un bless\u00e9 et d\u2019importants \u00a0d\u00e9g\u00e2ts mat\u00e9riels \u00e0 Dan Issa - niger\",\"isPartOf\":{\"@id\":\"https:\/\/www.africa-press.net\/niger\/#website\"},\"primaryImageOfPage\":{\"@id\":\"https:\/\/www.africa-press.net\/niger\/toutes-les-actualites\/region-de-maradi-des-pluies-diluviennes-font-deux-morts-un-blesse-et-dimportants-degats-materiels-a-dan-issa#primaryimage\"},\"image\":{\"@id\":\"https:\/\/www.africa-press.net\/niger\/toutes-les-actualites\/region-de-maradi-des-pluies-diluviennes-font-deux-morts-un-blesse-et-dimportants-degats-materiels-a-dan-issa#primaryimage\"},\"thumbnailUrl\":\"https:\/\/static.africa-press.net\/niger\/sites\/40\/2021\/07\/img-60eee2d4f416c.jpg\",\"datePublished\":\"2021-07-14T15:41:08+00:00\",\"dateModified\":\"2021-07-14T16:34:37+00:00\",\"author\":{\"@id\":\"https:\/\/www.africa-press.net\/niger\/#\/schema\/person\/2b1cf3cd81a31e3cd26889ca66d677f1\"},\"description\":\"Suite \u00e0 la pluie tomb\u00e9e, le lundi 012 juillet 2021 dans la commune de Dan issa (Madarounfa), deux personnes ont perdu la ...\",\"breadcrumb\":{\"@id\":\"https:\/\/www.africa-press.net\/niger\/toutes-les-actualites\/region-de-maradi-des-pluies-diluviennes-font-deux-morts-un-blesse-et-dimportants-degats-materiels-a-dan-issa#breadcrumb\"},\"inLanguage\":\"fr-FR\",\"potentialAction\":[{\"@type\":\"ReadAction\",\"target\":[\"https:\/\/www.africa-press.net\/niger\/toutes-les-actualites\/region-de-maradi-des-pluies-diluviennes-font-deux-morts-un-blesse-et-dimportants-degats-materiels-a-dan-issa\"]}]},{\"@type\":\"ImageObject\",\"inLanguage\":\"fr-FR\",\"@id\":\"https:\/\/www.africa-press.net\/niger\/toutes-les-actualites\/region-de-maradi-des-pluies-diluviennes-font-deux-morts-un-blesse-et-dimportants-degats-materiels-a-dan-issa#primaryimage\",\"url\":\"https:\/\/static.africa-press.net\/niger\/sites\/40\/2021\/07\/img-60eee2d4f416c.jpg\",\"contentUrl\":\"https:\/\/static.africa-press.net\/niger\/sites\/40\/2021\/07\/img-60eee2d4f416c.jpg\",\"width\":720,\"height\":406,\"caption\":\"R\u00e9gion de Maradi\u00a0: Des pluies diluviennes font deux morts, un bless\u00e9 et d\u2019importants \u00a0d\u00e9g\u00e2ts mat\u00e9riels \u00e0 Dan Issa\"},{\"@type\":\"BreadcrumbList\",\"@id\":\"https:\/\/www.africa-press.net\/niger\/toutes-les-actualites\/region-de-maradi-des-pluies-diluviennes-font-deux-morts-un-blesse-et-dimportants-degats-materiels-a-dan-issa#breadcrumb\",\"itemListElement\":[{\"@type\":\"ListItem\",\"position\":1,\"name\":\"Accueil\",\"item\":\"https:\/\/www.africa-press.net\/niger\/\"},{\"@type\":\"ListItem\",\"position\":2,\"name\":\"R\u00e9gion de Maradi\u00a0: Des pluies diluviennes font deux morts, un bless\u00e9 et d\u2019importants \u00a0d\u00e9g\u00e2ts mat\u00e9riels \u00e0 Dan Issa\"}]},{\"@type\":\"WebSite\",\"@id\":\"https:\/\/www.africa-press.net\/niger\/#website\",\"url\":\"https:\/\/www.africa-press.net\/niger\/\",\"name\":\"niger\",\"description\":\"Just another Africa News Agency Sites site\",\"potentialAction\":[{\"@type\":\"SearchAction\",\"target\":{\"@type\":\"EntryPoint\",\"urlTemplate\":\"https:\/\/www.africa-press.net\/niger\/?s={search_term_string}\"},\"query-input\":{\"@type\":\"PropertyValueSpecification\",\"valueRequired\":true,\"valueName\":\"search_term_string\"}}],\"inLanguage\":\"fr-FR\"},{\"@type\":\"Person\",\"@id\":\"https:\/\/www.africa-press.net\/niger\/#\/schema\/person\/2b1cf3cd81a31e3cd26889ca66d677f1\",\"name\":\"cfeditorfr\"}]}<\/script>\n<!-- \/ Yoast SEO Premium plugin. -->","yoast_head_json":{"title":"R\u00e9gion de Maradi\u00a0: Des pluies diluviennes font deux morts, un bless\u00e9 et d\u2019importants \u00a0d\u00e9g\u00e2ts mat\u00e9riels \u00e0 Dan Issa - niger","description":"Suite \u00e0 la pluie tomb\u00e9e, le lundi 012 juillet 2021 dans la commune de Dan issa (Madarounfa), deux personnes ont perdu la ...","robots":{"index":"index","follow":"follow","max-snippet":"max-snippet:-1","max-image-preview":"max-image-preview:large","max-video-preview":"max-video-preview:-1"},"canonical":"https:\/\/www.africa-press.net\/niger\/toutes-les-actualites\/region-de-maradi-des-pluies-diluviennes-font-deux-morts-un-blesse-et-dimportants-degats-materiels-a-dan-issa","og_locale":"fr_FR","og_type":"article","og_title":"R\u00e9gion de Maradi\u00a0: Des pluies diluviennes font deux morts, un bless\u00e9 et d\u2019importants \u00a0d\u00e9g\u00e2ts mat\u00e9riels \u00e0 Dan Issa","og_description":"Suite \u00e0 la pluie tomb\u00e9e, le lundi 012 juillet 2021 dans la commune de Dan issa (Madarounfa), deux personnes ont perdu la ...","og_url":"https:\/\/www.africa-press.net\/niger\/toutes-les-actualites\/region-de-maradi-des-pluies-diluviennes-font-deux-morts-un-blesse-et-dimportants-degats-materiels-a-dan-issa","og_site_name":"niger","article_published_time":"2021-07-14T15:41:08+00:00","article_modified_time":"2021-07-14T16:34:37+00:00","og_image":[{"width":720,"height":406,"url":"https:\/\/static.africa-press.net\/niger\/sites\/40\/2021\/07\/img-60eee2d4f416c.jpg","type":"image\/jpeg"}],"author":"cfeditorfr","twitter_card":"summary_large_image","twitter_misc":{"\u00c9crit par":"cfeditorfr","Dur\u00e9e de lecture estim\u00e9e":"1 minute"},"schema":{"@context":"https:\/\/schema.org","@graph":[{"@type":"Article","@id":"https:\/\/www.africa-press.net\/niger\/toutes-les-actualites\/region-de-maradi-des-pluies-diluviennes-font-deux-morts-un-blesse-et-dimportants-degats-materiels-a-dan-issa#article","isPartOf":{"@id":"https:\/\/www.africa-press.net\/niger\/toutes-les-actualites\/region-de-maradi-des-pluies-diluviennes-font-deux-morts-un-blesse-et-dimportants-degats-materiels-a-dan-issa"},"author":{"name":"cfeditorfr","@id":"https:\/\/www.africa-press.net\/niger\/#\/schema\/person\/2b1cf3cd81a31e3cd26889ca66d677f1"},"headline":"R\u00e9gion de Maradi\u00a0: Des pluies diluviennes font deux morts, un bless\u00e9 et d\u2019importants \u00a0d\u00e9g\u00e2ts mat\u00e9riels \u00e0 Dan Issa","datePublished":"2021-07-14T15:41:08+00:00","dateModified":"2021-07-14T16:34:37+00:00","mainEntityOfPage":{"@id":"https:\/\/www.africa-press.net\/niger\/toutes-les-actualites\/region-de-maradi-des-pluies-diluviennes-font-deux-morts-un-blesse-et-dimportants-degats-materiels-a-dan-issa"},"wordCount":248,"commentCount":0,"image":{"@id":"https:\/\/www.africa-press.net\/niger\/toutes-les-actualites\/region-de-maradi-des-pluies-diluviennes-font-deux-morts-un-blesse-et-dimportants-degats-materiels-a-dan-issa#primaryimage"},"thumbnailUrl":"https:\/\/static.africa-press.net\/niger\/sites\/40\/2021\/07\/img-60eee2d4f416c.jpg","keywords":["Africa Press","Africa Press-Niger","Niger"],"articleSection":["Communaut\u00e9","homepage-french","Toutes les actualit\u00e9s"],"inLanguage":"fr-FR","potentialAction":[{"@type":"CommentAction","name":"Comment","target":["https:\/\/www.africa-press.net\/niger\/toutes-les-actualites\/region-de-maradi-des-pluies-diluviennes-font-deux-morts-un-blesse-et-dimportants-degats-materiels-a-dan-issa#respond"]}]},{"@type":"WebPage","@id":"https:\/\/www.africa-press.net\/niger\/toutes-les-actualites\/region-de-maradi-des-pluies-diluviennes-font-deux-morts-un-blesse-et-dimportants-degats-materiels-a-dan-issa","url":"https:\/\/www.africa-press.net\/niger\/toutes-les-actualites\/region-de-maradi-des-pluies-diluviennes-font-deux-morts-un-blesse-et-dimportants-degats-materiels-a-dan-issa","name":"R\u00e9gion de Maradi\u00a0: Des pluies diluviennes font deux morts, un bless\u00e9 et d\u2019importants \u00a0d\u00e9g\u00e2ts mat\u00e9riels \u00e0 Dan Issa - niger","isPartOf":{"@id":"https:\/\/www.africa-press.net\/niger\/#website"},"primaryImageOfPage":{"@id":"https:\/\/www.africa-press.net\/niger\/toutes-les-actualites\/region-de-maradi-des-pluies-diluviennes-font-deux-morts-un-blesse-et-dimportants-degats-materiels-a-dan-issa#primaryimage"},"image":{"@id":"https:\/\/www.africa-press.net\/niger\/toutes-les-actualites\/region-de-maradi-des-pluies-diluviennes-font-deux-morts-un-blesse-et-dimportants-degats-materiels-a-dan-issa#primaryimage"},"thumbnailUrl":"https:\/\/static.africa-press.net\/niger\/sites\/40\/2021\/07\/img-60eee2d4f416c.jpg","datePublished":"2021-07-14T15:41:08+00:00","dateModified":"2021-07-14T16:34:37+00:00","author":{"@id":"https:\/\/www.africa-press.net\/niger\/#\/schema\/person\/2b1cf3cd81a31e3cd26889ca66d677f1"},"description":"Suite \u00e0 la pluie tomb\u00e9e, le lundi 012 juillet 2021 dans la commune de Dan issa (Madarounfa), deux personnes ont perdu la ...","breadcrumb":{"@id":"https:\/\/www.africa-press.net\/niger\/toutes-les-actualites\/region-de-maradi-des-pluies-diluviennes-font-deux-morts-un-blesse-et-dimportants-degats-materiels-a-dan-issa#breadcrumb"},"inLanguage":"fr-FR","potentialAction":[{"@type":"ReadAction","target":["https:\/\/www.africa-press.net\/niger\/toutes-les-actualites\/region-de-maradi-des-pluies-diluviennes-font-deux-morts-un-blesse-et-dimportants-degats-materiels-a-dan-issa"]}]},{"@type":"ImageObject","inLanguage":"fr-FR","@id":"https:\/\/www.africa-press.net\/niger\/toutes-les-actualites\/region-de-maradi-des-pluies-diluviennes-font-deux-morts-un-blesse-et-dimportants-degats-materiels-a-dan-issa#primaryimage","url":"https:\/\/static.africa-press.net\/niger\/sites\/40\/2021\/07\/img-60eee2d4f416c.jpg","contentUrl":"https:\/\/static.africa-press.net\/niger\/sites\/40\/2021\/07\/img-60eee2d4f416c.jpg","width":720,"height":406,"caption":"R\u00e9gion de Maradi\u00a0: Des pluies diluviennes font deux morts, un bless\u00e9 et d\u2019importants \u00a0d\u00e9g\u00e2ts mat\u00e9riels \u00e0 Dan Issa"},{"@type":"BreadcrumbList","@id":"https:\/\/www.africa-press.net\/niger\/toutes-les-actualites\/region-de-maradi-des-pluies-diluviennes-font-deux-morts-un-blesse-et-dimportants-degats-materiels-a-dan-issa#breadcrumb","itemListElement":[{"@type":"ListItem","position":1,"name":"Accueil","item":"https:\/\/www.africa-press.net\/niger\/"},{"@type":"ListItem","position":2,"name":"R\u00e9gion de Maradi\u00a0: Des pluies diluviennes font deux morts, un bless\u00e9 et d\u2019importants \u00a0d\u00e9g\u00e2ts mat\u00e9riels \u00e0 Dan Issa"}]},{"@type":"WebSite","@id":"https:\/\/www.africa-press.net\/niger\/#website","url":"https:\/\/www.africa-press.net\/niger\/","name":"niger","description":"Just another Africa News Agency Sites site","potentialAction":[{"@type":"SearchAction","target":{"@type":"EntryPoint","urlTemplate":"https:\/\/www.africa-press.net\/niger\/?s={search_term_string}"},"query-input":{"@type":"PropertyValueSpecification","valueRequired":true,"valueName":"search_term_string"}}],"inLanguage":"fr-FR"},{"@type":"Person","@id":"https:\/\/www.africa-press.net\/niger\/#\/schema\/person\/2b1cf3cd81a31e3cd26889ca66d677f1","name":"cfeditorfr"}]}},"_links":{"self":[{"href":"https:\/\/www.africa-press.net\/niger\/wp-json\/wp\/v2\/posts\/8692","targetHints":{"allow":["GET"]}}],"collection":[{"href":"https:\/\/www.africa-press.net\/niger\/wp-json\/wp\/v2\/posts"}],"about":[{"href":"https:\/\/www.africa-press.net\/niger\/wp-json\/wp\/v2\/types\/post"}],"author":[{"embeddable":true,"href":"https:\/\/www.africa-press.net\/niger\/wp-json\/wp\/v2\/users\/82"}],"replies":[{"embeddable":true,"href":"https:\/\/www.africa-press.net\/niger\/wp-json\/wp\/v2\/comments?post=8692"}],"version-history":[{"count":0,"href":"https:\/\/www.africa-press.net\/niger\/wp-json\/wp\/v2\/posts\/8692\/revisions"}],"wp:featuredmedia":[{"embeddable":true,"href":"https:\/\/www.africa-press.net\/niger\/wp-json\/wp\/v2\/media\/8691"}],"wp:attachment":[{"href":"https:\/\/www.africa-press.net\/niger\/wp-json\/wp\/v2\/media?parent=8692"}],"wp:term":[{"taxonomy":"category","embeddable":true,"href":"https:\/\/www.africa-press.net\/niger\/wp-json\/wp\/v2\/categories?post=8692"},{"taxonomy":"post_tag","embeddable":true,"href":"https:\/\/www.africa-press.net\/niger\/wp-json\/wp\/v2\/tags?post=8692"}],"curies":[{"name":"wp","href":"https:\/\/api.w.org\/{rel}","templated":true}]}}