{"id":8736,"date":"2021-07-16T11:48:20","date_gmt":"2021-07-16T11:48:20","guid":{"rendered":"https:\/\/www.africa-press.net\/niger\/?p=8736"},"modified":"2021-07-16T20:49:24","modified_gmt":"2021-07-16T20:49:24","slug":"mohamed-bazoum-assimi-goita-duel-a-distance-dans-le-sahel","status":"publish","type":"post","link":"https:\/\/www.africa-press.net\/niger\/dossiers\/mohamed-bazoum-assimi-goita-duel-a-distance-dans-le-sahel","title":{"rendered":"Mohamed Bazoum \u2013 Assimi Go\u00efta : duel \u00e0 distance dans le Sahel"},"content":{"rendered":"<p><span style=\"color: #ff6600\"><strong><a href=\"https:\/\/www.africa-press.net\/\">Africa-Press<\/a> &#8211; <a href=\"https:\/\/www.africa-press.net\/niger\">Niger<\/a>. <\/strong><\/span>Alors que le Niger est en passe de devenir le pilier central de la strat\u00e9gie militaire fran\u00e7aise au Sahel, Mohamed Bazoum s\u2019est montr\u00e9 particuli\u00e8rement offensif \u00e0 l\u2019\u00e9gard d\u2019Assimi Go\u00efta. Bamako a protest\u00e9 officiellement mais les autorit\u00e9s maliennes redoutant l\u2019isolement ont appel\u00e9 \u00e0 unir les efforts contre le terrorisme.<\/p>\n<p>Est-ce le d\u00e9but d\u2019un bras de fer entre Mohamed Bazoum et Assimi Go\u00efta ? Onze mois apr\u00e8s la mise en place d\u2019un r\u00e9gime militaire au Mali, et \u00e0 peine deux mois apr\u00e8s le second coup d\u2019\u00c9tat men\u00e9 par le colonel Go\u00efta et ses alli\u00e9s, le pr\u00e9sident du Niger a \u00e9t\u00e9 particuli\u00e8rement virulent \u00e0 l\u2019\u00e9gard des nouvelles autorit\u00e9s de Bamako. \u00ab Il ne faut pas permettre que des militaires prennent le pouvoir parce qu\u2019ils ont des d\u00e9boires sur le front o\u00f9 ils devraient \u00eatre, et que des colonels deviennent des ministres et des chefs d\u2019\u00c9tats. Qui va faire la guerre \u00e0 leur place ? \u00bb, a-t-il d\u00e9nonc\u00e9 le 9 juillet, depuis l\u2019\u00c9lys\u00e9e, lors d\u2019une conf\u00e9rence de presse commune avec Emmanuel Macron.<\/p>\n<p>\u00ab Ce serait facile qu\u2019\u00e0 chaque fois qu\u2019une arm\u00e9e dans nos pays a des \u00e9checs sur le terrain, elle vienne prendre le pouvoir. C\u2019est ce qui s\u2019est pass\u00e9 par deux fois au Mali\u2026 Ce ne sont pas des choses acceptables et nous avons pris les mesures de sanctions pr\u00e9vues par les trait\u00e9s de la Cedeao \u00bb, a continu\u00e9 le pr\u00e9sident nig\u00e9rien.<\/p>\n<p>Si le nom d\u2019Assimi Go\u00efta n\u2019a pas \u00e9t\u00e9 prononc\u00e9, la cible du courroux du Nig\u00e9rien \u00e9tait sans doute possible le colonel qui a particip\u00e9 \u00e0 la chute du pr\u00e9sident Ibrahim Boubacar Keita, le 18 ao\u00fbt dernier, avant de perp\u00e9trer un nouveau putsch, dix mois plus tard, contre le pr\u00e9sident de transition Bah N\u2019Daw et son Premier ministre, Moctar Ouane. Une attaque directe qui intervient alors que Paris a annonc\u00e9 la red\u00e9finition en profondeur de sa strat\u00e9gie militaire au Sahel, faisant du Niger le pivot de son futur dispositif.<\/p>\n<p><b>\u00a0<\/b><\/p>\n","protected":false},"excerpt":{"rendered":"<p>Africa-Press &#8211; Niger. Alors que le Niger est en passe de devenir le pilier central de la strat\u00e9gie militaire fran\u00e7aise au Sahel, Mohamed Bazoum s\u2019est montr\u00e9 particuli\u00e8rement offensif \u00e0 l\u2019\u00e9gard d\u2019Assimi Go\u00efta. Bamako a protest\u00e9 officiellement mais les autorit\u00e9s maliennes redoutant l\u2019isolement ont appel\u00e9 \u00e0 unir les efforts contre le terrorisme. Est-ce le d\u00e9but d\u2019un [&hellip;]<\/p>\n","protected":false},"author":82,"featured_media":8735,"comment_status":"open","ping_status":"closed","sticky":false,"template":"","format":"standard","meta":{"footnotes":""},"categories":[7,11,20,10],"tags":[55,60,29],"class_list":["post-8736","post","type-post","status-publish","format-standard","has-post-thumbnail","hentry","category-dossiers","category-homepage-french","category-top-nouvelles","category-toutes-les-actualites","tag-africa-press","tag-africa-press-niger","tag-niger"],"yoast_head":"<!-- This site is optimized with the Yoast SEO Premium plugin v26.1 (Yoast SEO v27.0) - https:\/\/yoast.com\/product\/yoast-seo-premium-wordpress\/ -->\n<title>Mohamed Bazoum \u2013 Assimi Go\u00efta : duel \u00e0 distance dans le Sahel - niger<\/title>\n<meta name=\"description\" content=\"Alors que le Niger est en passe de devenir le pilier central de la strat\u00e9gie militaire fran\u00e7aise au Sahel, Mohamed Bazou ...\" \/>\n<meta name=\"robots\" content=\"index, follow, max-snippet:-1, max-image-preview:large, max-video-preview:-1\" \/>\n<link rel=\"canonical\" href=\"https:\/\/www.africa-press.net\/niger\/dossiers\/mohamed-bazoum-assimi-goita-duel-a-distance-dans-le-sahel\" \/>\n<meta property=\"og:locale\" content=\"fr_FR\" \/>\n<meta property=\"og:type\" content=\"article\" \/>\n<meta property=\"og:title\" content=\"Mohamed Bazoum \u2013 Assimi Go\u00efta : duel \u00e0 distance dans le Sahel\" \/>\n<meta property=\"og:description\" content=\"Alors que le Niger est en passe de devenir le pilier central de la strat\u00e9gie militaire fran\u00e7aise au Sahel, Mohamed Bazou ...\" \/>\n<meta property=\"og:url\" content=\"https:\/\/www.africa-press.net\/niger\/dossiers\/mohamed-bazoum-assimi-goita-duel-a-distance-dans-le-sahel\" \/>\n<meta property=\"og:site_name\" content=\"niger\" \/>\n<meta property=\"article:published_time\" content=\"2021-07-16T11:48:20+00:00\" \/>\n<meta property=\"article:modified_time\" content=\"2021-07-16T20:49:24+00:00\" \/>\n<meta property=\"og:image\" content=\"https:\/\/static.africa-press.net\/niger\/sites\/40\/2021\/07\/img-60f170cc75e9f.jpg\" \/>\n\t<meta property=\"og:image:width\" content=\"720\" \/>\n\t<meta property=\"og:image:height\" content=\"360\" \/>\n\t<meta property=\"og:image:type\" content=\"image\/jpeg\" \/>\n<meta name=\"author\" content=\"cfeditorfr\" \/>\n<meta name=\"twitter:card\" content=\"summary_large_image\" \/>\n<meta name=\"twitter:label1\" content=\"\u00c9crit par\" \/>\n\t<meta name=\"twitter:data1\" content=\"cfeditorfr\" \/>\n\t<meta name=\"twitter:label2\" content=\"Dur\u00e9e de lecture estim\u00e9e\" \/>\n\t<meta name=\"twitter:data2\" content=\"2 minutes\" \/>\n<script type=\"application\/ld+json\" class=\"yoast-schema-graph\">{\"@context\":\"https:\/\/schema.org\",\"@graph\":[{\"@type\":\"Article\",\"@id\":\"https:\/\/www.africa-press.net\/niger\/dossiers\/mohamed-bazoum-assimi-goita-duel-a-distance-dans-le-sahel#article\",\"isPartOf\":{\"@id\":\"https:\/\/www.africa-press.net\/niger\/dossiers\/mohamed-bazoum-assimi-goita-duel-a-distance-dans-le-sahel\"},\"author\":{\"name\":\"cfeditorfr\",\"@id\":\"https:\/\/www.africa-press.net\/niger\/#\/schema\/person\/2b1cf3cd81a31e3cd26889ca66d677f1\"},\"headline\":\"Mohamed Bazoum \u2013 Assimi Go\u00efta : duel \u00e0 distance dans le Sahel\",\"datePublished\":\"2021-07-16T11:48:20+00:00\",\"dateModified\":\"2021-07-16T20:49:24+00:00\",\"mainEntityOfPage\":{\"@id\":\"https:\/\/www.africa-press.net\/niger\/dossiers\/mohamed-bazoum-assimi-goita-duel-a-distance-dans-le-sahel\"},\"wordCount\":366,\"commentCount\":0,\"image\":{\"@id\":\"https:\/\/www.africa-press.net\/niger\/dossiers\/mohamed-bazoum-assimi-goita-duel-a-distance-dans-le-sahel#primaryimage\"},\"thumbnailUrl\":\"https:\/\/static.africa-press.net\/niger\/sites\/40\/2021\/07\/img-60f170cc75e9f.jpg\",\"keywords\":[\"Africa Press\",\"Africa Press-Niger\",\"Niger\"],\"articleSection\":[\"Dossiers\",\"homepage-french\",\"Top Nouvelles\",\"Toutes les actualit\u00e9s\"],\"inLanguage\":\"fr-FR\",\"potentialAction\":[{\"@type\":\"CommentAction\",\"name\":\"Comment\",\"target\":[\"https:\/\/www.africa-press.net\/niger\/dossiers\/mohamed-bazoum-assimi-goita-duel-a-distance-dans-le-sahel#respond\"]}]},{\"@type\":\"WebPage\",\"@id\":\"https:\/\/www.africa-press.net\/niger\/dossiers\/mohamed-bazoum-assimi-goita-duel-a-distance-dans-le-sahel\",\"url\":\"https:\/\/www.africa-press.net\/niger\/dossiers\/mohamed-bazoum-assimi-goita-duel-a-distance-dans-le-sahel\",\"name\":\"Mohamed Bazoum \u2013 Assimi Go\u00efta : duel \u00e0 distance dans le Sahel - niger\",\"isPartOf\":{\"@id\":\"https:\/\/www.africa-press.net\/niger\/#website\"},\"primaryImageOfPage\":{\"@id\":\"https:\/\/www.africa-press.net\/niger\/dossiers\/mohamed-bazoum-assimi-goita-duel-a-distance-dans-le-sahel#primaryimage\"},\"image\":{\"@id\":\"https:\/\/www.africa-press.net\/niger\/dossiers\/mohamed-bazoum-assimi-goita-duel-a-distance-dans-le-sahel#primaryimage\"},\"thumbnailUrl\":\"https:\/\/static.africa-press.net\/niger\/sites\/40\/2021\/07\/img-60f170cc75e9f.jpg\",\"datePublished\":\"2021-07-16T11:48:20+00:00\",\"dateModified\":\"2021-07-16T20:49:24+00:00\",\"author\":{\"@id\":\"https:\/\/www.africa-press.net\/niger\/#\/schema\/person\/2b1cf3cd81a31e3cd26889ca66d677f1\"},\"description\":\"Alors que le Niger est en passe de devenir le pilier central de la strat\u00e9gie militaire fran\u00e7aise au Sahel, Mohamed Bazou ...\",\"breadcrumb\":{\"@id\":\"https:\/\/www.africa-press.net\/niger\/dossiers\/mohamed-bazoum-assimi-goita-duel-a-distance-dans-le-sahel#breadcrumb\"},\"inLanguage\":\"fr-FR\",\"potentialAction\":[{\"@type\":\"ReadAction\",\"target\":[\"https:\/\/www.africa-press.net\/niger\/dossiers\/mohamed-bazoum-assimi-goita-duel-a-distance-dans-le-sahel\"]}]},{\"@type\":\"ImageObject\",\"inLanguage\":\"fr-FR\",\"@id\":\"https:\/\/www.africa-press.net\/niger\/dossiers\/mohamed-bazoum-assimi-goita-duel-a-distance-dans-le-sahel#primaryimage\",\"url\":\"https:\/\/static.africa-press.net\/niger\/sites\/40\/2021\/07\/img-60f170cc75e9f.jpg\",\"contentUrl\":\"https:\/\/static.africa-press.net\/niger\/sites\/40\/2021\/07\/img-60f170cc75e9f.jpg\",\"width\":720,\"height\":360,\"caption\":\"Mohamed Bazoum \u2013 Assimi Go\u00efta : duel \u00e0 distance dans le Sahel\"},{\"@type\":\"BreadcrumbList\",\"@id\":\"https:\/\/www.africa-press.net\/niger\/dossiers\/mohamed-bazoum-assimi-goita-duel-a-distance-dans-le-sahel#breadcrumb\",\"itemListElement\":[{\"@type\":\"ListItem\",\"position\":1,\"name\":\"Accueil\",\"item\":\"https:\/\/www.africa-press.net\/niger\/\"},{\"@type\":\"ListItem\",\"position\":2,\"name\":\"Mohamed Bazoum \u2013 Assimi Go\u00efta : duel \u00e0 distance dans le Sahel\"}]},{\"@type\":\"WebSite\",\"@id\":\"https:\/\/www.africa-press.net\/niger\/#website\",\"url\":\"https:\/\/www.africa-press.net\/niger\/\",\"name\":\"niger\",\"description\":\"Just another Africa News Agency Sites site\",\"potentialAction\":[{\"@type\":\"SearchAction\",\"target\":{\"@type\":\"EntryPoint\",\"urlTemplate\":\"https:\/\/www.africa-press.net\/niger\/?s={search_term_string}\"},\"query-input\":{\"@type\":\"PropertyValueSpecification\",\"valueRequired\":true,\"valueName\":\"search_term_string\"}}],\"inLanguage\":\"fr-FR\"},{\"@type\":\"Person\",\"@id\":\"https:\/\/www.africa-press.net\/niger\/#\/schema\/person\/2b1cf3cd81a31e3cd26889ca66d677f1\",\"name\":\"cfeditorfr\"}]}<\/script>\n<!-- \/ Yoast SEO Premium plugin. -->","yoast_head_json":{"title":"Mohamed Bazoum \u2013 Assimi Go\u00efta : duel \u00e0 distance dans le Sahel - niger","description":"Alors que le Niger est en passe de devenir le pilier central de la strat\u00e9gie militaire fran\u00e7aise au Sahel, Mohamed Bazou ...","robots":{"index":"index","follow":"follow","max-snippet":"max-snippet:-1","max-image-preview":"max-image-preview:large","max-video-preview":"max-video-preview:-1"},"canonical":"https:\/\/www.africa-press.net\/niger\/dossiers\/mohamed-bazoum-assimi-goita-duel-a-distance-dans-le-sahel","og_locale":"fr_FR","og_type":"article","og_title":"Mohamed Bazoum \u2013 Assimi Go\u00efta : duel \u00e0 distance dans le Sahel","og_description":"Alors que le Niger est en passe de devenir le pilier central de la strat\u00e9gie militaire fran\u00e7aise au Sahel, Mohamed Bazou ...","og_url":"https:\/\/www.africa-press.net\/niger\/dossiers\/mohamed-bazoum-assimi-goita-duel-a-distance-dans-le-sahel","og_site_name":"niger","article_published_time":"2021-07-16T11:48:20+00:00","article_modified_time":"2021-07-16T20:49:24+00:00","og_image":[{"width":720,"height":360,"url":"https:\/\/static.africa-press.net\/niger\/sites\/40\/2021\/07\/img-60f170cc75e9f.jpg","type":"image\/jpeg"}],"author":"cfeditorfr","twitter_card":"summary_large_image","twitter_misc":{"\u00c9crit par":"cfeditorfr","Dur\u00e9e de lecture estim\u00e9e":"2 minutes"},"schema":{"@context":"https:\/\/schema.org","@graph":[{"@type":"Article","@id":"https:\/\/www.africa-press.net\/niger\/dossiers\/mohamed-bazoum-assimi-goita-duel-a-distance-dans-le-sahel#article","isPartOf":{"@id":"https:\/\/www.africa-press.net\/niger\/dossiers\/mohamed-bazoum-assimi-goita-duel-a-distance-dans-le-sahel"},"author":{"name":"cfeditorfr","@id":"https:\/\/www.africa-press.net\/niger\/#\/schema\/person\/2b1cf3cd81a31e3cd26889ca66d677f1"},"headline":"Mohamed Bazoum \u2013 Assimi Go\u00efta : duel \u00e0 distance dans le Sahel","datePublished":"2021-07-16T11:48:20+00:00","dateModified":"2021-07-16T20:49:24+00:00","mainEntityOfPage":{"@id":"https:\/\/www.africa-press.net\/niger\/dossiers\/mohamed-bazoum-assimi-goita-duel-a-distance-dans-le-sahel"},"wordCount":366,"commentCount":0,"image":{"@id":"https:\/\/www.africa-press.net\/niger\/dossiers\/mohamed-bazoum-assimi-goita-duel-a-distance-dans-le-sahel#primaryimage"},"thumbnailUrl":"https:\/\/static.africa-press.net\/niger\/sites\/40\/2021\/07\/img-60f170cc75e9f.jpg","keywords":["Africa Press","Africa Press-Niger","Niger"],"articleSection":["Dossiers","homepage-french","Top Nouvelles","Toutes les actualit\u00e9s"],"inLanguage":"fr-FR","potentialAction":[{"@type":"CommentAction","name":"Comment","target":["https:\/\/www.africa-press.net\/niger\/dossiers\/mohamed-bazoum-assimi-goita-duel-a-distance-dans-le-sahel#respond"]}]},{"@type":"WebPage","@id":"https:\/\/www.africa-press.net\/niger\/dossiers\/mohamed-bazoum-assimi-goita-duel-a-distance-dans-le-sahel","url":"https:\/\/www.africa-press.net\/niger\/dossiers\/mohamed-bazoum-assimi-goita-duel-a-distance-dans-le-sahel","name":"Mohamed Bazoum \u2013 Assimi Go\u00efta : duel \u00e0 distance dans le Sahel - niger","isPartOf":{"@id":"https:\/\/www.africa-press.net\/niger\/#website"},"primaryImageOfPage":{"@id":"https:\/\/www.africa-press.net\/niger\/dossiers\/mohamed-bazoum-assimi-goita-duel-a-distance-dans-le-sahel#primaryimage"},"image":{"@id":"https:\/\/www.africa-press.net\/niger\/dossiers\/mohamed-bazoum-assimi-goita-duel-a-distance-dans-le-sahel#primaryimage"},"thumbnailUrl":"https:\/\/static.africa-press.net\/niger\/sites\/40\/2021\/07\/img-60f170cc75e9f.jpg","datePublished":"2021-07-16T11:48:20+00:00","dateModified":"2021-07-16T20:49:24+00:00","author":{"@id":"https:\/\/www.africa-press.net\/niger\/#\/schema\/person\/2b1cf3cd81a31e3cd26889ca66d677f1"},"description":"Alors que le Niger est en passe de devenir le pilier central de la strat\u00e9gie militaire fran\u00e7aise au Sahel, Mohamed Bazou ...","breadcrumb":{"@id":"https:\/\/www.africa-press.net\/niger\/dossiers\/mohamed-bazoum-assimi-goita-duel-a-distance-dans-le-sahel#breadcrumb"},"inLanguage":"fr-FR","potentialAction":[{"@type":"ReadAction","target":["https:\/\/www.africa-press.net\/niger\/dossiers\/mohamed-bazoum-assimi-goita-duel-a-distance-dans-le-sahel"]}]},{"@type":"ImageObject","inLanguage":"fr-FR","@id":"https:\/\/www.africa-press.net\/niger\/dossiers\/mohamed-bazoum-assimi-goita-duel-a-distance-dans-le-sahel#primaryimage","url":"https:\/\/static.africa-press.net\/niger\/sites\/40\/2021\/07\/img-60f170cc75e9f.jpg","contentUrl":"https:\/\/static.africa-press.net\/niger\/sites\/40\/2021\/07\/img-60f170cc75e9f.jpg","width":720,"height":360,"caption":"Mohamed Bazoum \u2013 Assimi Go\u00efta : duel \u00e0 distance dans le Sahel"},{"@type":"BreadcrumbList","@id":"https:\/\/www.africa-press.net\/niger\/dossiers\/mohamed-bazoum-assimi-goita-duel-a-distance-dans-le-sahel#breadcrumb","itemListElement":[{"@type":"ListItem","position":1,"name":"Accueil","item":"https:\/\/www.africa-press.net\/niger\/"},{"@type":"ListItem","position":2,"name":"Mohamed Bazoum \u2013 Assimi Go\u00efta : duel \u00e0 distance dans le Sahel"}]},{"@type":"WebSite","@id":"https:\/\/www.africa-press.net\/niger\/#website","url":"https:\/\/www.africa-press.net\/niger\/","name":"niger","description":"Just another Africa News Agency Sites site","potentialAction":[{"@type":"SearchAction","target":{"@type":"EntryPoint","urlTemplate":"https:\/\/www.africa-press.net\/niger\/?s={search_term_string}"},"query-input":{"@type":"PropertyValueSpecification","valueRequired":true,"valueName":"search_term_string"}}],"inLanguage":"fr-FR"},{"@type":"Person","@id":"https:\/\/www.africa-press.net\/niger\/#\/schema\/person\/2b1cf3cd81a31e3cd26889ca66d677f1","name":"cfeditorfr"}]}},"_links":{"self":[{"href":"https:\/\/www.africa-press.net\/niger\/wp-json\/wp\/v2\/posts\/8736","targetHints":{"allow":["GET"]}}],"collection":[{"href":"https:\/\/www.africa-press.net\/niger\/wp-json\/wp\/v2\/posts"}],"about":[{"href":"https:\/\/www.africa-press.net\/niger\/wp-json\/wp\/v2\/types\/post"}],"author":[{"embeddable":true,"href":"https:\/\/www.africa-press.net\/niger\/wp-json\/wp\/v2\/users\/82"}],"replies":[{"embeddable":true,"href":"https:\/\/www.africa-press.net\/niger\/wp-json\/wp\/v2\/comments?post=8736"}],"version-history":[{"count":0,"href":"https:\/\/www.africa-press.net\/niger\/wp-json\/wp\/v2\/posts\/8736\/revisions"}],"wp:featuredmedia":[{"embeddable":true,"href":"https:\/\/www.africa-press.net\/niger\/wp-json\/wp\/v2\/media\/8735"}],"wp:attachment":[{"href":"https:\/\/www.africa-press.net\/niger\/wp-json\/wp\/v2\/media?parent=8736"}],"wp:term":[{"taxonomy":"category","embeddable":true,"href":"https:\/\/www.africa-press.net\/niger\/wp-json\/wp\/v2\/categories?post=8736"},{"taxonomy":"post_tag","embeddable":true,"href":"https:\/\/www.africa-press.net\/niger\/wp-json\/wp\/v2\/tags?post=8736"}],"curies":[{"name":"wp","href":"https:\/\/api.w.org\/{rel}","templated":true}]}}