{"id":8742,"date":"2021-07-16T12:00:31","date_gmt":"2021-07-16T12:00:31","guid":{"rendered":"https:\/\/www.africa-press.net\/niger\/?p=8742"},"modified":"2021-07-16T20:49:47","modified_gmt":"2021-07-16T20:49:47","slug":"commemoration-a-niamey-de-la-journee-des-martyrs-du-coup-detat-avorte-du-15-juillet-2016-en-turquie","status":"publish","type":"post","link":"https:\/\/www.africa-press.net\/niger\/politique\/commemoration-a-niamey-de-la-journee-des-martyrs-du-coup-detat-avorte-du-15-juillet-2016-en-turquie","title":{"rendered":"Comm\u00e9moration \u00e0 Niamey de la Journ\u00e9e des martyrs du Coup d\u2019Etat avort\u00e9 du 15 juillet 2016 en Turquie"},"content":{"rendered":"<p><span style=\"color: #ff6600\"><strong><a href=\"https:\/\/www.africa-press.net\/\">Africa-Press<\/a> &#8211; <a href=\"https:\/\/www.africa-press.net\/niger\">Niger<\/a>. <\/strong><\/span>\u00a0L\u2019Ambassade de Turquie au Niger comm\u00e9more, ce jeudi 15 juillet 2021, la Journ\u00e9e des martyrs du Coup d\u2019Etat avort\u00e9 du 15 juillet 2016 contre le r\u00e9gime du Pr\u00e9sident Recep Tayyip Erdo\u011fan.<\/p>\n<p>A cette occasion, l\u2019Ambassadeur de Turquie au Niger, M. Mustafa T\u00fbrker Ari, a assist\u00e9, en d\u00e9but de matin\u00e9e de ce jeudi 15 juillet 2021 \u00e0 la Mosqu\u00e9e du Parc d\u2019Amiti\u00e9 Niger-Turquie de Niamey, \u00e0 la lecture du saint coran suivie des pri\u00e8res pour les martyrs.<\/p>\n<p>Pour rappel, cette tentative du coup d\u2019\u00e9tat avort\u00e9 a co\u00fbt\u00e9 la vie \u00e0 de nombreux patriotes turcs, dont le bilan s\u2019\u00e9l\u00e8ve \u00e0 environ 251 morts et 2.375 bless\u00e9es. Pour c\u00e9l\u00e9brer cette victoire, note-t-on, la Turquie a initi\u00e9 la Journ\u00e9e dite de la D\u00e9mocratie et de l\u2019Unit\u00e9 Nationale.<\/p>\n<p>Dans la nuit du 15 au 16 juillet 2016, rappelle-t-on, une tentative de coup d&rsquo;\u00c9tat a eu lieu en Turquie. Commandit\u00e9e par un \u00ab\u00a0Conseil de la paix dans le pays\u00a0\u00bb, une faction des Forces arm\u00e9es turques que le gouvernement turc accuse d&rsquo;\u00eatre li\u00e9e \u00e0 Fethullah G\u00fclen, cette tentative s&rsquo;est sold\u00e9e par un \u00e9chec.<\/p>\n<p>&nbsp;<\/p>\n","protected":false},"excerpt":{"rendered":"<p>Africa-Press &#8211; Niger. \u00a0L\u2019Ambassade de Turquie au Niger comm\u00e9more, ce jeudi 15 juillet 2021, la Journ\u00e9e des martyrs du Coup d\u2019Etat avort\u00e9 du 15 juillet 2016 contre le r\u00e9gime du Pr\u00e9sident Recep Tayyip Erdo\u011fan. A cette occasion, l\u2019Ambassadeur de Turquie au Niger, M. Mustafa T\u00fbrker Ari, a assist\u00e9, en d\u00e9but de matin\u00e9e de ce jeudi [&hellip;]<\/p>\n","protected":false},"author":82,"featured_media":8741,"comment_status":"open","ping_status":"closed","sticky":false,"template":"","format":"standard","meta":{"footnotes":""},"categories":[11,2,10],"tags":[55,60,29],"class_list":["post-8742","post","type-post","status-publish","format-standard","has-post-thumbnail","hentry","category-homepage-french","category-politique","category-toutes-les-actualites","tag-africa-press","tag-africa-press-niger","tag-niger"],"yoast_head":"<!-- This site is optimized with the Yoast SEO Premium plugin v26.1 (Yoast SEO v27.0) - https:\/\/yoast.com\/product\/yoast-seo-premium-wordpress\/ -->\n<title>Comm\u00e9moration \u00e0 Niamey de la Journ\u00e9e des martyrs du Coup d\u2019Etat avort\u00e9 du 15 juillet 2016 en Turquie - niger<\/title>\n<meta name=\"description\" content=\", 14 Juillet (ANP) - L\u2019Ambassade de Turquie au Niger comm\u00e9more, ce jeudi 15 juillet 2021, la Journ\u00e9e des martyrs du Coup ...\" \/>\n<meta name=\"robots\" content=\"index, follow, max-snippet:-1, max-image-preview:large, max-video-preview:-1\" \/>\n<link rel=\"canonical\" href=\"https:\/\/www.africa-press.net\/niger\/politique\/commemoration-a-niamey-de-la-journee-des-martyrs-du-coup-detat-avorte-du-15-juillet-2016-en-turquie\" \/>\n<meta property=\"og:locale\" content=\"fr_FR\" \/>\n<meta property=\"og:type\" content=\"article\" \/>\n<meta property=\"og:title\" content=\"Comm\u00e9moration \u00e0 Niamey de la Journ\u00e9e des martyrs du Coup d\u2019Etat avort\u00e9 du 15 juillet 2016 en Turquie\" \/>\n<meta property=\"og:description\" content=\", 14 Juillet (ANP) - L\u2019Ambassade de Turquie au Niger comm\u00e9more, ce jeudi 15 juillet 2021, la Journ\u00e9e des martyrs du Coup ...\" \/>\n<meta property=\"og:url\" content=\"https:\/\/www.africa-press.net\/niger\/politique\/commemoration-a-niamey-de-la-journee-des-martyrs-du-coup-detat-avorte-du-15-juillet-2016-en-turquie\" \/>\n<meta property=\"og:site_name\" content=\"niger\" \/>\n<meta property=\"article:published_time\" content=\"2021-07-16T12:00:31+00:00\" \/>\n<meta property=\"article:modified_time\" content=\"2021-07-16T20:49:47+00:00\" \/>\n<meta property=\"og:image\" content=\"https:\/\/static.africa-press.net\/niger\/sites\/40\/2021\/07\/img-60f1714ed3090.jpg\" \/>\n\t<meta property=\"og:image:width\" content=\"1200\" \/>\n\t<meta property=\"og:image:height\" content=\"800\" \/>\n\t<meta property=\"og:image:type\" content=\"image\/jpeg\" \/>\n<meta name=\"author\" content=\"cfeditorfr\" \/>\n<meta name=\"twitter:card\" content=\"summary_large_image\" \/>\n<meta name=\"twitter:label1\" content=\"\u00c9crit par\" \/>\n\t<meta name=\"twitter:data1\" content=\"cfeditorfr\" \/>\n\t<meta name=\"twitter:label2\" content=\"Dur\u00e9e de lecture estim\u00e9e\" \/>\n\t<meta name=\"twitter:data2\" content=\"1 minute\" \/>\n<script type=\"application\/ld+json\" class=\"yoast-schema-graph\">{\"@context\":\"https:\/\/schema.org\",\"@graph\":[{\"@type\":\"Article\",\"@id\":\"https:\/\/www.africa-press.net\/niger\/politique\/commemoration-a-niamey-de-la-journee-des-martyrs-du-coup-detat-avorte-du-15-juillet-2016-en-turquie#article\",\"isPartOf\":{\"@id\":\"https:\/\/www.africa-press.net\/niger\/politique\/commemoration-a-niamey-de-la-journee-des-martyrs-du-coup-detat-avorte-du-15-juillet-2016-en-turquie\"},\"author\":{\"name\":\"cfeditorfr\",\"@id\":\"https:\/\/www.africa-press.net\/niger\/#\/schema\/person\/2b1cf3cd81a31e3cd26889ca66d677f1\"},\"headline\":\"Comm\u00e9moration \u00e0 Niamey de la Journ\u00e9e des martyrs du Coup d\u2019Etat avort\u00e9 du 15 juillet 2016 en Turquie\",\"datePublished\":\"2021-07-16T12:00:31+00:00\",\"dateModified\":\"2021-07-16T20:49:47+00:00\",\"mainEntityOfPage\":{\"@id\":\"https:\/\/www.africa-press.net\/niger\/politique\/commemoration-a-niamey-de-la-journee-des-martyrs-du-coup-detat-avorte-du-15-juillet-2016-en-turquie\"},\"wordCount\":214,\"commentCount\":0,\"image\":{\"@id\":\"https:\/\/www.africa-press.net\/niger\/politique\/commemoration-a-niamey-de-la-journee-des-martyrs-du-coup-detat-avorte-du-15-juillet-2016-en-turquie#primaryimage\"},\"thumbnailUrl\":\"https:\/\/static.africa-press.net\/niger\/sites\/40\/2021\/07\/img-60f1714ed3090.jpg\",\"keywords\":[\"Africa Press\",\"Africa Press-Niger\",\"Niger\"],\"articleSection\":[\"homepage-french\",\"Politique\",\"Toutes les actualit\u00e9s\"],\"inLanguage\":\"fr-FR\",\"potentialAction\":[{\"@type\":\"CommentAction\",\"name\":\"Comment\",\"target\":[\"https:\/\/www.africa-press.net\/niger\/politique\/commemoration-a-niamey-de-la-journee-des-martyrs-du-coup-detat-avorte-du-15-juillet-2016-en-turquie#respond\"]}]},{\"@type\":\"WebPage\",\"@id\":\"https:\/\/www.africa-press.net\/niger\/politique\/commemoration-a-niamey-de-la-journee-des-martyrs-du-coup-detat-avorte-du-15-juillet-2016-en-turquie\",\"url\":\"https:\/\/www.africa-press.net\/niger\/politique\/commemoration-a-niamey-de-la-journee-des-martyrs-du-coup-detat-avorte-du-15-juillet-2016-en-turquie\",\"name\":\"Comm\u00e9moration \u00e0 Niamey de la Journ\u00e9e des martyrs du Coup d\u2019Etat avort\u00e9 du 15 juillet 2016 en Turquie - niger\",\"isPartOf\":{\"@id\":\"https:\/\/www.africa-press.net\/niger\/#website\"},\"primaryImageOfPage\":{\"@id\":\"https:\/\/www.africa-press.net\/niger\/politique\/commemoration-a-niamey-de-la-journee-des-martyrs-du-coup-detat-avorte-du-15-juillet-2016-en-turquie#primaryimage\"},\"image\":{\"@id\":\"https:\/\/www.africa-press.net\/niger\/politique\/commemoration-a-niamey-de-la-journee-des-martyrs-du-coup-detat-avorte-du-15-juillet-2016-en-turquie#primaryimage\"},\"thumbnailUrl\":\"https:\/\/static.africa-press.net\/niger\/sites\/40\/2021\/07\/img-60f1714ed3090.jpg\",\"datePublished\":\"2021-07-16T12:00:31+00:00\",\"dateModified\":\"2021-07-16T20:49:47+00:00\",\"author\":{\"@id\":\"https:\/\/www.africa-press.net\/niger\/#\/schema\/person\/2b1cf3cd81a31e3cd26889ca66d677f1\"},\"description\":\", 14 Juillet (ANP) - L\u2019Ambassade de Turquie au Niger comm\u00e9more, ce jeudi 15 juillet 2021, la Journ\u00e9e des martyrs du Coup ...\",\"breadcrumb\":{\"@id\":\"https:\/\/www.africa-press.net\/niger\/politique\/commemoration-a-niamey-de-la-journee-des-martyrs-du-coup-detat-avorte-du-15-juillet-2016-en-turquie#breadcrumb\"},\"inLanguage\":\"fr-FR\",\"potentialAction\":[{\"@type\":\"ReadAction\",\"target\":[\"https:\/\/www.africa-press.net\/niger\/politique\/commemoration-a-niamey-de-la-journee-des-martyrs-du-coup-detat-avorte-du-15-juillet-2016-en-turquie\"]}]},{\"@type\":\"ImageObject\",\"inLanguage\":\"fr-FR\",\"@id\":\"https:\/\/www.africa-press.net\/niger\/politique\/commemoration-a-niamey-de-la-journee-des-martyrs-du-coup-detat-avorte-du-15-juillet-2016-en-turquie#primaryimage\",\"url\":\"https:\/\/static.africa-press.net\/niger\/sites\/40\/2021\/07\/img-60f1714ed3090.jpg\",\"contentUrl\":\"https:\/\/static.africa-press.net\/niger\/sites\/40\/2021\/07\/img-60f1714ed3090.jpg\",\"width\":1200,\"height\":800,\"caption\":\"Comm\u00e9moration \u00e0 Niamey de la Journ\u00e9e des martyrs du Coup d\u2019Etat avort\u00e9 du 15 juillet 2016 en Turquie\"},{\"@type\":\"BreadcrumbList\",\"@id\":\"https:\/\/www.africa-press.net\/niger\/politique\/commemoration-a-niamey-de-la-journee-des-martyrs-du-coup-detat-avorte-du-15-juillet-2016-en-turquie#breadcrumb\",\"itemListElement\":[{\"@type\":\"ListItem\",\"position\":1,\"name\":\"Accueil\",\"item\":\"https:\/\/www.africa-press.net\/niger\/\"},{\"@type\":\"ListItem\",\"position\":2,\"name\":\"Comm\u00e9moration \u00e0 Niamey de la Journ\u00e9e des martyrs du Coup d\u2019Etat avort\u00e9 du 15 juillet 2016 en Turquie\"}]},{\"@type\":\"WebSite\",\"@id\":\"https:\/\/www.africa-press.net\/niger\/#website\",\"url\":\"https:\/\/www.africa-press.net\/niger\/\",\"name\":\"niger\",\"description\":\"Just another Africa News Agency Sites site\",\"potentialAction\":[{\"@type\":\"SearchAction\",\"target\":{\"@type\":\"EntryPoint\",\"urlTemplate\":\"https:\/\/www.africa-press.net\/niger\/?s={search_term_string}\"},\"query-input\":{\"@type\":\"PropertyValueSpecification\",\"valueRequired\":true,\"valueName\":\"search_term_string\"}}],\"inLanguage\":\"fr-FR\"},{\"@type\":\"Person\",\"@id\":\"https:\/\/www.africa-press.net\/niger\/#\/schema\/person\/2b1cf3cd81a31e3cd26889ca66d677f1\",\"name\":\"cfeditorfr\"}]}<\/script>\n<!-- \/ Yoast SEO Premium plugin. -->","yoast_head_json":{"title":"Comm\u00e9moration \u00e0 Niamey de la Journ\u00e9e des martyrs du Coup d\u2019Etat avort\u00e9 du 15 juillet 2016 en Turquie - niger","description":", 14 Juillet (ANP) - L\u2019Ambassade de Turquie au Niger comm\u00e9more, ce jeudi 15 juillet 2021, la Journ\u00e9e des martyrs du Coup ...","robots":{"index":"index","follow":"follow","max-snippet":"max-snippet:-1","max-image-preview":"max-image-preview:large","max-video-preview":"max-video-preview:-1"},"canonical":"https:\/\/www.africa-press.net\/niger\/politique\/commemoration-a-niamey-de-la-journee-des-martyrs-du-coup-detat-avorte-du-15-juillet-2016-en-turquie","og_locale":"fr_FR","og_type":"article","og_title":"Comm\u00e9moration \u00e0 Niamey de la Journ\u00e9e des martyrs du Coup d\u2019Etat avort\u00e9 du 15 juillet 2016 en Turquie","og_description":", 14 Juillet (ANP) - L\u2019Ambassade de Turquie au Niger comm\u00e9more, ce jeudi 15 juillet 2021, la Journ\u00e9e des martyrs du Coup ...","og_url":"https:\/\/www.africa-press.net\/niger\/politique\/commemoration-a-niamey-de-la-journee-des-martyrs-du-coup-detat-avorte-du-15-juillet-2016-en-turquie","og_site_name":"niger","article_published_time":"2021-07-16T12:00:31+00:00","article_modified_time":"2021-07-16T20:49:47+00:00","og_image":[{"width":1200,"height":800,"url":"https:\/\/static.africa-press.net\/niger\/sites\/40\/2021\/07\/img-60f1714ed3090.jpg","type":"image\/jpeg"}],"author":"cfeditorfr","twitter_card":"summary_large_image","twitter_misc":{"\u00c9crit par":"cfeditorfr","Dur\u00e9e de lecture estim\u00e9e":"1 minute"},"schema":{"@context":"https:\/\/schema.org","@graph":[{"@type":"Article","@id":"https:\/\/www.africa-press.net\/niger\/politique\/commemoration-a-niamey-de-la-journee-des-martyrs-du-coup-detat-avorte-du-15-juillet-2016-en-turquie#article","isPartOf":{"@id":"https:\/\/www.africa-press.net\/niger\/politique\/commemoration-a-niamey-de-la-journee-des-martyrs-du-coup-detat-avorte-du-15-juillet-2016-en-turquie"},"author":{"name":"cfeditorfr","@id":"https:\/\/www.africa-press.net\/niger\/#\/schema\/person\/2b1cf3cd81a31e3cd26889ca66d677f1"},"headline":"Comm\u00e9moration \u00e0 Niamey de la Journ\u00e9e des martyrs du Coup d\u2019Etat avort\u00e9 du 15 juillet 2016 en Turquie","datePublished":"2021-07-16T12:00:31+00:00","dateModified":"2021-07-16T20:49:47+00:00","mainEntityOfPage":{"@id":"https:\/\/www.africa-press.net\/niger\/politique\/commemoration-a-niamey-de-la-journee-des-martyrs-du-coup-detat-avorte-du-15-juillet-2016-en-turquie"},"wordCount":214,"commentCount":0,"image":{"@id":"https:\/\/www.africa-press.net\/niger\/politique\/commemoration-a-niamey-de-la-journee-des-martyrs-du-coup-detat-avorte-du-15-juillet-2016-en-turquie#primaryimage"},"thumbnailUrl":"https:\/\/static.africa-press.net\/niger\/sites\/40\/2021\/07\/img-60f1714ed3090.jpg","keywords":["Africa Press","Africa Press-Niger","Niger"],"articleSection":["homepage-french","Politique","Toutes les actualit\u00e9s"],"inLanguage":"fr-FR","potentialAction":[{"@type":"CommentAction","name":"Comment","target":["https:\/\/www.africa-press.net\/niger\/politique\/commemoration-a-niamey-de-la-journee-des-martyrs-du-coup-detat-avorte-du-15-juillet-2016-en-turquie#respond"]}]},{"@type":"WebPage","@id":"https:\/\/www.africa-press.net\/niger\/politique\/commemoration-a-niamey-de-la-journee-des-martyrs-du-coup-detat-avorte-du-15-juillet-2016-en-turquie","url":"https:\/\/www.africa-press.net\/niger\/politique\/commemoration-a-niamey-de-la-journee-des-martyrs-du-coup-detat-avorte-du-15-juillet-2016-en-turquie","name":"Comm\u00e9moration \u00e0 Niamey de la Journ\u00e9e des martyrs du Coup d\u2019Etat avort\u00e9 du 15 juillet 2016 en Turquie - niger","isPartOf":{"@id":"https:\/\/www.africa-press.net\/niger\/#website"},"primaryImageOfPage":{"@id":"https:\/\/www.africa-press.net\/niger\/politique\/commemoration-a-niamey-de-la-journee-des-martyrs-du-coup-detat-avorte-du-15-juillet-2016-en-turquie#primaryimage"},"image":{"@id":"https:\/\/www.africa-press.net\/niger\/politique\/commemoration-a-niamey-de-la-journee-des-martyrs-du-coup-detat-avorte-du-15-juillet-2016-en-turquie#primaryimage"},"thumbnailUrl":"https:\/\/static.africa-press.net\/niger\/sites\/40\/2021\/07\/img-60f1714ed3090.jpg","datePublished":"2021-07-16T12:00:31+00:00","dateModified":"2021-07-16T20:49:47+00:00","author":{"@id":"https:\/\/www.africa-press.net\/niger\/#\/schema\/person\/2b1cf3cd81a31e3cd26889ca66d677f1"},"description":", 14 Juillet (ANP) - L\u2019Ambassade de Turquie au Niger comm\u00e9more, ce jeudi 15 juillet 2021, la Journ\u00e9e des martyrs du Coup ...","breadcrumb":{"@id":"https:\/\/www.africa-press.net\/niger\/politique\/commemoration-a-niamey-de-la-journee-des-martyrs-du-coup-detat-avorte-du-15-juillet-2016-en-turquie#breadcrumb"},"inLanguage":"fr-FR","potentialAction":[{"@type":"ReadAction","target":["https:\/\/www.africa-press.net\/niger\/politique\/commemoration-a-niamey-de-la-journee-des-martyrs-du-coup-detat-avorte-du-15-juillet-2016-en-turquie"]}]},{"@type":"ImageObject","inLanguage":"fr-FR","@id":"https:\/\/www.africa-press.net\/niger\/politique\/commemoration-a-niamey-de-la-journee-des-martyrs-du-coup-detat-avorte-du-15-juillet-2016-en-turquie#primaryimage","url":"https:\/\/static.africa-press.net\/niger\/sites\/40\/2021\/07\/img-60f1714ed3090.jpg","contentUrl":"https:\/\/static.africa-press.net\/niger\/sites\/40\/2021\/07\/img-60f1714ed3090.jpg","width":1200,"height":800,"caption":"Comm\u00e9moration \u00e0 Niamey de la Journ\u00e9e des martyrs du Coup d\u2019Etat avort\u00e9 du 15 juillet 2016 en Turquie"},{"@type":"BreadcrumbList","@id":"https:\/\/www.africa-press.net\/niger\/politique\/commemoration-a-niamey-de-la-journee-des-martyrs-du-coup-detat-avorte-du-15-juillet-2016-en-turquie#breadcrumb","itemListElement":[{"@type":"ListItem","position":1,"name":"Accueil","item":"https:\/\/www.africa-press.net\/niger\/"},{"@type":"ListItem","position":2,"name":"Comm\u00e9moration \u00e0 Niamey de la Journ\u00e9e des martyrs du Coup d\u2019Etat avort\u00e9 du 15 juillet 2016 en Turquie"}]},{"@type":"WebSite","@id":"https:\/\/www.africa-press.net\/niger\/#website","url":"https:\/\/www.africa-press.net\/niger\/","name":"niger","description":"Just another Africa News Agency Sites site","potentialAction":[{"@type":"SearchAction","target":{"@type":"EntryPoint","urlTemplate":"https:\/\/www.africa-press.net\/niger\/?s={search_term_string}"},"query-input":{"@type":"PropertyValueSpecification","valueRequired":true,"valueName":"search_term_string"}}],"inLanguage":"fr-FR"},{"@type":"Person","@id":"https:\/\/www.africa-press.net\/niger\/#\/schema\/person\/2b1cf3cd81a31e3cd26889ca66d677f1","name":"cfeditorfr"}]}},"_links":{"self":[{"href":"https:\/\/www.africa-press.net\/niger\/wp-json\/wp\/v2\/posts\/8742","targetHints":{"allow":["GET"]}}],"collection":[{"href":"https:\/\/www.africa-press.net\/niger\/wp-json\/wp\/v2\/posts"}],"about":[{"href":"https:\/\/www.africa-press.net\/niger\/wp-json\/wp\/v2\/types\/post"}],"author":[{"embeddable":true,"href":"https:\/\/www.africa-press.net\/niger\/wp-json\/wp\/v2\/users\/82"}],"replies":[{"embeddable":true,"href":"https:\/\/www.africa-press.net\/niger\/wp-json\/wp\/v2\/comments?post=8742"}],"version-history":[{"count":0,"href":"https:\/\/www.africa-press.net\/niger\/wp-json\/wp\/v2\/posts\/8742\/revisions"}],"wp:featuredmedia":[{"embeddable":true,"href":"https:\/\/www.africa-press.net\/niger\/wp-json\/wp\/v2\/media\/8741"}],"wp:attachment":[{"href":"https:\/\/www.africa-press.net\/niger\/wp-json\/wp\/v2\/media?parent=8742"}],"wp:term":[{"taxonomy":"category","embeddable":true,"href":"https:\/\/www.africa-press.net\/niger\/wp-json\/wp\/v2\/categories?post=8742"},{"taxonomy":"post_tag","embeddable":true,"href":"https:\/\/www.africa-press.net\/niger\/wp-json\/wp\/v2\/tags?post=8742"}],"curies":[{"name":"wp","href":"https:\/\/api.w.org\/{rel}","templated":true}]}}