{"id":8749,"date":"2021-07-16T12:17:28","date_gmt":"2021-07-16T12:17:28","guid":{"rendered":"https:\/\/www.africa-press.net\/niger\/?p=8749"},"modified":"2021-07-16T20:50:16","modified_gmt":"2021-07-16T20:50:16","slug":"le-president-du-parlement-nigerien-sentretient-avec-le-secretaire-general-de-lunion-parlementaire-africaine","status":"publish","type":"post","link":"https:\/\/www.africa-press.net\/niger\/politique\/le-president-du-parlement-nigerien-sentretient-avec-le-secretaire-general-de-lunion-parlementaire-africaine","title":{"rendered":"Le Pr\u00e9sident du Parlement nig\u00e9rien s\u2019entretient avec le Secr\u00e9taire G\u00e9n\u00e9ral de l\u2019Union Parlementaire Africaine"},"content":{"rendered":"<p><span style=\"color: #ff6600\"><strong><a href=\"https:\/\/www.africa-press.net\/\">Africa-Press<\/a> &#8211; <a href=\"https:\/\/www.africa-press.net\/niger\">Niger<\/a>.\u00a0 <\/strong><\/span>Le Pr\u00e9sident du Parlement nig\u00e9rien, M. SEINI OUMAROU, a accord\u00e9, ce jeudi 15 juillet 2021, une audience au Secr\u00e9taire G\u00e9n\u00e9ral de l\u2019Union Parlementaire Africaine (UPA), M. Idi Gado Boubacar.<\/p>\n<p>A sa sortie d\u2019audience, M. Idi GaAdo Boubacar a d\u2019abord voulu rappeler que l\u2019UPA en tant qu\u2019organisation interparlementaire vise la promotion de la paix, de la d\u00e9mocratie, du d\u00e9veloppement durable, ainsiParlement que des droits de l\u2019homme.<\/p>\n<p>Le Secr\u00e9taire G\u00e9n\u00e9ral de l\u2019UPA a ensuite pr\u00e9cis\u00e9 qu\u2019il est venu recevoir les conseils du Pr\u00e9sident du Parlement nig\u00e9rien en pr\u00e9lude \u00e0 la tenue \u00e0 Djibouti de la Conf\u00e9rence des Pr\u00e9sidents d\u2019Assembl\u00e9es Nationales de l\u2019Afrique.<\/p>\n<p>\u00ab Je souhaite qu\u2019il m\u2019accompagne de son soutien parce que dans ces genres d\u2019organisations on a besoin surtout du soutien de son pays \u00bb, a-t-il ajout\u00e9, indiquant que \u00ab le Pr\u00e9sident de l\u2019Assembl\u00e9e Nationale m\u2019a assur\u00e9 qu\u2019il est de c\u0153ur avec nous \u00bb.<\/p>\n<p>Enfin, M. Idi Gado Boubacar a tenu \u00e0 remercier le Pr\u00e9sident du Parlement nig\u00e9rien pour cet entretien fructueux et l\u2019a f\u00e9licit\u00e9 pour sa nomination \u00e0 la t\u00eate de l\u2019Assembl\u00e9e Nationale.<\/p>\n<p>&nbsp;<\/p>\n","protected":false},"excerpt":{"rendered":"<p>Africa-Press &#8211; Niger.\u00a0 Le Pr\u00e9sident du Parlement nig\u00e9rien, M. SEINI OUMAROU, a accord\u00e9, ce jeudi 15 juillet 2021, une audience au Secr\u00e9taire G\u00e9n\u00e9ral de l\u2019Union Parlementaire Africaine (UPA), M. Idi Gado Boubacar. A sa sortie d\u2019audience, M. Idi GaAdo Boubacar a d\u2019abord voulu rappeler que l\u2019UPA en tant qu\u2019organisation interparlementaire vise la promotion de la [&hellip;]<\/p>\n","protected":false},"author":82,"featured_media":8748,"comment_status":"open","ping_status":"closed","sticky":false,"template":"","format":"standard","meta":{"footnotes":""},"categories":[11,2,20,10],"tags":[55,60,29],"class_list":["post-8749","post","type-post","status-publish","format-standard","has-post-thumbnail","hentry","category-homepage-french","category-politique","category-top-nouvelles","category-toutes-les-actualites","tag-africa-press","tag-africa-press-niger","tag-niger"],"yoast_head":"<!-- This site is optimized with the Yoast SEO Premium plugin v26.1 (Yoast SEO v27.0) - https:\/\/yoast.com\/product\/yoast-seo-premium-wordpress\/ -->\n<title>Le Pr\u00e9sident du Parlement nig\u00e9rien s\u2019entretient avec le Secr\u00e9taire G\u00e9n\u00e9ral de l\u2019Union Parlementaire Africaine - niger<\/title>\n<meta name=\"description\" content=\", 15 juillet (ANP) - Le Pr\u00e9sident du Parlement nig\u00e9rien, M. SEINI OUMAROU, a accord\u00e9, ce jeudi 15 juillet 2021, une audi ...\" \/>\n<meta name=\"robots\" content=\"index, follow, max-snippet:-1, max-image-preview:large, max-video-preview:-1\" \/>\n<link rel=\"canonical\" href=\"https:\/\/www.africa-press.net\/niger\/politique\/le-president-du-parlement-nigerien-sentretient-avec-le-secretaire-general-de-lunion-parlementaire-africaine\" \/>\n<meta property=\"og:locale\" content=\"fr_FR\" \/>\n<meta property=\"og:type\" content=\"article\" \/>\n<meta property=\"og:title\" content=\"Le Pr\u00e9sident du Parlement nig\u00e9rien s\u2019entretient avec le Secr\u00e9taire G\u00e9n\u00e9ral de l\u2019Union Parlementaire Africaine\" \/>\n<meta property=\"og:description\" content=\", 15 juillet (ANP) - Le Pr\u00e9sident du Parlement nig\u00e9rien, M. SEINI OUMAROU, a accord\u00e9, ce jeudi 15 juillet 2021, une audi ...\" \/>\n<meta property=\"og:url\" content=\"https:\/\/www.africa-press.net\/niger\/politique\/le-president-du-parlement-nigerien-sentretient-avec-le-secretaire-general-de-lunion-parlementaire-africaine\" \/>\n<meta property=\"og:site_name\" content=\"niger\" \/>\n<meta property=\"article:published_time\" content=\"2021-07-16T12:17:28+00:00\" \/>\n<meta property=\"article:modified_time\" content=\"2021-07-16T20:50:16+00:00\" \/>\n<meta property=\"og:image\" content=\"https:\/\/static.africa-press.net\/niger\/sites\/40\/2021\/07\/img-60f171c234864.jpg\" \/>\n\t<meta property=\"og:image:width\" content=\"720\" \/>\n\t<meta property=\"og:image:height\" content=\"479\" \/>\n\t<meta property=\"og:image:type\" content=\"image\/jpeg\" \/>\n<meta name=\"author\" content=\"cfeditorfr\" \/>\n<meta name=\"twitter:card\" content=\"summary_large_image\" \/>\n<meta name=\"twitter:label1\" content=\"\u00c9crit par\" \/>\n\t<meta name=\"twitter:data1\" content=\"cfeditorfr\" \/>\n\t<meta name=\"twitter:label2\" content=\"Dur\u00e9e de lecture estim\u00e9e\" \/>\n\t<meta name=\"twitter:data2\" content=\"1 minute\" \/>\n<script type=\"application\/ld+json\" class=\"yoast-schema-graph\">{\"@context\":\"https:\/\/schema.org\",\"@graph\":[{\"@type\":\"Article\",\"@id\":\"https:\/\/www.africa-press.net\/niger\/politique\/le-president-du-parlement-nigerien-sentretient-avec-le-secretaire-general-de-lunion-parlementaire-africaine#article\",\"isPartOf\":{\"@id\":\"https:\/\/www.africa-press.net\/niger\/politique\/le-president-du-parlement-nigerien-sentretient-avec-le-secretaire-general-de-lunion-parlementaire-africaine\"},\"author\":{\"name\":\"cfeditorfr\",\"@id\":\"https:\/\/www.africa-press.net\/niger\/#\/schema\/person\/2b1cf3cd81a31e3cd26889ca66d677f1\"},\"headline\":\"Le Pr\u00e9sident du Parlement nig\u00e9rien s\u2019entretient avec le Secr\u00e9taire G\u00e9n\u00e9ral de l\u2019Union Parlementaire Africaine\",\"datePublished\":\"2021-07-16T12:17:28+00:00\",\"dateModified\":\"2021-07-16T20:50:16+00:00\",\"mainEntityOfPage\":{\"@id\":\"https:\/\/www.africa-press.net\/niger\/politique\/le-president-du-parlement-nigerien-sentretient-avec-le-secretaire-general-de-lunion-parlementaire-africaine\"},\"wordCount\":231,\"commentCount\":0,\"image\":{\"@id\":\"https:\/\/www.africa-press.net\/niger\/politique\/le-president-du-parlement-nigerien-sentretient-avec-le-secretaire-general-de-lunion-parlementaire-africaine#primaryimage\"},\"thumbnailUrl\":\"https:\/\/static.africa-press.net\/niger\/sites\/40\/2021\/07\/img-60f171c234864.jpg\",\"keywords\":[\"Africa Press\",\"Africa Press-Niger\",\"Niger\"],\"articleSection\":[\"homepage-french\",\"Politique\",\"Top Nouvelles\",\"Toutes les actualit\u00e9s\"],\"inLanguage\":\"fr-FR\",\"potentialAction\":[{\"@type\":\"CommentAction\",\"name\":\"Comment\",\"target\":[\"https:\/\/www.africa-press.net\/niger\/politique\/le-president-du-parlement-nigerien-sentretient-avec-le-secretaire-general-de-lunion-parlementaire-africaine#respond\"]}]},{\"@type\":\"WebPage\",\"@id\":\"https:\/\/www.africa-press.net\/niger\/politique\/le-president-du-parlement-nigerien-sentretient-avec-le-secretaire-general-de-lunion-parlementaire-africaine\",\"url\":\"https:\/\/www.africa-press.net\/niger\/politique\/le-president-du-parlement-nigerien-sentretient-avec-le-secretaire-general-de-lunion-parlementaire-africaine\",\"name\":\"Le Pr\u00e9sident du Parlement nig\u00e9rien s\u2019entretient avec le Secr\u00e9taire G\u00e9n\u00e9ral de l\u2019Union Parlementaire Africaine - niger\",\"isPartOf\":{\"@id\":\"https:\/\/www.africa-press.net\/niger\/#website\"},\"primaryImageOfPage\":{\"@id\":\"https:\/\/www.africa-press.net\/niger\/politique\/le-president-du-parlement-nigerien-sentretient-avec-le-secretaire-general-de-lunion-parlementaire-africaine#primaryimage\"},\"image\":{\"@id\":\"https:\/\/www.africa-press.net\/niger\/politique\/le-president-du-parlement-nigerien-sentretient-avec-le-secretaire-general-de-lunion-parlementaire-africaine#primaryimage\"},\"thumbnailUrl\":\"https:\/\/static.africa-press.net\/niger\/sites\/40\/2021\/07\/img-60f171c234864.jpg\",\"datePublished\":\"2021-07-16T12:17:28+00:00\",\"dateModified\":\"2021-07-16T20:50:16+00:00\",\"author\":{\"@id\":\"https:\/\/www.africa-press.net\/niger\/#\/schema\/person\/2b1cf3cd81a31e3cd26889ca66d677f1\"},\"description\":\", 15 juillet (ANP) - Le Pr\u00e9sident du Parlement nig\u00e9rien, M. SEINI OUMAROU, a accord\u00e9, ce jeudi 15 juillet 2021, une audi ...\",\"breadcrumb\":{\"@id\":\"https:\/\/www.africa-press.net\/niger\/politique\/le-president-du-parlement-nigerien-sentretient-avec-le-secretaire-general-de-lunion-parlementaire-africaine#breadcrumb\"},\"inLanguage\":\"fr-FR\",\"potentialAction\":[{\"@type\":\"ReadAction\",\"target\":[\"https:\/\/www.africa-press.net\/niger\/politique\/le-president-du-parlement-nigerien-sentretient-avec-le-secretaire-general-de-lunion-parlementaire-africaine\"]}]},{\"@type\":\"ImageObject\",\"inLanguage\":\"fr-FR\",\"@id\":\"https:\/\/www.africa-press.net\/niger\/politique\/le-president-du-parlement-nigerien-sentretient-avec-le-secretaire-general-de-lunion-parlementaire-africaine#primaryimage\",\"url\":\"https:\/\/static.africa-press.net\/niger\/sites\/40\/2021\/07\/img-60f171c234864.jpg\",\"contentUrl\":\"https:\/\/static.africa-press.net\/niger\/sites\/40\/2021\/07\/img-60f171c234864.jpg\",\"width\":720,\"height\":479,\"caption\":\"Le Pr\u00e9sident du Parlement nig\u00e9rien s\u2019entretient avec le Secr\u00e9taire G\u00e9n\u00e9ral de l\u2019Union Parlementaire Africaine\"},{\"@type\":\"BreadcrumbList\",\"@id\":\"https:\/\/www.africa-press.net\/niger\/politique\/le-president-du-parlement-nigerien-sentretient-avec-le-secretaire-general-de-lunion-parlementaire-africaine#breadcrumb\",\"itemListElement\":[{\"@type\":\"ListItem\",\"position\":1,\"name\":\"Accueil\",\"item\":\"https:\/\/www.africa-press.net\/niger\/\"},{\"@type\":\"ListItem\",\"position\":2,\"name\":\"Le Pr\u00e9sident du Parlement nig\u00e9rien s\u2019entretient avec le Secr\u00e9taire G\u00e9n\u00e9ral de l\u2019Union Parlementaire Africaine\"}]},{\"@type\":\"WebSite\",\"@id\":\"https:\/\/www.africa-press.net\/niger\/#website\",\"url\":\"https:\/\/www.africa-press.net\/niger\/\",\"name\":\"niger\",\"description\":\"Just another Africa News Agency Sites site\",\"potentialAction\":[{\"@type\":\"SearchAction\",\"target\":{\"@type\":\"EntryPoint\",\"urlTemplate\":\"https:\/\/www.africa-press.net\/niger\/?s={search_term_string}\"},\"query-input\":{\"@type\":\"PropertyValueSpecification\",\"valueRequired\":true,\"valueName\":\"search_term_string\"}}],\"inLanguage\":\"fr-FR\"},{\"@type\":\"Person\",\"@id\":\"https:\/\/www.africa-press.net\/niger\/#\/schema\/person\/2b1cf3cd81a31e3cd26889ca66d677f1\",\"name\":\"cfeditorfr\"}]}<\/script>\n<!-- \/ Yoast SEO Premium plugin. -->","yoast_head_json":{"title":"Le Pr\u00e9sident du Parlement nig\u00e9rien s\u2019entretient avec le Secr\u00e9taire G\u00e9n\u00e9ral de l\u2019Union Parlementaire Africaine - niger","description":", 15 juillet (ANP) - Le Pr\u00e9sident du Parlement nig\u00e9rien, M. SEINI OUMAROU, a accord\u00e9, ce jeudi 15 juillet 2021, une audi ...","robots":{"index":"index","follow":"follow","max-snippet":"max-snippet:-1","max-image-preview":"max-image-preview:large","max-video-preview":"max-video-preview:-1"},"canonical":"https:\/\/www.africa-press.net\/niger\/politique\/le-president-du-parlement-nigerien-sentretient-avec-le-secretaire-general-de-lunion-parlementaire-africaine","og_locale":"fr_FR","og_type":"article","og_title":"Le Pr\u00e9sident du Parlement nig\u00e9rien s\u2019entretient avec le Secr\u00e9taire G\u00e9n\u00e9ral de l\u2019Union Parlementaire Africaine","og_description":", 15 juillet (ANP) - Le Pr\u00e9sident du Parlement nig\u00e9rien, M. SEINI OUMAROU, a accord\u00e9, ce jeudi 15 juillet 2021, une audi ...","og_url":"https:\/\/www.africa-press.net\/niger\/politique\/le-president-du-parlement-nigerien-sentretient-avec-le-secretaire-general-de-lunion-parlementaire-africaine","og_site_name":"niger","article_published_time":"2021-07-16T12:17:28+00:00","article_modified_time":"2021-07-16T20:50:16+00:00","og_image":[{"width":720,"height":479,"url":"https:\/\/static.africa-press.net\/niger\/sites\/40\/2021\/07\/img-60f171c234864.jpg","type":"image\/jpeg"}],"author":"cfeditorfr","twitter_card":"summary_large_image","twitter_misc":{"\u00c9crit par":"cfeditorfr","Dur\u00e9e de lecture estim\u00e9e":"1 minute"},"schema":{"@context":"https:\/\/schema.org","@graph":[{"@type":"Article","@id":"https:\/\/www.africa-press.net\/niger\/politique\/le-president-du-parlement-nigerien-sentretient-avec-le-secretaire-general-de-lunion-parlementaire-africaine#article","isPartOf":{"@id":"https:\/\/www.africa-press.net\/niger\/politique\/le-president-du-parlement-nigerien-sentretient-avec-le-secretaire-general-de-lunion-parlementaire-africaine"},"author":{"name":"cfeditorfr","@id":"https:\/\/www.africa-press.net\/niger\/#\/schema\/person\/2b1cf3cd81a31e3cd26889ca66d677f1"},"headline":"Le Pr\u00e9sident du Parlement nig\u00e9rien s\u2019entretient avec le Secr\u00e9taire G\u00e9n\u00e9ral de l\u2019Union Parlementaire Africaine","datePublished":"2021-07-16T12:17:28+00:00","dateModified":"2021-07-16T20:50:16+00:00","mainEntityOfPage":{"@id":"https:\/\/www.africa-press.net\/niger\/politique\/le-president-du-parlement-nigerien-sentretient-avec-le-secretaire-general-de-lunion-parlementaire-africaine"},"wordCount":231,"commentCount":0,"image":{"@id":"https:\/\/www.africa-press.net\/niger\/politique\/le-president-du-parlement-nigerien-sentretient-avec-le-secretaire-general-de-lunion-parlementaire-africaine#primaryimage"},"thumbnailUrl":"https:\/\/static.africa-press.net\/niger\/sites\/40\/2021\/07\/img-60f171c234864.jpg","keywords":["Africa Press","Africa Press-Niger","Niger"],"articleSection":["homepage-french","Politique","Top Nouvelles","Toutes les actualit\u00e9s"],"inLanguage":"fr-FR","potentialAction":[{"@type":"CommentAction","name":"Comment","target":["https:\/\/www.africa-press.net\/niger\/politique\/le-president-du-parlement-nigerien-sentretient-avec-le-secretaire-general-de-lunion-parlementaire-africaine#respond"]}]},{"@type":"WebPage","@id":"https:\/\/www.africa-press.net\/niger\/politique\/le-president-du-parlement-nigerien-sentretient-avec-le-secretaire-general-de-lunion-parlementaire-africaine","url":"https:\/\/www.africa-press.net\/niger\/politique\/le-president-du-parlement-nigerien-sentretient-avec-le-secretaire-general-de-lunion-parlementaire-africaine","name":"Le Pr\u00e9sident du Parlement nig\u00e9rien s\u2019entretient avec le Secr\u00e9taire G\u00e9n\u00e9ral de l\u2019Union Parlementaire Africaine - niger","isPartOf":{"@id":"https:\/\/www.africa-press.net\/niger\/#website"},"primaryImageOfPage":{"@id":"https:\/\/www.africa-press.net\/niger\/politique\/le-president-du-parlement-nigerien-sentretient-avec-le-secretaire-general-de-lunion-parlementaire-africaine#primaryimage"},"image":{"@id":"https:\/\/www.africa-press.net\/niger\/politique\/le-president-du-parlement-nigerien-sentretient-avec-le-secretaire-general-de-lunion-parlementaire-africaine#primaryimage"},"thumbnailUrl":"https:\/\/static.africa-press.net\/niger\/sites\/40\/2021\/07\/img-60f171c234864.jpg","datePublished":"2021-07-16T12:17:28+00:00","dateModified":"2021-07-16T20:50:16+00:00","author":{"@id":"https:\/\/www.africa-press.net\/niger\/#\/schema\/person\/2b1cf3cd81a31e3cd26889ca66d677f1"},"description":", 15 juillet (ANP) - Le Pr\u00e9sident du Parlement nig\u00e9rien, M. SEINI OUMAROU, a accord\u00e9, ce jeudi 15 juillet 2021, une audi ...","breadcrumb":{"@id":"https:\/\/www.africa-press.net\/niger\/politique\/le-president-du-parlement-nigerien-sentretient-avec-le-secretaire-general-de-lunion-parlementaire-africaine#breadcrumb"},"inLanguage":"fr-FR","potentialAction":[{"@type":"ReadAction","target":["https:\/\/www.africa-press.net\/niger\/politique\/le-president-du-parlement-nigerien-sentretient-avec-le-secretaire-general-de-lunion-parlementaire-africaine"]}]},{"@type":"ImageObject","inLanguage":"fr-FR","@id":"https:\/\/www.africa-press.net\/niger\/politique\/le-president-du-parlement-nigerien-sentretient-avec-le-secretaire-general-de-lunion-parlementaire-africaine#primaryimage","url":"https:\/\/static.africa-press.net\/niger\/sites\/40\/2021\/07\/img-60f171c234864.jpg","contentUrl":"https:\/\/static.africa-press.net\/niger\/sites\/40\/2021\/07\/img-60f171c234864.jpg","width":720,"height":479,"caption":"Le Pr\u00e9sident du Parlement nig\u00e9rien s\u2019entretient avec le Secr\u00e9taire G\u00e9n\u00e9ral de l\u2019Union Parlementaire Africaine"},{"@type":"BreadcrumbList","@id":"https:\/\/www.africa-press.net\/niger\/politique\/le-president-du-parlement-nigerien-sentretient-avec-le-secretaire-general-de-lunion-parlementaire-africaine#breadcrumb","itemListElement":[{"@type":"ListItem","position":1,"name":"Accueil","item":"https:\/\/www.africa-press.net\/niger\/"},{"@type":"ListItem","position":2,"name":"Le Pr\u00e9sident du Parlement nig\u00e9rien s\u2019entretient avec le Secr\u00e9taire G\u00e9n\u00e9ral de l\u2019Union Parlementaire Africaine"}]},{"@type":"WebSite","@id":"https:\/\/www.africa-press.net\/niger\/#website","url":"https:\/\/www.africa-press.net\/niger\/","name":"niger","description":"Just another Africa News Agency Sites site","potentialAction":[{"@type":"SearchAction","target":{"@type":"EntryPoint","urlTemplate":"https:\/\/www.africa-press.net\/niger\/?s={search_term_string}"},"query-input":{"@type":"PropertyValueSpecification","valueRequired":true,"valueName":"search_term_string"}}],"inLanguage":"fr-FR"},{"@type":"Person","@id":"https:\/\/www.africa-press.net\/niger\/#\/schema\/person\/2b1cf3cd81a31e3cd26889ca66d677f1","name":"cfeditorfr"}]}},"_links":{"self":[{"href":"https:\/\/www.africa-press.net\/niger\/wp-json\/wp\/v2\/posts\/8749","targetHints":{"allow":["GET"]}}],"collection":[{"href":"https:\/\/www.africa-press.net\/niger\/wp-json\/wp\/v2\/posts"}],"about":[{"href":"https:\/\/www.africa-press.net\/niger\/wp-json\/wp\/v2\/types\/post"}],"author":[{"embeddable":true,"href":"https:\/\/www.africa-press.net\/niger\/wp-json\/wp\/v2\/users\/82"}],"replies":[{"embeddable":true,"href":"https:\/\/www.africa-press.net\/niger\/wp-json\/wp\/v2\/comments?post=8749"}],"version-history":[{"count":0,"href":"https:\/\/www.africa-press.net\/niger\/wp-json\/wp\/v2\/posts\/8749\/revisions"}],"wp:featuredmedia":[{"embeddable":true,"href":"https:\/\/www.africa-press.net\/niger\/wp-json\/wp\/v2\/media\/8748"}],"wp:attachment":[{"href":"https:\/\/www.africa-press.net\/niger\/wp-json\/wp\/v2\/media?parent=8749"}],"wp:term":[{"taxonomy":"category","embeddable":true,"href":"https:\/\/www.africa-press.net\/niger\/wp-json\/wp\/v2\/categories?post=8749"},{"taxonomy":"post_tag","embeddable":true,"href":"https:\/\/www.africa-press.net\/niger\/wp-json\/wp\/v2\/tags?post=8749"}],"curies":[{"name":"wp","href":"https:\/\/api.w.org\/{rel}","templated":true}]}}