{"id":8752,"date":"2021-07-16T12:28:11","date_gmt":"2021-07-16T12:28:11","guid":{"rendered":"https:\/\/www.africa-press.net\/niger\/?p=8752"},"modified":"2021-07-16T20:50:32","modified_gmt":"2021-07-16T20:50:32","slug":"coup-detat-avorte-du-15-juillet-2016-en-turquie-lambassadeur-de-la-turquie-a-niamey-insiste-sur-ses-differentes-implications","status":"publish","type":"post","link":"https:\/\/www.africa-press.net\/niger\/politique\/coup-detat-avorte-du-15-juillet-2016-en-turquie-lambassadeur-de-la-turquie-a-niamey-insiste-sur-ses-differentes-implications","title":{"rendered":"Coup d\u2019Etat avort\u00e9 du 15 juillet 2016 en Turquie : L\u2019Ambassadeur de la Turquie \u00e0 Niamey insiste sur ses diff\u00e9rentes implications"},"content":{"rendered":"<p><span style=\"color: #ff6600\"><strong><a href=\"https:\/\/www.africa-press.net\/\">Africa-Press<\/a> &#8211; <a href=\"https:\/\/www.africa-press.net\/niger\">Niger<\/a>.\u00a0 <\/strong><\/span>\u00a0L\u2019Ambassade de la R\u00e9publique de Turquie au Niger a c\u00e9l\u00e9br\u00e9, ce jeudi 15 juillet 2021 \u00e0 Niamey, la Journ\u00e9e de la D\u00e9mocratie et de l\u2019Unit\u00e9 Nationale, institu\u00e9e pour rendre hommage aux martyrs de la tentative du Coup d\u2019Etat avort\u00e9 du 15 juillet 2016.<\/p>\n<p>A la suite de la c\u00e9r\u00e9monie de lecture du saint coran suivie des pri\u00e8res pour les martyrs organis\u00e9e en d\u00e9but de matin\u00e9e de ce jeudi 15 juillet 2021 \u00e0 la Mosqu\u00e9e du Parc d\u2019Amiti\u00e9 Niger-Turquie de Niamey, l\u2019Ambassadeur de Turquie au Niger, M. Mustafa T\u00fcrker Ari a anim\u00e9 une conf\u00e9rence de presse au cours de laquelle il a rendu un hommage appuy\u00e9 \u00e0 ses compatriotes qui ont rendu l\u2019\u00e2me dans la lutte que m\u00e8ne la R\u00e9publique du Turquie contre l\u2019organisation terroriste de Fetullah G\u00fclen (FET\u00d6).<\/p>\n<p>\u00ab Les attaques arm\u00e9es contre notre peuple le 15 juillet 2016 ne seront jamais oubli\u00e9es, c\u2019\u00e9tait une v\u00e9ritable conspiration contre l\u2019unit\u00e9 nationale et la solidarit\u00e9 de notre pays, il ya d\u00e9j\u00e0 cinq ans \u00bb, a d\u00e9clar\u00e9 le diplomate turc au Niger.<\/p>\n<p>Apr\u00e8s avoir rappel\u00e9 le contexte dans lequel se sont d\u00e9roul\u00e9s les malheureux \u00e9v\u00e8nements du 15 juillet 2016 en Turquie et l\u2019importance de cette comm\u00e9moration pour le peuple turc, l\u2019Ambassadeur de Turquie au Niger a pens\u00e9 que \u00ab le peuple nig\u00e9rien peut bien t\u00e9moigner de la sympathie envers le peuple turc du fait qu\u2019une tentative de coup d\u2019\u00e9tat a eu lieu ici dans la nuit du 31 mars 2021 \u00bb.<\/p>\n<p>Abordant l\u2019\u00e9tat de la coop\u00e9ration entre le Niger et la Turquie, le diplomate turc a indiqu\u00e9 cette coop\u00e9ration se poursuivra et se renforcera davantage, soulignant que \u00ab c\u2019est cette position que le Ministre des Affaires Etrang\u00e8res turc, M. Mevl\u00fct \u00c7avu\u015fo\u011flu, a r\u00e9it\u00e9r\u00e9 \u00e0 son homologue nig\u00e9rien Hassoumi Massoudou lors de leur entretien bilat\u00e9ral en Turquie le 20 juin 2021 en marge du forum diplomatique d\u2019Antalya \u00bb.<\/p>\n<p>D\u00e9clinant la vraie identit\u00e9 de Fetullah G\u00fclen, M. Mustafa T\u00fcrker Ari a affirm\u00e9 que ce dernier est \u00ab le chef d\u2019une organisation clandestine criminelle et terroriste, appel\u00e9e tout court FET\u00d6, qui poss\u00e8de une port\u00e9e et des m\u00e9thodes de nuisance sans pr\u00e9c\u00e9dent \u00bb.<\/p>\n<p>\u00ab Le FET\u00d6 est d\u2019ailleurs une menace s\u00e9rieuse contre les acquis r\u00e9publicains et d\u00e9mocratiques en Turquie \u00bb, a-t-il ajout\u00e9.<\/p>\n<p>Le diplomate turc s\u2019est ensuite f\u00e9licit\u00e9 de \u00ab\u00a0l\u2019h\u00e9ro\u00efsme patriotique des citoyens\u00a0\u00bb, qui a permis \u00e0 l\u2019Etat de d\u00e9jouer \u00ab cette tentative qui se r\u00e9v\u00e9la \u00eatre la plus sanglante terreur que la Turquie ait connue dans son histoire contemporaine \u00bb, avec un bilan faisant \u00e9tat de 251 martyrs et 2.196 bless\u00e9s.<\/p>\n<p>En cons\u00e9quence, informe-t-il, les autorit\u00e9s turques concentrent leurs efforts pour r\u00e9v\u00e9ler le r\u00e9seau organisationnel de cette organisation terroriste et qu\u2019au cours des 18 derniers mois, environs 2.000 suspects ont \u00e9t\u00e9 arr\u00eat\u00e9s et remis \u00e0 la justice turque.<\/p>\n<p>Parlant la dimension de cette affaire, le diplomate turc a soulign\u00e9 qu\u2019il serait une violation du droit international que les demandes d&rsquo;asile d\u00e9pos\u00e9es par les membres de cette organisation soient accept\u00e9es par d\u2019autres \u00c9tats dans le monde. En effet, a-t-il indiqu\u00e9, \u00ab au regard des activit\u00e9s que m\u00e8nent les organisations terroristes, tous les \u00c9tats sont tenus d\u2019apporter un soutien continu \u00e0 la lutte contre le terrorisme \u00bb.<\/p>\n<p>Le diplomate turc au Niger a enfin expliqu\u00e9 que la Fondation Maarif de Turquie a repris plusieurs \u00e9coles et centres d&rsquo;enseignement affili\u00e9s \u00e0 la FET\u00d6 afin de ne pas interrompre les activit\u00e9s p\u00e9dagogiques, et mieux encore d\u2019enseigner aux \u00e9l\u00e8ves les programmes officiels de leurs pays.<\/p>\n<p>\u00ab Dans ce cadre, les \u00e9l\u00e8ves des Ecoles de la Fondation Maarif au Niger enregistrent chaque ann\u00e9e un grand succ\u00e8s \u00bb, a-t-il r\u00e9v\u00e9l\u00e9.<\/p>\n<p>Cette c\u00e9r\u00e9monie s\u2019est d\u00e9roul\u00e9e en pr\u00e9sence en pr\u00e9sence des repr\u00e9sentants des autorit\u00e9s nig\u00e9riennes, de la communaut\u00e9 turque au Niger, ainsi que des anciens \u00e9tudiants et stagiaires nig\u00e9riens en Turquie.<\/p>\n<p>&nbsp;<\/p>\n","protected":false},"excerpt":{"rendered":"<p>Africa-Press &#8211; Niger.\u00a0 \u00a0L\u2019Ambassade de la R\u00e9publique de Turquie au Niger a c\u00e9l\u00e9br\u00e9, ce jeudi 15 juillet 2021 \u00e0 Niamey, la Journ\u00e9e de la D\u00e9mocratie et de l\u2019Unit\u00e9 Nationale, institu\u00e9e pour rendre hommage aux martyrs de la tentative du Coup d\u2019Etat avort\u00e9 du 15 juillet 2016. A la suite de la c\u00e9r\u00e9monie de lecture du [&hellip;]<\/p>\n","protected":false},"author":82,"featured_media":8751,"comment_status":"open","ping_status":"closed","sticky":false,"template":"","format":"standard","meta":{"footnotes":""},"categories":[11,2,10],"tags":[55,60,29],"class_list":["post-8752","post","type-post","status-publish","format-standard","has-post-thumbnail","hentry","category-homepage-french","category-politique","category-toutes-les-actualites","tag-africa-press","tag-africa-press-niger","tag-niger"],"yoast_head":"<!-- This site is optimized with the Yoast SEO Premium plugin v26.1 (Yoast SEO v27.0) - https:\/\/yoast.com\/product\/yoast-seo-premium-wordpress\/ -->\n<title>Coup d\u2019Etat avort\u00e9 du 15 juillet 2016 en Turquie : L\u2019Ambassadeur de la Turquie \u00e0 Niamey insiste sur ses diff\u00e9rentes implications - niger<\/title>\n<meta name=\"description\" content=\", 15 Juillet (ANP) - L\u2019Ambassade de la R\u00e9publique de Turquie au Niger a c\u00e9l\u00e9br\u00e9, ce jeudi 15 juillet 2021 \u00e0 Niamey, la J ...\" \/>\n<meta name=\"robots\" content=\"index, follow, max-snippet:-1, max-image-preview:large, max-video-preview:-1\" \/>\n<link rel=\"canonical\" href=\"https:\/\/www.africa-press.net\/niger\/politique\/coup-detat-avorte-du-15-juillet-2016-en-turquie-lambassadeur-de-la-turquie-a-niamey-insiste-sur-ses-differentes-implications\" \/>\n<meta property=\"og:locale\" content=\"fr_FR\" \/>\n<meta property=\"og:type\" content=\"article\" \/>\n<meta property=\"og:title\" content=\"Coup d\u2019Etat avort\u00e9 du 15 juillet 2016 en Turquie : L\u2019Ambassadeur de la Turquie \u00e0 Niamey insiste sur ses diff\u00e9rentes implications\" \/>\n<meta property=\"og:description\" content=\", 15 Juillet (ANP) - L\u2019Ambassade de la R\u00e9publique de Turquie au Niger a c\u00e9l\u00e9br\u00e9, ce jeudi 15 juillet 2021 \u00e0 Niamey, la J ...\" \/>\n<meta property=\"og:url\" content=\"https:\/\/www.africa-press.net\/niger\/politique\/coup-detat-avorte-du-15-juillet-2016-en-turquie-lambassadeur-de-la-turquie-a-niamey-insiste-sur-ses-differentes-implications\" \/>\n<meta property=\"og:site_name\" content=\"niger\" \/>\n<meta property=\"article:published_time\" content=\"2021-07-16T12:28:11+00:00\" \/>\n<meta property=\"article:modified_time\" content=\"2021-07-16T20:50:32+00:00\" \/>\n<meta property=\"og:image\" content=\"https:\/\/static.africa-press.net\/niger\/sites\/40\/2021\/07\/img-60f171ee3c85f.jpg\" \/>\n\t<meta property=\"og:image:width\" content=\"720\" \/>\n\t<meta property=\"og:image:height\" content=\"479\" \/>\n\t<meta property=\"og:image:type\" content=\"image\/jpeg\" \/>\n<meta name=\"author\" content=\"cfeditorfr\" \/>\n<meta name=\"twitter:card\" content=\"summary_large_image\" \/>\n<meta name=\"twitter:label1\" content=\"\u00c9crit par\" \/>\n\t<meta name=\"twitter:data1\" content=\"cfeditorfr\" \/>\n\t<meta name=\"twitter:label2\" content=\"Dur\u00e9e de lecture estim\u00e9e\" \/>\n\t<meta name=\"twitter:data2\" content=\"3 minutes\" \/>\n<script type=\"application\/ld+json\" class=\"yoast-schema-graph\">{\"@context\":\"https:\/\/schema.org\",\"@graph\":[{\"@type\":\"Article\",\"@id\":\"https:\/\/www.africa-press.net\/niger\/politique\/coup-detat-avorte-du-15-juillet-2016-en-turquie-lambassadeur-de-la-turquie-a-niamey-insiste-sur-ses-differentes-implications#article\",\"isPartOf\":{\"@id\":\"https:\/\/www.africa-press.net\/niger\/politique\/coup-detat-avorte-du-15-juillet-2016-en-turquie-lambassadeur-de-la-turquie-a-niamey-insiste-sur-ses-differentes-implications\"},\"author\":{\"name\":\"cfeditorfr\",\"@id\":\"https:\/\/www.africa-press.net\/niger\/#\/schema\/person\/2b1cf3cd81a31e3cd26889ca66d677f1\"},\"headline\":\"Coup d\u2019Etat avort\u00e9 du 15 juillet 2016 en Turquie : L\u2019Ambassadeur de la Turquie \u00e0 Niamey insiste sur ses diff\u00e9rentes implications\",\"datePublished\":\"2021-07-16T12:28:11+00:00\",\"dateModified\":\"2021-07-16T20:50:32+00:00\",\"mainEntityOfPage\":{\"@id\":\"https:\/\/www.africa-press.net\/niger\/politique\/coup-detat-avorte-du-15-juillet-2016-en-turquie-lambassadeur-de-la-turquie-a-niamey-insiste-sur-ses-differentes-implications\"},\"wordCount\":717,\"commentCount\":0,\"image\":{\"@id\":\"https:\/\/www.africa-press.net\/niger\/politique\/coup-detat-avorte-du-15-juillet-2016-en-turquie-lambassadeur-de-la-turquie-a-niamey-insiste-sur-ses-differentes-implications#primaryimage\"},\"thumbnailUrl\":\"https:\/\/static.africa-press.net\/niger\/sites\/40\/2021\/07\/img-60f171ee3c85f.jpg\",\"keywords\":[\"Africa Press\",\"Africa Press-Niger\",\"Niger\"],\"articleSection\":[\"homepage-french\",\"Politique\",\"Toutes les actualit\u00e9s\"],\"inLanguage\":\"fr-FR\",\"potentialAction\":[{\"@type\":\"CommentAction\",\"name\":\"Comment\",\"target\":[\"https:\/\/www.africa-press.net\/niger\/politique\/coup-detat-avorte-du-15-juillet-2016-en-turquie-lambassadeur-de-la-turquie-a-niamey-insiste-sur-ses-differentes-implications#respond\"]}]},{\"@type\":\"WebPage\",\"@id\":\"https:\/\/www.africa-press.net\/niger\/politique\/coup-detat-avorte-du-15-juillet-2016-en-turquie-lambassadeur-de-la-turquie-a-niamey-insiste-sur-ses-differentes-implications\",\"url\":\"https:\/\/www.africa-press.net\/niger\/politique\/coup-detat-avorte-du-15-juillet-2016-en-turquie-lambassadeur-de-la-turquie-a-niamey-insiste-sur-ses-differentes-implications\",\"name\":\"Coup d\u2019Etat avort\u00e9 du 15 juillet 2016 en Turquie : L\u2019Ambassadeur de la Turquie \u00e0 Niamey insiste sur ses diff\u00e9rentes implications - niger\",\"isPartOf\":{\"@id\":\"https:\/\/www.africa-press.net\/niger\/#website\"},\"primaryImageOfPage\":{\"@id\":\"https:\/\/www.africa-press.net\/niger\/politique\/coup-detat-avorte-du-15-juillet-2016-en-turquie-lambassadeur-de-la-turquie-a-niamey-insiste-sur-ses-differentes-implications#primaryimage\"},\"image\":{\"@id\":\"https:\/\/www.africa-press.net\/niger\/politique\/coup-detat-avorte-du-15-juillet-2016-en-turquie-lambassadeur-de-la-turquie-a-niamey-insiste-sur-ses-differentes-implications#primaryimage\"},\"thumbnailUrl\":\"https:\/\/static.africa-press.net\/niger\/sites\/40\/2021\/07\/img-60f171ee3c85f.jpg\",\"datePublished\":\"2021-07-16T12:28:11+00:00\",\"dateModified\":\"2021-07-16T20:50:32+00:00\",\"author\":{\"@id\":\"https:\/\/www.africa-press.net\/niger\/#\/schema\/person\/2b1cf3cd81a31e3cd26889ca66d677f1\"},\"description\":\", 15 Juillet (ANP) - L\u2019Ambassade de la R\u00e9publique de Turquie au Niger a c\u00e9l\u00e9br\u00e9, ce jeudi 15 juillet 2021 \u00e0 Niamey, la J ...\",\"breadcrumb\":{\"@id\":\"https:\/\/www.africa-press.net\/niger\/politique\/coup-detat-avorte-du-15-juillet-2016-en-turquie-lambassadeur-de-la-turquie-a-niamey-insiste-sur-ses-differentes-implications#breadcrumb\"},\"inLanguage\":\"fr-FR\",\"potentialAction\":[{\"@type\":\"ReadAction\",\"target\":[\"https:\/\/www.africa-press.net\/niger\/politique\/coup-detat-avorte-du-15-juillet-2016-en-turquie-lambassadeur-de-la-turquie-a-niamey-insiste-sur-ses-differentes-implications\"]}]},{\"@type\":\"ImageObject\",\"inLanguage\":\"fr-FR\",\"@id\":\"https:\/\/www.africa-press.net\/niger\/politique\/coup-detat-avorte-du-15-juillet-2016-en-turquie-lambassadeur-de-la-turquie-a-niamey-insiste-sur-ses-differentes-implications#primaryimage\",\"url\":\"https:\/\/static.africa-press.net\/niger\/sites\/40\/2021\/07\/img-60f171ee3c85f.jpg\",\"contentUrl\":\"https:\/\/static.africa-press.net\/niger\/sites\/40\/2021\/07\/img-60f171ee3c85f.jpg\",\"width\":720,\"height\":479,\"caption\":\"Coup d\u2019Etat avort\u00e9 du 15 juillet 2016 en Turquie : L\u2019Ambassadeur de la Turquie \u00e0 Niamey insiste sur ses diff\u00e9rentes implications\"},{\"@type\":\"BreadcrumbList\",\"@id\":\"https:\/\/www.africa-press.net\/niger\/politique\/coup-detat-avorte-du-15-juillet-2016-en-turquie-lambassadeur-de-la-turquie-a-niamey-insiste-sur-ses-differentes-implications#breadcrumb\",\"itemListElement\":[{\"@type\":\"ListItem\",\"position\":1,\"name\":\"Accueil\",\"item\":\"https:\/\/www.africa-press.net\/niger\/\"},{\"@type\":\"ListItem\",\"position\":2,\"name\":\"Coup d\u2019Etat avort\u00e9 du 15 juillet 2016 en Turquie : L\u2019Ambassadeur de la Turquie \u00e0 Niamey insiste sur ses diff\u00e9rentes implications\"}]},{\"@type\":\"WebSite\",\"@id\":\"https:\/\/www.africa-press.net\/niger\/#website\",\"url\":\"https:\/\/www.africa-press.net\/niger\/\",\"name\":\"niger\",\"description\":\"Just another Africa News Agency Sites site\",\"potentialAction\":[{\"@type\":\"SearchAction\",\"target\":{\"@type\":\"EntryPoint\",\"urlTemplate\":\"https:\/\/www.africa-press.net\/niger\/?s={search_term_string}\"},\"query-input\":{\"@type\":\"PropertyValueSpecification\",\"valueRequired\":true,\"valueName\":\"search_term_string\"}}],\"inLanguage\":\"fr-FR\"},{\"@type\":\"Person\",\"@id\":\"https:\/\/www.africa-press.net\/niger\/#\/schema\/person\/2b1cf3cd81a31e3cd26889ca66d677f1\",\"name\":\"cfeditorfr\"}]}<\/script>\n<!-- \/ Yoast SEO Premium plugin. -->","yoast_head_json":{"title":"Coup d\u2019Etat avort\u00e9 du 15 juillet 2016 en Turquie : L\u2019Ambassadeur de la Turquie \u00e0 Niamey insiste sur ses diff\u00e9rentes implications - niger","description":", 15 Juillet (ANP) - L\u2019Ambassade de la R\u00e9publique de Turquie au Niger a c\u00e9l\u00e9br\u00e9, ce jeudi 15 juillet 2021 \u00e0 Niamey, la J ...","robots":{"index":"index","follow":"follow","max-snippet":"max-snippet:-1","max-image-preview":"max-image-preview:large","max-video-preview":"max-video-preview:-1"},"canonical":"https:\/\/www.africa-press.net\/niger\/politique\/coup-detat-avorte-du-15-juillet-2016-en-turquie-lambassadeur-de-la-turquie-a-niamey-insiste-sur-ses-differentes-implications","og_locale":"fr_FR","og_type":"article","og_title":"Coup d\u2019Etat avort\u00e9 du 15 juillet 2016 en Turquie : L\u2019Ambassadeur de la Turquie \u00e0 Niamey insiste sur ses diff\u00e9rentes implications","og_description":", 15 Juillet (ANP) - L\u2019Ambassade de la R\u00e9publique de Turquie au Niger a c\u00e9l\u00e9br\u00e9, ce jeudi 15 juillet 2021 \u00e0 Niamey, la J ...","og_url":"https:\/\/www.africa-press.net\/niger\/politique\/coup-detat-avorte-du-15-juillet-2016-en-turquie-lambassadeur-de-la-turquie-a-niamey-insiste-sur-ses-differentes-implications","og_site_name":"niger","article_published_time":"2021-07-16T12:28:11+00:00","article_modified_time":"2021-07-16T20:50:32+00:00","og_image":[{"width":720,"height":479,"url":"https:\/\/static.africa-press.net\/niger\/sites\/40\/2021\/07\/img-60f171ee3c85f.jpg","type":"image\/jpeg"}],"author":"cfeditorfr","twitter_card":"summary_large_image","twitter_misc":{"\u00c9crit par":"cfeditorfr","Dur\u00e9e de lecture estim\u00e9e":"3 minutes"},"schema":{"@context":"https:\/\/schema.org","@graph":[{"@type":"Article","@id":"https:\/\/www.africa-press.net\/niger\/politique\/coup-detat-avorte-du-15-juillet-2016-en-turquie-lambassadeur-de-la-turquie-a-niamey-insiste-sur-ses-differentes-implications#article","isPartOf":{"@id":"https:\/\/www.africa-press.net\/niger\/politique\/coup-detat-avorte-du-15-juillet-2016-en-turquie-lambassadeur-de-la-turquie-a-niamey-insiste-sur-ses-differentes-implications"},"author":{"name":"cfeditorfr","@id":"https:\/\/www.africa-press.net\/niger\/#\/schema\/person\/2b1cf3cd81a31e3cd26889ca66d677f1"},"headline":"Coup d\u2019Etat avort\u00e9 du 15 juillet 2016 en Turquie : L\u2019Ambassadeur de la Turquie \u00e0 Niamey insiste sur ses diff\u00e9rentes implications","datePublished":"2021-07-16T12:28:11+00:00","dateModified":"2021-07-16T20:50:32+00:00","mainEntityOfPage":{"@id":"https:\/\/www.africa-press.net\/niger\/politique\/coup-detat-avorte-du-15-juillet-2016-en-turquie-lambassadeur-de-la-turquie-a-niamey-insiste-sur-ses-differentes-implications"},"wordCount":717,"commentCount":0,"image":{"@id":"https:\/\/www.africa-press.net\/niger\/politique\/coup-detat-avorte-du-15-juillet-2016-en-turquie-lambassadeur-de-la-turquie-a-niamey-insiste-sur-ses-differentes-implications#primaryimage"},"thumbnailUrl":"https:\/\/static.africa-press.net\/niger\/sites\/40\/2021\/07\/img-60f171ee3c85f.jpg","keywords":["Africa Press","Africa Press-Niger","Niger"],"articleSection":["homepage-french","Politique","Toutes les actualit\u00e9s"],"inLanguage":"fr-FR","potentialAction":[{"@type":"CommentAction","name":"Comment","target":["https:\/\/www.africa-press.net\/niger\/politique\/coup-detat-avorte-du-15-juillet-2016-en-turquie-lambassadeur-de-la-turquie-a-niamey-insiste-sur-ses-differentes-implications#respond"]}]},{"@type":"WebPage","@id":"https:\/\/www.africa-press.net\/niger\/politique\/coup-detat-avorte-du-15-juillet-2016-en-turquie-lambassadeur-de-la-turquie-a-niamey-insiste-sur-ses-differentes-implications","url":"https:\/\/www.africa-press.net\/niger\/politique\/coup-detat-avorte-du-15-juillet-2016-en-turquie-lambassadeur-de-la-turquie-a-niamey-insiste-sur-ses-differentes-implications","name":"Coup d\u2019Etat avort\u00e9 du 15 juillet 2016 en Turquie : L\u2019Ambassadeur de la Turquie \u00e0 Niamey insiste sur ses diff\u00e9rentes implications - niger","isPartOf":{"@id":"https:\/\/www.africa-press.net\/niger\/#website"},"primaryImageOfPage":{"@id":"https:\/\/www.africa-press.net\/niger\/politique\/coup-detat-avorte-du-15-juillet-2016-en-turquie-lambassadeur-de-la-turquie-a-niamey-insiste-sur-ses-differentes-implications#primaryimage"},"image":{"@id":"https:\/\/www.africa-press.net\/niger\/politique\/coup-detat-avorte-du-15-juillet-2016-en-turquie-lambassadeur-de-la-turquie-a-niamey-insiste-sur-ses-differentes-implications#primaryimage"},"thumbnailUrl":"https:\/\/static.africa-press.net\/niger\/sites\/40\/2021\/07\/img-60f171ee3c85f.jpg","datePublished":"2021-07-16T12:28:11+00:00","dateModified":"2021-07-16T20:50:32+00:00","author":{"@id":"https:\/\/www.africa-press.net\/niger\/#\/schema\/person\/2b1cf3cd81a31e3cd26889ca66d677f1"},"description":", 15 Juillet (ANP) - L\u2019Ambassade de la R\u00e9publique de Turquie au Niger a c\u00e9l\u00e9br\u00e9, ce jeudi 15 juillet 2021 \u00e0 Niamey, la J ...","breadcrumb":{"@id":"https:\/\/www.africa-press.net\/niger\/politique\/coup-detat-avorte-du-15-juillet-2016-en-turquie-lambassadeur-de-la-turquie-a-niamey-insiste-sur-ses-differentes-implications#breadcrumb"},"inLanguage":"fr-FR","potentialAction":[{"@type":"ReadAction","target":["https:\/\/www.africa-press.net\/niger\/politique\/coup-detat-avorte-du-15-juillet-2016-en-turquie-lambassadeur-de-la-turquie-a-niamey-insiste-sur-ses-differentes-implications"]}]},{"@type":"ImageObject","inLanguage":"fr-FR","@id":"https:\/\/www.africa-press.net\/niger\/politique\/coup-detat-avorte-du-15-juillet-2016-en-turquie-lambassadeur-de-la-turquie-a-niamey-insiste-sur-ses-differentes-implications#primaryimage","url":"https:\/\/static.africa-press.net\/niger\/sites\/40\/2021\/07\/img-60f171ee3c85f.jpg","contentUrl":"https:\/\/static.africa-press.net\/niger\/sites\/40\/2021\/07\/img-60f171ee3c85f.jpg","width":720,"height":479,"caption":"Coup d\u2019Etat avort\u00e9 du 15 juillet 2016 en Turquie : L\u2019Ambassadeur de la Turquie \u00e0 Niamey insiste sur ses diff\u00e9rentes implications"},{"@type":"BreadcrumbList","@id":"https:\/\/www.africa-press.net\/niger\/politique\/coup-detat-avorte-du-15-juillet-2016-en-turquie-lambassadeur-de-la-turquie-a-niamey-insiste-sur-ses-differentes-implications#breadcrumb","itemListElement":[{"@type":"ListItem","position":1,"name":"Accueil","item":"https:\/\/www.africa-press.net\/niger\/"},{"@type":"ListItem","position":2,"name":"Coup d\u2019Etat avort\u00e9 du 15 juillet 2016 en Turquie : L\u2019Ambassadeur de la Turquie \u00e0 Niamey insiste sur ses diff\u00e9rentes implications"}]},{"@type":"WebSite","@id":"https:\/\/www.africa-press.net\/niger\/#website","url":"https:\/\/www.africa-press.net\/niger\/","name":"niger","description":"Just another Africa News Agency Sites site","potentialAction":[{"@type":"SearchAction","target":{"@type":"EntryPoint","urlTemplate":"https:\/\/www.africa-press.net\/niger\/?s={search_term_string}"},"query-input":{"@type":"PropertyValueSpecification","valueRequired":true,"valueName":"search_term_string"}}],"inLanguage":"fr-FR"},{"@type":"Person","@id":"https:\/\/www.africa-press.net\/niger\/#\/schema\/person\/2b1cf3cd81a31e3cd26889ca66d677f1","name":"cfeditorfr"}]}},"_links":{"self":[{"href":"https:\/\/www.africa-press.net\/niger\/wp-json\/wp\/v2\/posts\/8752","targetHints":{"allow":["GET"]}}],"collection":[{"href":"https:\/\/www.africa-press.net\/niger\/wp-json\/wp\/v2\/posts"}],"about":[{"href":"https:\/\/www.africa-press.net\/niger\/wp-json\/wp\/v2\/types\/post"}],"author":[{"embeddable":true,"href":"https:\/\/www.africa-press.net\/niger\/wp-json\/wp\/v2\/users\/82"}],"replies":[{"embeddable":true,"href":"https:\/\/www.africa-press.net\/niger\/wp-json\/wp\/v2\/comments?post=8752"}],"version-history":[{"count":0,"href":"https:\/\/www.africa-press.net\/niger\/wp-json\/wp\/v2\/posts\/8752\/revisions"}],"wp:featuredmedia":[{"embeddable":true,"href":"https:\/\/www.africa-press.net\/niger\/wp-json\/wp\/v2\/media\/8751"}],"wp:attachment":[{"href":"https:\/\/www.africa-press.net\/niger\/wp-json\/wp\/v2\/media?parent=8752"}],"wp:term":[{"taxonomy":"category","embeddable":true,"href":"https:\/\/www.africa-press.net\/niger\/wp-json\/wp\/v2\/categories?post=8752"},{"taxonomy":"post_tag","embeddable":true,"href":"https:\/\/www.africa-press.net\/niger\/wp-json\/wp\/v2\/tags?post=8752"}],"curies":[{"name":"wp","href":"https:\/\/api.w.org\/{rel}","templated":true}]}}