{"id":8755,"date":"2021-07-16T12:31:51","date_gmt":"2021-07-16T12:31:51","guid":{"rendered":"https:\/\/www.africa-press.net\/niger\/?p=8755"},"modified":"2021-07-16T20:50:49","modified_gmt":"2021-07-16T20:50:49","slug":"le-president-mohamed-bazoum-a-abidjan-pour-prendre-part-au-sommet-sur-la-mobilisation-des-fonds-ida","status":"publish","type":"post","link":"https:\/\/www.africa-press.net\/niger\/politique\/le-president-mohamed-bazoum-a-abidjan-pour-prendre-part-au-sommet-sur-la-mobilisation-des-fonds-ida","title":{"rendered":"Le Pr\u00e9sident Mohamed Bazoum \u00e0 Abidjan pour prendre part au sommet sur la mobilisation des fonds IDA"},"content":{"rendered":"<p><span style=\"color: #ff6600\"><strong><a href=\"https:\/\/www.africa-press.net\/\">Africa-Press<\/a> &#8211; <a href=\"https:\/\/www.africa-press.net\/niger\">Niger<\/a>.\u00a0 <\/strong><\/span>\u00a0Le Pr\u00e9sident de la R\u00e9publique du Niger Mohamed Bazoum effectue, sur invitation du Pr\u00e9sident ivoirien Alassane Ouattara, une visite de travail et d\u2019amiti\u00e9 \u00e0 Abidjan du 15 au 16 juillet 2021.<\/p>\n<p>Le Chef de l\u2019Etat nig\u00e9rien participe notamment \u00e0 la rencontre au Sommet pour la mobilisation des fonds IDA dite Vingti\u00e8me (20\u00e8me) Reconstitution Ambitieuse des Ressources de l\u2019Association Internationale du D\u00e9veloppement (IDA20) \u00e0 Abidjan, a-t-on appris de source officielle.<\/p>\n<p>Cette r\u00e9union, \u00e0 laquelle doivent prendre part une vingtaine de pays d\u2019Afrique, se propose de discuter des d\u00e9fis communs de d\u00e9veloppement, de convenir d&rsquo;objectifs et de buts communs en vue de guider la relance \u00e9conomique. Elle permettra de discuter du r\u00f4le essentiel du financement ext\u00e9rieur notamment \u00e0 travers une reconstitution ambitieuse des ressources de l&rsquo;Association Internationale de D\u00e9veloppement (IDA), dans un contexte marqu\u00e9 par la pand\u00e9mie de la COVID-19.<\/p>\n<p>La rencontre de la capitale ivoirienne, a-t-on appris, se penchera en outre sur les incidences \u00e9conomiques et sociales de la pand\u00e9mie.<\/p>\n<p>\u00ab Le cadre de cette importante rencontre d\u2019Abidjan \u00e0 laquelle prend part le Pr\u00e9sident se veut un espace de r\u00e9flexions o\u00f9 les d\u00e9cisions seront prises pour une Afrique r\u00e9siliente. La pand\u00e9mie mondiale du COVID-19, qui n\u2019a pas \u00e9pargn\u00e9 le continent, a port\u00e9 pr\u00e9judice sur le syst\u00e8me de sant\u00e9 d\u00e9j\u00e0 fragile et la croissance \u00e9conomique, cons\u00e9cutif \u00e0 la fermeture des fronti\u00e8res a\u00e9riennes et terrestres \u00bb, peut-on lire sur une note de la Pr\u00e9sidence nig\u00e9rienne.<\/p>\n<p>Aussi, note-t-on, le sommet va examiner la strat\u00e9gie de mobilisation de ressources. \u00ab La rencontre au sommet d\u2019Abidjan avec la participation active du Chef de l\u2019Etat SEM. Mohamed Bazoum et de ses autres pairs africains va plancher sur les voies et moyens de relancer l\u2019\u00e9conomie d\u2019une grande partie des pays du continent. Elle fait suite \u00e0 l\u2019appel lanc\u00e9 lors du Sommet sur le financement de l&rsquo;Afrique en mai 2021 \u00e0 Paris. Un effort suppl\u00e9mentaire estim\u00e9 \u00e0 285 milliards de dollars \u00e9tal\u00e9 sur les cinq prochaines ann\u00e9es doit servir prioritairement dans la lutte contre la pand\u00e9mie, le d\u00e9r\u00e8glement climatique et la relance \u00e9conomique. C\u2019est pourquoi la strat\u00e9gie durable de financement \u00e0 mettre en \u0153uvre pour la relance et le d\u00e9veloppement doit comporter la mobilisation des ressources internes, les financements \u00e0 taux pr\u00e9f\u00e9rentiels et non concessionnels ainsi que la participation du secteur priv\u00e9 \u00bb, note la Pr\u00e9sidence de la R\u00e9publique du Niger.<\/p>\n<p>Les participants \u00e0 la rencontre d\u2019Abidjan \u00e9tudieront aussi les axes prioritaires pour la relance de l\u2019\u00e9conomie africaine.<\/p>\n<p>\u00ab Le processus de la relance \u00e9conomique post-COVID devra permettre aux pays participant \u00e0 la rencontre sur la mobilisation des fonds IDA de repenser collectivement aux approches de d\u00e9veloppement adopt\u00e9es jusque-l\u00e0 tout en \u00e9valuant les facteurs limitants qui freinent l\u2019\u00e9volution vers une reprise verte, r\u00e9siliente et plus inclusive. Les objectifs prioritaires se d\u00e9clinent en trois (3) axes \u00e0 savoir l\u2019humain, le d\u00e9veloppement du secteur priv\u00e9 et la relance \u00e9conomique.<\/p>\n<p>Dans ce d\u00e9placement de la capitale ivoirienne, le chef de l\u2019Etat est accompagn\u00e9 de M. Hassoumi Massoudou, Ministre d\u2019Etat, Ministre des Affaires Etrang\u00e8res et de -la Coop\u00e9ration ; de M. Rabiou Abdou, Ministre du Plan ; d\u2019Alkache Alhada, Ministre de l\u2019Int\u00e9rieur et de la D\u00e9centralisation ; de M. Ibrahim Sani Abani, Directeur du Cabinet du Pr\u00e9sident de la R\u00e9publique et M. Moussa Aloua, Ambassadeur du Niger en C\u00f4te d\u2019Ivoire.<\/p>\n<p>&nbsp;<\/p>\n","protected":false},"excerpt":{"rendered":"<p>Africa-Press &#8211; Niger.\u00a0 \u00a0Le Pr\u00e9sident de la R\u00e9publique du Niger Mohamed Bazoum effectue, sur invitation du Pr\u00e9sident ivoirien Alassane Ouattara, une visite de travail et d\u2019amiti\u00e9 \u00e0 Abidjan du 15 au 16 juillet 2021. Le Chef de l\u2019Etat nig\u00e9rien participe notamment \u00e0 la rencontre au Sommet pour la mobilisation des fonds IDA dite Vingti\u00e8me (20\u00e8me) [&hellip;]<\/p>\n","protected":false},"author":82,"featured_media":8754,"comment_status":"open","ping_status":"closed","sticky":false,"template":"","format":"standard","meta":{"footnotes":""},"categories":[11,2,20,10],"tags":[55,60,29],"class_list":["post-8755","post","type-post","status-publish","format-standard","has-post-thumbnail","hentry","category-homepage-french","category-politique","category-top-nouvelles","category-toutes-les-actualites","tag-africa-press","tag-africa-press-niger","tag-niger"],"yoast_head":"<!-- This site is optimized with the Yoast SEO Premium plugin v26.1 (Yoast SEO v27.0) - https:\/\/yoast.com\/product\/yoast-seo-premium-wordpress\/ -->\n<title>Le Pr\u00e9sident Mohamed Bazoum \u00e0 Abidjan pour prendre part au sommet sur la mobilisation des fonds IDA - niger<\/title>\n<meta name=\"description\" content=\", 15 Juillet (ANP) - Le Pr\u00e9sident de la R\u00e9publique du Niger Mohamed Bazoum effectue, sur invitation du Pr\u00e9sident ivoirie ...\" \/>\n<meta name=\"robots\" content=\"index, follow, max-snippet:-1, max-image-preview:large, max-video-preview:-1\" \/>\n<link rel=\"canonical\" href=\"https:\/\/www.africa-press.net\/niger\/politique\/le-president-mohamed-bazoum-a-abidjan-pour-prendre-part-au-sommet-sur-la-mobilisation-des-fonds-ida\" \/>\n<meta property=\"og:locale\" content=\"fr_FR\" \/>\n<meta property=\"og:type\" content=\"article\" \/>\n<meta property=\"og:title\" content=\"Le Pr\u00e9sident Mohamed Bazoum \u00e0 Abidjan pour prendre part au sommet sur la mobilisation des fonds IDA\" \/>\n<meta property=\"og:description\" content=\", 15 Juillet (ANP) - Le Pr\u00e9sident de la R\u00e9publique du Niger Mohamed Bazoum effectue, sur invitation du Pr\u00e9sident ivoirie ...\" \/>\n<meta property=\"og:url\" content=\"https:\/\/www.africa-press.net\/niger\/politique\/le-president-mohamed-bazoum-a-abidjan-pour-prendre-part-au-sommet-sur-la-mobilisation-des-fonds-ida\" \/>\n<meta property=\"og:site_name\" content=\"niger\" \/>\n<meta property=\"article:published_time\" content=\"2021-07-16T12:31:51+00:00\" \/>\n<meta property=\"article:modified_time\" content=\"2021-07-16T20:50:49+00:00\" \/>\n<meta property=\"og:image\" content=\"https:\/\/static.africa-press.net\/niger\/sites\/40\/2021\/07\/img-60f17218591d3.jpg\" \/>\n\t<meta property=\"og:image:width\" content=\"720\" \/>\n\t<meta property=\"og:image:height\" content=\"480\" \/>\n\t<meta property=\"og:image:type\" content=\"image\/jpeg\" \/>\n<meta name=\"author\" content=\"cfeditorfr\" \/>\n<meta name=\"twitter:card\" content=\"summary_large_image\" \/>\n<meta name=\"twitter:label1\" content=\"\u00c9crit par\" \/>\n\t<meta name=\"twitter:data1\" content=\"cfeditorfr\" \/>\n\t<meta name=\"twitter:label2\" content=\"Dur\u00e9e de lecture estim\u00e9e\" \/>\n\t<meta name=\"twitter:data2\" content=\"3 minutes\" \/>\n<script type=\"application\/ld+json\" class=\"yoast-schema-graph\">{\"@context\":\"https:\/\/schema.org\",\"@graph\":[{\"@type\":\"Article\",\"@id\":\"https:\/\/www.africa-press.net\/niger\/politique\/le-president-mohamed-bazoum-a-abidjan-pour-prendre-part-au-sommet-sur-la-mobilisation-des-fonds-ida#article\",\"isPartOf\":{\"@id\":\"https:\/\/www.africa-press.net\/niger\/politique\/le-president-mohamed-bazoum-a-abidjan-pour-prendre-part-au-sommet-sur-la-mobilisation-des-fonds-ida\"},\"author\":{\"name\":\"cfeditorfr\",\"@id\":\"https:\/\/www.africa-press.net\/niger\/#\/schema\/person\/2b1cf3cd81a31e3cd26889ca66d677f1\"},\"headline\":\"Le Pr\u00e9sident Mohamed Bazoum \u00e0 Abidjan pour prendre part au sommet sur la mobilisation des fonds IDA\",\"datePublished\":\"2021-07-16T12:31:51+00:00\",\"dateModified\":\"2021-07-16T20:50:49+00:00\",\"mainEntityOfPage\":{\"@id\":\"https:\/\/www.africa-press.net\/niger\/politique\/le-president-mohamed-bazoum-a-abidjan-pour-prendre-part-au-sommet-sur-la-mobilisation-des-fonds-ida\"},\"wordCount\":605,\"commentCount\":0,\"image\":{\"@id\":\"https:\/\/www.africa-press.net\/niger\/politique\/le-president-mohamed-bazoum-a-abidjan-pour-prendre-part-au-sommet-sur-la-mobilisation-des-fonds-ida#primaryimage\"},\"thumbnailUrl\":\"https:\/\/static.africa-press.net\/niger\/sites\/40\/2021\/07\/img-60f17218591d3.jpg\",\"keywords\":[\"Africa Press\",\"Africa Press-Niger\",\"Niger\"],\"articleSection\":[\"homepage-french\",\"Politique\",\"Top Nouvelles\",\"Toutes les actualit\u00e9s\"],\"inLanguage\":\"fr-FR\",\"potentialAction\":[{\"@type\":\"CommentAction\",\"name\":\"Comment\",\"target\":[\"https:\/\/www.africa-press.net\/niger\/politique\/le-president-mohamed-bazoum-a-abidjan-pour-prendre-part-au-sommet-sur-la-mobilisation-des-fonds-ida#respond\"]}]},{\"@type\":\"WebPage\",\"@id\":\"https:\/\/www.africa-press.net\/niger\/politique\/le-president-mohamed-bazoum-a-abidjan-pour-prendre-part-au-sommet-sur-la-mobilisation-des-fonds-ida\",\"url\":\"https:\/\/www.africa-press.net\/niger\/politique\/le-president-mohamed-bazoum-a-abidjan-pour-prendre-part-au-sommet-sur-la-mobilisation-des-fonds-ida\",\"name\":\"Le Pr\u00e9sident Mohamed Bazoum \u00e0 Abidjan pour prendre part au sommet sur la mobilisation des fonds IDA - niger\",\"isPartOf\":{\"@id\":\"https:\/\/www.africa-press.net\/niger\/#website\"},\"primaryImageOfPage\":{\"@id\":\"https:\/\/www.africa-press.net\/niger\/politique\/le-president-mohamed-bazoum-a-abidjan-pour-prendre-part-au-sommet-sur-la-mobilisation-des-fonds-ida#primaryimage\"},\"image\":{\"@id\":\"https:\/\/www.africa-press.net\/niger\/politique\/le-president-mohamed-bazoum-a-abidjan-pour-prendre-part-au-sommet-sur-la-mobilisation-des-fonds-ida#primaryimage\"},\"thumbnailUrl\":\"https:\/\/static.africa-press.net\/niger\/sites\/40\/2021\/07\/img-60f17218591d3.jpg\",\"datePublished\":\"2021-07-16T12:31:51+00:00\",\"dateModified\":\"2021-07-16T20:50:49+00:00\",\"author\":{\"@id\":\"https:\/\/www.africa-press.net\/niger\/#\/schema\/person\/2b1cf3cd81a31e3cd26889ca66d677f1\"},\"description\":\", 15 Juillet (ANP) - Le Pr\u00e9sident de la R\u00e9publique du Niger Mohamed Bazoum effectue, sur invitation du Pr\u00e9sident ivoirie ...\",\"breadcrumb\":{\"@id\":\"https:\/\/www.africa-press.net\/niger\/politique\/le-president-mohamed-bazoum-a-abidjan-pour-prendre-part-au-sommet-sur-la-mobilisation-des-fonds-ida#breadcrumb\"},\"inLanguage\":\"fr-FR\",\"potentialAction\":[{\"@type\":\"ReadAction\",\"target\":[\"https:\/\/www.africa-press.net\/niger\/politique\/le-president-mohamed-bazoum-a-abidjan-pour-prendre-part-au-sommet-sur-la-mobilisation-des-fonds-ida\"]}]},{\"@type\":\"ImageObject\",\"inLanguage\":\"fr-FR\",\"@id\":\"https:\/\/www.africa-press.net\/niger\/politique\/le-president-mohamed-bazoum-a-abidjan-pour-prendre-part-au-sommet-sur-la-mobilisation-des-fonds-ida#primaryimage\",\"url\":\"https:\/\/static.africa-press.net\/niger\/sites\/40\/2021\/07\/img-60f17218591d3.jpg\",\"contentUrl\":\"https:\/\/static.africa-press.net\/niger\/sites\/40\/2021\/07\/img-60f17218591d3.jpg\",\"width\":720,\"height\":480,\"caption\":\"Le Pr\u00e9sident Mohamed Bazoum \u00e0 Abidjan pour prendre part au sommet sur la mobilisation des fonds IDA\"},{\"@type\":\"BreadcrumbList\",\"@id\":\"https:\/\/www.africa-press.net\/niger\/politique\/le-president-mohamed-bazoum-a-abidjan-pour-prendre-part-au-sommet-sur-la-mobilisation-des-fonds-ida#breadcrumb\",\"itemListElement\":[{\"@type\":\"ListItem\",\"position\":1,\"name\":\"Accueil\",\"item\":\"https:\/\/www.africa-press.net\/niger\/\"},{\"@type\":\"ListItem\",\"position\":2,\"name\":\"Le Pr\u00e9sident Mohamed Bazoum \u00e0 Abidjan pour prendre part au sommet sur la mobilisation des fonds IDA\"}]},{\"@type\":\"WebSite\",\"@id\":\"https:\/\/www.africa-press.net\/niger\/#website\",\"url\":\"https:\/\/www.africa-press.net\/niger\/\",\"name\":\"niger\",\"description\":\"Just another Africa News Agency Sites site\",\"potentialAction\":[{\"@type\":\"SearchAction\",\"target\":{\"@type\":\"EntryPoint\",\"urlTemplate\":\"https:\/\/www.africa-press.net\/niger\/?s={search_term_string}\"},\"query-input\":{\"@type\":\"PropertyValueSpecification\",\"valueRequired\":true,\"valueName\":\"search_term_string\"}}],\"inLanguage\":\"fr-FR\"},{\"@type\":\"Person\",\"@id\":\"https:\/\/www.africa-press.net\/niger\/#\/schema\/person\/2b1cf3cd81a31e3cd26889ca66d677f1\",\"name\":\"cfeditorfr\"}]}<\/script>\n<!-- \/ Yoast SEO Premium plugin. -->","yoast_head_json":{"title":"Le Pr\u00e9sident Mohamed Bazoum \u00e0 Abidjan pour prendre part au sommet sur la mobilisation des fonds IDA - niger","description":", 15 Juillet (ANP) - Le Pr\u00e9sident de la R\u00e9publique du Niger Mohamed Bazoum effectue, sur invitation du Pr\u00e9sident ivoirie ...","robots":{"index":"index","follow":"follow","max-snippet":"max-snippet:-1","max-image-preview":"max-image-preview:large","max-video-preview":"max-video-preview:-1"},"canonical":"https:\/\/www.africa-press.net\/niger\/politique\/le-president-mohamed-bazoum-a-abidjan-pour-prendre-part-au-sommet-sur-la-mobilisation-des-fonds-ida","og_locale":"fr_FR","og_type":"article","og_title":"Le Pr\u00e9sident Mohamed Bazoum \u00e0 Abidjan pour prendre part au sommet sur la mobilisation des fonds IDA","og_description":", 15 Juillet (ANP) - Le Pr\u00e9sident de la R\u00e9publique du Niger Mohamed Bazoum effectue, sur invitation du Pr\u00e9sident ivoirie ...","og_url":"https:\/\/www.africa-press.net\/niger\/politique\/le-president-mohamed-bazoum-a-abidjan-pour-prendre-part-au-sommet-sur-la-mobilisation-des-fonds-ida","og_site_name":"niger","article_published_time":"2021-07-16T12:31:51+00:00","article_modified_time":"2021-07-16T20:50:49+00:00","og_image":[{"width":720,"height":480,"url":"https:\/\/static.africa-press.net\/niger\/sites\/40\/2021\/07\/img-60f17218591d3.jpg","type":"image\/jpeg"}],"author":"cfeditorfr","twitter_card":"summary_large_image","twitter_misc":{"\u00c9crit par":"cfeditorfr","Dur\u00e9e de lecture estim\u00e9e":"3 minutes"},"schema":{"@context":"https:\/\/schema.org","@graph":[{"@type":"Article","@id":"https:\/\/www.africa-press.net\/niger\/politique\/le-president-mohamed-bazoum-a-abidjan-pour-prendre-part-au-sommet-sur-la-mobilisation-des-fonds-ida#article","isPartOf":{"@id":"https:\/\/www.africa-press.net\/niger\/politique\/le-president-mohamed-bazoum-a-abidjan-pour-prendre-part-au-sommet-sur-la-mobilisation-des-fonds-ida"},"author":{"name":"cfeditorfr","@id":"https:\/\/www.africa-press.net\/niger\/#\/schema\/person\/2b1cf3cd81a31e3cd26889ca66d677f1"},"headline":"Le Pr\u00e9sident Mohamed Bazoum \u00e0 Abidjan pour prendre part au sommet sur la mobilisation des fonds IDA","datePublished":"2021-07-16T12:31:51+00:00","dateModified":"2021-07-16T20:50:49+00:00","mainEntityOfPage":{"@id":"https:\/\/www.africa-press.net\/niger\/politique\/le-president-mohamed-bazoum-a-abidjan-pour-prendre-part-au-sommet-sur-la-mobilisation-des-fonds-ida"},"wordCount":605,"commentCount":0,"image":{"@id":"https:\/\/www.africa-press.net\/niger\/politique\/le-president-mohamed-bazoum-a-abidjan-pour-prendre-part-au-sommet-sur-la-mobilisation-des-fonds-ida#primaryimage"},"thumbnailUrl":"https:\/\/static.africa-press.net\/niger\/sites\/40\/2021\/07\/img-60f17218591d3.jpg","keywords":["Africa Press","Africa Press-Niger","Niger"],"articleSection":["homepage-french","Politique","Top Nouvelles","Toutes les actualit\u00e9s"],"inLanguage":"fr-FR","potentialAction":[{"@type":"CommentAction","name":"Comment","target":["https:\/\/www.africa-press.net\/niger\/politique\/le-president-mohamed-bazoum-a-abidjan-pour-prendre-part-au-sommet-sur-la-mobilisation-des-fonds-ida#respond"]}]},{"@type":"WebPage","@id":"https:\/\/www.africa-press.net\/niger\/politique\/le-president-mohamed-bazoum-a-abidjan-pour-prendre-part-au-sommet-sur-la-mobilisation-des-fonds-ida","url":"https:\/\/www.africa-press.net\/niger\/politique\/le-president-mohamed-bazoum-a-abidjan-pour-prendre-part-au-sommet-sur-la-mobilisation-des-fonds-ida","name":"Le Pr\u00e9sident Mohamed Bazoum \u00e0 Abidjan pour prendre part au sommet sur la mobilisation des fonds IDA - niger","isPartOf":{"@id":"https:\/\/www.africa-press.net\/niger\/#website"},"primaryImageOfPage":{"@id":"https:\/\/www.africa-press.net\/niger\/politique\/le-president-mohamed-bazoum-a-abidjan-pour-prendre-part-au-sommet-sur-la-mobilisation-des-fonds-ida#primaryimage"},"image":{"@id":"https:\/\/www.africa-press.net\/niger\/politique\/le-president-mohamed-bazoum-a-abidjan-pour-prendre-part-au-sommet-sur-la-mobilisation-des-fonds-ida#primaryimage"},"thumbnailUrl":"https:\/\/static.africa-press.net\/niger\/sites\/40\/2021\/07\/img-60f17218591d3.jpg","datePublished":"2021-07-16T12:31:51+00:00","dateModified":"2021-07-16T20:50:49+00:00","author":{"@id":"https:\/\/www.africa-press.net\/niger\/#\/schema\/person\/2b1cf3cd81a31e3cd26889ca66d677f1"},"description":", 15 Juillet (ANP) - Le Pr\u00e9sident de la R\u00e9publique du Niger Mohamed Bazoum effectue, sur invitation du Pr\u00e9sident ivoirie ...","breadcrumb":{"@id":"https:\/\/www.africa-press.net\/niger\/politique\/le-president-mohamed-bazoum-a-abidjan-pour-prendre-part-au-sommet-sur-la-mobilisation-des-fonds-ida#breadcrumb"},"inLanguage":"fr-FR","potentialAction":[{"@type":"ReadAction","target":["https:\/\/www.africa-press.net\/niger\/politique\/le-president-mohamed-bazoum-a-abidjan-pour-prendre-part-au-sommet-sur-la-mobilisation-des-fonds-ida"]}]},{"@type":"ImageObject","inLanguage":"fr-FR","@id":"https:\/\/www.africa-press.net\/niger\/politique\/le-president-mohamed-bazoum-a-abidjan-pour-prendre-part-au-sommet-sur-la-mobilisation-des-fonds-ida#primaryimage","url":"https:\/\/static.africa-press.net\/niger\/sites\/40\/2021\/07\/img-60f17218591d3.jpg","contentUrl":"https:\/\/static.africa-press.net\/niger\/sites\/40\/2021\/07\/img-60f17218591d3.jpg","width":720,"height":480,"caption":"Le Pr\u00e9sident Mohamed Bazoum \u00e0 Abidjan pour prendre part au sommet sur la mobilisation des fonds IDA"},{"@type":"BreadcrumbList","@id":"https:\/\/www.africa-press.net\/niger\/politique\/le-president-mohamed-bazoum-a-abidjan-pour-prendre-part-au-sommet-sur-la-mobilisation-des-fonds-ida#breadcrumb","itemListElement":[{"@type":"ListItem","position":1,"name":"Accueil","item":"https:\/\/www.africa-press.net\/niger\/"},{"@type":"ListItem","position":2,"name":"Le Pr\u00e9sident Mohamed Bazoum \u00e0 Abidjan pour prendre part au sommet sur la mobilisation des fonds IDA"}]},{"@type":"WebSite","@id":"https:\/\/www.africa-press.net\/niger\/#website","url":"https:\/\/www.africa-press.net\/niger\/","name":"niger","description":"Just another Africa News Agency Sites site","potentialAction":[{"@type":"SearchAction","target":{"@type":"EntryPoint","urlTemplate":"https:\/\/www.africa-press.net\/niger\/?s={search_term_string}"},"query-input":{"@type":"PropertyValueSpecification","valueRequired":true,"valueName":"search_term_string"}}],"inLanguage":"fr-FR"},{"@type":"Person","@id":"https:\/\/www.africa-press.net\/niger\/#\/schema\/person\/2b1cf3cd81a31e3cd26889ca66d677f1","name":"cfeditorfr"}]}},"_links":{"self":[{"href":"https:\/\/www.africa-press.net\/niger\/wp-json\/wp\/v2\/posts\/8755","targetHints":{"allow":["GET"]}}],"collection":[{"href":"https:\/\/www.africa-press.net\/niger\/wp-json\/wp\/v2\/posts"}],"about":[{"href":"https:\/\/www.africa-press.net\/niger\/wp-json\/wp\/v2\/types\/post"}],"author":[{"embeddable":true,"href":"https:\/\/www.africa-press.net\/niger\/wp-json\/wp\/v2\/users\/82"}],"replies":[{"embeddable":true,"href":"https:\/\/www.africa-press.net\/niger\/wp-json\/wp\/v2\/comments?post=8755"}],"version-history":[{"count":0,"href":"https:\/\/www.africa-press.net\/niger\/wp-json\/wp\/v2\/posts\/8755\/revisions"}],"wp:featuredmedia":[{"embeddable":true,"href":"https:\/\/www.africa-press.net\/niger\/wp-json\/wp\/v2\/media\/8754"}],"wp:attachment":[{"href":"https:\/\/www.africa-press.net\/niger\/wp-json\/wp\/v2\/media?parent=8755"}],"wp:term":[{"taxonomy":"category","embeddable":true,"href":"https:\/\/www.africa-press.net\/niger\/wp-json\/wp\/v2\/categories?post=8755"},{"taxonomy":"post_tag","embeddable":true,"href":"https:\/\/www.africa-press.net\/niger\/wp-json\/wp\/v2\/tags?post=8755"}],"curies":[{"name":"wp","href":"https:\/\/api.w.org\/{rel}","templated":true}]}}