{"id":8758,"date":"2021-07-16T12:40:28","date_gmt":"2021-07-16T12:40:28","guid":{"rendered":"https:\/\/www.africa-press.net\/niger\/?p=8758"},"modified":"2021-07-16T20:51:04","modified_gmt":"2021-07-16T20:51:04","slug":"a-abidjan-des-chefs-detat-africains-plaident-pour-une-nouvelle-reconstitution-des-ressources-de-lassociation-internationale-de-developpement","status":"publish","type":"post","link":"https:\/\/www.africa-press.net\/niger\/politique\/a-abidjan-des-chefs-detat-africains-plaident-pour-une-nouvelle-reconstitution-des-ressources-de-lassociation-internationale-de-developpement","title":{"rendered":"des Chefs d\u2019Etat africains plaident pour une nouvelle reconstitution des ressources de l\u2019Association Internationale de D\u00e9veloppement"},"content":{"rendered":"<p><span style=\"color: #ff6600\"><strong><a href=\"https:\/\/www.africa-press.net\/\">Africa-Press<\/a> &#8211; <a href=\"https:\/\/www.africa-press.net\/niger\">Niger<\/a>. <\/strong><\/span>\u00a0R\u00e9unis \u00e0 Abidjan (C\u00f4te d\u2019Ivoire) ce jeudi 15 juillet 2021 lors d\u2019un Sommet sur la mobilisation des fonds de l\u2019Association Internationale de D\u00e9veloppement (IDA, du Groupe de la Banque Mondiale), treize (13) Chefs d\u2019\u00c9tat et de Gouvernement africains ont plaid\u00e9 pour une nouvelle reconstitution substantielle, la 20\u00e8me, des ressources de l\u2019Association ou IDA20.<\/p>\n<p>Selon le communiqu\u00e9 publi\u00e9 \u00e0 la fin de la rencontre et dont ANP a re\u00e7u copie, les ressources qui seront mobilis\u00e9es vont servir \u00e0 acc\u00e9l\u00e9rer la reprise \u00e9conomique afin de surmonter les chocs de la pand\u00e9mie de COVID-19, augmenter les investissements dans le capital humain et redoubler d\u2019efforts pour cr\u00e9er des emplois.<\/p>\n<p>Plus pr\u00e9cis\u00e9ment, il s\u2019agira de mobiliser, d\u2019ici la fin de l\u2019ann\u00e9e 2021, une enveloppe d\u2019au moins 100 milliards de dollars pour servir au financement des projets sp\u00e9cifiques dans les 74 pays IDA au cours des trois prochaines ann\u00e9es.<\/p>\n<p>Sur le front de l\u2019emploi, les Chefs d\u2019Etat r\u00e9unis \u00e0 Abidjan se sont engag\u00e9s \u00e0 soutenir le d\u00e9veloppement du secteur priv\u00e9, en insistant sur le renforcement de la productivit\u00e9 \u00e0 travers la g\u00e9n\u00e9ralisation de la num\u00e9risation, de la m\u00e9canisation et de l\u2019industrie manufacturi\u00e8re en Afrique (y compris pour les vaccins), mais \u00e9galement en am\u00e9liorant l\u2019acc\u00e8s aux financements et l\u2019environnement des affaires.<\/p>\n<p>Pour ce qui est du capital humain, ils ont appel\u00e9 \u00e0 la mise en place des syst\u00e8mes \u00e9ducatifs favorisant l\u2019acquisition et l\u2019utilisation des comp\u00e9tences n\u00e9cessaires pour les emplois de demain, ainsi que des syst\u00e8mes de sant\u00e9 et de prestation de services et des filets sociaux adaptatifs r\u00e9silients.<\/p>\n<p>Enfin, sur le plan de la reprise \u00e9conomique, les Chefs d\u2019\u00c9tat ont soulign\u00e9 leur d\u00e9termination \u00e0 soutenir la transformation structurelle et spatiale des \u00e9conomies, \u00e0 travers une diversification \u00e9conomique accrue et un meilleur d\u00e9veloppement r\u00e9gional au sein des pays et des r\u00e9gions sur fond de stabilit\u00e9 macro\u00e9conomique, en accordant une attention particuli\u00e8re \u00e0 la soutenabilit\u00e9 de la dette publique, aux enjeux s\u00e9curitaires et de maintien de la paix, ainsi qu\u2019au renforcement des capacit\u00e9s d\u2019anticipation afin de prot\u00e9ger les \u00e9conomies et les populations des crises \u00e0 venir.<\/p>\n<p>Notons que pour les cinq prochaines ann\u00e9es, les besoins de financement suppl\u00e9mentaires, \u00e0 l\u2019\u00e9chelle du continent, pour lutter contre la pand\u00e9mie, le changement climatique et acc\u00e9l\u00e9rer la reprise \u00e9conomique sont estim\u00e9s \u00e0 285 milliards de dollars US. Ce que les efforts de mobilisation des ressources int\u00e9rieures des Etats ne permettraient pas. D\u2019o\u00f9 donc l\u2019appel des Chefs d\u2019Etat pour une 20\u00e8me reconstitution anticip\u00e9e des ressources de l\u2019IDA pour concr\u00e9tiser les aspirations de leurs pays.<\/p>\n<p>Pour M. Axel van Trotsenburg, le Directeur g\u00e9n\u00e9ral des op\u00e9rations de la Banque mondiale, \u00ab une 20\u00e8me reconstitution ambitieuse des ressources de l\u2019IDA viendra aider puissamment les pays \u00e0 engager une reprise verte et inclusive pour renouer avec les objectifs de 2030 \u00bb.<\/p>\n<p>&nbsp;<\/p>\n","protected":false},"excerpt":{"rendered":"<p>Africa-Press &#8211; Niger. \u00a0R\u00e9unis \u00e0 Abidjan (C\u00f4te d\u2019Ivoire) ce jeudi 15 juillet 2021 lors d\u2019un Sommet sur la mobilisation des fonds de l\u2019Association Internationale de D\u00e9veloppement (IDA, du Groupe de la Banque Mondiale), treize (13) Chefs d\u2019\u00c9tat et de Gouvernement africains ont plaid\u00e9 pour une nouvelle reconstitution substantielle, la 20\u00e8me, des ressources de l\u2019Association ou [&hellip;]<\/p>\n","protected":false},"author":82,"featured_media":8757,"comment_status":"open","ping_status":"closed","sticky":false,"template":"","format":"standard","meta":{"footnotes":""},"categories":[11,2,10],"tags":[55,60,29],"class_list":["post-8758","post","type-post","status-publish","format-standard","has-post-thumbnail","hentry","category-homepage-french","category-politique","category-toutes-les-actualites","tag-africa-press","tag-africa-press-niger","tag-niger"],"yoast_head":"<!-- This site is optimized with the Yoast SEO Premium plugin v26.1 (Yoast SEO v27.0) - https:\/\/yoast.com\/product\/yoast-seo-premium-wordpress\/ -->\n<title>des Chefs d\u2019Etat africains plaident pour une nouvelle reconstitution des ressources de l\u2019Association Internationale de D\u00e9veloppement - niger<\/title>\n<meta name=\"description\" content=\", 15 juillet (ANP)\u202f- R\u00e9unis \u00e0 Abidjan (C\u00f4te d\u2019Ivoire) ce jeudi 15 juillet 2021 lors d\u2019un Sommet sur la mobilisation des ...\" \/>\n<meta name=\"robots\" content=\"index, follow, max-snippet:-1, max-image-preview:large, max-video-preview:-1\" \/>\n<link rel=\"canonical\" href=\"https:\/\/www.africa-press.net\/niger\/politique\/a-abidjan-des-chefs-detat-africains-plaident-pour-une-nouvelle-reconstitution-des-ressources-de-lassociation-internationale-de-developpement\" \/>\n<meta property=\"og:locale\" content=\"fr_FR\" \/>\n<meta property=\"og:type\" content=\"article\" \/>\n<meta property=\"og:title\" content=\"des Chefs d\u2019Etat africains plaident pour une nouvelle reconstitution des ressources de l\u2019Association Internationale de D\u00e9veloppement\" \/>\n<meta property=\"og:description\" content=\", 15 juillet (ANP)\u202f- R\u00e9unis \u00e0 Abidjan (C\u00f4te d\u2019Ivoire) ce jeudi 15 juillet 2021 lors d\u2019un Sommet sur la mobilisation des ...\" \/>\n<meta property=\"og:url\" content=\"https:\/\/www.africa-press.net\/niger\/politique\/a-abidjan-des-chefs-detat-africains-plaident-pour-une-nouvelle-reconstitution-des-ressources-de-lassociation-internationale-de-developpement\" \/>\n<meta property=\"og:site_name\" content=\"niger\" \/>\n<meta property=\"article:published_time\" content=\"2021-07-16T12:40:28+00:00\" \/>\n<meta property=\"article:modified_time\" content=\"2021-07-16T20:51:04+00:00\" \/>\n<meta property=\"og:image\" content=\"https:\/\/static.africa-press.net\/niger\/sites\/40\/2021\/07\/img-60f1723d5515c.jpg\" \/>\n\t<meta property=\"og:image:width\" content=\"750\" \/>\n\t<meta property=\"og:image:height\" content=\"422\" \/>\n\t<meta property=\"og:image:type\" content=\"image\/jpeg\" \/>\n<meta name=\"author\" content=\"cfeditorfr\" \/>\n<meta name=\"twitter:card\" content=\"summary_large_image\" \/>\n<meta name=\"twitter:label1\" content=\"\u00c9crit par\" \/>\n\t<meta name=\"twitter:data1\" content=\"cfeditorfr\" \/>\n\t<meta name=\"twitter:label2\" content=\"Dur\u00e9e de lecture estim\u00e9e\" \/>\n\t<meta name=\"twitter:data2\" content=\"2 minutes\" \/>\n<script type=\"application\/ld+json\" class=\"yoast-schema-graph\">{\"@context\":\"https:\/\/schema.org\",\"@graph\":[{\"@type\":\"Article\",\"@id\":\"https:\/\/www.africa-press.net\/niger\/politique\/a-abidjan-des-chefs-detat-africains-plaident-pour-une-nouvelle-reconstitution-des-ressources-de-lassociation-internationale-de-developpement#article\",\"isPartOf\":{\"@id\":\"https:\/\/www.africa-press.net\/niger\/politique\/a-abidjan-des-chefs-detat-africains-plaident-pour-une-nouvelle-reconstitution-des-ressources-de-lassociation-internationale-de-developpement\"},\"author\":{\"name\":\"cfeditorfr\",\"@id\":\"https:\/\/www.africa-press.net\/niger\/#\/schema\/person\/2b1cf3cd81a31e3cd26889ca66d677f1\"},\"headline\":\"des Chefs d\u2019Etat africains plaident pour une nouvelle reconstitution des ressources de l\u2019Association Internationale de D\u00e9veloppement\",\"datePublished\":\"2021-07-16T12:40:28+00:00\",\"dateModified\":\"2021-07-16T20:51:04+00:00\",\"mainEntityOfPage\":{\"@id\":\"https:\/\/www.africa-press.net\/niger\/politique\/a-abidjan-des-chefs-detat-africains-plaident-pour-une-nouvelle-reconstitution-des-ressources-de-lassociation-internationale-de-developpement\"},\"wordCount\":528,\"commentCount\":0,\"image\":{\"@id\":\"https:\/\/www.africa-press.net\/niger\/politique\/a-abidjan-des-chefs-detat-africains-plaident-pour-une-nouvelle-reconstitution-des-ressources-de-lassociation-internationale-de-developpement#primaryimage\"},\"thumbnailUrl\":\"https:\/\/static.africa-press.net\/niger\/sites\/40\/2021\/07\/img-60f1723d5515c.jpg\",\"keywords\":[\"Africa Press\",\"Africa Press-Niger\",\"Niger\"],\"articleSection\":[\"homepage-french\",\"Politique\",\"Toutes les actualit\u00e9s\"],\"inLanguage\":\"fr-FR\",\"potentialAction\":[{\"@type\":\"CommentAction\",\"name\":\"Comment\",\"target\":[\"https:\/\/www.africa-press.net\/niger\/politique\/a-abidjan-des-chefs-detat-africains-plaident-pour-une-nouvelle-reconstitution-des-ressources-de-lassociation-internationale-de-developpement#respond\"]}]},{\"@type\":\"WebPage\",\"@id\":\"https:\/\/www.africa-press.net\/niger\/politique\/a-abidjan-des-chefs-detat-africains-plaident-pour-une-nouvelle-reconstitution-des-ressources-de-lassociation-internationale-de-developpement\",\"url\":\"https:\/\/www.africa-press.net\/niger\/politique\/a-abidjan-des-chefs-detat-africains-plaident-pour-une-nouvelle-reconstitution-des-ressources-de-lassociation-internationale-de-developpement\",\"name\":\"des Chefs d\u2019Etat africains plaident pour une nouvelle reconstitution des ressources de l\u2019Association Internationale de D\u00e9veloppement - niger\",\"isPartOf\":{\"@id\":\"https:\/\/www.africa-press.net\/niger\/#website\"},\"primaryImageOfPage\":{\"@id\":\"https:\/\/www.africa-press.net\/niger\/politique\/a-abidjan-des-chefs-detat-africains-plaident-pour-une-nouvelle-reconstitution-des-ressources-de-lassociation-internationale-de-developpement#primaryimage\"},\"image\":{\"@id\":\"https:\/\/www.africa-press.net\/niger\/politique\/a-abidjan-des-chefs-detat-africains-plaident-pour-une-nouvelle-reconstitution-des-ressources-de-lassociation-internationale-de-developpement#primaryimage\"},\"thumbnailUrl\":\"https:\/\/static.africa-press.net\/niger\/sites\/40\/2021\/07\/img-60f1723d5515c.jpg\",\"datePublished\":\"2021-07-16T12:40:28+00:00\",\"dateModified\":\"2021-07-16T20:51:04+00:00\",\"author\":{\"@id\":\"https:\/\/www.africa-press.net\/niger\/#\/schema\/person\/2b1cf3cd81a31e3cd26889ca66d677f1\"},\"description\":\", 15 juillet (ANP)\u202f- R\u00e9unis \u00e0 Abidjan (C\u00f4te d\u2019Ivoire) ce jeudi 15 juillet 2021 lors d\u2019un Sommet sur la mobilisation des ...\",\"breadcrumb\":{\"@id\":\"https:\/\/www.africa-press.net\/niger\/politique\/a-abidjan-des-chefs-detat-africains-plaident-pour-une-nouvelle-reconstitution-des-ressources-de-lassociation-internationale-de-developpement#breadcrumb\"},\"inLanguage\":\"fr-FR\",\"potentialAction\":[{\"@type\":\"ReadAction\",\"target\":[\"https:\/\/www.africa-press.net\/niger\/politique\/a-abidjan-des-chefs-detat-africains-plaident-pour-une-nouvelle-reconstitution-des-ressources-de-lassociation-internationale-de-developpement\"]}]},{\"@type\":\"ImageObject\",\"inLanguage\":\"fr-FR\",\"@id\":\"https:\/\/www.africa-press.net\/niger\/politique\/a-abidjan-des-chefs-detat-africains-plaident-pour-une-nouvelle-reconstitution-des-ressources-de-lassociation-internationale-de-developpement#primaryimage\",\"url\":\"https:\/\/static.africa-press.net\/niger\/sites\/40\/2021\/07\/img-60f1723d5515c.jpg\",\"contentUrl\":\"https:\/\/static.africa-press.net\/niger\/sites\/40\/2021\/07\/img-60f1723d5515c.jpg\",\"width\":750,\"height\":422,\"caption\":\"A Abidjan, des Chefs d\u2019Etat africains plaident pour une nouvelle reconstitution des ressources de l\u2019Association Internationale de D\u00e9veloppement\"},{\"@type\":\"BreadcrumbList\",\"@id\":\"https:\/\/www.africa-press.net\/niger\/politique\/a-abidjan-des-chefs-detat-africains-plaident-pour-une-nouvelle-reconstitution-des-ressources-de-lassociation-internationale-de-developpement#breadcrumb\",\"itemListElement\":[{\"@type\":\"ListItem\",\"position\":1,\"name\":\"Accueil\",\"item\":\"https:\/\/www.africa-press.net\/niger\/\"},{\"@type\":\"ListItem\",\"position\":2,\"name\":\"des Chefs d\u2019Etat africains plaident pour une nouvelle reconstitution des ressources de l\u2019Association Internationale de D\u00e9veloppement\"}]},{\"@type\":\"WebSite\",\"@id\":\"https:\/\/www.africa-press.net\/niger\/#website\",\"url\":\"https:\/\/www.africa-press.net\/niger\/\",\"name\":\"niger\",\"description\":\"Just another Africa News Agency Sites site\",\"potentialAction\":[{\"@type\":\"SearchAction\",\"target\":{\"@type\":\"EntryPoint\",\"urlTemplate\":\"https:\/\/www.africa-press.net\/niger\/?s={search_term_string}\"},\"query-input\":{\"@type\":\"PropertyValueSpecification\",\"valueRequired\":true,\"valueName\":\"search_term_string\"}}],\"inLanguage\":\"fr-FR\"},{\"@type\":\"Person\",\"@id\":\"https:\/\/www.africa-press.net\/niger\/#\/schema\/person\/2b1cf3cd81a31e3cd26889ca66d677f1\",\"name\":\"cfeditorfr\"}]}<\/script>\n<!-- \/ Yoast SEO Premium plugin. -->","yoast_head_json":{"title":"des Chefs d\u2019Etat africains plaident pour une nouvelle reconstitution des ressources de l\u2019Association Internationale de D\u00e9veloppement - niger","description":", 15 juillet (ANP)\u202f- R\u00e9unis \u00e0 Abidjan (C\u00f4te d\u2019Ivoire) ce jeudi 15 juillet 2021 lors d\u2019un Sommet sur la mobilisation des ...","robots":{"index":"index","follow":"follow","max-snippet":"max-snippet:-1","max-image-preview":"max-image-preview:large","max-video-preview":"max-video-preview:-1"},"canonical":"https:\/\/www.africa-press.net\/niger\/politique\/a-abidjan-des-chefs-detat-africains-plaident-pour-une-nouvelle-reconstitution-des-ressources-de-lassociation-internationale-de-developpement","og_locale":"fr_FR","og_type":"article","og_title":"des Chefs d\u2019Etat africains plaident pour une nouvelle reconstitution des ressources de l\u2019Association Internationale de D\u00e9veloppement","og_description":", 15 juillet (ANP)\u202f- R\u00e9unis \u00e0 Abidjan (C\u00f4te d\u2019Ivoire) ce jeudi 15 juillet 2021 lors d\u2019un Sommet sur la mobilisation des ...","og_url":"https:\/\/www.africa-press.net\/niger\/politique\/a-abidjan-des-chefs-detat-africains-plaident-pour-une-nouvelle-reconstitution-des-ressources-de-lassociation-internationale-de-developpement","og_site_name":"niger","article_published_time":"2021-07-16T12:40:28+00:00","article_modified_time":"2021-07-16T20:51:04+00:00","og_image":[{"width":750,"height":422,"url":"https:\/\/static.africa-press.net\/niger\/sites\/40\/2021\/07\/img-60f1723d5515c.jpg","type":"image\/jpeg"}],"author":"cfeditorfr","twitter_card":"summary_large_image","twitter_misc":{"\u00c9crit par":"cfeditorfr","Dur\u00e9e de lecture estim\u00e9e":"2 minutes"},"schema":{"@context":"https:\/\/schema.org","@graph":[{"@type":"Article","@id":"https:\/\/www.africa-press.net\/niger\/politique\/a-abidjan-des-chefs-detat-africains-plaident-pour-une-nouvelle-reconstitution-des-ressources-de-lassociation-internationale-de-developpement#article","isPartOf":{"@id":"https:\/\/www.africa-press.net\/niger\/politique\/a-abidjan-des-chefs-detat-africains-plaident-pour-une-nouvelle-reconstitution-des-ressources-de-lassociation-internationale-de-developpement"},"author":{"name":"cfeditorfr","@id":"https:\/\/www.africa-press.net\/niger\/#\/schema\/person\/2b1cf3cd81a31e3cd26889ca66d677f1"},"headline":"des Chefs d\u2019Etat africains plaident pour une nouvelle reconstitution des ressources de l\u2019Association Internationale de D\u00e9veloppement","datePublished":"2021-07-16T12:40:28+00:00","dateModified":"2021-07-16T20:51:04+00:00","mainEntityOfPage":{"@id":"https:\/\/www.africa-press.net\/niger\/politique\/a-abidjan-des-chefs-detat-africains-plaident-pour-une-nouvelle-reconstitution-des-ressources-de-lassociation-internationale-de-developpement"},"wordCount":528,"commentCount":0,"image":{"@id":"https:\/\/www.africa-press.net\/niger\/politique\/a-abidjan-des-chefs-detat-africains-plaident-pour-une-nouvelle-reconstitution-des-ressources-de-lassociation-internationale-de-developpement#primaryimage"},"thumbnailUrl":"https:\/\/static.africa-press.net\/niger\/sites\/40\/2021\/07\/img-60f1723d5515c.jpg","keywords":["Africa Press","Africa Press-Niger","Niger"],"articleSection":["homepage-french","Politique","Toutes les actualit\u00e9s"],"inLanguage":"fr-FR","potentialAction":[{"@type":"CommentAction","name":"Comment","target":["https:\/\/www.africa-press.net\/niger\/politique\/a-abidjan-des-chefs-detat-africains-plaident-pour-une-nouvelle-reconstitution-des-ressources-de-lassociation-internationale-de-developpement#respond"]}]},{"@type":"WebPage","@id":"https:\/\/www.africa-press.net\/niger\/politique\/a-abidjan-des-chefs-detat-africains-plaident-pour-une-nouvelle-reconstitution-des-ressources-de-lassociation-internationale-de-developpement","url":"https:\/\/www.africa-press.net\/niger\/politique\/a-abidjan-des-chefs-detat-africains-plaident-pour-une-nouvelle-reconstitution-des-ressources-de-lassociation-internationale-de-developpement","name":"des Chefs d\u2019Etat africains plaident pour une nouvelle reconstitution des ressources de l\u2019Association Internationale de D\u00e9veloppement - niger","isPartOf":{"@id":"https:\/\/www.africa-press.net\/niger\/#website"},"primaryImageOfPage":{"@id":"https:\/\/www.africa-press.net\/niger\/politique\/a-abidjan-des-chefs-detat-africains-plaident-pour-une-nouvelle-reconstitution-des-ressources-de-lassociation-internationale-de-developpement#primaryimage"},"image":{"@id":"https:\/\/www.africa-press.net\/niger\/politique\/a-abidjan-des-chefs-detat-africains-plaident-pour-une-nouvelle-reconstitution-des-ressources-de-lassociation-internationale-de-developpement#primaryimage"},"thumbnailUrl":"https:\/\/static.africa-press.net\/niger\/sites\/40\/2021\/07\/img-60f1723d5515c.jpg","datePublished":"2021-07-16T12:40:28+00:00","dateModified":"2021-07-16T20:51:04+00:00","author":{"@id":"https:\/\/www.africa-press.net\/niger\/#\/schema\/person\/2b1cf3cd81a31e3cd26889ca66d677f1"},"description":", 15 juillet (ANP)\u202f- R\u00e9unis \u00e0 Abidjan (C\u00f4te d\u2019Ivoire) ce jeudi 15 juillet 2021 lors d\u2019un Sommet sur la mobilisation des ...","breadcrumb":{"@id":"https:\/\/www.africa-press.net\/niger\/politique\/a-abidjan-des-chefs-detat-africains-plaident-pour-une-nouvelle-reconstitution-des-ressources-de-lassociation-internationale-de-developpement#breadcrumb"},"inLanguage":"fr-FR","potentialAction":[{"@type":"ReadAction","target":["https:\/\/www.africa-press.net\/niger\/politique\/a-abidjan-des-chefs-detat-africains-plaident-pour-une-nouvelle-reconstitution-des-ressources-de-lassociation-internationale-de-developpement"]}]},{"@type":"ImageObject","inLanguage":"fr-FR","@id":"https:\/\/www.africa-press.net\/niger\/politique\/a-abidjan-des-chefs-detat-africains-plaident-pour-une-nouvelle-reconstitution-des-ressources-de-lassociation-internationale-de-developpement#primaryimage","url":"https:\/\/static.africa-press.net\/niger\/sites\/40\/2021\/07\/img-60f1723d5515c.jpg","contentUrl":"https:\/\/static.africa-press.net\/niger\/sites\/40\/2021\/07\/img-60f1723d5515c.jpg","width":750,"height":422,"caption":"A Abidjan, des Chefs d\u2019Etat africains plaident pour une nouvelle reconstitution des ressources de l\u2019Association Internationale de D\u00e9veloppement"},{"@type":"BreadcrumbList","@id":"https:\/\/www.africa-press.net\/niger\/politique\/a-abidjan-des-chefs-detat-africains-plaident-pour-une-nouvelle-reconstitution-des-ressources-de-lassociation-internationale-de-developpement#breadcrumb","itemListElement":[{"@type":"ListItem","position":1,"name":"Accueil","item":"https:\/\/www.africa-press.net\/niger\/"},{"@type":"ListItem","position":2,"name":"des Chefs d\u2019Etat africains plaident pour une nouvelle reconstitution des ressources de l\u2019Association Internationale de D\u00e9veloppement"}]},{"@type":"WebSite","@id":"https:\/\/www.africa-press.net\/niger\/#website","url":"https:\/\/www.africa-press.net\/niger\/","name":"niger","description":"Just another Africa News Agency Sites site","potentialAction":[{"@type":"SearchAction","target":{"@type":"EntryPoint","urlTemplate":"https:\/\/www.africa-press.net\/niger\/?s={search_term_string}"},"query-input":{"@type":"PropertyValueSpecification","valueRequired":true,"valueName":"search_term_string"}}],"inLanguage":"fr-FR"},{"@type":"Person","@id":"https:\/\/www.africa-press.net\/niger\/#\/schema\/person\/2b1cf3cd81a31e3cd26889ca66d677f1","name":"cfeditorfr"}]}},"_links":{"self":[{"href":"https:\/\/www.africa-press.net\/niger\/wp-json\/wp\/v2\/posts\/8758","targetHints":{"allow":["GET"]}}],"collection":[{"href":"https:\/\/www.africa-press.net\/niger\/wp-json\/wp\/v2\/posts"}],"about":[{"href":"https:\/\/www.africa-press.net\/niger\/wp-json\/wp\/v2\/types\/post"}],"author":[{"embeddable":true,"href":"https:\/\/www.africa-press.net\/niger\/wp-json\/wp\/v2\/users\/82"}],"replies":[{"embeddable":true,"href":"https:\/\/www.africa-press.net\/niger\/wp-json\/wp\/v2\/comments?post=8758"}],"version-history":[{"count":0,"href":"https:\/\/www.africa-press.net\/niger\/wp-json\/wp\/v2\/posts\/8758\/revisions"}],"wp:featuredmedia":[{"embeddable":true,"href":"https:\/\/www.africa-press.net\/niger\/wp-json\/wp\/v2\/media\/8757"}],"wp:attachment":[{"href":"https:\/\/www.africa-press.net\/niger\/wp-json\/wp\/v2\/media?parent=8758"}],"wp:term":[{"taxonomy":"category","embeddable":true,"href":"https:\/\/www.africa-press.net\/niger\/wp-json\/wp\/v2\/categories?post=8758"},{"taxonomy":"post_tag","embeddable":true,"href":"https:\/\/www.africa-press.net\/niger\/wp-json\/wp\/v2\/tags?post=8758"}],"curies":[{"name":"wp","href":"https:\/\/api.w.org\/{rel}","templated":true}]}}