{"id":8761,"date":"2021-07-16T12:52:08","date_gmt":"2021-07-16T12:52:08","guid":{"rendered":"https:\/\/www.africa-press.net\/niger\/?p=8761"},"modified":"2021-07-16T20:51:12","modified_gmt":"2021-07-16T20:51:12","slug":"maradi-le-rjdh-organise-une-journee-dechanges-sur-la-prise-en-compte-de-la-dimension-droits-humains-dans-les-programmes-des-medias","status":"publish","type":"post","link":"https:\/\/www.africa-press.net\/niger\/politique\/maradi-le-rjdh-organise-une-journee-dechanges-sur-la-prise-en-compte-de-la-dimension-droits-humains-dans-les-programmes-des-medias","title":{"rendered":"Maradi : Le RJDH organise une journ\u00e9e d\u2019\u00e9changes sur la prise en compte de la dimension droits humains dans les programmes des m\u00e9dias"},"content":{"rendered":"<p><span style=\"color: #ff6600\"><strong><a href=\"https:\/\/www.africa-press.net\/\">Africa-Press<\/a> &#8211; <a href=\"https:\/\/www.africa-press.net\/niger\">Niger<\/a>. <\/strong><\/span>Le r\u00e9seau des journalistes pour les droits de l\u2019homme (RJDH) organise, ce vendredi 16 juillet 2021 \u00e0 Maradi, une journ\u00e9e d\u2019\u00e9changes avec les responsables des m\u00e9dias sur la prise en compte de la dimension \u2018\u2019droits humains\u2019\u2019 dans leurs diff\u00e9rents programmes.<\/p>\n<p>Plac\u00e9e sous la pr\u00e9sidence de la repr\u00e9sentante du gouverneur de la r\u00e9gion emp\u00each\u00e9, Mme Awaissou Maria, charg\u00e9e des affaires g\u00e9n\u00e9rales du gouvernorat, cette s\u00e9ance d\u2019\u00e9changes a regroup\u00e9 des responsables des m\u00e9dias priv\u00e9s et publics du Niger.<\/p>\n<p>Elle entre dans le cadre du projet \u2018\u2019Promotion d\u2019informations de qualit\u00e9 sur les droits humains au Niger\u2019\u2019.<\/p>\n<p>Rappelons que c\u2019est dans l\u2019objectif poursuivi par ce projet qu\u2019une s\u00e9rie de formations a \u00e9t\u00e9 entreprise par le RJDH \u00e0 l\u2019endroit des journalistes de toutes les r\u00e9gions du Niger.<\/p>\n<p>Il s\u2019agit au cours de la pr\u00e9sente session de former les journalistes pour qu\u2019ils puissent \u00e0 leur tour vulgariser les droits humains par le canal de leurs m\u00e9dias afin de faire parvenir \u00e0 leur appropriation par les citoyens en g\u00e9n\u00e9ral et les couches vuln\u00e9rables en particulier.<\/p>\n<p>En ouvrant les travaux de cette session d\u2019\u00e9changes, la charg\u00e9e des affaires g\u00e9n\u00e9rales du gouvernorat, repr\u00e9sentant le gouverneur, Mme Awaissou Maria a, apr\u00e8s avoir souhait\u00e9 la bienvenue aux participants, indiqu\u00e9 que \u2018\u2019les droits humains \u00e9tant le patrimoine commun de l\u2019humanit\u00e9, leur respect doit \u00eatre au c\u0153ur des pr\u00e9occupations des acteurs \u00e9tatiques et non \u00e9tatiques\u2019\u2019.<\/p>\n<p>Elle a tenu, \u00e0 cette occasion, \u00e0 f\u00e9liciter le RJDH pour cette initiative qui permettra, sans doute, d\u2019aboutir aux r\u00e9sultats comme la prise en compte de la jouissance des droits humains par les populations en g\u00e9n\u00e9ral et les couches vuln\u00e9rables en particulier, dans les reportages, les enqu\u00eates d\u2019investigations et les d\u00e9bats dans les m\u00e9dias.<\/p>\n<p>\u2018\u2019Je ne doute point que les objectifs assign\u00e9s au projet promotion d\u2019informations de qualit\u00e9 sur les droits humains au Niger seront atteints\u2019\u2019 a-t-elle d\u00e9clar\u00e9 avant d\u2019inviter les participants \u00e0 \u2018\u2019des \u00e9changes constructifs et \u00e0 participer pleinement aux d\u00e9bats afin que la presse nig\u00e9rienne soit une presse professionnelle sur la th\u00e9matique des droits humains\u2019\u2019.<\/p>\n<p>Notons qu\u2019auparavant le Pr\u00e9sident du RJDH, Monsieur Abdou Tikir\u00e9 a pris la parole pour souhaiter, lui aussi, la bienvenue aux participants \u00e0 cette rencontre d\u2019\u00e9changes \u00e0 Maradi.<\/p>\n<p>\u2018\u2019A travers ces ateliers, nous fondons l\u2019espoir que les diff\u00e9rents journalistes ayant suivi les formations, pourront de fa\u00e7on objective et professionnelle vulgariser les droits de l\u2019homme par le canal des m\u00e9dias\u2019\u2019 a-t-il indiqu\u00e9 tout en pr\u00e9cisant que l\u2019objectif ultime \u00e9tant de \u2018\u2019parvenir \u00e0 leur appropriation par les citoyens\u2019\u2019.<\/p>\n<p>Pour le pr\u00e9sident du RJDH, cette rencontre est, par ailleurs, \u2018\u2019une opportunit\u00e9 pour le r\u00e9seau de participer \u00e0 la formation des journalistes aguerris dans la mission de collecte, en lien avec la promotion et la protection des droits humains dans notre pays\u2019\u2019.<\/p>\n<p>Cette session d\u2019\u00e9changes est organis\u00e9e avec l\u2019appui financier de l\u2019Ambassade du royaume de Danemark \u00e0 travers le programme OXFAM Niger.<\/p>\n","protected":false},"excerpt":{"rendered":"<p>Africa-Press &#8211; Niger. Le r\u00e9seau des journalistes pour les droits de l\u2019homme (RJDH) organise, ce vendredi 16 juillet 2021 \u00e0 Maradi, une journ\u00e9e d\u2019\u00e9changes avec les responsables des m\u00e9dias sur la prise en compte de la dimension \u2018\u2019droits humains\u2019\u2019 dans leurs diff\u00e9rents programmes. Plac\u00e9e sous la pr\u00e9sidence de la repr\u00e9sentante du gouverneur de la r\u00e9gion [&hellip;]<\/p>\n","protected":false},"author":82,"featured_media":8760,"comment_status":"open","ping_status":"closed","sticky":false,"template":"","format":"standard","meta":{"footnotes":""},"categories":[11,2,10],"tags":[55,60,29],"class_list":["post-8761","post","type-post","status-publish","format-standard","has-post-thumbnail","hentry","category-homepage-french","category-politique","category-toutes-les-actualites","tag-africa-press","tag-africa-press-niger","tag-niger"],"yoast_head":"<!-- This site is optimized with the Yoast SEO Premium plugin v26.1 (Yoast SEO v27.0) - https:\/\/yoast.com\/product\/yoast-seo-premium-wordpress\/ -->\n<title>Maradi : Le RJDH organise une journ\u00e9e d\u2019\u00e9changes sur la prise en compte de la dimension droits humains dans les programmes des m\u00e9dias - niger<\/title>\n<meta name=\"description\" content=\"Le r\u00e9seau des journalistes pour les droits de l\u2019homme (RJDH) organise, ce vendredi 16 juillet 2021 \u00e0 Maradi, une journ\u00e9e ...\" \/>\n<meta name=\"robots\" content=\"index, follow, max-snippet:-1, max-image-preview:large, max-video-preview:-1\" \/>\n<link rel=\"canonical\" href=\"https:\/\/www.africa-press.net\/niger\/politique\/maradi-le-rjdh-organise-une-journee-dechanges-sur-la-prise-en-compte-de-la-dimension-droits-humains-dans-les-programmes-des-medias\" \/>\n<meta property=\"og:locale\" content=\"fr_FR\" \/>\n<meta property=\"og:type\" content=\"article\" \/>\n<meta property=\"og:title\" content=\"Maradi : Le RJDH organise une journ\u00e9e d\u2019\u00e9changes sur la prise en compte de la dimension droits humains dans les programmes des m\u00e9dias\" \/>\n<meta property=\"og:description\" content=\"Le r\u00e9seau des journalistes pour les droits de l\u2019homme (RJDH) organise, ce vendredi 16 juillet 2021 \u00e0 Maradi, une journ\u00e9e ...\" \/>\n<meta property=\"og:url\" content=\"https:\/\/www.africa-press.net\/niger\/politique\/maradi-le-rjdh-organise-une-journee-dechanges-sur-la-prise-en-compte-de-la-dimension-droits-humains-dans-les-programmes-des-medias\" \/>\n<meta property=\"og:site_name\" content=\"niger\" \/>\n<meta property=\"article:published_time\" content=\"2021-07-16T12:52:08+00:00\" \/>\n<meta property=\"article:modified_time\" content=\"2021-07-16T20:51:12+00:00\" \/>\n<meta property=\"og:image\" content=\"https:\/\/static.africa-press.net\/niger\/sites\/40\/2021\/07\/img-60f172d9471f7.jpg\" \/>\n\t<meta property=\"og:image:width\" content=\"1920\" \/>\n\t<meta property=\"og:image:height\" content=\"1440\" \/>\n\t<meta property=\"og:image:type\" content=\"image\/jpeg\" \/>\n<meta name=\"author\" content=\"cfeditorfr\" \/>\n<meta name=\"twitter:card\" content=\"summary_large_image\" \/>\n<meta name=\"twitter:label1\" content=\"\u00c9crit par\" \/>\n\t<meta name=\"twitter:data1\" content=\"cfeditorfr\" \/>\n\t<meta name=\"twitter:label2\" content=\"Dur\u00e9e de lecture estim\u00e9e\" \/>\n\t<meta name=\"twitter:data2\" content=\"3 minutes\" \/>\n<script type=\"application\/ld+json\" class=\"yoast-schema-graph\">{\"@context\":\"https:\/\/schema.org\",\"@graph\":[{\"@type\":\"Article\",\"@id\":\"https:\/\/www.africa-press.net\/niger\/politique\/maradi-le-rjdh-organise-une-journee-dechanges-sur-la-prise-en-compte-de-la-dimension-droits-humains-dans-les-programmes-des-medias#article\",\"isPartOf\":{\"@id\":\"https:\/\/www.africa-press.net\/niger\/politique\/maradi-le-rjdh-organise-une-journee-dechanges-sur-la-prise-en-compte-de-la-dimension-droits-humains-dans-les-programmes-des-medias\"},\"author\":{\"name\":\"cfeditorfr\",\"@id\":\"https:\/\/www.africa-press.net\/niger\/#\/schema\/person\/2b1cf3cd81a31e3cd26889ca66d677f1\"},\"headline\":\"Maradi : Le RJDH organise une journ\u00e9e d\u2019\u00e9changes sur la prise en compte de la dimension droits humains dans les programmes des m\u00e9dias\",\"datePublished\":\"2021-07-16T12:52:08+00:00\",\"dateModified\":\"2021-07-16T20:51:12+00:00\",\"mainEntityOfPage\":{\"@id\":\"https:\/\/www.africa-press.net\/niger\/politique\/maradi-le-rjdh-organise-une-journee-dechanges-sur-la-prise-en-compte-de-la-dimension-droits-humains-dans-les-programmes-des-medias\"},\"wordCount\":553,\"commentCount\":0,\"image\":{\"@id\":\"https:\/\/www.africa-press.net\/niger\/politique\/maradi-le-rjdh-organise-une-journee-dechanges-sur-la-prise-en-compte-de-la-dimension-droits-humains-dans-les-programmes-des-medias#primaryimage\"},\"thumbnailUrl\":\"https:\/\/static.africa-press.net\/niger\/sites\/40\/2021\/07\/img-60f172d9471f7.jpg\",\"keywords\":[\"Africa Press\",\"Africa Press-Niger\",\"Niger\"],\"articleSection\":[\"homepage-french\",\"Politique\",\"Toutes les actualit\u00e9s\"],\"inLanguage\":\"fr-FR\",\"potentialAction\":[{\"@type\":\"CommentAction\",\"name\":\"Comment\",\"target\":[\"https:\/\/www.africa-press.net\/niger\/politique\/maradi-le-rjdh-organise-une-journee-dechanges-sur-la-prise-en-compte-de-la-dimension-droits-humains-dans-les-programmes-des-medias#respond\"]}]},{\"@type\":\"WebPage\",\"@id\":\"https:\/\/www.africa-press.net\/niger\/politique\/maradi-le-rjdh-organise-une-journee-dechanges-sur-la-prise-en-compte-de-la-dimension-droits-humains-dans-les-programmes-des-medias\",\"url\":\"https:\/\/www.africa-press.net\/niger\/politique\/maradi-le-rjdh-organise-une-journee-dechanges-sur-la-prise-en-compte-de-la-dimension-droits-humains-dans-les-programmes-des-medias\",\"name\":\"Maradi : Le RJDH organise une journ\u00e9e d\u2019\u00e9changes sur la prise en compte de la dimension droits humains dans les programmes des m\u00e9dias - niger\",\"isPartOf\":{\"@id\":\"https:\/\/www.africa-press.net\/niger\/#website\"},\"primaryImageOfPage\":{\"@id\":\"https:\/\/www.africa-press.net\/niger\/politique\/maradi-le-rjdh-organise-une-journee-dechanges-sur-la-prise-en-compte-de-la-dimension-droits-humains-dans-les-programmes-des-medias#primaryimage\"},\"image\":{\"@id\":\"https:\/\/www.africa-press.net\/niger\/politique\/maradi-le-rjdh-organise-une-journee-dechanges-sur-la-prise-en-compte-de-la-dimension-droits-humains-dans-les-programmes-des-medias#primaryimage\"},\"thumbnailUrl\":\"https:\/\/static.africa-press.net\/niger\/sites\/40\/2021\/07\/img-60f172d9471f7.jpg\",\"datePublished\":\"2021-07-16T12:52:08+00:00\",\"dateModified\":\"2021-07-16T20:51:12+00:00\",\"author\":{\"@id\":\"https:\/\/www.africa-press.net\/niger\/#\/schema\/person\/2b1cf3cd81a31e3cd26889ca66d677f1\"},\"description\":\"Le r\u00e9seau des journalistes pour les droits de l\u2019homme (RJDH) organise, ce vendredi 16 juillet 2021 \u00e0 Maradi, une journ\u00e9e ...\",\"breadcrumb\":{\"@id\":\"https:\/\/www.africa-press.net\/niger\/politique\/maradi-le-rjdh-organise-une-journee-dechanges-sur-la-prise-en-compte-de-la-dimension-droits-humains-dans-les-programmes-des-medias#breadcrumb\"},\"inLanguage\":\"fr-FR\",\"potentialAction\":[{\"@type\":\"ReadAction\",\"target\":[\"https:\/\/www.africa-press.net\/niger\/politique\/maradi-le-rjdh-organise-une-journee-dechanges-sur-la-prise-en-compte-de-la-dimension-droits-humains-dans-les-programmes-des-medias\"]}]},{\"@type\":\"ImageObject\",\"inLanguage\":\"fr-FR\",\"@id\":\"https:\/\/www.africa-press.net\/niger\/politique\/maradi-le-rjdh-organise-une-journee-dechanges-sur-la-prise-en-compte-de-la-dimension-droits-humains-dans-les-programmes-des-medias#primaryimage\",\"url\":\"https:\/\/static.africa-press.net\/niger\/sites\/40\/2021\/07\/img-60f172d9471f7.jpg\",\"contentUrl\":\"https:\/\/static.africa-press.net\/niger\/sites\/40\/2021\/07\/img-60f172d9471f7.jpg\",\"width\":1920,\"height\":1440,\"caption\":\"Maradi : Le RJDH organise une journ\u00e9e d\u2019\u00e9changes sur la prise en compte de la dimension droits humains dans les programmes des m\u00e9dias\"},{\"@type\":\"BreadcrumbList\",\"@id\":\"https:\/\/www.africa-press.net\/niger\/politique\/maradi-le-rjdh-organise-une-journee-dechanges-sur-la-prise-en-compte-de-la-dimension-droits-humains-dans-les-programmes-des-medias#breadcrumb\",\"itemListElement\":[{\"@type\":\"ListItem\",\"position\":1,\"name\":\"Accueil\",\"item\":\"https:\/\/www.africa-press.net\/niger\/\"},{\"@type\":\"ListItem\",\"position\":2,\"name\":\"Maradi : Le RJDH organise une journ\u00e9e d\u2019\u00e9changes sur la prise en compte de la dimension droits humains dans les programmes des m\u00e9dias\"}]},{\"@type\":\"WebSite\",\"@id\":\"https:\/\/www.africa-press.net\/niger\/#website\",\"url\":\"https:\/\/www.africa-press.net\/niger\/\",\"name\":\"niger\",\"description\":\"Just another Africa News Agency Sites site\",\"potentialAction\":[{\"@type\":\"SearchAction\",\"target\":{\"@type\":\"EntryPoint\",\"urlTemplate\":\"https:\/\/www.africa-press.net\/niger\/?s={search_term_string}\"},\"query-input\":{\"@type\":\"PropertyValueSpecification\",\"valueRequired\":true,\"valueName\":\"search_term_string\"}}],\"inLanguage\":\"fr-FR\"},{\"@type\":\"Person\",\"@id\":\"https:\/\/www.africa-press.net\/niger\/#\/schema\/person\/2b1cf3cd81a31e3cd26889ca66d677f1\",\"name\":\"cfeditorfr\"}]}<\/script>\n<!-- \/ Yoast SEO Premium plugin. -->","yoast_head_json":{"title":"Maradi : Le RJDH organise une journ\u00e9e d\u2019\u00e9changes sur la prise en compte de la dimension droits humains dans les programmes des m\u00e9dias - niger","description":"Le r\u00e9seau des journalistes pour les droits de l\u2019homme (RJDH) organise, ce vendredi 16 juillet 2021 \u00e0 Maradi, une journ\u00e9e ...","robots":{"index":"index","follow":"follow","max-snippet":"max-snippet:-1","max-image-preview":"max-image-preview:large","max-video-preview":"max-video-preview:-1"},"canonical":"https:\/\/www.africa-press.net\/niger\/politique\/maradi-le-rjdh-organise-une-journee-dechanges-sur-la-prise-en-compte-de-la-dimension-droits-humains-dans-les-programmes-des-medias","og_locale":"fr_FR","og_type":"article","og_title":"Maradi : Le RJDH organise une journ\u00e9e d\u2019\u00e9changes sur la prise en compte de la dimension droits humains dans les programmes des m\u00e9dias","og_description":"Le r\u00e9seau des journalistes pour les droits de l\u2019homme (RJDH) organise, ce vendredi 16 juillet 2021 \u00e0 Maradi, une journ\u00e9e ...","og_url":"https:\/\/www.africa-press.net\/niger\/politique\/maradi-le-rjdh-organise-une-journee-dechanges-sur-la-prise-en-compte-de-la-dimension-droits-humains-dans-les-programmes-des-medias","og_site_name":"niger","article_published_time":"2021-07-16T12:52:08+00:00","article_modified_time":"2021-07-16T20:51:12+00:00","og_image":[{"width":1920,"height":1440,"url":"https:\/\/static.africa-press.net\/niger\/sites\/40\/2021\/07\/img-60f172d9471f7.jpg","type":"image\/jpeg"}],"author":"cfeditorfr","twitter_card":"summary_large_image","twitter_misc":{"\u00c9crit par":"cfeditorfr","Dur\u00e9e de lecture estim\u00e9e":"3 minutes"},"schema":{"@context":"https:\/\/schema.org","@graph":[{"@type":"Article","@id":"https:\/\/www.africa-press.net\/niger\/politique\/maradi-le-rjdh-organise-une-journee-dechanges-sur-la-prise-en-compte-de-la-dimension-droits-humains-dans-les-programmes-des-medias#article","isPartOf":{"@id":"https:\/\/www.africa-press.net\/niger\/politique\/maradi-le-rjdh-organise-une-journee-dechanges-sur-la-prise-en-compte-de-la-dimension-droits-humains-dans-les-programmes-des-medias"},"author":{"name":"cfeditorfr","@id":"https:\/\/www.africa-press.net\/niger\/#\/schema\/person\/2b1cf3cd81a31e3cd26889ca66d677f1"},"headline":"Maradi : Le RJDH organise une journ\u00e9e d\u2019\u00e9changes sur la prise en compte de la dimension droits humains dans les programmes des m\u00e9dias","datePublished":"2021-07-16T12:52:08+00:00","dateModified":"2021-07-16T20:51:12+00:00","mainEntityOfPage":{"@id":"https:\/\/www.africa-press.net\/niger\/politique\/maradi-le-rjdh-organise-une-journee-dechanges-sur-la-prise-en-compte-de-la-dimension-droits-humains-dans-les-programmes-des-medias"},"wordCount":553,"commentCount":0,"image":{"@id":"https:\/\/www.africa-press.net\/niger\/politique\/maradi-le-rjdh-organise-une-journee-dechanges-sur-la-prise-en-compte-de-la-dimension-droits-humains-dans-les-programmes-des-medias#primaryimage"},"thumbnailUrl":"https:\/\/static.africa-press.net\/niger\/sites\/40\/2021\/07\/img-60f172d9471f7.jpg","keywords":["Africa Press","Africa Press-Niger","Niger"],"articleSection":["homepage-french","Politique","Toutes les actualit\u00e9s"],"inLanguage":"fr-FR","potentialAction":[{"@type":"CommentAction","name":"Comment","target":["https:\/\/www.africa-press.net\/niger\/politique\/maradi-le-rjdh-organise-une-journee-dechanges-sur-la-prise-en-compte-de-la-dimension-droits-humains-dans-les-programmes-des-medias#respond"]}]},{"@type":"WebPage","@id":"https:\/\/www.africa-press.net\/niger\/politique\/maradi-le-rjdh-organise-une-journee-dechanges-sur-la-prise-en-compte-de-la-dimension-droits-humains-dans-les-programmes-des-medias","url":"https:\/\/www.africa-press.net\/niger\/politique\/maradi-le-rjdh-organise-une-journee-dechanges-sur-la-prise-en-compte-de-la-dimension-droits-humains-dans-les-programmes-des-medias","name":"Maradi : Le RJDH organise une journ\u00e9e d\u2019\u00e9changes sur la prise en compte de la dimension droits humains dans les programmes des m\u00e9dias - niger","isPartOf":{"@id":"https:\/\/www.africa-press.net\/niger\/#website"},"primaryImageOfPage":{"@id":"https:\/\/www.africa-press.net\/niger\/politique\/maradi-le-rjdh-organise-une-journee-dechanges-sur-la-prise-en-compte-de-la-dimension-droits-humains-dans-les-programmes-des-medias#primaryimage"},"image":{"@id":"https:\/\/www.africa-press.net\/niger\/politique\/maradi-le-rjdh-organise-une-journee-dechanges-sur-la-prise-en-compte-de-la-dimension-droits-humains-dans-les-programmes-des-medias#primaryimage"},"thumbnailUrl":"https:\/\/static.africa-press.net\/niger\/sites\/40\/2021\/07\/img-60f172d9471f7.jpg","datePublished":"2021-07-16T12:52:08+00:00","dateModified":"2021-07-16T20:51:12+00:00","author":{"@id":"https:\/\/www.africa-press.net\/niger\/#\/schema\/person\/2b1cf3cd81a31e3cd26889ca66d677f1"},"description":"Le r\u00e9seau des journalistes pour les droits de l\u2019homme (RJDH) organise, ce vendredi 16 juillet 2021 \u00e0 Maradi, une journ\u00e9e ...","breadcrumb":{"@id":"https:\/\/www.africa-press.net\/niger\/politique\/maradi-le-rjdh-organise-une-journee-dechanges-sur-la-prise-en-compte-de-la-dimension-droits-humains-dans-les-programmes-des-medias#breadcrumb"},"inLanguage":"fr-FR","potentialAction":[{"@type":"ReadAction","target":["https:\/\/www.africa-press.net\/niger\/politique\/maradi-le-rjdh-organise-une-journee-dechanges-sur-la-prise-en-compte-de-la-dimension-droits-humains-dans-les-programmes-des-medias"]}]},{"@type":"ImageObject","inLanguage":"fr-FR","@id":"https:\/\/www.africa-press.net\/niger\/politique\/maradi-le-rjdh-organise-une-journee-dechanges-sur-la-prise-en-compte-de-la-dimension-droits-humains-dans-les-programmes-des-medias#primaryimage","url":"https:\/\/static.africa-press.net\/niger\/sites\/40\/2021\/07\/img-60f172d9471f7.jpg","contentUrl":"https:\/\/static.africa-press.net\/niger\/sites\/40\/2021\/07\/img-60f172d9471f7.jpg","width":1920,"height":1440,"caption":"Maradi : Le RJDH organise une journ\u00e9e d\u2019\u00e9changes sur la prise en compte de la dimension droits humains dans les programmes des m\u00e9dias"},{"@type":"BreadcrumbList","@id":"https:\/\/www.africa-press.net\/niger\/politique\/maradi-le-rjdh-organise-une-journee-dechanges-sur-la-prise-en-compte-de-la-dimension-droits-humains-dans-les-programmes-des-medias#breadcrumb","itemListElement":[{"@type":"ListItem","position":1,"name":"Accueil","item":"https:\/\/www.africa-press.net\/niger\/"},{"@type":"ListItem","position":2,"name":"Maradi : Le RJDH organise une journ\u00e9e d\u2019\u00e9changes sur la prise en compte de la dimension droits humains dans les programmes des m\u00e9dias"}]},{"@type":"WebSite","@id":"https:\/\/www.africa-press.net\/niger\/#website","url":"https:\/\/www.africa-press.net\/niger\/","name":"niger","description":"Just another Africa News Agency Sites site","potentialAction":[{"@type":"SearchAction","target":{"@type":"EntryPoint","urlTemplate":"https:\/\/www.africa-press.net\/niger\/?s={search_term_string}"},"query-input":{"@type":"PropertyValueSpecification","valueRequired":true,"valueName":"search_term_string"}}],"inLanguage":"fr-FR"},{"@type":"Person","@id":"https:\/\/www.africa-press.net\/niger\/#\/schema\/person\/2b1cf3cd81a31e3cd26889ca66d677f1","name":"cfeditorfr"}]}},"_links":{"self":[{"href":"https:\/\/www.africa-press.net\/niger\/wp-json\/wp\/v2\/posts\/8761","targetHints":{"allow":["GET"]}}],"collection":[{"href":"https:\/\/www.africa-press.net\/niger\/wp-json\/wp\/v2\/posts"}],"about":[{"href":"https:\/\/www.africa-press.net\/niger\/wp-json\/wp\/v2\/types\/post"}],"author":[{"embeddable":true,"href":"https:\/\/www.africa-press.net\/niger\/wp-json\/wp\/v2\/users\/82"}],"replies":[{"embeddable":true,"href":"https:\/\/www.africa-press.net\/niger\/wp-json\/wp\/v2\/comments?post=8761"}],"version-history":[{"count":0,"href":"https:\/\/www.africa-press.net\/niger\/wp-json\/wp\/v2\/posts\/8761\/revisions"}],"wp:featuredmedia":[{"embeddable":true,"href":"https:\/\/www.africa-press.net\/niger\/wp-json\/wp\/v2\/media\/8760"}],"wp:attachment":[{"href":"https:\/\/www.africa-press.net\/niger\/wp-json\/wp\/v2\/media?parent=8761"}],"wp:term":[{"taxonomy":"category","embeddable":true,"href":"https:\/\/www.africa-press.net\/niger\/wp-json\/wp\/v2\/categories?post=8761"},{"taxonomy":"post_tag","embeddable":true,"href":"https:\/\/www.africa-press.net\/niger\/wp-json\/wp\/v2\/tags?post=8761"}],"curies":[{"name":"wp","href":"https:\/\/api.w.org\/{rel}","templated":true}]}}