{"id":8852,"date":"2021-07-19T12:58:16","date_gmt":"2021-07-19T12:58:16","guid":{"rendered":"https:\/\/www.africa-press.net\/niger\/?p=8852"},"modified":"2021-07-19T17:48:56","modified_gmt":"2021-07-19T17:48:56","slug":"en-fin-de-mission-lambassadeur-de-belgique-au-niger-fait-ses-adieux-au-president-mohamed-bazoum","status":"publish","type":"post","link":"https:\/\/www.africa-press.net\/niger\/politique\/en-fin-de-mission-lambassadeur-de-belgique-au-niger-fait-ses-adieux-au-president-mohamed-bazoum","title":{"rendered":"En fin de mission, l\u2019Ambassadeur de Belgique au Niger fait ses adieux au Pr\u00e9sident Mohamed Bazoum"},"content":{"rendered":"<p><span style=\"color: #ff6600\"><strong><a href=\"https:\/\/www.africa-press.net\/\">Africa-Press<\/a> &#8211; <a href=\"https:\/\/www.africa-press.net\/niger\">Niger<\/a>.\u00a0 <\/strong><\/span>Le Pr\u00e9sident de la R\u00e9publique Mohamed Bazoum s\u2019est entretenu, en d\u00e9but de matin\u00e9e de ce lundi 19 juillet 2021 \u00e0 son Cabinet, avec l\u2019Ambassadeur du Royaume de Belgique au Niger, M. Guy Sevrin, en fin de mandat.<\/p>\n<p>Face \u00e0 la presse, le diplomate belge a annonc\u00e9 qu\u2019il est venu dire au revoir au Pr\u00e9sident de la R\u00e9publique puisqu\u2019il est en fin de mission ici au Niger. \u00ab Quand j\u2019ai fais le bilan de mon mandat au Niger, \u00e7a a \u00e9t\u00e9 positif gr\u00e2ce \u00e0 l\u2019accueil chaleureux que j\u2019ai eu d\u00e8s le d\u00e9but \u00bb, a-t-il fait savoir, ajoutant qu\u2019il a eu un bon contact avec le Pr\u00e9sident de la R\u00e9publique quand il \u00e9tait encore Ministre de l\u2019int\u00e9rieur et que pendant toutes ces ann\u00e9es cela a continu\u00e9 \u00e0 \u00eatre une relation tr\u00e8s chaleureuse.<\/p>\n<p>L\u2019Ambassadeur belge au Niger dit avoir f\u00e9licit\u00e9 le Pr\u00e9sident Mohamed Bazoum pour tout ce qu\u2019il a d\u00e9j\u00e0 accompli dans les 100 premiers jours de son mandat et lui souhaite la r\u00e9ussite sur tous les d\u00e9fis qui se posent au Niger.<\/p>\n<p>&nbsp;<\/p>\n","protected":false},"excerpt":{"rendered":"<p>Africa-Press &#8211; Niger.\u00a0 Le Pr\u00e9sident de la R\u00e9publique Mohamed Bazoum s\u2019est entretenu, en d\u00e9but de matin\u00e9e de ce lundi 19 juillet 2021 \u00e0 son Cabinet, avec l\u2019Ambassadeur du Royaume de Belgique au Niger, M. Guy Sevrin, en fin de mandat. Face \u00e0 la presse, le diplomate belge a annonc\u00e9 qu\u2019il est venu dire au revoir [&hellip;]<\/p>\n","protected":false},"author":82,"featured_media":8851,"comment_status":"open","ping_status":"closed","sticky":false,"template":"","format":"standard","meta":{"footnotes":""},"categories":[11,2,20,10],"tags":[55,60,29],"class_list":["post-8852","post","type-post","status-publish","format-standard","has-post-thumbnail","hentry","category-homepage-french","category-politique","category-top-nouvelles","category-toutes-les-actualites","tag-africa-press","tag-africa-press-niger","tag-niger"],"yoast_head":"<!-- This site is optimized with the Yoast SEO Premium plugin v26.1 (Yoast SEO v27.0) - https:\/\/yoast.com\/product\/yoast-seo-premium-wordpress\/ -->\n<title>En fin de mission, l\u2019Ambassadeur de Belgique au Niger fait ses adieux au Pr\u00e9sident Mohamed Bazoum - niger<\/title>\n<meta name=\"description\" content=\", 19 Juillet (ANP) - Le Pr\u00e9sident de la R\u00e9publique Mohamed Bazoum s\u2019est entretenu, en d\u00e9but de matin\u00e9e de ce lundi 19 ju ...\" \/>\n<meta name=\"robots\" content=\"index, follow, max-snippet:-1, max-image-preview:large, max-video-preview:-1\" \/>\n<link rel=\"canonical\" href=\"https:\/\/www.africa-press.net\/niger\/politique\/en-fin-de-mission-lambassadeur-de-belgique-au-niger-fait-ses-adieux-au-president-mohamed-bazoum\" \/>\n<meta property=\"og:locale\" content=\"fr_FR\" \/>\n<meta property=\"og:type\" content=\"article\" \/>\n<meta property=\"og:title\" content=\"En fin de mission, l\u2019Ambassadeur de Belgique au Niger fait ses adieux au Pr\u00e9sident Mohamed Bazoum\" \/>\n<meta property=\"og:description\" content=\", 19 Juillet (ANP) - Le Pr\u00e9sident de la R\u00e9publique Mohamed Bazoum s\u2019est entretenu, en d\u00e9but de matin\u00e9e de ce lundi 19 ju ...\" \/>\n<meta property=\"og:url\" content=\"https:\/\/www.africa-press.net\/niger\/politique\/en-fin-de-mission-lambassadeur-de-belgique-au-niger-fait-ses-adieux-au-president-mohamed-bazoum\" \/>\n<meta property=\"og:site_name\" content=\"niger\" \/>\n<meta property=\"article:published_time\" content=\"2021-07-19T12:58:16+00:00\" \/>\n<meta property=\"article:modified_time\" content=\"2021-07-19T17:48:56+00:00\" \/>\n<meta property=\"og:image\" content=\"https:\/\/static.africa-press.net\/niger\/sites\/40\/2021\/07\/img-60f574275aa89.jpg\" \/>\n\t<meta property=\"og:image:width\" content=\"720\" \/>\n\t<meta property=\"og:image:height\" content=\"480\" \/>\n\t<meta property=\"og:image:type\" content=\"image\/jpeg\" \/>\n<meta name=\"author\" content=\"cfeditorfr\" \/>\n<meta name=\"twitter:card\" content=\"summary_large_image\" \/>\n<meta name=\"twitter:label1\" content=\"\u00c9crit par\" \/>\n\t<meta name=\"twitter:data1\" content=\"cfeditorfr\" \/>\n\t<meta name=\"twitter:label2\" content=\"Dur\u00e9e de lecture estim\u00e9e\" \/>\n\t<meta name=\"twitter:data2\" content=\"1 minute\" \/>\n<script type=\"application\/ld+json\" class=\"yoast-schema-graph\">{\"@context\":\"https:\/\/schema.org\",\"@graph\":[{\"@type\":\"Article\",\"@id\":\"https:\/\/www.africa-press.net\/niger\/politique\/en-fin-de-mission-lambassadeur-de-belgique-au-niger-fait-ses-adieux-au-president-mohamed-bazoum#article\",\"isPartOf\":{\"@id\":\"https:\/\/www.africa-press.net\/niger\/politique\/en-fin-de-mission-lambassadeur-de-belgique-au-niger-fait-ses-adieux-au-president-mohamed-bazoum\"},\"author\":{\"name\":\"cfeditorfr\",\"@id\":\"https:\/\/www.africa-press.net\/niger\/#\/schema\/person\/2b1cf3cd81a31e3cd26889ca66d677f1\"},\"headline\":\"En fin de mission, l\u2019Ambassadeur de Belgique au Niger fait ses adieux au Pr\u00e9sident Mohamed Bazoum\",\"datePublished\":\"2021-07-19T12:58:16+00:00\",\"dateModified\":\"2021-07-19T17:48:56+00:00\",\"mainEntityOfPage\":{\"@id\":\"https:\/\/www.africa-press.net\/niger\/politique\/en-fin-de-mission-lambassadeur-de-belgique-au-niger-fait-ses-adieux-au-president-mohamed-bazoum\"},\"wordCount\":213,\"commentCount\":0,\"image\":{\"@id\":\"https:\/\/www.africa-press.net\/niger\/politique\/en-fin-de-mission-lambassadeur-de-belgique-au-niger-fait-ses-adieux-au-president-mohamed-bazoum#primaryimage\"},\"thumbnailUrl\":\"https:\/\/static.africa-press.net\/niger\/sites\/40\/2021\/07\/img-60f574275aa89.jpg\",\"keywords\":[\"Africa Press\",\"Africa Press-Niger\",\"Niger\"],\"articleSection\":[\"homepage-french\",\"Politique\",\"Top Nouvelles\",\"Toutes les actualit\u00e9s\"],\"inLanguage\":\"fr-FR\",\"potentialAction\":[{\"@type\":\"CommentAction\",\"name\":\"Comment\",\"target\":[\"https:\/\/www.africa-press.net\/niger\/politique\/en-fin-de-mission-lambassadeur-de-belgique-au-niger-fait-ses-adieux-au-president-mohamed-bazoum#respond\"]}]},{\"@type\":\"WebPage\",\"@id\":\"https:\/\/www.africa-press.net\/niger\/politique\/en-fin-de-mission-lambassadeur-de-belgique-au-niger-fait-ses-adieux-au-president-mohamed-bazoum\",\"url\":\"https:\/\/www.africa-press.net\/niger\/politique\/en-fin-de-mission-lambassadeur-de-belgique-au-niger-fait-ses-adieux-au-president-mohamed-bazoum\",\"name\":\"En fin de mission, l\u2019Ambassadeur de Belgique au Niger fait ses adieux au Pr\u00e9sident Mohamed Bazoum - niger\",\"isPartOf\":{\"@id\":\"https:\/\/www.africa-press.net\/niger\/#website\"},\"primaryImageOfPage\":{\"@id\":\"https:\/\/www.africa-press.net\/niger\/politique\/en-fin-de-mission-lambassadeur-de-belgique-au-niger-fait-ses-adieux-au-president-mohamed-bazoum#primaryimage\"},\"image\":{\"@id\":\"https:\/\/www.africa-press.net\/niger\/politique\/en-fin-de-mission-lambassadeur-de-belgique-au-niger-fait-ses-adieux-au-president-mohamed-bazoum#primaryimage\"},\"thumbnailUrl\":\"https:\/\/static.africa-press.net\/niger\/sites\/40\/2021\/07\/img-60f574275aa89.jpg\",\"datePublished\":\"2021-07-19T12:58:16+00:00\",\"dateModified\":\"2021-07-19T17:48:56+00:00\",\"author\":{\"@id\":\"https:\/\/www.africa-press.net\/niger\/#\/schema\/person\/2b1cf3cd81a31e3cd26889ca66d677f1\"},\"description\":\", 19 Juillet (ANP) - Le Pr\u00e9sident de la R\u00e9publique Mohamed Bazoum s\u2019est entretenu, en d\u00e9but de matin\u00e9e de ce lundi 19 ju ...\",\"breadcrumb\":{\"@id\":\"https:\/\/www.africa-press.net\/niger\/politique\/en-fin-de-mission-lambassadeur-de-belgique-au-niger-fait-ses-adieux-au-president-mohamed-bazoum#breadcrumb\"},\"inLanguage\":\"fr-FR\",\"potentialAction\":[{\"@type\":\"ReadAction\",\"target\":[\"https:\/\/www.africa-press.net\/niger\/politique\/en-fin-de-mission-lambassadeur-de-belgique-au-niger-fait-ses-adieux-au-president-mohamed-bazoum\"]}]},{\"@type\":\"ImageObject\",\"inLanguage\":\"fr-FR\",\"@id\":\"https:\/\/www.africa-press.net\/niger\/politique\/en-fin-de-mission-lambassadeur-de-belgique-au-niger-fait-ses-adieux-au-president-mohamed-bazoum#primaryimage\",\"url\":\"https:\/\/static.africa-press.net\/niger\/sites\/40\/2021\/07\/img-60f574275aa89.jpg\",\"contentUrl\":\"https:\/\/static.africa-press.net\/niger\/sites\/40\/2021\/07\/img-60f574275aa89.jpg\",\"width\":720,\"height\":480,\"caption\":\"En fin de mission, l\u2019Ambassadeur de Belgique au Niger fait ses adieux au Pr\u00e9sident Mohamed Bazoum\"},{\"@type\":\"BreadcrumbList\",\"@id\":\"https:\/\/www.africa-press.net\/niger\/politique\/en-fin-de-mission-lambassadeur-de-belgique-au-niger-fait-ses-adieux-au-president-mohamed-bazoum#breadcrumb\",\"itemListElement\":[{\"@type\":\"ListItem\",\"position\":1,\"name\":\"Accueil\",\"item\":\"https:\/\/www.africa-press.net\/niger\/\"},{\"@type\":\"ListItem\",\"position\":2,\"name\":\"En fin de mission, l\u2019Ambassadeur de Belgique au Niger fait ses adieux au Pr\u00e9sident Mohamed Bazoum\"}]},{\"@type\":\"WebSite\",\"@id\":\"https:\/\/www.africa-press.net\/niger\/#website\",\"url\":\"https:\/\/www.africa-press.net\/niger\/\",\"name\":\"niger\",\"description\":\"Just another Africa News Agency Sites site\",\"potentialAction\":[{\"@type\":\"SearchAction\",\"target\":{\"@type\":\"EntryPoint\",\"urlTemplate\":\"https:\/\/www.africa-press.net\/niger\/?s={search_term_string}\"},\"query-input\":{\"@type\":\"PropertyValueSpecification\",\"valueRequired\":true,\"valueName\":\"search_term_string\"}}],\"inLanguage\":\"fr-FR\"},{\"@type\":\"Person\",\"@id\":\"https:\/\/www.africa-press.net\/niger\/#\/schema\/person\/2b1cf3cd81a31e3cd26889ca66d677f1\",\"name\":\"cfeditorfr\"}]}<\/script>\n<!-- \/ Yoast SEO Premium plugin. -->","yoast_head_json":{"title":"En fin de mission, l\u2019Ambassadeur de Belgique au Niger fait ses adieux au Pr\u00e9sident Mohamed Bazoum - niger","description":", 19 Juillet (ANP) - Le Pr\u00e9sident de la R\u00e9publique Mohamed Bazoum s\u2019est entretenu, en d\u00e9but de matin\u00e9e de ce lundi 19 ju ...","robots":{"index":"index","follow":"follow","max-snippet":"max-snippet:-1","max-image-preview":"max-image-preview:large","max-video-preview":"max-video-preview:-1"},"canonical":"https:\/\/www.africa-press.net\/niger\/politique\/en-fin-de-mission-lambassadeur-de-belgique-au-niger-fait-ses-adieux-au-president-mohamed-bazoum","og_locale":"fr_FR","og_type":"article","og_title":"En fin de mission, l\u2019Ambassadeur de Belgique au Niger fait ses adieux au Pr\u00e9sident Mohamed Bazoum","og_description":", 19 Juillet (ANP) - Le Pr\u00e9sident de la R\u00e9publique Mohamed Bazoum s\u2019est entretenu, en d\u00e9but de matin\u00e9e de ce lundi 19 ju ...","og_url":"https:\/\/www.africa-press.net\/niger\/politique\/en-fin-de-mission-lambassadeur-de-belgique-au-niger-fait-ses-adieux-au-president-mohamed-bazoum","og_site_name":"niger","article_published_time":"2021-07-19T12:58:16+00:00","article_modified_time":"2021-07-19T17:48:56+00:00","og_image":[{"width":720,"height":480,"url":"https:\/\/static.africa-press.net\/niger\/sites\/40\/2021\/07\/img-60f574275aa89.jpg","type":"image\/jpeg"}],"author":"cfeditorfr","twitter_card":"summary_large_image","twitter_misc":{"\u00c9crit par":"cfeditorfr","Dur\u00e9e de lecture estim\u00e9e":"1 minute"},"schema":{"@context":"https:\/\/schema.org","@graph":[{"@type":"Article","@id":"https:\/\/www.africa-press.net\/niger\/politique\/en-fin-de-mission-lambassadeur-de-belgique-au-niger-fait-ses-adieux-au-president-mohamed-bazoum#article","isPartOf":{"@id":"https:\/\/www.africa-press.net\/niger\/politique\/en-fin-de-mission-lambassadeur-de-belgique-au-niger-fait-ses-adieux-au-president-mohamed-bazoum"},"author":{"name":"cfeditorfr","@id":"https:\/\/www.africa-press.net\/niger\/#\/schema\/person\/2b1cf3cd81a31e3cd26889ca66d677f1"},"headline":"En fin de mission, l\u2019Ambassadeur de Belgique au Niger fait ses adieux au Pr\u00e9sident Mohamed Bazoum","datePublished":"2021-07-19T12:58:16+00:00","dateModified":"2021-07-19T17:48:56+00:00","mainEntityOfPage":{"@id":"https:\/\/www.africa-press.net\/niger\/politique\/en-fin-de-mission-lambassadeur-de-belgique-au-niger-fait-ses-adieux-au-president-mohamed-bazoum"},"wordCount":213,"commentCount":0,"image":{"@id":"https:\/\/www.africa-press.net\/niger\/politique\/en-fin-de-mission-lambassadeur-de-belgique-au-niger-fait-ses-adieux-au-president-mohamed-bazoum#primaryimage"},"thumbnailUrl":"https:\/\/static.africa-press.net\/niger\/sites\/40\/2021\/07\/img-60f574275aa89.jpg","keywords":["Africa Press","Africa Press-Niger","Niger"],"articleSection":["homepage-french","Politique","Top Nouvelles","Toutes les actualit\u00e9s"],"inLanguage":"fr-FR","potentialAction":[{"@type":"CommentAction","name":"Comment","target":["https:\/\/www.africa-press.net\/niger\/politique\/en-fin-de-mission-lambassadeur-de-belgique-au-niger-fait-ses-adieux-au-president-mohamed-bazoum#respond"]}]},{"@type":"WebPage","@id":"https:\/\/www.africa-press.net\/niger\/politique\/en-fin-de-mission-lambassadeur-de-belgique-au-niger-fait-ses-adieux-au-president-mohamed-bazoum","url":"https:\/\/www.africa-press.net\/niger\/politique\/en-fin-de-mission-lambassadeur-de-belgique-au-niger-fait-ses-adieux-au-president-mohamed-bazoum","name":"En fin de mission, l\u2019Ambassadeur de Belgique au Niger fait ses adieux au Pr\u00e9sident Mohamed Bazoum - niger","isPartOf":{"@id":"https:\/\/www.africa-press.net\/niger\/#website"},"primaryImageOfPage":{"@id":"https:\/\/www.africa-press.net\/niger\/politique\/en-fin-de-mission-lambassadeur-de-belgique-au-niger-fait-ses-adieux-au-president-mohamed-bazoum#primaryimage"},"image":{"@id":"https:\/\/www.africa-press.net\/niger\/politique\/en-fin-de-mission-lambassadeur-de-belgique-au-niger-fait-ses-adieux-au-president-mohamed-bazoum#primaryimage"},"thumbnailUrl":"https:\/\/static.africa-press.net\/niger\/sites\/40\/2021\/07\/img-60f574275aa89.jpg","datePublished":"2021-07-19T12:58:16+00:00","dateModified":"2021-07-19T17:48:56+00:00","author":{"@id":"https:\/\/www.africa-press.net\/niger\/#\/schema\/person\/2b1cf3cd81a31e3cd26889ca66d677f1"},"description":", 19 Juillet (ANP) - Le Pr\u00e9sident de la R\u00e9publique Mohamed Bazoum s\u2019est entretenu, en d\u00e9but de matin\u00e9e de ce lundi 19 ju ...","breadcrumb":{"@id":"https:\/\/www.africa-press.net\/niger\/politique\/en-fin-de-mission-lambassadeur-de-belgique-au-niger-fait-ses-adieux-au-president-mohamed-bazoum#breadcrumb"},"inLanguage":"fr-FR","potentialAction":[{"@type":"ReadAction","target":["https:\/\/www.africa-press.net\/niger\/politique\/en-fin-de-mission-lambassadeur-de-belgique-au-niger-fait-ses-adieux-au-president-mohamed-bazoum"]}]},{"@type":"ImageObject","inLanguage":"fr-FR","@id":"https:\/\/www.africa-press.net\/niger\/politique\/en-fin-de-mission-lambassadeur-de-belgique-au-niger-fait-ses-adieux-au-president-mohamed-bazoum#primaryimage","url":"https:\/\/static.africa-press.net\/niger\/sites\/40\/2021\/07\/img-60f574275aa89.jpg","contentUrl":"https:\/\/static.africa-press.net\/niger\/sites\/40\/2021\/07\/img-60f574275aa89.jpg","width":720,"height":480,"caption":"En fin de mission, l\u2019Ambassadeur de Belgique au Niger fait ses adieux au Pr\u00e9sident Mohamed Bazoum"},{"@type":"BreadcrumbList","@id":"https:\/\/www.africa-press.net\/niger\/politique\/en-fin-de-mission-lambassadeur-de-belgique-au-niger-fait-ses-adieux-au-president-mohamed-bazoum#breadcrumb","itemListElement":[{"@type":"ListItem","position":1,"name":"Accueil","item":"https:\/\/www.africa-press.net\/niger\/"},{"@type":"ListItem","position":2,"name":"En fin de mission, l\u2019Ambassadeur de Belgique au Niger fait ses adieux au Pr\u00e9sident Mohamed Bazoum"}]},{"@type":"WebSite","@id":"https:\/\/www.africa-press.net\/niger\/#website","url":"https:\/\/www.africa-press.net\/niger\/","name":"niger","description":"Just another Africa News Agency Sites site","potentialAction":[{"@type":"SearchAction","target":{"@type":"EntryPoint","urlTemplate":"https:\/\/www.africa-press.net\/niger\/?s={search_term_string}"},"query-input":{"@type":"PropertyValueSpecification","valueRequired":true,"valueName":"search_term_string"}}],"inLanguage":"fr-FR"},{"@type":"Person","@id":"https:\/\/www.africa-press.net\/niger\/#\/schema\/person\/2b1cf3cd81a31e3cd26889ca66d677f1","name":"cfeditorfr"}]}},"_links":{"self":[{"href":"https:\/\/www.africa-press.net\/niger\/wp-json\/wp\/v2\/posts\/8852","targetHints":{"allow":["GET"]}}],"collection":[{"href":"https:\/\/www.africa-press.net\/niger\/wp-json\/wp\/v2\/posts"}],"about":[{"href":"https:\/\/www.africa-press.net\/niger\/wp-json\/wp\/v2\/types\/post"}],"author":[{"embeddable":true,"href":"https:\/\/www.africa-press.net\/niger\/wp-json\/wp\/v2\/users\/82"}],"replies":[{"embeddable":true,"href":"https:\/\/www.africa-press.net\/niger\/wp-json\/wp\/v2\/comments?post=8852"}],"version-history":[{"count":0,"href":"https:\/\/www.africa-press.net\/niger\/wp-json\/wp\/v2\/posts\/8852\/revisions"}],"wp:featuredmedia":[{"embeddable":true,"href":"https:\/\/www.africa-press.net\/niger\/wp-json\/wp\/v2\/media\/8851"}],"wp:attachment":[{"href":"https:\/\/www.africa-press.net\/niger\/wp-json\/wp\/v2\/media?parent=8852"}],"wp:term":[{"taxonomy":"category","embeddable":true,"href":"https:\/\/www.africa-press.net\/niger\/wp-json\/wp\/v2\/categories?post=8852"},{"taxonomy":"post_tag","embeddable":true,"href":"https:\/\/www.africa-press.net\/niger\/wp-json\/wp\/v2\/tags?post=8852"}],"curies":[{"name":"wp","href":"https:\/\/api.w.org\/{rel}","templated":true}]}}